{"id":12481,"date":"2024-01-30T11:32:00","date_gmt":"2024-01-30T14:32:00","guid":{"rendered":"https:\/\/brasilnoticias.org\/site\/?p=12481"},"modified":"2024-01-30T11:32:00","modified_gmt":"2024-01-30T14:32:00","slug":"explosao-de-30-em-numero-de-vitimas-de-acidente-de-moto-sobrecarrega-sistema-de-saude","status":"publish","type":"post","link":"https:\/\/brasilnoticias.org\/site\/explosao-de-30-em-numero-de-vitimas-de-acidente-de-moto-sobrecarrega-sistema-de-saude\/","title":{"rendered":"Explos\u00e3o de 30% em n\u00famero de v\u00edtimas de acidente de moto sobrecarrega sistema de sa\u00fade"},"content":{"rendered":"<p>Segundo a Sesab, v\u00edtimas desse tipo de acidentes costumam ter politraumatismos e acabam mobilizando atendimentos que v\u00e3o desde o pr\u00e9-hospitalar at\u00e9 o pronto socorro<\/p>\n<p>Segundo a Sesab, v\u00edtimas desse tipo de acidentes costumam ter politraumatismos e acabam mobilizando atendimentos que v\u00e3o desde o pr\u00e9-hospitalar at\u00e9 o pronto socorro<\/p>\n<p>Excesso de velocidade, avan\u00e7o de sinal vermelho e uso de celular s\u00e3o algumas das infra\u00e7\u00f5es mais cometidas por motoristas de motocicleta. A consequ\u00eancia de tudo isso tem sido um volume assustador de mortes e acidentes nas vias de Salvador. Somente nos \u00faltimos dois anos, entre 2022 e 2023, houve um crescimento de 37% no n\u00famero de feridos em acidente com moto. O resultado disso \u00e9 uma sobrecarga direta ao sistema de sa\u00fade do estado. <\/p>\n<p>Ao todo, foram 2.970 motociclistas e passageiros feridos em acidentes nas vias soteropolitanas em 2023. O n\u00famero \u00e9 da Transalvador, que apontou ainda um total de 62 mortes neste tipo de ocorr\u00eancia &#8211; um n\u00famero que representa um crescimento de 24% quando comparado aos \u00f3bitos de 2022. A Avenida Afr\u00e2nio Peixoto, conhecida popularmente como Suburbana, foi o local com mais registro de mortes por acidente de moto no ano passado. A via somou 10 \u00f3bitos no total. <\/p>\n<p>Em um final de semana comum de 2020, Gustavo Arag\u00e3o, auxiliar administrativo, pegou a moto do pai para visitar um familiar e acabou fazendo parte destas estat\u00edsticas. Sofreu um grave acidente de moto, causado por excesso de velocidade. A falta de equipamento de prote\u00e7\u00e3o deixou consequ\u00eancias at\u00e9 hoje. Um segundo condutor n\u00e3o identificado, pilotava em alta velocidade no bairro de Periperi quando bateu na roda traseira da moto de Gustavo. Com isso, ele perdeu a dire\u00e7\u00e3o, bateu no meio fio e foi arremessado em um muro<\/p>\n<p>Gustavo foi levado pelo Samu para o Hospital do Sub\u00farbio e encaminhado para cirurgia, com estado de sa\u00fade grave. O jovem, que n\u00e3o usava capacete no momento do acidente, perdeu parte do osso frontal do lado esquerdo do cr\u00e2nio, teve fraturas no bra\u00e7o e na perna. Ap\u00f3s ficar em coma e internado durante 27 dias, o jovem se recuperou, mas enfrenta sequelas na audi\u00e7\u00e3o e na mem\u00f3ria. \u201cEu aprendi da pior maneira que as coisas acontecem mesmo quando a gente nunca espera. N\u00e3o escutei pessoas que queriam o meu bem e acabei levando isso pra minha vida\u201d, afirmou o jovem.  <\/p>\n<p>Nos leitos<\/p>\n<p>De acordo com a Secretaria de Sa\u00fade do Estado da Bahia (Sesab), o n\u00famero de interna\u00e7\u00f5es por acidentes de motocicleta chegou a 1.115 em 2023. Esse expressivo volume faz com que os acidentes de moto representam uma das causas externas que mais impactam no sistema de atendimento de sa\u00fade do estado. Diretor Geral de Gest\u00e3o das Unidades Pr\u00f3prias da Sesab, Michael Carmo explica que esses acidentes geram uma demanda significativa, que vai desde o pr\u00e9-hospitalar, como as unidades do Samu, at\u00e9 o pronto socorro, sobrecarregando as unidades de sa\u00fade.<\/p>\n<p>\u201cAs v\u00edtimas desse tipo de acidentes geralmente s\u00e3o politraumatizadas, ou seja, necessitam de cuidados intensivos e procedimentos cir\u00fargicos, por exemplo, que faz com que aumente a press\u00e3o e a demanda no sistema de sa\u00fade\u201d, afirma ao Metro1.<\/p>\n<p>De acordo com Carmo, na tela de regula\u00e7\u00e3o da Surem (Sistema Regula\u00e7\u00e3o Urg\u00eancia Emerg\u00eancia), \u00e9  a demanda ortop\u00e9dica que ocupa o primeiro lugar. Grande parte dela est\u00e1 relacionada a causas externas, incluindo principalmente os acidentes automobil\u00edsticos. \u201cO Hospital Ortop\u00e9dico do Estado, foi constru\u00eddo devido \u00e0s demandas de procura por ortopedia, com certeza contribuir\u00e1 muito para enfrentarmos essa problem\u00e1tica, mas na verdade precisamos enfrentar a preven\u00e7\u00e3o desses acidentes\u201d, conclui. <\/p>\n<p>Foto: Marcelo Camargo\/Ag\u00eancia Brasil<br \/>\nPor: Maria Eduarda Matos<\/p>\n","protected":false},"excerpt":{"rendered":"<p>Segundo a Sesab, v\u00edtimas desse tipo de acidentes costumam ter politraumatismos e acabam mobilizando atendimentos que v\u00e3o desde o pr\u00e9-hospitalar<\/p>\n","protected":false},"author":4,"featured_media":12482,"comment_status":"open","ping_status":"open","sticky":false,"template":"","format":"standard","meta":{"colormag_page_container_layout":"default_layout","colormag_page_sidebar_layout":"default_layout","_FSMCFIC_featured_image_caption":"","_FSMCFIC_featured_image_nocaption":"","_FSMCFIC_featured_image_hide":"","footnotes":""},"categories":[2,1],"tags":[],"class_list":["post-12481","post","type-post","status-publish","format-standard","has-post-thumbnail","hentry","category-noticias","category-ultimas"],"yoast_head":"<!-- This site is optimized with the Yoast SEO plugin v27.1.1 - https:\/\/yoast.com\/product\/yoast-seo-wordpress\/ -->\n<title>Explos\u00e3o de 30% em n\u00famero de v\u00edtimas de acidente de moto sobrecarrega sistema de sa\u00fade - Brasil not\u00edcias<\/title>\n<meta name=\"robots\" content=\"index, follow, max-snippet:-1, max-image-preview:large, max-video-preview:-1\" \/>\n<link rel=\"canonical\" href=\"https:\/\/brasilnoticias.org\/site\/explosao-de-30-em-numero-de-vitimas-de-acidente-de-moto-sobrecarrega-sistema-de-saude\/\" \/>\n<meta property=\"og:locale\" content=\"pt_PT\" \/>\n<meta property=\"og:type\" content=\"article\" \/>\n<meta property=\"og:title\" content=\"Explos\u00e3o de 30% em n\u00famero de v\u00edtimas de acidente de moto sobrecarrega sistema de sa\u00fade - Brasil not\u00edcias\" \/>\n<meta property=\"og:description\" content=\"Segundo a Sesab, v\u00edtimas desse tipo de acidentes costumam ter politraumatismos e acabam mobilizando atendimentos que v\u00e3o desde o pr\u00e9-hospitalar\" \/>\n<meta property=\"og:url\" content=\"https:\/\/brasilnoticias.org\/site\/explosao-de-30-em-numero-de-vitimas-de-acidente-de-moto-sobrecarrega-sistema-de-saude\/\" \/>\n<meta property=\"og:site_name\" content=\"Brasil not\u00edcias\" \/>\n<meta property=\"article:published_time\" content=\"2024-01-30T14:32:00+00:00\" \/>\n<meta property=\"og:image\" content=\"https:\/\/brasilnoticias.org\/site\/wp-content\/uploads\/2024\/01\/145690explosao-de-30-em-numero-de-vitimas-de-acidente-de-moto-sobrecarrega-sistema-de-saude-3.jpg\" \/>\n\t<meta property=\"og:image:width\" content=\"1600\" \/>\n\t<meta property=\"og:image:height\" content=\"752\" \/>\n\t<meta property=\"og:image:type\" content=\"image\/jpeg\" \/>\n<meta name=\"author\" content=\"Reda\u00e7\u00e3o\" \/>\n<meta name=\"twitter:card\" content=\"summary_large_image\" \/>\n<meta name=\"twitter:label1\" content=\"Escrito por\" \/>\n\t<meta name=\"twitter:data1\" content=\"Reda\u00e7\u00e3o\" \/>\n<script type=\"application\/ld+json\" class=\"yoast-schema-graph\">{\"@context\":\"https:\/\/schema.org\",\"@graph\":[{\"@type\":\"Article\",\"@id\":\"https:\/\/brasilnoticias.org\/site\/explosao-de-30-em-numero-de-vitimas-de-acidente-de-moto-sobrecarrega-sistema-de-saude\/#article\",\"isPartOf\":{\"@id\":\"https:\/\/brasilnoticias.org\/site\/explosao-de-30-em-numero-de-vitimas-de-acidente-de-moto-sobrecarrega-sistema-de-saude\/\"},\"author\":{\"name\":\"Reda\u00e7\u00e3o\",\"@id\":\"https:\/\/brasilnoticias.org\/site\/#\/schema\/person\/03bbbfe6c7634ad18c26444ea39049fa\"},\"headline\":\"Explos\u00e3o de 30% em n\u00famero de v\u00edtimas de acidente de moto sobrecarrega sistema de sa\u00fade\",\"datePublished\":\"2024-01-30T14:32:00+00:00\",\"mainEntityOfPage\":{\"@id\":\"https:\/\/brasilnoticias.org\/site\/explosao-de-30-em-numero-de-vitimas-de-acidente-de-moto-sobrecarrega-sistema-de-saude\/\"},\"wordCount\":647,\"commentCount\":0,\"publisher\":{\"@id\":\"https:\/\/brasilnoticias.org\/site\/#organization\"},\"image\":{\"@id\":\"https:\/\/brasilnoticias.org\/site\/explosao-de-30-em-numero-de-vitimas-de-acidente-de-moto-sobrecarrega-sistema-de-saude\/#primaryimage\"},\"thumbnailUrl\":\"https:\/\/brasilnoticias.org\/site\/wp-content\/uploads\/2024\/01\/145690explosao-de-30-em-numero-de-vitimas-de-acidente-de-moto-sobrecarrega-sistema-de-saude-3.jpg\",\"articleSection\":[\"Not\u00edcias\",\"\u00daltimas\"],\"inLanguage\":\"pt-PT\",\"potentialAction\":[{\"@type\":\"CommentAction\",\"name\":\"Comment\",\"target\":[\"https:\/\/brasilnoticias.org\/site\/explosao-de-30-em-numero-de-vitimas-de-acidente-de-moto-sobrecarrega-sistema-de-saude\/#respond\"]}]},{\"@type\":\"WebPage\",\"@id\":\"https:\/\/brasilnoticias.org\/site\/explosao-de-30-em-numero-de-vitimas-de-acidente-de-moto-sobrecarrega-sistema-de-saude\/\",\"url\":\"https:\/\/brasilnoticias.org\/site\/explosao-de-30-em-numero-de-vitimas-de-acidente-de-moto-sobrecarrega-sistema-de-saude\/\",\"name\":\"Explos\u00e3o de 30% em n\u00famero de v\u00edtimas de acidente de moto sobrecarrega sistema de sa\u00fade - Brasil not\u00edcias\",\"isPartOf\":{\"@id\":\"https:\/\/brasilnoticias.org\/site\/#website\"},\"primaryImageOfPage\":{\"@id\":\"https:\/\/brasilnoticias.org\/site\/explosao-de-30-em-numero-de-vitimas-de-acidente-de-moto-sobrecarrega-sistema-de-saude\/#primaryimage\"},\"image\":{\"@id\":\"https:\/\/brasilnoticias.org\/site\/explosao-de-30-em-numero-de-vitimas-de-acidente-de-moto-sobrecarrega-sistema-de-saude\/#primaryimage\"},\"thumbnailUrl\":\"https:\/\/brasilnoticias.org\/site\/wp-content\/uploads\/2024\/01\/145690explosao-de-30-em-numero-de-vitimas-de-acidente-de-moto-sobrecarrega-sistema-de-saude-3.jpg\",\"datePublished\":\"2024-01-30T14:32:00+00:00\",\"breadcrumb\":{\"@id\":\"https:\/\/brasilnoticias.org\/site\/explosao-de-30-em-numero-de-vitimas-de-acidente-de-moto-sobrecarrega-sistema-de-saude\/#breadcrumb\"},\"inLanguage\":\"pt-PT\",\"potentialAction\":[{\"@type\":\"ReadAction\",\"target\":[\"https:\/\/brasilnoticias.org\/site\/explosao-de-30-em-numero-de-vitimas-de-acidente-de-moto-sobrecarrega-sistema-de-saude\/\"]}]},{\"@type\":\"ImageObject\",\"inLanguage\":\"pt-PT\",\"@id\":\"https:\/\/brasilnoticias.org\/site\/explosao-de-30-em-numero-de-vitimas-de-acidente-de-moto-sobrecarrega-sistema-de-saude\/#primaryimage\",\"url\":\"https:\/\/brasilnoticias.org\/site\/wp-content\/uploads\/2024\/01\/145690explosao-de-30-em-numero-de-vitimas-de-acidente-de-moto-sobrecarrega-sistema-de-saude-3.jpg\",\"contentUrl\":\"https:\/\/brasilnoticias.org\/site\/wp-content\/uploads\/2024\/01\/145690explosao-de-30-em-numero-de-vitimas-de-acidente-de-moto-sobrecarrega-sistema-de-saude-3.jpg\",\"width\":1600,\"height\":752},{\"@type\":\"BreadcrumbList\",\"@id\":\"https:\/\/brasilnoticias.org\/site\/explosao-de-30-em-numero-de-vitimas-de-acidente-de-moto-sobrecarrega-sistema-de-saude\/#breadcrumb\",\"itemListElement\":[{\"@type\":\"ListItem\",\"position\":1,\"name\":\"In\u00edcio\",\"item\":\"https:\/\/brasilnoticias.org\/site\/\"},{\"@type\":\"ListItem\",\"position\":2,\"name\":\"Explos\u00e3o de 30% em n\u00famero de v\u00edtimas de acidente de moto sobrecarrega sistema de sa\u00fade\"}]},{\"@type\":\"WebSite\",\"@id\":\"https:\/\/brasilnoticias.org\/site\/#website\",\"url\":\"https:\/\/brasilnoticias.org\/site\/\",\"name\":\"Brasil not\u00edcias\",\"description\":\"Brasil not\u00edcias\",\"publisher\":{\"@id\":\"https:\/\/brasilnoticias.org\/site\/#organization\"},\"potentialAction\":[{\"@type\":\"SearchAction\",\"target\":{\"@type\":\"EntryPoint\",\"urlTemplate\":\"https:\/\/brasilnoticias.org\/site\/?s={search_term_string}\"},\"query-input\":{\"@type\":\"PropertyValueSpecification\",\"valueRequired\":true,\"valueName\":\"search_term_string\"}}],\"inLanguage\":\"pt-PT\"},{\"@type\":\"Organization\",\"@id\":\"https:\/\/brasilnoticias.org\/site\/#organization\",\"name\":\"Brasil not\u00edcias\",\"url\":\"https:\/\/brasilnoticias.org\/site\/\",\"logo\":{\"@type\":\"ImageObject\",\"inLanguage\":\"pt-PT\",\"@id\":\"https:\/\/brasilnoticias.org\/site\/#\/schema\/logo\/image\/\",\"url\":\"https:\/\/brasilnoticias.org\/site\/wp-content\/uploads\/2022\/05\/cropped-brasilnoticias-mini.jpg\",\"contentUrl\":\"https:\/\/brasilnoticias.org\/site\/wp-content\/uploads\/2022\/05\/cropped-brasilnoticias-mini.jpg\",\"width\":314,\"height\":86,\"caption\":\"Brasil not\u00edcias\"},\"image\":{\"@id\":\"https:\/\/brasilnoticias.org\/site\/#\/schema\/logo\/image\/\"}},{\"@type\":\"Person\",\"@id\":\"https:\/\/brasilnoticias.org\/site\/#\/schema\/person\/03bbbfe6c7634ad18c26444ea39049fa\",\"name\":\"Reda\u00e7\u00e3o\",\"image\":{\"@type\":\"ImageObject\",\"inLanguage\":\"pt-PT\",\"@id\":\"https:\/\/brasilnoticias.org\/site\/#\/schema\/person\/image\/\",\"url\":\"https:\/\/secure.gravatar.com\/avatar\/9ecaf7327a696cb23ad926fedded5f1f04d7049de9e445375d55b48c001a6e42?s=96&d=mm&r=g\",\"contentUrl\":\"https:\/\/secure.gravatar.com\/avatar\/9ecaf7327a696cb23ad926fedded5f1f04d7049de9e445375d55b48c001a6e42?s=96&d=mm&r=g\",\"caption\":\"Reda\u00e7\u00e3o\"},\"url\":\"https:\/\/brasilnoticias.org\/site\/author\/henrique\/\"}]}<\/script>\n<!-- \/ Yoast SEO plugin. -->","yoast_head_json":{"title":"Explos\u00e3o de 30% em n\u00famero de v\u00edtimas de acidente de moto sobrecarrega sistema de sa\u00fade - Brasil not\u00edcias","robots":{"index":"index","follow":"follow","max-snippet":"max-snippet:-1","max-image-preview":"max-image-preview:large","max-video-preview":"max-video-preview:-1"},"canonical":"https:\/\/brasilnoticias.org\/site\/explosao-de-30-em-numero-de-vitimas-de-acidente-de-moto-sobrecarrega-sistema-de-saude\/","og_locale":"pt_PT","og_type":"article","og_title":"Explos\u00e3o de 30% em n\u00famero de v\u00edtimas de acidente de moto sobrecarrega sistema de sa\u00fade - Brasil not\u00edcias","og_description":"Segundo a Sesab, v\u00edtimas desse tipo de acidentes costumam ter politraumatismos e acabam mobilizando atendimentos que v\u00e3o desde o pr\u00e9-hospitalar","og_url":"https:\/\/brasilnoticias.org\/site\/explosao-de-30-em-numero-de-vitimas-de-acidente-de-moto-sobrecarrega-sistema-de-saude\/","og_site_name":"Brasil not\u00edcias","article_published_time":"2024-01-30T14:32:00+00:00","og_image":[{"width":1600,"height":752,"url":"https:\/\/brasilnoticias.org\/site\/wp-content\/uploads\/2024\/01\/145690explosao-de-30-em-numero-de-vitimas-de-acidente-de-moto-sobrecarrega-sistema-de-saude-3.jpg","type":"image\/jpeg"}],"author":"Reda\u00e7\u00e3o","twitter_card":"summary_large_image","twitter_misc":{"Escrito por":"Reda\u00e7\u00e3o"},"schema":{"@context":"https:\/\/schema.org","@graph":[{"@type":"Article","@id":"https:\/\/brasilnoticias.org\/site\/explosao-de-30-em-numero-de-vitimas-de-acidente-de-moto-sobrecarrega-sistema-de-saude\/#article","isPartOf":{"@id":"https:\/\/brasilnoticias.org\/site\/explosao-de-30-em-numero-de-vitimas-de-acidente-de-moto-sobrecarrega-sistema-de-saude\/"},"author":{"name":"Reda\u00e7\u00e3o","@id":"https:\/\/brasilnoticias.org\/site\/#\/schema\/person\/03bbbfe6c7634ad18c26444ea39049fa"},"headline":"Explos\u00e3o de 30% em n\u00famero de v\u00edtimas de acidente de moto sobrecarrega sistema de sa\u00fade","datePublished":"2024-01-30T14:32:00+00:00","mainEntityOfPage":{"@id":"https:\/\/brasilnoticias.org\/site\/explosao-de-30-em-numero-de-vitimas-de-acidente-de-moto-sobrecarrega-sistema-de-saude\/"},"wordCount":647,"commentCount":0,"publisher":{"@id":"https:\/\/brasilnoticias.org\/site\/#organization"},"image":{"@id":"https:\/\/brasilnoticias.org\/site\/explosao-de-30-em-numero-de-vitimas-de-acidente-de-moto-sobrecarrega-sistema-de-saude\/#primaryimage"},"thumbnailUrl":"https:\/\/brasilnoticias.org\/site\/wp-content\/uploads\/2024\/01\/145690explosao-de-30-em-numero-de-vitimas-de-acidente-de-moto-sobrecarrega-sistema-de-saude-3.jpg","articleSection":["Not\u00edcias","\u00daltimas"],"inLanguage":"pt-PT","potentialAction":[{"@type":"CommentAction","name":"Comment","target":["https:\/\/brasilnoticias.org\/site\/explosao-de-30-em-numero-de-vitimas-de-acidente-de-moto-sobrecarrega-sistema-de-saude\/#respond"]}]},{"@type":"WebPage","@id":"https:\/\/brasilnoticias.org\/site\/explosao-de-30-em-numero-de-vitimas-de-acidente-de-moto-sobrecarrega-sistema-de-saude\/","url":"https:\/\/brasilnoticias.org\/site\/explosao-de-30-em-numero-de-vitimas-de-acidente-de-moto-sobrecarrega-sistema-de-saude\/","name":"Explos\u00e3o de 30% em n\u00famero de v\u00edtimas de acidente de moto sobrecarrega sistema de sa\u00fade - Brasil not\u00edcias","isPartOf":{"@id":"https:\/\/brasilnoticias.org\/site\/#website"},"primaryImageOfPage":{"@id":"https:\/\/brasilnoticias.org\/site\/explosao-de-30-em-numero-de-vitimas-de-acidente-de-moto-sobrecarrega-sistema-de-saude\/#primaryimage"},"image":{"@id":"https:\/\/brasilnoticias.org\/site\/explosao-de-30-em-numero-de-vitimas-de-acidente-de-moto-sobrecarrega-sistema-de-saude\/#primaryimage"},"thumbnailUrl":"https:\/\/brasilnoticias.org\/site\/wp-content\/uploads\/2024\/01\/145690explosao-de-30-em-numero-de-vitimas-de-acidente-de-moto-sobrecarrega-sistema-de-saude-3.jpg","datePublished":"2024-01-30T14:32:00+00:00","breadcrumb":{"@id":"https:\/\/brasilnoticias.org\/site\/explosao-de-30-em-numero-de-vitimas-de-acidente-de-moto-sobrecarrega-sistema-de-saude\/#breadcrumb"},"inLanguage":"pt-PT","potentialAction":[{"@type":"ReadAction","target":["https:\/\/brasilnoticias.org\/site\/explosao-de-30-em-numero-de-vitimas-de-acidente-de-moto-sobrecarrega-sistema-de-saude\/"]}]},{"@type":"ImageObject","inLanguage":"pt-PT","@id":"https:\/\/brasilnoticias.org\/site\/explosao-de-30-em-numero-de-vitimas-de-acidente-de-moto-sobrecarrega-sistema-de-saude\/#primaryimage","url":"https:\/\/brasilnoticias.org\/site\/wp-content\/uploads\/2024\/01\/145690explosao-de-30-em-numero-de-vitimas-de-acidente-de-moto-sobrecarrega-sistema-de-saude-3.jpg","contentUrl":"https:\/\/brasilnoticias.org\/site\/wp-content\/uploads\/2024\/01\/145690explosao-de-30-em-numero-de-vitimas-de-acidente-de-moto-sobrecarrega-sistema-de-saude-3.jpg","width":1600,"height":752},{"@type":"BreadcrumbList","@id":"https:\/\/brasilnoticias.org\/site\/explosao-de-30-em-numero-de-vitimas-de-acidente-de-moto-sobrecarrega-sistema-de-saude\/#breadcrumb","itemListElement":[{"@type":"ListItem","position":1,"name":"In\u00edcio","item":"https:\/\/brasilnoticias.org\/site\/"},{"@type":"ListItem","position":2,"name":"Explos\u00e3o de 30% em n\u00famero de v\u00edtimas de acidente de moto sobrecarrega sistema de sa\u00fade"}]},{"@type":"WebSite","@id":"https:\/\/brasilnoticias.org\/site\/#website","url":"https:\/\/brasilnoticias.org\/site\/","name":"Brasil not\u00edcias","description":"Brasil not\u00edcias","publisher":{"@id":"https:\/\/brasilnoticias.org\/site\/#organization"},"potentialAction":[{"@type":"SearchAction","target":{"@type":"EntryPoint","urlTemplate":"https:\/\/brasilnoticias.org\/site\/?s={search_term_string}"},"query-input":{"@type":"PropertyValueSpecification","valueRequired":true,"valueName":"search_term_string"}}],"inLanguage":"pt-PT"},{"@type":"Organization","@id":"https:\/\/brasilnoticias.org\/site\/#organization","name":"Brasil not\u00edcias","url":"https:\/\/brasilnoticias.org\/site\/","logo":{"@type":"ImageObject","inLanguage":"pt-PT","@id":"https:\/\/brasilnoticias.org\/site\/#\/schema\/logo\/image\/","url":"https:\/\/brasilnoticias.org\/site\/wp-content\/uploads\/2022\/05\/cropped-brasilnoticias-mini.jpg","contentUrl":"https:\/\/brasilnoticias.org\/site\/wp-content\/uploads\/2022\/05\/cropped-brasilnoticias-mini.jpg","width":314,"height":86,"caption":"Brasil not\u00edcias"},"image":{"@id":"https:\/\/brasilnoticias.org\/site\/#\/schema\/logo\/image\/"}},{"@type":"Person","@id":"https:\/\/brasilnoticias.org\/site\/#\/schema\/person\/03bbbfe6c7634ad18c26444ea39049fa","name":"Reda\u00e7\u00e3o","image":{"@type":"ImageObject","inLanguage":"pt-PT","@id":"https:\/\/brasilnoticias.org\/site\/#\/schema\/person\/image\/","url":"https:\/\/secure.gravatar.com\/avatar\/9ecaf7327a696cb23ad926fedded5f1f04d7049de9e445375d55b48c001a6e42?s=96&d=mm&r=g","contentUrl":"https:\/\/secure.gravatar.com\/avatar\/9ecaf7327a696cb23ad926fedded5f1f04d7049de9e445375d55b48c001a6e42?s=96&d=mm&r=g","caption":"Reda\u00e7\u00e3o"},"url":"https:\/\/brasilnoticias.org\/site\/author\/henrique\/"}]}},"_links":{"self":[{"href":"https:\/\/brasilnoticias.org\/site\/wp-json\/wp\/v2\/posts\/12481","targetHints":{"allow":["GET"]}}],"collection":[{"href":"https:\/\/brasilnoticias.org\/site\/wp-json\/wp\/v2\/posts"}],"about":[{"href":"https:\/\/brasilnoticias.org\/site\/wp-json\/wp\/v2\/types\/post"}],"author":[{"embeddable":true,"href":"https:\/\/brasilnoticias.org\/site\/wp-json\/wp\/v2\/users\/4"}],"replies":[{"embeddable":true,"href":"https:\/\/brasilnoticias.org\/site\/wp-json\/wp\/v2\/comments?post=12481"}],"version-history":[{"count":1,"href":"https:\/\/brasilnoticias.org\/site\/wp-json\/wp\/v2\/posts\/12481\/revisions"}],"predecessor-version":[{"id":12483,"href":"https:\/\/brasilnoticias.org\/site\/wp-json\/wp\/v2\/posts\/12481\/revisions\/12483"}],"wp:featuredmedia":[{"embeddable":true,"href":"https:\/\/brasilnoticias.org\/site\/wp-json\/wp\/v2\/media\/12482"}],"wp:attachment":[{"href":"https:\/\/brasilnoticias.org\/site\/wp-json\/wp\/v2\/media?parent=12481"}],"wp:term":[{"taxonomy":"category","embeddable":true,"href":"https:\/\/brasilnoticias.org\/site\/wp-json\/wp\/v2\/categories?post=12481"},{"taxonomy":"post_tag","embeddable":true,"href":"https:\/\/brasilnoticias.org\/site\/wp-json\/wp\/v2\/tags?post=12481"}],"curies":[{"name":"wp","href":"https:\/\/api.w.org\/{rel}","templated":true}]}}