{"id":12526,"date":"2024-02-02T13:08:04","date_gmt":"2024-02-02T16:08:04","guid":{"rendered":"https:\/\/brasilnoticias.org\/site\/?p=12526"},"modified":"2024-02-02T13:08:04","modified_gmt":"2024-02-02T16:08:04","slug":"apos-entrevista-a-metropole-e-baixa-audiencia-em-podcast-proprio-lula-passa-a-privilegiar-entrevistas-a-radios-locais","status":"publish","type":"post","link":"https:\/\/brasilnoticias.org\/site\/apos-entrevista-a-metropole-e-baixa-audiencia-em-podcast-proprio-lula-passa-a-privilegiar-entrevistas-a-radios-locais\/","title":{"rendered":"Ap\u00f3s entrevista \u00e0 Metropole e baixa audi\u00eancia em podcast pr\u00f3prio, Lula passa a privilegiar entrevistas a r\u00e1dios locais"},"content":{"rendered":"<p>As transmiss\u00f5es ao vivo &#8216;Conversa com o Presidente&#8217; registram baixa audi\u00eancia, apesar dos esfor\u00e7os de produ\u00e7\u00e3o intensificados pela EBC<\/p>\n<p>A experi\u00eancia do podcast semanal &#8220;Conversa com o Presidente&#8221;, produzido pela Empresa Brasil de Comunica\u00e7\u00e3o (EBC), n\u00e3o alcan\u00e7ou os \u00edndices desejados pela gest\u00e3o do presidente Lula (PT). Em contrapartida, entrevistas do petistas a r\u00e1dios locais, como a que foi feita \u00e0 Metropole neste m\u00eas de janeiro, renderam grande repercuss\u00e3o ao governo. Essa an\u00e1lise fortalece uma nova estrat\u00e9gia que recentemente vem sendo adotada pela comunica\u00e7\u00e3o do governo Lula para este segundo ano de mandato: investir em entrevistas a r\u00e1dios locais. A informa\u00e7\u00e3o \u00e9 do jornal Estad\u00e3o.<\/p>\n<p>O programa &#8216;Conversa com o Presidente&#8217; representou uma iniciativa governamental para expandir a presen\u00e7a de Lula nas redes sociais, seguindo a trajet\u00f3ria de sucesso do ex-presidente Jair Bolsonaro (PL). Na tentativa de impulsionar o podcast semanal, a EBC mobilizou uma equipe composta por oito profissionais, incluindo nomes como o ex-jornalista da Globo Marcos Uch\u00f4a. Ainda assim, os \u00edndices de audi\u00eancia foram considerados um fracasso, com uma m\u00e9dia de 75 mil visualiza\u00e7\u00f5es em cada live.<\/p>\n<p>Em contrapartida, Lula foi entrevistado na Metropole no \u00faltimo dia 23, acumulando n\u00famero expressivamente melhores de audi\u00eancia e repercuss\u00e3o. S\u00f3 no canal do YouTube do petista, foram 42 milh\u00f5es de visualiza\u00e7\u00f5es, no canal da Metropole foram mais 8 milh\u00f5es. Multiplicando esses n\u00fameros, houve uma repercuss\u00e3o em toda a impresa nacional durante a semana. Ve\u00edculos como Uol, Folha de S. Paulo, O Globo, Jornal Nacional, Carta Capital, Veja e outros repercutiram diversas partes da entrevista. Entre elas, a fala do presidente dobre a rela\u00e7\u00e3o com o Congresso Nacional, as elei\u00e7\u00f5es municipais e os feitos de seu primeiro ano de governo.<\/p>\n<p>Agora, ap\u00f3s a experi\u00eancia bem-sucedida na R\u00e1dio Metropole, o presidente tem dado prefer\u00eancia a entrevistas em r\u00e1dios regionais distribu\u00eddas por todo o Brasil. Nas semanas seguintes, por exemplo, ele participou de duas entrevistas em ve\u00edculos do Nordeste, no mesmo hor\u00e1rio que costumava ser dedicado ao antigo podcast.<\/p>\n<p>Foto: Ricardo Stuckert\/PR<br \/>\nPor: Metro1<\/p>\n","protected":false},"excerpt":{"rendered":"<p>As transmiss\u00f5es ao vivo &#8216;Conversa com o Presidente&#8217; registram baixa audi\u00eancia, apesar dos esfor\u00e7os de produ\u00e7\u00e3o intensificados pela EBC A<\/p>\n","protected":false},"author":4,"featured_media":12527,"comment_status":"open","ping_status":"open","sticky":false,"template":"","format":"standard","meta":{"colormag_page_container_layout":"default_layout","colormag_page_sidebar_layout":"default_layout","_FSMCFIC_featured_image_caption":"","_FSMCFIC_featured_image_nocaption":"","_FSMCFIC_featured_image_hide":"","footnotes":""},"categories":[5,1],"tags":[],"class_list":["post-12526","post","type-post","status-publish","format-standard","has-post-thumbnail","hentry","category-politica","category-ultimas"],"yoast_head":"<!-- This site is optimized with the Yoast SEO plugin v27.1.1 - https:\/\/yoast.com\/product\/yoast-seo-wordpress\/ -->\n<title>Ap\u00f3s entrevista \u00e0 Metropole e baixa audi\u00eancia em podcast pr\u00f3prio, Lula passa a privilegiar entrevistas a r\u00e1dios locais - Brasil not\u00edcias<\/title>\n<meta name=\"robots\" content=\"index, follow, max-snippet:-1, max-image-preview:large, max-video-preview:-1\" \/>\n<link rel=\"canonical\" href=\"https:\/\/brasilnoticias.org\/site\/apos-entrevista-a-metropole-e-baixa-audiencia-em-podcast-proprio-lula-passa-a-privilegiar-entrevistas-a-radios-locais\/\" \/>\n<meta property=\"og:locale\" content=\"pt_PT\" \/>\n<meta property=\"og:type\" content=\"article\" \/>\n<meta property=\"og:title\" content=\"Ap\u00f3s entrevista \u00e0 Metropole e baixa audi\u00eancia em podcast pr\u00f3prio, Lula passa a privilegiar entrevistas a r\u00e1dios locais - Brasil not\u00edcias\" \/>\n<meta property=\"og:description\" content=\"As transmiss\u00f5es ao vivo &#8216;Conversa com o Presidente&#8217; registram baixa audi\u00eancia, apesar dos esfor\u00e7os de produ\u00e7\u00e3o intensificados pela EBC A\" \/>\n<meta property=\"og:url\" content=\"https:\/\/brasilnoticias.org\/site\/apos-entrevista-a-metropole-e-baixa-audiencia-em-podcast-proprio-lula-passa-a-privilegiar-entrevistas-a-radios-locais\/\" \/>\n<meta property=\"og:site_name\" content=\"Brasil not\u00edcias\" \/>\n<meta property=\"article:published_time\" content=\"2024-02-02T16:08:04+00:00\" \/>\n<meta property=\"og:image\" content=\"https:\/\/brasilnoticias.org\/site\/wp-content\/uploads\/2024\/02\/145798apos-entrevista-a-metropole-e-baixa-audiencia-em-podcast-proprio-lula-passa-a-privilegiar-entrevistas-a-radios-locais-3.jpg\" \/>\n\t<meta property=\"og:image:width\" content=\"1600\" \/>\n\t<meta property=\"og:image:height\" content=\"752\" \/>\n\t<meta property=\"og:image:type\" content=\"image\/jpeg\" \/>\n<meta name=\"author\" content=\"Reda\u00e7\u00e3o\" \/>\n<meta name=\"twitter:card\" content=\"summary_large_image\" \/>\n<meta name=\"twitter:label1\" content=\"Escrito por\" \/>\n\t<meta name=\"twitter:data1\" content=\"Reda\u00e7\u00e3o\" \/>\n\t<meta name=\"twitter:label2\" content=\"Tempo estimado de leitura\" \/>\n\t<meta name=\"twitter:data2\" content=\"1 minuto\" \/>\n<script type=\"application\/ld+json\" class=\"yoast-schema-graph\">{\"@context\":\"https:\/\/schema.org\",\"@graph\":[{\"@type\":\"Article\",\"@id\":\"https:\/\/brasilnoticias.org\/site\/apos-entrevista-a-metropole-e-baixa-audiencia-em-podcast-proprio-lula-passa-a-privilegiar-entrevistas-a-radios-locais\/#article\",\"isPartOf\":{\"@id\":\"https:\/\/brasilnoticias.org\/site\/apos-entrevista-a-metropole-e-baixa-audiencia-em-podcast-proprio-lula-passa-a-privilegiar-entrevistas-a-radios-locais\/\"},\"author\":{\"name\":\"Reda\u00e7\u00e3o\",\"@id\":\"https:\/\/brasilnoticias.org\/site\/#\/schema\/person\/03bbbfe6c7634ad18c26444ea39049fa\"},\"headline\":\"Ap\u00f3s entrevista \u00e0 Metropole e baixa audi\u00eancia em podcast pr\u00f3prio, Lula passa a privilegiar entrevistas a r\u00e1dios locais\",\"datePublished\":\"2024-02-02T16:08:04+00:00\",\"mainEntityOfPage\":{\"@id\":\"https:\/\/brasilnoticias.org\/site\/apos-entrevista-a-metropole-e-baixa-audiencia-em-podcast-proprio-lula-passa-a-privilegiar-entrevistas-a-radios-locais\/\"},\"wordCount\":388,\"commentCount\":0,\"publisher\":{\"@id\":\"https:\/\/brasilnoticias.org\/site\/#organization\"},\"image\":{\"@id\":\"https:\/\/brasilnoticias.org\/site\/apos-entrevista-a-metropole-e-baixa-audiencia-em-podcast-proprio-lula-passa-a-privilegiar-entrevistas-a-radios-locais\/#primaryimage\"},\"thumbnailUrl\":\"https:\/\/brasilnoticias.org\/site\/wp-content\/uploads\/2024\/02\/145798apos-entrevista-a-metropole-e-baixa-audiencia-em-podcast-proprio-lula-passa-a-privilegiar-entrevistas-a-radios-locais-3.jpg\",\"articleSection\":[\"Pol\u00edtica\",\"\u00daltimas\"],\"inLanguage\":\"pt-PT\",\"potentialAction\":[{\"@type\":\"CommentAction\",\"name\":\"Comment\",\"target\":[\"https:\/\/brasilnoticias.org\/site\/apos-entrevista-a-metropole-e-baixa-audiencia-em-podcast-proprio-lula-passa-a-privilegiar-entrevistas-a-radios-locais\/#respond\"]}]},{\"@type\":\"WebPage\",\"@id\":\"https:\/\/brasilnoticias.org\/site\/apos-entrevista-a-metropole-e-baixa-audiencia-em-podcast-proprio-lula-passa-a-privilegiar-entrevistas-a-radios-locais\/\",\"url\":\"https:\/\/brasilnoticias.org\/site\/apos-entrevista-a-metropole-e-baixa-audiencia-em-podcast-proprio-lula-passa-a-privilegiar-entrevistas-a-radios-locais\/\",\"name\":\"Ap\u00f3s entrevista \u00e0 Metropole e baixa audi\u00eancia em podcast pr\u00f3prio, Lula passa a privilegiar entrevistas a r\u00e1dios locais - Brasil not\u00edcias\",\"isPartOf\":{\"@id\":\"https:\/\/brasilnoticias.org\/site\/#website\"},\"primaryImageOfPage\":{\"@id\":\"https:\/\/brasilnoticias.org\/site\/apos-entrevista-a-metropole-e-baixa-audiencia-em-podcast-proprio-lula-passa-a-privilegiar-entrevistas-a-radios-locais\/#primaryimage\"},\"image\":{\"@id\":\"https:\/\/brasilnoticias.org\/site\/apos-entrevista-a-metropole-e-baixa-audiencia-em-podcast-proprio-lula-passa-a-privilegiar-entrevistas-a-radios-locais\/#primaryimage\"},\"thumbnailUrl\":\"https:\/\/brasilnoticias.org\/site\/wp-content\/uploads\/2024\/02\/145798apos-entrevista-a-metropole-e-baixa-audiencia-em-podcast-proprio-lula-passa-a-privilegiar-entrevistas-a-radios-locais-3.jpg\",\"datePublished\":\"2024-02-02T16:08:04+00:00\",\"breadcrumb\":{\"@id\":\"https:\/\/brasilnoticias.org\/site\/apos-entrevista-a-metropole-e-baixa-audiencia-em-podcast-proprio-lula-passa-a-privilegiar-entrevistas-a-radios-locais\/#breadcrumb\"},\"inLanguage\":\"pt-PT\",\"potentialAction\":[{\"@type\":\"ReadAction\",\"target\":[\"https:\/\/brasilnoticias.org\/site\/apos-entrevista-a-metropole-e-baixa-audiencia-em-podcast-proprio-lula-passa-a-privilegiar-entrevistas-a-radios-locais\/\"]}]},{\"@type\":\"ImageObject\",\"inLanguage\":\"pt-PT\",\"@id\":\"https:\/\/brasilnoticias.org\/site\/apos-entrevista-a-metropole-e-baixa-audiencia-em-podcast-proprio-lula-passa-a-privilegiar-entrevistas-a-radios-locais\/#primaryimage\",\"url\":\"https:\/\/brasilnoticias.org\/site\/wp-content\/uploads\/2024\/02\/145798apos-entrevista-a-metropole-e-baixa-audiencia-em-podcast-proprio-lula-passa-a-privilegiar-entrevistas-a-radios-locais-3.jpg\",\"contentUrl\":\"https:\/\/brasilnoticias.org\/site\/wp-content\/uploads\/2024\/02\/145798apos-entrevista-a-metropole-e-baixa-audiencia-em-podcast-proprio-lula-passa-a-privilegiar-entrevistas-a-radios-locais-3.jpg\",\"width\":1600,\"height\":752},{\"@type\":\"BreadcrumbList\",\"@id\":\"https:\/\/brasilnoticias.org\/site\/apos-entrevista-a-metropole-e-baixa-audiencia-em-podcast-proprio-lula-passa-a-privilegiar-entrevistas-a-radios-locais\/#breadcrumb\",\"itemListElement\":[{\"@type\":\"ListItem\",\"position\":1,\"name\":\"In\u00edcio\",\"item\":\"https:\/\/brasilnoticias.org\/site\/\"},{\"@type\":\"ListItem\",\"position\":2,\"name\":\"Ap\u00f3s entrevista \u00e0 Metropole e baixa audi\u00eancia em podcast pr\u00f3prio, Lula passa a privilegiar entrevistas a r\u00e1dios locais\"}]},{\"@type\":\"WebSite\",\"@id\":\"https:\/\/brasilnoticias.org\/site\/#website\",\"url\":\"https:\/\/brasilnoticias.org\/site\/\",\"name\":\"Brasil not\u00edcias\",\"description\":\"Brasil not\u00edcias\",\"publisher\":{\"@id\":\"https:\/\/brasilnoticias.org\/site\/#organization\"},\"potentialAction\":[{\"@type\":\"SearchAction\",\"target\":{\"@type\":\"EntryPoint\",\"urlTemplate\":\"https:\/\/brasilnoticias.org\/site\/?s={search_term_string}\"},\"query-input\":{\"@type\":\"PropertyValueSpecification\",\"valueRequired\":true,\"valueName\":\"search_term_string\"}}],\"inLanguage\":\"pt-PT\"},{\"@type\":\"Organization\",\"@id\":\"https:\/\/brasilnoticias.org\/site\/#organization\",\"name\":\"Brasil not\u00edcias\",\"url\":\"https:\/\/brasilnoticias.org\/site\/\",\"logo\":{\"@type\":\"ImageObject\",\"inLanguage\":\"pt-PT\",\"@id\":\"https:\/\/brasilnoticias.org\/site\/#\/schema\/logo\/image\/\",\"url\":\"https:\/\/brasilnoticias.org\/site\/wp-content\/uploads\/2022\/05\/cropped-brasilnoticias-mini.jpg\",\"contentUrl\":\"https:\/\/brasilnoticias.org\/site\/wp-content\/uploads\/2022\/05\/cropped-brasilnoticias-mini.jpg\",\"width\":314,\"height\":86,\"caption\":\"Brasil not\u00edcias\"},\"image\":{\"@id\":\"https:\/\/brasilnoticias.org\/site\/#\/schema\/logo\/image\/\"}},{\"@type\":\"Person\",\"@id\":\"https:\/\/brasilnoticias.org\/site\/#\/schema\/person\/03bbbfe6c7634ad18c26444ea39049fa\",\"name\":\"Reda\u00e7\u00e3o\",\"image\":{\"@type\":\"ImageObject\",\"inLanguage\":\"pt-PT\",\"@id\":\"https:\/\/brasilnoticias.org\/site\/#\/schema\/person\/image\/\",\"url\":\"https:\/\/secure.gravatar.com\/avatar\/9ecaf7327a696cb23ad926fedded5f1f04d7049de9e445375d55b48c001a6e42?s=96&d=mm&r=g\",\"contentUrl\":\"https:\/\/secure.gravatar.com\/avatar\/9ecaf7327a696cb23ad926fedded5f1f04d7049de9e445375d55b48c001a6e42?s=96&d=mm&r=g\",\"caption\":\"Reda\u00e7\u00e3o\"},\"url\":\"https:\/\/brasilnoticias.org\/site\/author\/henrique\/\"}]}<\/script>\n<!-- \/ Yoast SEO plugin. -->","yoast_head_json":{"title":"Ap\u00f3s entrevista \u00e0 Metropole e baixa audi\u00eancia em podcast pr\u00f3prio, Lula passa a privilegiar entrevistas a r\u00e1dios locais - Brasil not\u00edcias","robots":{"index":"index","follow":"follow","max-snippet":"max-snippet:-1","max-image-preview":"max-image-preview:large","max-video-preview":"max-video-preview:-1"},"canonical":"https:\/\/brasilnoticias.org\/site\/apos-entrevista-a-metropole-e-baixa-audiencia-em-podcast-proprio-lula-passa-a-privilegiar-entrevistas-a-radios-locais\/","og_locale":"pt_PT","og_type":"article","og_title":"Ap\u00f3s entrevista \u00e0 Metropole e baixa audi\u00eancia em podcast pr\u00f3prio, Lula passa a privilegiar entrevistas a r\u00e1dios locais - Brasil not\u00edcias","og_description":"As transmiss\u00f5es ao vivo &#8216;Conversa com o Presidente&#8217; registram baixa audi\u00eancia, apesar dos esfor\u00e7os de produ\u00e7\u00e3o intensificados pela EBC A","og_url":"https:\/\/brasilnoticias.org\/site\/apos-entrevista-a-metropole-e-baixa-audiencia-em-podcast-proprio-lula-passa-a-privilegiar-entrevistas-a-radios-locais\/","og_site_name":"Brasil not\u00edcias","article_published_time":"2024-02-02T16:08:04+00:00","og_image":[{"width":1600,"height":752,"url":"https:\/\/brasilnoticias.org\/site\/wp-content\/uploads\/2024\/02\/145798apos-entrevista-a-metropole-e-baixa-audiencia-em-podcast-proprio-lula-passa-a-privilegiar-entrevistas-a-radios-locais-3.jpg","type":"image\/jpeg"}],"author":"Reda\u00e7\u00e3o","twitter_card":"summary_large_image","twitter_misc":{"Escrito por":"Reda\u00e7\u00e3o","Tempo estimado de leitura":"1 minuto"},"schema":{"@context":"https:\/\/schema.org","@graph":[{"@type":"Article","@id":"https:\/\/brasilnoticias.org\/site\/apos-entrevista-a-metropole-e-baixa-audiencia-em-podcast-proprio-lula-passa-a-privilegiar-entrevistas-a-radios-locais\/#article","isPartOf":{"@id":"https:\/\/brasilnoticias.org\/site\/apos-entrevista-a-metropole-e-baixa-audiencia-em-podcast-proprio-lula-passa-a-privilegiar-entrevistas-a-radios-locais\/"},"author":{"name":"Reda\u00e7\u00e3o","@id":"https:\/\/brasilnoticias.org\/site\/#\/schema\/person\/03bbbfe6c7634ad18c26444ea39049fa"},"headline":"Ap\u00f3s entrevista \u00e0 Metropole e baixa audi\u00eancia em podcast pr\u00f3prio, Lula passa a privilegiar entrevistas a r\u00e1dios locais","datePublished":"2024-02-02T16:08:04+00:00","mainEntityOfPage":{"@id":"https:\/\/brasilnoticias.org\/site\/apos-entrevista-a-metropole-e-baixa-audiencia-em-podcast-proprio-lula-passa-a-privilegiar-entrevistas-a-radios-locais\/"},"wordCount":388,"commentCount":0,"publisher":{"@id":"https:\/\/brasilnoticias.org\/site\/#organization"},"image":{"@id":"https:\/\/brasilnoticias.org\/site\/apos-entrevista-a-metropole-e-baixa-audiencia-em-podcast-proprio-lula-passa-a-privilegiar-entrevistas-a-radios-locais\/#primaryimage"},"thumbnailUrl":"https:\/\/brasilnoticias.org\/site\/wp-content\/uploads\/2024\/02\/145798apos-entrevista-a-metropole-e-baixa-audiencia-em-podcast-proprio-lula-passa-a-privilegiar-entrevistas-a-radios-locais-3.jpg","articleSection":["Pol\u00edtica","\u00daltimas"],"inLanguage":"pt-PT","potentialAction":[{"@type":"CommentAction","name":"Comment","target":["https:\/\/brasilnoticias.org\/site\/apos-entrevista-a-metropole-e-baixa-audiencia-em-podcast-proprio-lula-passa-a-privilegiar-entrevistas-a-radios-locais\/#respond"]}]},{"@type":"WebPage","@id":"https:\/\/brasilnoticias.org\/site\/apos-entrevista-a-metropole-e-baixa-audiencia-em-podcast-proprio-lula-passa-a-privilegiar-entrevistas-a-radios-locais\/","url":"https:\/\/brasilnoticias.org\/site\/apos-entrevista-a-metropole-e-baixa-audiencia-em-podcast-proprio-lula-passa-a-privilegiar-entrevistas-a-radios-locais\/","name":"Ap\u00f3s entrevista \u00e0 Metropole e baixa audi\u00eancia em podcast pr\u00f3prio, Lula passa a privilegiar entrevistas a r\u00e1dios locais - Brasil not\u00edcias","isPartOf":{"@id":"https:\/\/brasilnoticias.org\/site\/#website"},"primaryImageOfPage":{"@id":"https:\/\/brasilnoticias.org\/site\/apos-entrevista-a-metropole-e-baixa-audiencia-em-podcast-proprio-lula-passa-a-privilegiar-entrevistas-a-radios-locais\/#primaryimage"},"image":{"@id":"https:\/\/brasilnoticias.org\/site\/apos-entrevista-a-metropole-e-baixa-audiencia-em-podcast-proprio-lula-passa-a-privilegiar-entrevistas-a-radios-locais\/#primaryimage"},"thumbnailUrl":"https:\/\/brasilnoticias.org\/site\/wp-content\/uploads\/2024\/02\/145798apos-entrevista-a-metropole-e-baixa-audiencia-em-podcast-proprio-lula-passa-a-privilegiar-entrevistas-a-radios-locais-3.jpg","datePublished":"2024-02-02T16:08:04+00:00","breadcrumb":{"@id":"https:\/\/brasilnoticias.org\/site\/apos-entrevista-a-metropole-e-baixa-audiencia-em-podcast-proprio-lula-passa-a-privilegiar-entrevistas-a-radios-locais\/#breadcrumb"},"inLanguage":"pt-PT","potentialAction":[{"@type":"ReadAction","target":["https:\/\/brasilnoticias.org\/site\/apos-entrevista-a-metropole-e-baixa-audiencia-em-podcast-proprio-lula-passa-a-privilegiar-entrevistas-a-radios-locais\/"]}]},{"@type":"ImageObject","inLanguage":"pt-PT","@id":"https:\/\/brasilnoticias.org\/site\/apos-entrevista-a-metropole-e-baixa-audiencia-em-podcast-proprio-lula-passa-a-privilegiar-entrevistas-a-radios-locais\/#primaryimage","url":"https:\/\/brasilnoticias.org\/site\/wp-content\/uploads\/2024\/02\/145798apos-entrevista-a-metropole-e-baixa-audiencia-em-podcast-proprio-lula-passa-a-privilegiar-entrevistas-a-radios-locais-3.jpg","contentUrl":"https:\/\/brasilnoticias.org\/site\/wp-content\/uploads\/2024\/02\/145798apos-entrevista-a-metropole-e-baixa-audiencia-em-podcast-proprio-lula-passa-a-privilegiar-entrevistas-a-radios-locais-3.jpg","width":1600,"height":752},{"@type":"BreadcrumbList","@id":"https:\/\/brasilnoticias.org\/site\/apos-entrevista-a-metropole-e-baixa-audiencia-em-podcast-proprio-lula-passa-a-privilegiar-entrevistas-a-radios-locais\/#breadcrumb","itemListElement":[{"@type":"ListItem","position":1,"name":"In\u00edcio","item":"https:\/\/brasilnoticias.org\/site\/"},{"@type":"ListItem","position":2,"name":"Ap\u00f3s entrevista \u00e0 Metropole e baixa audi\u00eancia em podcast pr\u00f3prio, Lula passa a privilegiar entrevistas a r\u00e1dios locais"}]},{"@type":"WebSite","@id":"https:\/\/brasilnoticias.org\/site\/#website","url":"https:\/\/brasilnoticias.org\/site\/","name":"Brasil not\u00edcias","description":"Brasil not\u00edcias","publisher":{"@id":"https:\/\/brasilnoticias.org\/site\/#organization"},"potentialAction":[{"@type":"SearchAction","target":{"@type":"EntryPoint","urlTemplate":"https:\/\/brasilnoticias.org\/site\/?s={search_term_string}"},"query-input":{"@type":"PropertyValueSpecification","valueRequired":true,"valueName":"search_term_string"}}],"inLanguage":"pt-PT"},{"@type":"Organization","@id":"https:\/\/brasilnoticias.org\/site\/#organization","name":"Brasil not\u00edcias","url":"https:\/\/brasilnoticias.org\/site\/","logo":{"@type":"ImageObject","inLanguage":"pt-PT","@id":"https:\/\/brasilnoticias.org\/site\/#\/schema\/logo\/image\/","url":"https:\/\/brasilnoticias.org\/site\/wp-content\/uploads\/2022\/05\/cropped-brasilnoticias-mini.jpg","contentUrl":"https:\/\/brasilnoticias.org\/site\/wp-content\/uploads\/2022\/05\/cropped-brasilnoticias-mini.jpg","width":314,"height":86,"caption":"Brasil not\u00edcias"},"image":{"@id":"https:\/\/brasilnoticias.org\/site\/#\/schema\/logo\/image\/"}},{"@type":"Person","@id":"https:\/\/brasilnoticias.org\/site\/#\/schema\/person\/03bbbfe6c7634ad18c26444ea39049fa","name":"Reda\u00e7\u00e3o","image":{"@type":"ImageObject","inLanguage":"pt-PT","@id":"https:\/\/brasilnoticias.org\/site\/#\/schema\/person\/image\/","url":"https:\/\/secure.gravatar.com\/avatar\/9ecaf7327a696cb23ad926fedded5f1f04d7049de9e445375d55b48c001a6e42?s=96&d=mm&r=g","contentUrl":"https:\/\/secure.gravatar.com\/avatar\/9ecaf7327a696cb23ad926fedded5f1f04d7049de9e445375d55b48c001a6e42?s=96&d=mm&r=g","caption":"Reda\u00e7\u00e3o"},"url":"https:\/\/brasilnoticias.org\/site\/author\/henrique\/"}]}},"_links":{"self":[{"href":"https:\/\/brasilnoticias.org\/site\/wp-json\/wp\/v2\/posts\/12526","targetHints":{"allow":["GET"]}}],"collection":[{"href":"https:\/\/brasilnoticias.org\/site\/wp-json\/wp\/v2\/posts"}],"about":[{"href":"https:\/\/brasilnoticias.org\/site\/wp-json\/wp\/v2\/types\/post"}],"author":[{"embeddable":true,"href":"https:\/\/brasilnoticias.org\/site\/wp-json\/wp\/v2\/users\/4"}],"replies":[{"embeddable":true,"href":"https:\/\/brasilnoticias.org\/site\/wp-json\/wp\/v2\/comments?post=12526"}],"version-history":[{"count":1,"href":"https:\/\/brasilnoticias.org\/site\/wp-json\/wp\/v2\/posts\/12526\/revisions"}],"predecessor-version":[{"id":12528,"href":"https:\/\/brasilnoticias.org\/site\/wp-json\/wp\/v2\/posts\/12526\/revisions\/12528"}],"wp:featuredmedia":[{"embeddable":true,"href":"https:\/\/brasilnoticias.org\/site\/wp-json\/wp\/v2\/media\/12527"}],"wp:attachment":[{"href":"https:\/\/brasilnoticias.org\/site\/wp-json\/wp\/v2\/media?parent=12526"}],"wp:term":[{"taxonomy":"category","embeddable":true,"href":"https:\/\/brasilnoticias.org\/site\/wp-json\/wp\/v2\/categories?post=12526"},{"taxonomy":"post_tag","embeddable":true,"href":"https:\/\/brasilnoticias.org\/site\/wp-json\/wp\/v2\/tags?post=12526"}],"curies":[{"name":"wp","href":"https:\/\/api.w.org\/{rel}","templated":true}]}}