{"id":12536,"date":"2024-02-02T13:14:43","date_gmt":"2024-02-02T16:14:43","guid":{"rendered":"https:\/\/brasilnoticias.org\/site\/?p=12536"},"modified":"2024-02-02T13:14:43","modified_gmt":"2024-02-02T16:14:43","slug":"em-ano-de-eleicao-camara-de-salvador-inicia-trabalhos-para-2024","status":"publish","type":"post","link":"https:\/\/brasilnoticias.org\/site\/em-ano-de-eleicao-camara-de-salvador-inicia-trabalhos-para-2024\/","title":{"rendered":"Em ano de elei\u00e7\u00e3o, C\u00e2mara de Salvador inicia trabalhos para 2024"},"content":{"rendered":"<p>O evento contou com leitura da mensagem do prefeito Bruno Reis (Uni\u00e3o), que, formalmente, d\u00e1 abertura ao ano legislativo na capital<\/p>\n<p>Ap\u00f3s per\u00edodo de recesso desde dezembro de 2023, os vereadores voltaram aos trabalhos na manh\u00e3 desta sexta-feira (2\/2), em sess\u00e3o realizada na C\u00e2mara Municipal.<\/p>\n<p>O evento contou com leitura da mensagem do prefeito Bruno Reis (Uni\u00e3o), que, formalmente, d\u00e1 abertura ao ano legislativo na capital.<\/p>\n<p>Al\u00e9m do chefe do Pal\u00e1cio Thom\u00e9 de Souza, estiveram presentes na Casa a procuradora-geral do Minist\u00e9rio P\u00fablico da Bahia (MP-BA), Norma Cavalcanti, a vice-prefeita Ana Paula Matos (PDT) e, representando o governo do estado, o presidente da Companhia de Desenvolvimento do Estado (Conder), o ex-vereador Jos\u00e9 Trindade.<\/p>\n<p>Este ano de 2024 ser\u00e1 diferente em rela\u00e7\u00e3o ao \u00faltimo tri\u00eanio, uma vez que haver\u00e1 elei\u00e7\u00f5es municipais. A maior parte dos parlamentares da C\u00e2mara deve tentar reelei\u00e7\u00e3o e outros, que est\u00e3o licenciados, devem retornar para cumprir o fim do mandato \u2013 s\u00e3o os casos dos secret\u00e1rios Luiz Carlos (Infraestrutura), Marcelle Moraes (Sustentabilidade e Resili\u00eancia) e Maria Marighella (Funda\u00e7\u00e3o Nacional de Artes).<\/p>\n<p>Al\u00e9m dos retornos, 2024 deve marcar mudan\u00e7as partid\u00e1rias dos vereadores. Em crise com o Podemos, Sidninho e Toinho Carolino v\u00e3o mudar de partido. O mesmo deve acontecer com Ricardo Almeida, eleito pelo extinto PSC, partido que foi incorporado ao pr\u00f3prio podemos. Outros parlamentares podem mudar de sigla, como Joceval (Cidadania) e Orlando Palhinha (Uni\u00e3o).<\/p>\n<p>Foto: Matheus Caldas\/Aratu On<br \/>\nAratu On<\/p>\n","protected":false},"excerpt":{"rendered":"<p>O evento contou com leitura da mensagem do prefeito Bruno Reis (Uni\u00e3o), que, formalmente, d\u00e1 abertura ao ano legislativo na<\/p>\n","protected":false},"author":4,"featured_media":12537,"comment_status":"open","ping_status":"open","sticky":false,"template":"","format":"standard","meta":{"colormag_page_container_layout":"default_layout","colormag_page_sidebar_layout":"default_layout","_FSMCFIC_featured_image_caption":"","_FSMCFIC_featured_image_nocaption":"","_FSMCFIC_featured_image_hide":"","footnotes":""},"categories":[5,1],"tags":[],"class_list":["post-12536","post","type-post","status-publish","format-standard","has-post-thumbnail","hentry","category-politica","category-ultimas"],"yoast_head":"<!-- This site is optimized with the Yoast SEO plugin v27.1.1 - https:\/\/yoast.com\/product\/yoast-seo-wordpress\/ -->\n<title>Em ano de elei\u00e7\u00e3o, C\u00e2mara de Salvador inicia trabalhos para 2024 - Brasil not\u00edcias<\/title>\n<meta name=\"robots\" content=\"index, follow, max-snippet:-1, max-image-preview:large, max-video-preview:-1\" \/>\n<link rel=\"canonical\" href=\"https:\/\/brasilnoticias.org\/site\/em-ano-de-eleicao-camara-de-salvador-inicia-trabalhos-para-2024\/\" \/>\n<meta property=\"og:locale\" content=\"pt_PT\" \/>\n<meta property=\"og:type\" content=\"article\" \/>\n<meta property=\"og:title\" content=\"Em ano de elei\u00e7\u00e3o, C\u00e2mara de Salvador inicia trabalhos para 2024 - Brasil not\u00edcias\" \/>\n<meta property=\"og:description\" content=\"O evento contou com leitura da mensagem do prefeito Bruno Reis (Uni\u00e3o), que, formalmente, d\u00e1 abertura ao ano legislativo na\" \/>\n<meta property=\"og:url\" content=\"https:\/\/brasilnoticias.org\/site\/em-ano-de-eleicao-camara-de-salvador-inicia-trabalhos-para-2024\/\" \/>\n<meta property=\"og:site_name\" content=\"Brasil not\u00edcias\" \/>\n<meta property=\"article:published_time\" content=\"2024-02-02T16:14:43+00:00\" \/>\n<meta property=\"og:image\" content=\"https:\/\/brasilnoticias.org\/site\/wp-content\/uploads\/2024\/02\/WhatsApp-Image-2024-02-02-at-11.43.26-960x500-1.jpeg\" \/>\n\t<meta property=\"og:image:width\" content=\"960\" \/>\n\t<meta property=\"og:image:height\" content=\"500\" \/>\n\t<meta property=\"og:image:type\" content=\"image\/jpeg\" \/>\n<meta name=\"author\" content=\"Reda\u00e7\u00e3o\" \/>\n<meta name=\"twitter:card\" content=\"summary_large_image\" \/>\n<meta name=\"twitter:label1\" content=\"Escrito por\" \/>\n\t<meta name=\"twitter:data1\" content=\"Reda\u00e7\u00e3o\" \/>\n\t<meta name=\"twitter:label2\" content=\"Tempo estimado de leitura\" \/>\n\t<meta name=\"twitter:data2\" content=\"1 minuto\" \/>\n<script type=\"application\/ld+json\" class=\"yoast-schema-graph\">{\"@context\":\"https:\/\/schema.org\",\"@graph\":[{\"@type\":\"Article\",\"@id\":\"https:\/\/brasilnoticias.org\/site\/em-ano-de-eleicao-camara-de-salvador-inicia-trabalhos-para-2024\/#article\",\"isPartOf\":{\"@id\":\"https:\/\/brasilnoticias.org\/site\/em-ano-de-eleicao-camara-de-salvador-inicia-trabalhos-para-2024\/\"},\"author\":{\"name\":\"Reda\u00e7\u00e3o\",\"@id\":\"https:\/\/brasilnoticias.org\/site\/#\/schema\/person\/03bbbfe6c7634ad18c26444ea39049fa\"},\"headline\":\"Em ano de elei\u00e7\u00e3o, C\u00e2mara de Salvador inicia trabalhos para 2024\",\"datePublished\":\"2024-02-02T16:14:43+00:00\",\"mainEntityOfPage\":{\"@id\":\"https:\/\/brasilnoticias.org\/site\/em-ano-de-eleicao-camara-de-salvador-inicia-trabalhos-para-2024\/\"},\"wordCount\":268,\"commentCount\":0,\"publisher\":{\"@id\":\"https:\/\/brasilnoticias.org\/site\/#organization\"},\"image\":{\"@id\":\"https:\/\/brasilnoticias.org\/site\/em-ano-de-eleicao-camara-de-salvador-inicia-trabalhos-para-2024\/#primaryimage\"},\"thumbnailUrl\":\"https:\/\/brasilnoticias.org\/site\/wp-content\/uploads\/2024\/02\/WhatsApp-Image-2024-02-02-at-11.43.26-960x500-1.jpeg\",\"articleSection\":[\"Pol\u00edtica\",\"\u00daltimas\"],\"inLanguage\":\"pt-PT\",\"potentialAction\":[{\"@type\":\"CommentAction\",\"name\":\"Comment\",\"target\":[\"https:\/\/brasilnoticias.org\/site\/em-ano-de-eleicao-camara-de-salvador-inicia-trabalhos-para-2024\/#respond\"]}]},{\"@type\":\"WebPage\",\"@id\":\"https:\/\/brasilnoticias.org\/site\/em-ano-de-eleicao-camara-de-salvador-inicia-trabalhos-para-2024\/\",\"url\":\"https:\/\/brasilnoticias.org\/site\/em-ano-de-eleicao-camara-de-salvador-inicia-trabalhos-para-2024\/\",\"name\":\"Em ano de elei\u00e7\u00e3o, C\u00e2mara de Salvador inicia trabalhos para 2024 - Brasil not\u00edcias\",\"isPartOf\":{\"@id\":\"https:\/\/brasilnoticias.org\/site\/#website\"},\"primaryImageOfPage\":{\"@id\":\"https:\/\/brasilnoticias.org\/site\/em-ano-de-eleicao-camara-de-salvador-inicia-trabalhos-para-2024\/#primaryimage\"},\"image\":{\"@id\":\"https:\/\/brasilnoticias.org\/site\/em-ano-de-eleicao-camara-de-salvador-inicia-trabalhos-para-2024\/#primaryimage\"},\"thumbnailUrl\":\"https:\/\/brasilnoticias.org\/site\/wp-content\/uploads\/2024\/02\/WhatsApp-Image-2024-02-02-at-11.43.26-960x500-1.jpeg\",\"datePublished\":\"2024-02-02T16:14:43+00:00\",\"breadcrumb\":{\"@id\":\"https:\/\/brasilnoticias.org\/site\/em-ano-de-eleicao-camara-de-salvador-inicia-trabalhos-para-2024\/#breadcrumb\"},\"inLanguage\":\"pt-PT\",\"potentialAction\":[{\"@type\":\"ReadAction\",\"target\":[\"https:\/\/brasilnoticias.org\/site\/em-ano-de-eleicao-camara-de-salvador-inicia-trabalhos-para-2024\/\"]}]},{\"@type\":\"ImageObject\",\"inLanguage\":\"pt-PT\",\"@id\":\"https:\/\/brasilnoticias.org\/site\/em-ano-de-eleicao-camara-de-salvador-inicia-trabalhos-para-2024\/#primaryimage\",\"url\":\"https:\/\/brasilnoticias.org\/site\/wp-content\/uploads\/2024\/02\/WhatsApp-Image-2024-02-02-at-11.43.26-960x500-1.jpeg\",\"contentUrl\":\"https:\/\/brasilnoticias.org\/site\/wp-content\/uploads\/2024\/02\/WhatsApp-Image-2024-02-02-at-11.43.26-960x500-1.jpeg\",\"width\":960,\"height\":500},{\"@type\":\"BreadcrumbList\",\"@id\":\"https:\/\/brasilnoticias.org\/site\/em-ano-de-eleicao-camara-de-salvador-inicia-trabalhos-para-2024\/#breadcrumb\",\"itemListElement\":[{\"@type\":\"ListItem\",\"position\":1,\"name\":\"In\u00edcio\",\"item\":\"https:\/\/brasilnoticias.org\/site\/\"},{\"@type\":\"ListItem\",\"position\":2,\"name\":\"Em ano de elei\u00e7\u00e3o, C\u00e2mara de Salvador inicia trabalhos para 2024\"}]},{\"@type\":\"WebSite\",\"@id\":\"https:\/\/brasilnoticias.org\/site\/#website\",\"url\":\"https:\/\/brasilnoticias.org\/site\/\",\"name\":\"Brasil not\u00edcias\",\"description\":\"Brasil not\u00edcias\",\"publisher\":{\"@id\":\"https:\/\/brasilnoticias.org\/site\/#organization\"},\"potentialAction\":[{\"@type\":\"SearchAction\",\"target\":{\"@type\":\"EntryPoint\",\"urlTemplate\":\"https:\/\/brasilnoticias.org\/site\/?s={search_term_string}\"},\"query-input\":{\"@type\":\"PropertyValueSpecification\",\"valueRequired\":true,\"valueName\":\"search_term_string\"}}],\"inLanguage\":\"pt-PT\"},{\"@type\":\"Organization\",\"@id\":\"https:\/\/brasilnoticias.org\/site\/#organization\",\"name\":\"Brasil not\u00edcias\",\"url\":\"https:\/\/brasilnoticias.org\/site\/\",\"logo\":{\"@type\":\"ImageObject\",\"inLanguage\":\"pt-PT\",\"@id\":\"https:\/\/brasilnoticias.org\/site\/#\/schema\/logo\/image\/\",\"url\":\"https:\/\/brasilnoticias.org\/site\/wp-content\/uploads\/2022\/05\/cropped-brasilnoticias-mini.jpg\",\"contentUrl\":\"https:\/\/brasilnoticias.org\/site\/wp-content\/uploads\/2022\/05\/cropped-brasilnoticias-mini.jpg\",\"width\":314,\"height\":86,\"caption\":\"Brasil not\u00edcias\"},\"image\":{\"@id\":\"https:\/\/brasilnoticias.org\/site\/#\/schema\/logo\/image\/\"}},{\"@type\":\"Person\",\"@id\":\"https:\/\/brasilnoticias.org\/site\/#\/schema\/person\/03bbbfe6c7634ad18c26444ea39049fa\",\"name\":\"Reda\u00e7\u00e3o\",\"image\":{\"@type\":\"ImageObject\",\"inLanguage\":\"pt-PT\",\"@id\":\"https:\/\/brasilnoticias.org\/site\/#\/schema\/person\/image\/\",\"url\":\"https:\/\/secure.gravatar.com\/avatar\/9ecaf7327a696cb23ad926fedded5f1f04d7049de9e445375d55b48c001a6e42?s=96&d=mm&r=g\",\"contentUrl\":\"https:\/\/secure.gravatar.com\/avatar\/9ecaf7327a696cb23ad926fedded5f1f04d7049de9e445375d55b48c001a6e42?s=96&d=mm&r=g\",\"caption\":\"Reda\u00e7\u00e3o\"},\"url\":\"https:\/\/brasilnoticias.org\/site\/author\/henrique\/\"}]}<\/script>\n<!-- \/ Yoast SEO plugin. -->","yoast_head_json":{"title":"Em ano de elei\u00e7\u00e3o, C\u00e2mara de Salvador inicia trabalhos para 2024 - Brasil not\u00edcias","robots":{"index":"index","follow":"follow","max-snippet":"max-snippet:-1","max-image-preview":"max-image-preview:large","max-video-preview":"max-video-preview:-1"},"canonical":"https:\/\/brasilnoticias.org\/site\/em-ano-de-eleicao-camara-de-salvador-inicia-trabalhos-para-2024\/","og_locale":"pt_PT","og_type":"article","og_title":"Em ano de elei\u00e7\u00e3o, C\u00e2mara de Salvador inicia trabalhos para 2024 - Brasil not\u00edcias","og_description":"O evento contou com leitura da mensagem do prefeito Bruno Reis (Uni\u00e3o), que, formalmente, d\u00e1 abertura ao ano legislativo na","og_url":"https:\/\/brasilnoticias.org\/site\/em-ano-de-eleicao-camara-de-salvador-inicia-trabalhos-para-2024\/","og_site_name":"Brasil not\u00edcias","article_published_time":"2024-02-02T16:14:43+00:00","og_image":[{"width":960,"height":500,"url":"https:\/\/brasilnoticias.org\/site\/wp-content\/uploads\/2024\/02\/WhatsApp-Image-2024-02-02-at-11.43.26-960x500-1.jpeg","type":"image\/jpeg"}],"author":"Reda\u00e7\u00e3o","twitter_card":"summary_large_image","twitter_misc":{"Escrito por":"Reda\u00e7\u00e3o","Tempo estimado de leitura":"1 minuto"},"schema":{"@context":"https:\/\/schema.org","@graph":[{"@type":"Article","@id":"https:\/\/brasilnoticias.org\/site\/em-ano-de-eleicao-camara-de-salvador-inicia-trabalhos-para-2024\/#article","isPartOf":{"@id":"https:\/\/brasilnoticias.org\/site\/em-ano-de-eleicao-camara-de-salvador-inicia-trabalhos-para-2024\/"},"author":{"name":"Reda\u00e7\u00e3o","@id":"https:\/\/brasilnoticias.org\/site\/#\/schema\/person\/03bbbfe6c7634ad18c26444ea39049fa"},"headline":"Em ano de elei\u00e7\u00e3o, C\u00e2mara de Salvador inicia trabalhos para 2024","datePublished":"2024-02-02T16:14:43+00:00","mainEntityOfPage":{"@id":"https:\/\/brasilnoticias.org\/site\/em-ano-de-eleicao-camara-de-salvador-inicia-trabalhos-para-2024\/"},"wordCount":268,"commentCount":0,"publisher":{"@id":"https:\/\/brasilnoticias.org\/site\/#organization"},"image":{"@id":"https:\/\/brasilnoticias.org\/site\/em-ano-de-eleicao-camara-de-salvador-inicia-trabalhos-para-2024\/#primaryimage"},"thumbnailUrl":"https:\/\/brasilnoticias.org\/site\/wp-content\/uploads\/2024\/02\/WhatsApp-Image-2024-02-02-at-11.43.26-960x500-1.jpeg","articleSection":["Pol\u00edtica","\u00daltimas"],"inLanguage":"pt-PT","potentialAction":[{"@type":"CommentAction","name":"Comment","target":["https:\/\/brasilnoticias.org\/site\/em-ano-de-eleicao-camara-de-salvador-inicia-trabalhos-para-2024\/#respond"]}]},{"@type":"WebPage","@id":"https:\/\/brasilnoticias.org\/site\/em-ano-de-eleicao-camara-de-salvador-inicia-trabalhos-para-2024\/","url":"https:\/\/brasilnoticias.org\/site\/em-ano-de-eleicao-camara-de-salvador-inicia-trabalhos-para-2024\/","name":"Em ano de elei\u00e7\u00e3o, C\u00e2mara de Salvador inicia trabalhos para 2024 - Brasil not\u00edcias","isPartOf":{"@id":"https:\/\/brasilnoticias.org\/site\/#website"},"primaryImageOfPage":{"@id":"https:\/\/brasilnoticias.org\/site\/em-ano-de-eleicao-camara-de-salvador-inicia-trabalhos-para-2024\/#primaryimage"},"image":{"@id":"https:\/\/brasilnoticias.org\/site\/em-ano-de-eleicao-camara-de-salvador-inicia-trabalhos-para-2024\/#primaryimage"},"thumbnailUrl":"https:\/\/brasilnoticias.org\/site\/wp-content\/uploads\/2024\/02\/WhatsApp-Image-2024-02-02-at-11.43.26-960x500-1.jpeg","datePublished":"2024-02-02T16:14:43+00:00","breadcrumb":{"@id":"https:\/\/brasilnoticias.org\/site\/em-ano-de-eleicao-camara-de-salvador-inicia-trabalhos-para-2024\/#breadcrumb"},"inLanguage":"pt-PT","potentialAction":[{"@type":"ReadAction","target":["https:\/\/brasilnoticias.org\/site\/em-ano-de-eleicao-camara-de-salvador-inicia-trabalhos-para-2024\/"]}]},{"@type":"ImageObject","inLanguage":"pt-PT","@id":"https:\/\/brasilnoticias.org\/site\/em-ano-de-eleicao-camara-de-salvador-inicia-trabalhos-para-2024\/#primaryimage","url":"https:\/\/brasilnoticias.org\/site\/wp-content\/uploads\/2024\/02\/WhatsApp-Image-2024-02-02-at-11.43.26-960x500-1.jpeg","contentUrl":"https:\/\/brasilnoticias.org\/site\/wp-content\/uploads\/2024\/02\/WhatsApp-Image-2024-02-02-at-11.43.26-960x500-1.jpeg","width":960,"height":500},{"@type":"BreadcrumbList","@id":"https:\/\/brasilnoticias.org\/site\/em-ano-de-eleicao-camara-de-salvador-inicia-trabalhos-para-2024\/#breadcrumb","itemListElement":[{"@type":"ListItem","position":1,"name":"In\u00edcio","item":"https:\/\/brasilnoticias.org\/site\/"},{"@type":"ListItem","position":2,"name":"Em ano de elei\u00e7\u00e3o, C\u00e2mara de Salvador inicia trabalhos para 2024"}]},{"@type":"WebSite","@id":"https:\/\/brasilnoticias.org\/site\/#website","url":"https:\/\/brasilnoticias.org\/site\/","name":"Brasil not\u00edcias","description":"Brasil not\u00edcias","publisher":{"@id":"https:\/\/brasilnoticias.org\/site\/#organization"},"potentialAction":[{"@type":"SearchAction","target":{"@type":"EntryPoint","urlTemplate":"https:\/\/brasilnoticias.org\/site\/?s={search_term_string}"},"query-input":{"@type":"PropertyValueSpecification","valueRequired":true,"valueName":"search_term_string"}}],"inLanguage":"pt-PT"},{"@type":"Organization","@id":"https:\/\/brasilnoticias.org\/site\/#organization","name":"Brasil not\u00edcias","url":"https:\/\/brasilnoticias.org\/site\/","logo":{"@type":"ImageObject","inLanguage":"pt-PT","@id":"https:\/\/brasilnoticias.org\/site\/#\/schema\/logo\/image\/","url":"https:\/\/brasilnoticias.org\/site\/wp-content\/uploads\/2022\/05\/cropped-brasilnoticias-mini.jpg","contentUrl":"https:\/\/brasilnoticias.org\/site\/wp-content\/uploads\/2022\/05\/cropped-brasilnoticias-mini.jpg","width":314,"height":86,"caption":"Brasil not\u00edcias"},"image":{"@id":"https:\/\/brasilnoticias.org\/site\/#\/schema\/logo\/image\/"}},{"@type":"Person","@id":"https:\/\/brasilnoticias.org\/site\/#\/schema\/person\/03bbbfe6c7634ad18c26444ea39049fa","name":"Reda\u00e7\u00e3o","image":{"@type":"ImageObject","inLanguage":"pt-PT","@id":"https:\/\/brasilnoticias.org\/site\/#\/schema\/person\/image\/","url":"https:\/\/secure.gravatar.com\/avatar\/9ecaf7327a696cb23ad926fedded5f1f04d7049de9e445375d55b48c001a6e42?s=96&d=mm&r=g","contentUrl":"https:\/\/secure.gravatar.com\/avatar\/9ecaf7327a696cb23ad926fedded5f1f04d7049de9e445375d55b48c001a6e42?s=96&d=mm&r=g","caption":"Reda\u00e7\u00e3o"},"url":"https:\/\/brasilnoticias.org\/site\/author\/henrique\/"}]}},"_links":{"self":[{"href":"https:\/\/brasilnoticias.org\/site\/wp-json\/wp\/v2\/posts\/12536","targetHints":{"allow":["GET"]}}],"collection":[{"href":"https:\/\/brasilnoticias.org\/site\/wp-json\/wp\/v2\/posts"}],"about":[{"href":"https:\/\/brasilnoticias.org\/site\/wp-json\/wp\/v2\/types\/post"}],"author":[{"embeddable":true,"href":"https:\/\/brasilnoticias.org\/site\/wp-json\/wp\/v2\/users\/4"}],"replies":[{"embeddable":true,"href":"https:\/\/brasilnoticias.org\/site\/wp-json\/wp\/v2\/comments?post=12536"}],"version-history":[{"count":1,"href":"https:\/\/brasilnoticias.org\/site\/wp-json\/wp\/v2\/posts\/12536\/revisions"}],"predecessor-version":[{"id":12538,"href":"https:\/\/brasilnoticias.org\/site\/wp-json\/wp\/v2\/posts\/12536\/revisions\/12538"}],"wp:featuredmedia":[{"embeddable":true,"href":"https:\/\/brasilnoticias.org\/site\/wp-json\/wp\/v2\/media\/12537"}],"wp:attachment":[{"href":"https:\/\/brasilnoticias.org\/site\/wp-json\/wp\/v2\/media?parent=12536"}],"wp:term":[{"taxonomy":"category","embeddable":true,"href":"https:\/\/brasilnoticias.org\/site\/wp-json\/wp\/v2\/categories?post=12536"},{"taxonomy":"post_tag","embeddable":true,"href":"https:\/\/brasilnoticias.org\/site\/wp-json\/wp\/v2\/tags?post=12536"}],"curies":[{"name":"wp","href":"https:\/\/api.w.org\/{rel}","templated":true}]}}