{"id":12539,"date":"2024-02-02T13:21:13","date_gmt":"2024-02-02T16:21:13","guid":{"rendered":"https:\/\/brasilnoticias.org\/site\/?p=12539"},"modified":"2024-02-02T13:21:13","modified_gmt":"2024-02-02T16:21:13","slug":"travessia-pelo-ferry-boat-tera-esquema-especial-para-usuarios-durante-os-festejos-de-carnaval","status":"publish","type":"post","link":"https:\/\/brasilnoticias.org\/site\/travessia-pelo-ferry-boat-tera-esquema-especial-para-usuarios-durante-os-festejos-de-carnaval\/","title":{"rendered":"Travessia pelo ferry-boat ter\u00e1 esquema especial para usu\u00e1rios durante os festejos de Carnaval"},"content":{"rendered":"<p>As viagens entre Salvador e Itaparica pelo Sistema Ferry-Boat, durante o per\u00edodo de Carnaval, contar\u00e1 com esquema especial montado pela ITS (Internacional Travessias Salvador), empresa respons\u00e1vel pelo transporte.<\/p>\n<p>A opera\u00e7\u00e3o abrange os dias 06 a 19 de fevereiro e contar\u00e1 com seis barcos dispon\u00edveis: Anna Nery, Ivete Sangalo, Maria Beth\u00e2nia, Pinheiro, Rio Paragua\u00e7u e Zumbi dos Palmares. O ferry Dorival Caymmi ainda estar\u00e1 indispon\u00edvel, devido ao aguardo de uma pe\u00e7a importada para sua manuten\u00e7\u00e3o, e s\u00f3 deve ser reintegrado \u00e0 frota ap\u00f3s a folia.<\/p>\n<p>Por ocasi\u00e3o do Carnaval, a ITS disponibiliza 420 viagens extras na modalidade de Hora Marcada. Os extras ser\u00e3o distribu\u00eddos a partir da quarta feira (07\/02), no terminal de S\u00e3o Joaquim, at\u00e9 a quarta-feira seguinte (14\/02), em Bom Despacho. S\u00e3o 210 hor\u00e1rios a mais saindo de Salvador e outros 210, retornando. As vagas para consulta e compra podem ser acessadas no site internacionaltravessias.com.br.<\/p>\n<p>SAC Digital<\/p>\n<p>Tamb\u00e9m est\u00e1 dispon\u00edvel ao usu\u00e1rio o agendamento para transporte de ve\u00edculos de passeio pelo SAC Digital (sacdigital.ba.gov.br). Diferente do servi\u00e7o de Hora Marcada, nesta modalidade de agendamento n\u00e3o \u00e9 necess\u00e1rio efetuar o pagamento antecipado e tamb\u00e9m n\u00e3o h\u00e1 taxa de servi\u00e7o. <\/p>\n<p>Os hor\u00e1rios regulares de sa\u00edda s\u00e3o de hora em hora, das 5h \u00e0s 23h30, de segunda a s\u00e1bado, e das 06h \u00e0s 23h30, domingos e feriados. Durante a opera\u00e7\u00e3o especial, sa\u00eddas extras v\u00e3o ocorrer ao longo do dia, sempre de acordo com a demanda, e respeitando a disponibilidade dos barcos e os per\u00edodos de manuten\u00e7\u00e3o obrigat\u00f3ria, preventiva ou corretiva, que venham a ocorrer.<\/p>\n<p>Este ano, a empresa calcula transportar um fluxo pelo menos 5% superior ao registrado em 2023, no mesmo per\u00edodo. Ano passado, passaram pelos dois terminais um total de 382 mil pessoas e 40 mil ve\u00edculos durante a opera\u00e7\u00e3o especial de Carnaval.<\/p>\n<p>Para atender \u00e0 demanda, a ITS refor\u00e7ou todas as equipes de trabalho, com especial aten\u00e7\u00e3o a \u00e1reas como atendimento e orienta\u00e7\u00e3o ao cliente, limpeza e seguran\u00e7a.<\/p>\n<p>Fil\u00f4metro<\/p>\n<p>Desde casa, os usu\u00e1rios com ve\u00edculos poder\u00e3o dispor do recurso do Fil\u00f4metro, no site da empresa, internacionaltravessias.com.br\/filometro, que informa os momentos em que h\u00e1 fila para que sejam evitadas, contornando uma longa espera, e permitindo uma viagem em hor\u00e1rio mais tranquilo. Para pedestres e usu\u00e1rios em ve\u00edculos, os terminais contam com pain\u00e9is que exibem todas as informa\u00e7\u00f5es de embarque, incluindo capacidade dos ferries e hor\u00e1rios de sa\u00edda.<\/p>\n<p>A recarga Ferrycard no per\u00edodo ser\u00e1 mantida em guich\u00ea especial, obedecendo \u00e0 fila de entrada do usu\u00e1rio no port\u00e3o de acesso ao servi\u00e7o. O setor de troca\/entrega de cart\u00f5es estar\u00e1 funcionamento de segunda a sexta, das 8h30 \u00e0s 12h, e das 13h30 \u00e0s 17h. N\u00e3o funciona, s\u00e1bados, domingos e feriados.<\/p>\n<p>Ve\u00edculos pesados<\/p>\n<p>No per\u00edodo, motoristas precisam se atentar para os dias de suspens\u00e3o da travessia de ve\u00edculos pesados. <\/p>\n<p>No sentido terminal S\u00e3o Joaquim para Bom Despacho, a suspens\u00e3o de embarque de caminh\u00f5es permanece v\u00e1lida das 5h das sextas-feiras at\u00e9 \u00e0s 15h dos s\u00e1bados, como tamb\u00e9m das 5h de v\u00e9speras de feriados at\u00e9 \u00e0s 5h do dia posterior ao seu retorno. <\/p>\n<p>No sentido terminal Bom Despacho para S\u00e3o Joaquim, a suspens\u00e3o \u00e9 v\u00e1lida das 5h dos domingos at\u00e9 \u00e0s 5h da segunda-feira, como tamb\u00e9m das 5h do dia posterior ao feriado at\u00e9 \u00e0s 5h do dia seguinte. Ve\u00edculos pesados transportando alimentos e tamb\u00e9m pacientes em tratamento fora do domic\u00edlio, poder\u00e3o embarcar normalmente no per\u00edodo de restri\u00e7\u00e3o.  <\/p>\n<p>Apoio<\/p>\n<p>A ITS, durante a opera\u00e7\u00e3o especial de Carnaval, conta com o apoio dos seguintes \u00f3rg\u00e3os p\u00fablicos: Policia Militar, Policia Rodovi\u00e1ria, Transalvador, Secretaria Municipal de Transporte de Itaparica, Corpo de Bombeiros e Juizado de Menor.<\/p>\n","protected":false},"excerpt":{"rendered":"<p>As viagens entre Salvador e Itaparica pelo Sistema Ferry-Boat, durante o per\u00edodo de Carnaval, contar\u00e1 com esquema especial montado pela<\/p>\n","protected":false},"author":4,"featured_media":12540,"comment_status":"open","ping_status":"open","sticky":false,"template":"","format":"standard","meta":{"colormag_page_container_layout":"default_layout","colormag_page_sidebar_layout":"default_layout","_FSMCFIC_featured_image_caption":"","_FSMCFIC_featured_image_nocaption":"","_FSMCFIC_featured_image_hide":"","footnotes":""},"categories":[2,1],"tags":[],"class_list":["post-12539","post","type-post","status-publish","format-standard","has-post-thumbnail","hentry","category-noticias","category-ultimas"],"yoast_head":"<!-- This site is optimized with the Yoast SEO plugin v27.1.1 - https:\/\/yoast.com\/product\/yoast-seo-wordpress\/ -->\n<title>Travessia pelo ferry-boat ter\u00e1 esquema especial para usu\u00e1rios durante os festejos de Carnaval - Brasil not\u00edcias<\/title>\n<meta name=\"robots\" content=\"index, follow, max-snippet:-1, max-image-preview:large, max-video-preview:-1\" \/>\n<link rel=\"canonical\" href=\"https:\/\/brasilnoticias.org\/site\/travessia-pelo-ferry-boat-tera-esquema-especial-para-usuarios-durante-os-festejos-de-carnaval\/\" \/>\n<meta property=\"og:locale\" content=\"pt_PT\" \/>\n<meta property=\"og:type\" content=\"article\" \/>\n<meta property=\"og:title\" content=\"Travessia pelo ferry-boat ter\u00e1 esquema especial para usu\u00e1rios durante os festejos de Carnaval - Brasil not\u00edcias\" \/>\n<meta property=\"og:description\" content=\"As viagens entre Salvador e Itaparica pelo Sistema Ferry-Boat, durante o per\u00edodo de Carnaval, contar\u00e1 com esquema especial montado pela\" \/>\n<meta property=\"og:url\" content=\"https:\/\/brasilnoticias.org\/site\/travessia-pelo-ferry-boat-tera-esquema-especial-para-usuarios-durante-os-festejos-de-carnaval\/\" \/>\n<meta property=\"og:site_name\" content=\"Brasil not\u00edcias\" \/>\n<meta property=\"article:published_time\" content=\"2024-02-02T16:21:13+00:00\" \/>\n<meta property=\"og:image\" content=\"https:\/\/brasilnoticias.org\/site\/wp-content\/uploads\/2024\/02\/IMG-20240201-WA0103.jpg\" \/>\n\t<meta property=\"og:image:width\" content=\"1600\" \/>\n\t<meta property=\"og:image:height\" content=\"1059\" \/>\n\t<meta property=\"og:image:type\" content=\"image\/jpeg\" \/>\n<meta name=\"author\" content=\"Reda\u00e7\u00e3o\" \/>\n<meta name=\"twitter:card\" content=\"summary_large_image\" \/>\n<meta name=\"twitter:label1\" content=\"Escrito por\" \/>\n\t<meta name=\"twitter:data1\" content=\"Reda\u00e7\u00e3o\" \/>\n<script type=\"application\/ld+json\" class=\"yoast-schema-graph\">{\"@context\":\"https:\/\/schema.org\",\"@graph\":[{\"@type\":\"Article\",\"@id\":\"https:\/\/brasilnoticias.org\/site\/travessia-pelo-ferry-boat-tera-esquema-especial-para-usuarios-durante-os-festejos-de-carnaval\/#article\",\"isPartOf\":{\"@id\":\"https:\/\/brasilnoticias.org\/site\/travessia-pelo-ferry-boat-tera-esquema-especial-para-usuarios-durante-os-festejos-de-carnaval\/\"},\"author\":{\"name\":\"Reda\u00e7\u00e3o\",\"@id\":\"https:\/\/brasilnoticias.org\/site\/#\/schema\/person\/03bbbfe6c7634ad18c26444ea39049fa\"},\"headline\":\"Travessia pelo ferry-boat ter\u00e1 esquema especial para usu\u00e1rios durante os festejos de Carnaval\",\"datePublished\":\"2024-02-02T16:21:13+00:00\",\"mainEntityOfPage\":{\"@id\":\"https:\/\/brasilnoticias.org\/site\/travessia-pelo-ferry-boat-tera-esquema-especial-para-usuarios-durante-os-festejos-de-carnaval\/\"},\"wordCount\":681,\"commentCount\":0,\"publisher\":{\"@id\":\"https:\/\/brasilnoticias.org\/site\/#organization\"},\"image\":{\"@id\":\"https:\/\/brasilnoticias.org\/site\/travessia-pelo-ferry-boat-tera-esquema-especial-para-usuarios-durante-os-festejos-de-carnaval\/#primaryimage\"},\"thumbnailUrl\":\"https:\/\/brasilnoticias.org\/site\/wp-content\/uploads\/2024\/02\/IMG-20240201-WA0103.jpg\",\"articleSection\":[\"Not\u00edcias\",\"\u00daltimas\"],\"inLanguage\":\"pt-PT\",\"potentialAction\":[{\"@type\":\"CommentAction\",\"name\":\"Comment\",\"target\":[\"https:\/\/brasilnoticias.org\/site\/travessia-pelo-ferry-boat-tera-esquema-especial-para-usuarios-durante-os-festejos-de-carnaval\/#respond\"]}]},{\"@type\":\"WebPage\",\"@id\":\"https:\/\/brasilnoticias.org\/site\/travessia-pelo-ferry-boat-tera-esquema-especial-para-usuarios-durante-os-festejos-de-carnaval\/\",\"url\":\"https:\/\/brasilnoticias.org\/site\/travessia-pelo-ferry-boat-tera-esquema-especial-para-usuarios-durante-os-festejos-de-carnaval\/\",\"name\":\"Travessia pelo ferry-boat ter\u00e1 esquema especial para usu\u00e1rios durante os festejos de Carnaval - Brasil not\u00edcias\",\"isPartOf\":{\"@id\":\"https:\/\/brasilnoticias.org\/site\/#website\"},\"primaryImageOfPage\":{\"@id\":\"https:\/\/brasilnoticias.org\/site\/travessia-pelo-ferry-boat-tera-esquema-especial-para-usuarios-durante-os-festejos-de-carnaval\/#primaryimage\"},\"image\":{\"@id\":\"https:\/\/brasilnoticias.org\/site\/travessia-pelo-ferry-boat-tera-esquema-especial-para-usuarios-durante-os-festejos-de-carnaval\/#primaryimage\"},\"thumbnailUrl\":\"https:\/\/brasilnoticias.org\/site\/wp-content\/uploads\/2024\/02\/IMG-20240201-WA0103.jpg\",\"datePublished\":\"2024-02-02T16:21:13+00:00\",\"breadcrumb\":{\"@id\":\"https:\/\/brasilnoticias.org\/site\/travessia-pelo-ferry-boat-tera-esquema-especial-para-usuarios-durante-os-festejos-de-carnaval\/#breadcrumb\"},\"inLanguage\":\"pt-PT\",\"potentialAction\":[{\"@type\":\"ReadAction\",\"target\":[\"https:\/\/brasilnoticias.org\/site\/travessia-pelo-ferry-boat-tera-esquema-especial-para-usuarios-durante-os-festejos-de-carnaval\/\"]}]},{\"@type\":\"ImageObject\",\"inLanguage\":\"pt-PT\",\"@id\":\"https:\/\/brasilnoticias.org\/site\/travessia-pelo-ferry-boat-tera-esquema-especial-para-usuarios-durante-os-festejos-de-carnaval\/#primaryimage\",\"url\":\"https:\/\/brasilnoticias.org\/site\/wp-content\/uploads\/2024\/02\/IMG-20240201-WA0103.jpg\",\"contentUrl\":\"https:\/\/brasilnoticias.org\/site\/wp-content\/uploads\/2024\/02\/IMG-20240201-WA0103.jpg\",\"width\":1600,\"height\":1059},{\"@type\":\"BreadcrumbList\",\"@id\":\"https:\/\/brasilnoticias.org\/site\/travessia-pelo-ferry-boat-tera-esquema-especial-para-usuarios-durante-os-festejos-de-carnaval\/#breadcrumb\",\"itemListElement\":[{\"@type\":\"ListItem\",\"position\":1,\"name\":\"In\u00edcio\",\"item\":\"https:\/\/brasilnoticias.org\/site\/\"},{\"@type\":\"ListItem\",\"position\":2,\"name\":\"Travessia pelo ferry-boat ter\u00e1 esquema especial para usu\u00e1rios durante os festejos de Carnaval\"}]},{\"@type\":\"WebSite\",\"@id\":\"https:\/\/brasilnoticias.org\/site\/#website\",\"url\":\"https:\/\/brasilnoticias.org\/site\/\",\"name\":\"Brasil not\u00edcias\",\"description\":\"Brasil not\u00edcias\",\"publisher\":{\"@id\":\"https:\/\/brasilnoticias.org\/site\/#organization\"},\"potentialAction\":[{\"@type\":\"SearchAction\",\"target\":{\"@type\":\"EntryPoint\",\"urlTemplate\":\"https:\/\/brasilnoticias.org\/site\/?s={search_term_string}\"},\"query-input\":{\"@type\":\"PropertyValueSpecification\",\"valueRequired\":true,\"valueName\":\"search_term_string\"}}],\"inLanguage\":\"pt-PT\"},{\"@type\":\"Organization\",\"@id\":\"https:\/\/brasilnoticias.org\/site\/#organization\",\"name\":\"Brasil not\u00edcias\",\"url\":\"https:\/\/brasilnoticias.org\/site\/\",\"logo\":{\"@type\":\"ImageObject\",\"inLanguage\":\"pt-PT\",\"@id\":\"https:\/\/brasilnoticias.org\/site\/#\/schema\/logo\/image\/\",\"url\":\"https:\/\/brasilnoticias.org\/site\/wp-content\/uploads\/2022\/05\/cropped-brasilnoticias-mini.jpg\",\"contentUrl\":\"https:\/\/brasilnoticias.org\/site\/wp-content\/uploads\/2022\/05\/cropped-brasilnoticias-mini.jpg\",\"width\":314,\"height\":86,\"caption\":\"Brasil not\u00edcias\"},\"image\":{\"@id\":\"https:\/\/brasilnoticias.org\/site\/#\/schema\/logo\/image\/\"}},{\"@type\":\"Person\",\"@id\":\"https:\/\/brasilnoticias.org\/site\/#\/schema\/person\/03bbbfe6c7634ad18c26444ea39049fa\",\"name\":\"Reda\u00e7\u00e3o\",\"image\":{\"@type\":\"ImageObject\",\"inLanguage\":\"pt-PT\",\"@id\":\"https:\/\/brasilnoticias.org\/site\/#\/schema\/person\/image\/\",\"url\":\"https:\/\/secure.gravatar.com\/avatar\/9ecaf7327a696cb23ad926fedded5f1f04d7049de9e445375d55b48c001a6e42?s=96&d=mm&r=g\",\"contentUrl\":\"https:\/\/secure.gravatar.com\/avatar\/9ecaf7327a696cb23ad926fedded5f1f04d7049de9e445375d55b48c001a6e42?s=96&d=mm&r=g\",\"caption\":\"Reda\u00e7\u00e3o\"},\"url\":\"https:\/\/brasilnoticias.org\/site\/author\/henrique\/\"}]}<\/script>\n<!-- \/ Yoast SEO plugin. -->","yoast_head_json":{"title":"Travessia pelo ferry-boat ter\u00e1 esquema especial para usu\u00e1rios durante os festejos de Carnaval - Brasil not\u00edcias","robots":{"index":"index","follow":"follow","max-snippet":"max-snippet:-1","max-image-preview":"max-image-preview:large","max-video-preview":"max-video-preview:-1"},"canonical":"https:\/\/brasilnoticias.org\/site\/travessia-pelo-ferry-boat-tera-esquema-especial-para-usuarios-durante-os-festejos-de-carnaval\/","og_locale":"pt_PT","og_type":"article","og_title":"Travessia pelo ferry-boat ter\u00e1 esquema especial para usu\u00e1rios durante os festejos de Carnaval - Brasil not\u00edcias","og_description":"As viagens entre Salvador e Itaparica pelo Sistema Ferry-Boat, durante o per\u00edodo de Carnaval, contar\u00e1 com esquema especial montado pela","og_url":"https:\/\/brasilnoticias.org\/site\/travessia-pelo-ferry-boat-tera-esquema-especial-para-usuarios-durante-os-festejos-de-carnaval\/","og_site_name":"Brasil not\u00edcias","article_published_time":"2024-02-02T16:21:13+00:00","og_image":[{"width":1600,"height":1059,"url":"https:\/\/brasilnoticias.org\/site\/wp-content\/uploads\/2024\/02\/IMG-20240201-WA0103.jpg","type":"image\/jpeg"}],"author":"Reda\u00e7\u00e3o","twitter_card":"summary_large_image","twitter_misc":{"Escrito por":"Reda\u00e7\u00e3o"},"schema":{"@context":"https:\/\/schema.org","@graph":[{"@type":"Article","@id":"https:\/\/brasilnoticias.org\/site\/travessia-pelo-ferry-boat-tera-esquema-especial-para-usuarios-durante-os-festejos-de-carnaval\/#article","isPartOf":{"@id":"https:\/\/brasilnoticias.org\/site\/travessia-pelo-ferry-boat-tera-esquema-especial-para-usuarios-durante-os-festejos-de-carnaval\/"},"author":{"name":"Reda\u00e7\u00e3o","@id":"https:\/\/brasilnoticias.org\/site\/#\/schema\/person\/03bbbfe6c7634ad18c26444ea39049fa"},"headline":"Travessia pelo ferry-boat ter\u00e1 esquema especial para usu\u00e1rios durante os festejos de Carnaval","datePublished":"2024-02-02T16:21:13+00:00","mainEntityOfPage":{"@id":"https:\/\/brasilnoticias.org\/site\/travessia-pelo-ferry-boat-tera-esquema-especial-para-usuarios-durante-os-festejos-de-carnaval\/"},"wordCount":681,"commentCount":0,"publisher":{"@id":"https:\/\/brasilnoticias.org\/site\/#organization"},"image":{"@id":"https:\/\/brasilnoticias.org\/site\/travessia-pelo-ferry-boat-tera-esquema-especial-para-usuarios-durante-os-festejos-de-carnaval\/#primaryimage"},"thumbnailUrl":"https:\/\/brasilnoticias.org\/site\/wp-content\/uploads\/2024\/02\/IMG-20240201-WA0103.jpg","articleSection":["Not\u00edcias","\u00daltimas"],"inLanguage":"pt-PT","potentialAction":[{"@type":"CommentAction","name":"Comment","target":["https:\/\/brasilnoticias.org\/site\/travessia-pelo-ferry-boat-tera-esquema-especial-para-usuarios-durante-os-festejos-de-carnaval\/#respond"]}]},{"@type":"WebPage","@id":"https:\/\/brasilnoticias.org\/site\/travessia-pelo-ferry-boat-tera-esquema-especial-para-usuarios-durante-os-festejos-de-carnaval\/","url":"https:\/\/brasilnoticias.org\/site\/travessia-pelo-ferry-boat-tera-esquema-especial-para-usuarios-durante-os-festejos-de-carnaval\/","name":"Travessia pelo ferry-boat ter\u00e1 esquema especial para usu\u00e1rios durante os festejos de Carnaval - Brasil not\u00edcias","isPartOf":{"@id":"https:\/\/brasilnoticias.org\/site\/#website"},"primaryImageOfPage":{"@id":"https:\/\/brasilnoticias.org\/site\/travessia-pelo-ferry-boat-tera-esquema-especial-para-usuarios-durante-os-festejos-de-carnaval\/#primaryimage"},"image":{"@id":"https:\/\/brasilnoticias.org\/site\/travessia-pelo-ferry-boat-tera-esquema-especial-para-usuarios-durante-os-festejos-de-carnaval\/#primaryimage"},"thumbnailUrl":"https:\/\/brasilnoticias.org\/site\/wp-content\/uploads\/2024\/02\/IMG-20240201-WA0103.jpg","datePublished":"2024-02-02T16:21:13+00:00","breadcrumb":{"@id":"https:\/\/brasilnoticias.org\/site\/travessia-pelo-ferry-boat-tera-esquema-especial-para-usuarios-durante-os-festejos-de-carnaval\/#breadcrumb"},"inLanguage":"pt-PT","potentialAction":[{"@type":"ReadAction","target":["https:\/\/brasilnoticias.org\/site\/travessia-pelo-ferry-boat-tera-esquema-especial-para-usuarios-durante-os-festejos-de-carnaval\/"]}]},{"@type":"ImageObject","inLanguage":"pt-PT","@id":"https:\/\/brasilnoticias.org\/site\/travessia-pelo-ferry-boat-tera-esquema-especial-para-usuarios-durante-os-festejos-de-carnaval\/#primaryimage","url":"https:\/\/brasilnoticias.org\/site\/wp-content\/uploads\/2024\/02\/IMG-20240201-WA0103.jpg","contentUrl":"https:\/\/brasilnoticias.org\/site\/wp-content\/uploads\/2024\/02\/IMG-20240201-WA0103.jpg","width":1600,"height":1059},{"@type":"BreadcrumbList","@id":"https:\/\/brasilnoticias.org\/site\/travessia-pelo-ferry-boat-tera-esquema-especial-para-usuarios-durante-os-festejos-de-carnaval\/#breadcrumb","itemListElement":[{"@type":"ListItem","position":1,"name":"In\u00edcio","item":"https:\/\/brasilnoticias.org\/site\/"},{"@type":"ListItem","position":2,"name":"Travessia pelo ferry-boat ter\u00e1 esquema especial para usu\u00e1rios durante os festejos de Carnaval"}]},{"@type":"WebSite","@id":"https:\/\/brasilnoticias.org\/site\/#website","url":"https:\/\/brasilnoticias.org\/site\/","name":"Brasil not\u00edcias","description":"Brasil not\u00edcias","publisher":{"@id":"https:\/\/brasilnoticias.org\/site\/#organization"},"potentialAction":[{"@type":"SearchAction","target":{"@type":"EntryPoint","urlTemplate":"https:\/\/brasilnoticias.org\/site\/?s={search_term_string}"},"query-input":{"@type":"PropertyValueSpecification","valueRequired":true,"valueName":"search_term_string"}}],"inLanguage":"pt-PT"},{"@type":"Organization","@id":"https:\/\/brasilnoticias.org\/site\/#organization","name":"Brasil not\u00edcias","url":"https:\/\/brasilnoticias.org\/site\/","logo":{"@type":"ImageObject","inLanguage":"pt-PT","@id":"https:\/\/brasilnoticias.org\/site\/#\/schema\/logo\/image\/","url":"https:\/\/brasilnoticias.org\/site\/wp-content\/uploads\/2022\/05\/cropped-brasilnoticias-mini.jpg","contentUrl":"https:\/\/brasilnoticias.org\/site\/wp-content\/uploads\/2022\/05\/cropped-brasilnoticias-mini.jpg","width":314,"height":86,"caption":"Brasil not\u00edcias"},"image":{"@id":"https:\/\/brasilnoticias.org\/site\/#\/schema\/logo\/image\/"}},{"@type":"Person","@id":"https:\/\/brasilnoticias.org\/site\/#\/schema\/person\/03bbbfe6c7634ad18c26444ea39049fa","name":"Reda\u00e7\u00e3o","image":{"@type":"ImageObject","inLanguage":"pt-PT","@id":"https:\/\/brasilnoticias.org\/site\/#\/schema\/person\/image\/","url":"https:\/\/secure.gravatar.com\/avatar\/9ecaf7327a696cb23ad926fedded5f1f04d7049de9e445375d55b48c001a6e42?s=96&d=mm&r=g","contentUrl":"https:\/\/secure.gravatar.com\/avatar\/9ecaf7327a696cb23ad926fedded5f1f04d7049de9e445375d55b48c001a6e42?s=96&d=mm&r=g","caption":"Reda\u00e7\u00e3o"},"url":"https:\/\/brasilnoticias.org\/site\/author\/henrique\/"}]}},"_links":{"self":[{"href":"https:\/\/brasilnoticias.org\/site\/wp-json\/wp\/v2\/posts\/12539","targetHints":{"allow":["GET"]}}],"collection":[{"href":"https:\/\/brasilnoticias.org\/site\/wp-json\/wp\/v2\/posts"}],"about":[{"href":"https:\/\/brasilnoticias.org\/site\/wp-json\/wp\/v2\/types\/post"}],"author":[{"embeddable":true,"href":"https:\/\/brasilnoticias.org\/site\/wp-json\/wp\/v2\/users\/4"}],"replies":[{"embeddable":true,"href":"https:\/\/brasilnoticias.org\/site\/wp-json\/wp\/v2\/comments?post=12539"}],"version-history":[{"count":1,"href":"https:\/\/brasilnoticias.org\/site\/wp-json\/wp\/v2\/posts\/12539\/revisions"}],"predecessor-version":[{"id":12541,"href":"https:\/\/brasilnoticias.org\/site\/wp-json\/wp\/v2\/posts\/12539\/revisions\/12541"}],"wp:featuredmedia":[{"embeddable":true,"href":"https:\/\/brasilnoticias.org\/site\/wp-json\/wp\/v2\/media\/12540"}],"wp:attachment":[{"href":"https:\/\/brasilnoticias.org\/site\/wp-json\/wp\/v2\/media?parent=12539"}],"wp:term":[{"taxonomy":"category","embeddable":true,"href":"https:\/\/brasilnoticias.org\/site\/wp-json\/wp\/v2\/categories?post=12539"},{"taxonomy":"post_tag","embeddable":true,"href":"https:\/\/brasilnoticias.org\/site\/wp-json\/wp\/v2\/tags?post=12539"}],"curies":[{"name":"wp","href":"https:\/\/api.w.org\/{rel}","templated":true}]}}