{"id":12545,"date":"2024-02-02T21:04:08","date_gmt":"2024-02-03T00:04:08","guid":{"rendered":"https:\/\/brasilnoticias.org\/site\/?p=12545"},"modified":"2024-02-02T21:04:08","modified_gmt":"2024-02-03T00:04:08","slug":"governo-lanca-portal-que-emite-alerta-a-policia-em-caso-de-perda-furto-ou-roubo-de-objetos-cadastrados","status":"publish","type":"post","link":"https:\/\/brasilnoticias.org\/site\/governo-lanca-portal-que-emite-alerta-a-policia-em-caso-de-perda-furto-ou-roubo-de-objetos-cadastrados\/","title":{"rendered":"Governo lan\u00e7a portal que emite alerta \u00e0 Pol\u00edcia em caso de perda, furto ou roubo de objetos cadastrados"},"content":{"rendered":"<p>A popula\u00e7\u00e3o baiana conta com uma nova ferramenta, a partir desta segunda-feira (29), para reduzir os danos causados por furtos e roubos em Salvador e no interior do estado. O portal Alerta Cidad\u00e3o, teve portaria assinada pelo Governo da Bahia, por meio da Secretaria de Seguran\u00e7a P\u00fablica do Estado (SSP-BA), e vai permitir a realiza\u00e7\u00e3o de cadastro de ve\u00edculos, celulares ou bicicletas pelos cidad\u00e3os, bem como registro e monitoramento da ocorr\u00eancia, caso ocorra perda do bem. A plataforma j\u00e1 come\u00e7a a funcionar no Carnaval da Bahia 2024.<\/p>\n<p>O governador Jer\u00f4nimo Rodrigues destacou que o portal, a partir de agora, vai garantir agilidade na localiza\u00e7\u00e3o de bens perdidos com a rapidez que garantem as tecnologias.\u201cEsse portal vai ser um canal de aproxima\u00e7\u00e3o entre o que a pessoa perdeu (o seu patrim\u00f4nio) e a chance de encontrar com rapidez\u201d, avaliou.<\/p>\n<p>O portal alertacidadao.ssp.ba.gov.br foi projetado pela equipe de tecnologia da SSP e conta com um layout intuitivo, que permite o cadastramento dos bens pessoais pela popula\u00e7\u00e3o baiana e eventual registro de ocorr\u00eancia. O sistema emite um alerta tempor\u00e1rio \u00e0s for\u00e7as de seguran\u00e7a, dando ao objeto roubado um status de restri\u00e7\u00e3o e o propriet\u00e1rio pode acompanhar a situa\u00e7\u00e3o da den\u00fancia e recupera\u00e7\u00e3o do bem.<\/p>\n<p>Ap\u00f3s ativado o alerta tempor\u00e1rio, que dura at\u00e9 48 horas, deve ser feito o boletim de ocorr\u00eancia, em alguma delegacia do estado presencialmente, ou por meio da delegacia virtual. O alerta, ent\u00e3o, passa a ter car\u00e1ter permanente, respaldado pelo boletim de ocorr\u00eancia. O alerta emitido poder\u00e1 ser visualizado pelo policial em alguma abordagem ou investiga\u00e7\u00e3o policial por meio de um aplicativo.<\/p>\n<p>O secret\u00e1rio da seguran\u00e7a P\u00fablica, Marcelo Werner, explica que o portal tamb\u00e9m far\u00e1 um trabalho preventivo ao tornar poss\u00edvel a consulta de um celular, bicicleta ou carro usado para saber se foi roubado. Os dados identificadores dos objetos registrados ser\u00e3o base para localiza\u00e7\u00e3o dos bens \u2014 o IMEI (Identifica\u00e7\u00e3o Internacional de Equipamento M\u00f3vel) para celulares; a placa para ve\u00edculos; o n\u00famero de s\u00e9rie para de bicicletas.<\/p>\n<p>\u201cO Alerta Cidad\u00e3o vai permitir uma maior intera\u00e7\u00e3o entre a comunidade e as for\u00e7as de seguran\u00e7a. A pessoa cadastra um ve\u00edculo, uma bicicleta ou um celular e, em caso de perda, roubo ou especial de furto, pode entrar no aplicativo ou no site e informar esse extravio, dando um alerta\u201d, afirmou o titular da SSP. Ainda segundo ele, se confirmado o porte indevido, caracterizado inicialmente o crime de recepta\u00e7\u00e3o, ao lavrar a ocorr\u00eancia, o dono vai receber um e-mail notificando que o bem foi recuperado.<\/p>\n<p>Para Geraldo J\u00fanior, vice-governador e coordenador-geral do Carnaval da Bahia 2024, o portal traz uma pol\u00edtica inclusiva, de prote\u00e7\u00e3o, cidadania e direitos humanos a todos os cidad\u00e3os, principalmente agora, durante o Carnaval. \u201cEstamos cada vez mais avan\u00e7ando na tecnologia, na informa\u00e7\u00e3o, para cuidar do nosso povo. Com o Alerta Cidad\u00e3o, baianos e turistas ter\u00e3o mais essa seguran\u00e7a\u201d, concluiu.<\/p>\n<p>Foto: Fernando Vivas\/GOVBA<\/p>\n","protected":false},"excerpt":{"rendered":"<p>A popula\u00e7\u00e3o baiana conta com uma nova ferramenta, a partir desta segunda-feira (29), para reduzir os danos causados por furtos<\/p>\n","protected":false},"author":4,"featured_media":12546,"comment_status":"open","ping_status":"open","sticky":false,"template":"","format":"standard","meta":{"colormag_page_container_layout":"default_layout","colormag_page_sidebar_layout":"default_layout","_FSMCFIC_featured_image_caption":"","_FSMCFIC_featured_image_nocaption":"","_FSMCFIC_featured_image_hide":"","footnotes":""},"categories":[3,1],"tags":[],"class_list":["post-12545","post","type-post","status-publish","format-standard","has-post-thumbnail","hentry","category-policia","category-ultimas"],"yoast_head":"<!-- This site is optimized with the Yoast SEO plugin v27.1.1 - https:\/\/yoast.com\/product\/yoast-seo-wordpress\/ -->\n<title>Governo lan\u00e7a portal que emite alerta \u00e0 Pol\u00edcia em caso de perda, furto ou roubo de objetos cadastrados - Brasil not\u00edcias<\/title>\n<meta name=\"robots\" content=\"index, follow, max-snippet:-1, max-image-preview:large, max-video-preview:-1\" \/>\n<link rel=\"canonical\" href=\"https:\/\/brasilnoticias.org\/site\/governo-lanca-portal-que-emite-alerta-a-policia-em-caso-de-perda-furto-ou-roubo-de-objetos-cadastrados\/\" \/>\n<meta property=\"og:locale\" content=\"pt_PT\" \/>\n<meta property=\"og:type\" content=\"article\" \/>\n<meta property=\"og:title\" content=\"Governo lan\u00e7a portal que emite alerta \u00e0 Pol\u00edcia em caso de perda, furto ou roubo de objetos cadastrados - Brasil not\u00edcias\" \/>\n<meta property=\"og:description\" content=\"A popula\u00e7\u00e3o baiana conta com uma nova ferramenta, a partir desta segunda-feira (29), para reduzir os danos causados por furtos\" \/>\n<meta property=\"og:url\" content=\"https:\/\/brasilnoticias.org\/site\/governo-lanca-portal-que-emite-alerta-a-policia-em-caso-de-perda-furto-ou-roubo-de-objetos-cadastrados\/\" \/>\n<meta property=\"og:site_name\" content=\"Brasil not\u00edcias\" \/>\n<meta property=\"article:published_time\" content=\"2024-02-03T00:04:08+00:00\" \/>\n<meta property=\"og:image\" content=\"https:\/\/brasilnoticias.org\/site\/wp-content\/uploads\/2024\/02\/image_380x226_65ba588fc96e8-1.jpg\" \/>\n\t<meta property=\"og:image:width\" content=\"380\" \/>\n\t<meta property=\"og:image:height\" content=\"226\" \/>\n\t<meta property=\"og:image:type\" content=\"image\/jpeg\" \/>\n<meta name=\"author\" content=\"Reda\u00e7\u00e3o\" \/>\n<meta name=\"twitter:card\" content=\"summary_large_image\" \/>\n<meta name=\"twitter:label1\" content=\"Escrito por\" \/>\n\t<meta name=\"twitter:data1\" content=\"Reda\u00e7\u00e3o\" \/>\n\t<meta name=\"twitter:label2\" content=\"Tempo estimado de leitura\" \/>\n\t<meta name=\"twitter:data2\" content=\"1 minuto\" \/>\n<script type=\"application\/ld+json\" class=\"yoast-schema-graph\">{\"@context\":\"https:\/\/schema.org\",\"@graph\":[{\"@type\":\"Article\",\"@id\":\"https:\/\/brasilnoticias.org\/site\/governo-lanca-portal-que-emite-alerta-a-policia-em-caso-de-perda-furto-ou-roubo-de-objetos-cadastrados\/#article\",\"isPartOf\":{\"@id\":\"https:\/\/brasilnoticias.org\/site\/governo-lanca-portal-que-emite-alerta-a-policia-em-caso-de-perda-furto-ou-roubo-de-objetos-cadastrados\/\"},\"author\":{\"name\":\"Reda\u00e7\u00e3o\",\"@id\":\"https:\/\/brasilnoticias.org\/site\/#\/schema\/person\/03bbbfe6c7634ad18c26444ea39049fa\"},\"headline\":\"Governo lan\u00e7a portal que emite alerta \u00e0 Pol\u00edcia em caso de perda, furto ou roubo de objetos cadastrados\",\"datePublished\":\"2024-02-03T00:04:08+00:00\",\"mainEntityOfPage\":{\"@id\":\"https:\/\/brasilnoticias.org\/site\/governo-lanca-portal-que-emite-alerta-a-policia-em-caso-de-perda-furto-ou-roubo-de-objetos-cadastrados\/\"},\"wordCount\":552,\"commentCount\":0,\"publisher\":{\"@id\":\"https:\/\/brasilnoticias.org\/site\/#organization\"},\"image\":{\"@id\":\"https:\/\/brasilnoticias.org\/site\/governo-lanca-portal-que-emite-alerta-a-policia-em-caso-de-perda-furto-ou-roubo-de-objetos-cadastrados\/#primaryimage\"},\"thumbnailUrl\":\"https:\/\/brasilnoticias.org\/site\/wp-content\/uploads\/2024\/02\/image_380x226_65ba588fc96e8-1.jpg\",\"articleSection\":[\"Pol\u00edcia\",\"\u00daltimas\"],\"inLanguage\":\"pt-PT\",\"potentialAction\":[{\"@type\":\"CommentAction\",\"name\":\"Comment\",\"target\":[\"https:\/\/brasilnoticias.org\/site\/governo-lanca-portal-que-emite-alerta-a-policia-em-caso-de-perda-furto-ou-roubo-de-objetos-cadastrados\/#respond\"]}]},{\"@type\":\"WebPage\",\"@id\":\"https:\/\/brasilnoticias.org\/site\/governo-lanca-portal-que-emite-alerta-a-policia-em-caso-de-perda-furto-ou-roubo-de-objetos-cadastrados\/\",\"url\":\"https:\/\/brasilnoticias.org\/site\/governo-lanca-portal-que-emite-alerta-a-policia-em-caso-de-perda-furto-ou-roubo-de-objetos-cadastrados\/\",\"name\":\"Governo lan\u00e7a portal que emite alerta \u00e0 Pol\u00edcia em caso de perda, furto ou roubo de objetos cadastrados - Brasil not\u00edcias\",\"isPartOf\":{\"@id\":\"https:\/\/brasilnoticias.org\/site\/#website\"},\"primaryImageOfPage\":{\"@id\":\"https:\/\/brasilnoticias.org\/site\/governo-lanca-portal-que-emite-alerta-a-policia-em-caso-de-perda-furto-ou-roubo-de-objetos-cadastrados\/#primaryimage\"},\"image\":{\"@id\":\"https:\/\/brasilnoticias.org\/site\/governo-lanca-portal-que-emite-alerta-a-policia-em-caso-de-perda-furto-ou-roubo-de-objetos-cadastrados\/#primaryimage\"},\"thumbnailUrl\":\"https:\/\/brasilnoticias.org\/site\/wp-content\/uploads\/2024\/02\/image_380x226_65ba588fc96e8-1.jpg\",\"datePublished\":\"2024-02-03T00:04:08+00:00\",\"breadcrumb\":{\"@id\":\"https:\/\/brasilnoticias.org\/site\/governo-lanca-portal-que-emite-alerta-a-policia-em-caso-de-perda-furto-ou-roubo-de-objetos-cadastrados\/#breadcrumb\"},\"inLanguage\":\"pt-PT\",\"potentialAction\":[{\"@type\":\"ReadAction\",\"target\":[\"https:\/\/brasilnoticias.org\/site\/governo-lanca-portal-que-emite-alerta-a-policia-em-caso-de-perda-furto-ou-roubo-de-objetos-cadastrados\/\"]}]},{\"@type\":\"ImageObject\",\"inLanguage\":\"pt-PT\",\"@id\":\"https:\/\/brasilnoticias.org\/site\/governo-lanca-portal-que-emite-alerta-a-policia-em-caso-de-perda-furto-ou-roubo-de-objetos-cadastrados\/#primaryimage\",\"url\":\"https:\/\/brasilnoticias.org\/site\/wp-content\/uploads\/2024\/02\/image_380x226_65ba588fc96e8-1.jpg\",\"contentUrl\":\"https:\/\/brasilnoticias.org\/site\/wp-content\/uploads\/2024\/02\/image_380x226_65ba588fc96e8-1.jpg\",\"width\":380,\"height\":226},{\"@type\":\"BreadcrumbList\",\"@id\":\"https:\/\/brasilnoticias.org\/site\/governo-lanca-portal-que-emite-alerta-a-policia-em-caso-de-perda-furto-ou-roubo-de-objetos-cadastrados\/#breadcrumb\",\"itemListElement\":[{\"@type\":\"ListItem\",\"position\":1,\"name\":\"In\u00edcio\",\"item\":\"https:\/\/brasilnoticias.org\/site\/\"},{\"@type\":\"ListItem\",\"position\":2,\"name\":\"Governo lan\u00e7a portal que emite alerta \u00e0 Pol\u00edcia em caso de perda, furto ou roubo de objetos cadastrados\"}]},{\"@type\":\"WebSite\",\"@id\":\"https:\/\/brasilnoticias.org\/site\/#website\",\"url\":\"https:\/\/brasilnoticias.org\/site\/\",\"name\":\"Brasil not\u00edcias\",\"description\":\"Brasil not\u00edcias\",\"publisher\":{\"@id\":\"https:\/\/brasilnoticias.org\/site\/#organization\"},\"potentialAction\":[{\"@type\":\"SearchAction\",\"target\":{\"@type\":\"EntryPoint\",\"urlTemplate\":\"https:\/\/brasilnoticias.org\/site\/?s={search_term_string}\"},\"query-input\":{\"@type\":\"PropertyValueSpecification\",\"valueRequired\":true,\"valueName\":\"search_term_string\"}}],\"inLanguage\":\"pt-PT\"},{\"@type\":\"Organization\",\"@id\":\"https:\/\/brasilnoticias.org\/site\/#organization\",\"name\":\"Brasil not\u00edcias\",\"url\":\"https:\/\/brasilnoticias.org\/site\/\",\"logo\":{\"@type\":\"ImageObject\",\"inLanguage\":\"pt-PT\",\"@id\":\"https:\/\/brasilnoticias.org\/site\/#\/schema\/logo\/image\/\",\"url\":\"https:\/\/brasilnoticias.org\/site\/wp-content\/uploads\/2022\/05\/cropped-brasilnoticias-mini.jpg\",\"contentUrl\":\"https:\/\/brasilnoticias.org\/site\/wp-content\/uploads\/2022\/05\/cropped-brasilnoticias-mini.jpg\",\"width\":314,\"height\":86,\"caption\":\"Brasil not\u00edcias\"},\"image\":{\"@id\":\"https:\/\/brasilnoticias.org\/site\/#\/schema\/logo\/image\/\"}},{\"@type\":\"Person\",\"@id\":\"https:\/\/brasilnoticias.org\/site\/#\/schema\/person\/03bbbfe6c7634ad18c26444ea39049fa\",\"name\":\"Reda\u00e7\u00e3o\",\"image\":{\"@type\":\"ImageObject\",\"inLanguage\":\"pt-PT\",\"@id\":\"https:\/\/brasilnoticias.org\/site\/#\/schema\/person\/image\/\",\"url\":\"https:\/\/secure.gravatar.com\/avatar\/9ecaf7327a696cb23ad926fedded5f1f04d7049de9e445375d55b48c001a6e42?s=96&d=mm&r=g\",\"contentUrl\":\"https:\/\/secure.gravatar.com\/avatar\/9ecaf7327a696cb23ad926fedded5f1f04d7049de9e445375d55b48c001a6e42?s=96&d=mm&r=g\",\"caption\":\"Reda\u00e7\u00e3o\"},\"url\":\"https:\/\/brasilnoticias.org\/site\/author\/henrique\/\"}]}<\/script>\n<!-- \/ Yoast SEO plugin. -->","yoast_head_json":{"title":"Governo lan\u00e7a portal que emite alerta \u00e0 Pol\u00edcia em caso de perda, furto ou roubo de objetos cadastrados - Brasil not\u00edcias","robots":{"index":"index","follow":"follow","max-snippet":"max-snippet:-1","max-image-preview":"max-image-preview:large","max-video-preview":"max-video-preview:-1"},"canonical":"https:\/\/brasilnoticias.org\/site\/governo-lanca-portal-que-emite-alerta-a-policia-em-caso-de-perda-furto-ou-roubo-de-objetos-cadastrados\/","og_locale":"pt_PT","og_type":"article","og_title":"Governo lan\u00e7a portal que emite alerta \u00e0 Pol\u00edcia em caso de perda, furto ou roubo de objetos cadastrados - Brasil not\u00edcias","og_description":"A popula\u00e7\u00e3o baiana conta com uma nova ferramenta, a partir desta segunda-feira (29), para reduzir os danos causados por furtos","og_url":"https:\/\/brasilnoticias.org\/site\/governo-lanca-portal-que-emite-alerta-a-policia-em-caso-de-perda-furto-ou-roubo-de-objetos-cadastrados\/","og_site_name":"Brasil not\u00edcias","article_published_time":"2024-02-03T00:04:08+00:00","og_image":[{"width":380,"height":226,"url":"https:\/\/brasilnoticias.org\/site\/wp-content\/uploads\/2024\/02\/image_380x226_65ba588fc96e8-1.jpg","type":"image\/jpeg"}],"author":"Reda\u00e7\u00e3o","twitter_card":"summary_large_image","twitter_misc":{"Escrito por":"Reda\u00e7\u00e3o","Tempo estimado de leitura":"1 minuto"},"schema":{"@context":"https:\/\/schema.org","@graph":[{"@type":"Article","@id":"https:\/\/brasilnoticias.org\/site\/governo-lanca-portal-que-emite-alerta-a-policia-em-caso-de-perda-furto-ou-roubo-de-objetos-cadastrados\/#article","isPartOf":{"@id":"https:\/\/brasilnoticias.org\/site\/governo-lanca-portal-que-emite-alerta-a-policia-em-caso-de-perda-furto-ou-roubo-de-objetos-cadastrados\/"},"author":{"name":"Reda\u00e7\u00e3o","@id":"https:\/\/brasilnoticias.org\/site\/#\/schema\/person\/03bbbfe6c7634ad18c26444ea39049fa"},"headline":"Governo lan\u00e7a portal que emite alerta \u00e0 Pol\u00edcia em caso de perda, furto ou roubo de objetos cadastrados","datePublished":"2024-02-03T00:04:08+00:00","mainEntityOfPage":{"@id":"https:\/\/brasilnoticias.org\/site\/governo-lanca-portal-que-emite-alerta-a-policia-em-caso-de-perda-furto-ou-roubo-de-objetos-cadastrados\/"},"wordCount":552,"commentCount":0,"publisher":{"@id":"https:\/\/brasilnoticias.org\/site\/#organization"},"image":{"@id":"https:\/\/brasilnoticias.org\/site\/governo-lanca-portal-que-emite-alerta-a-policia-em-caso-de-perda-furto-ou-roubo-de-objetos-cadastrados\/#primaryimage"},"thumbnailUrl":"https:\/\/brasilnoticias.org\/site\/wp-content\/uploads\/2024\/02\/image_380x226_65ba588fc96e8-1.jpg","articleSection":["Pol\u00edcia","\u00daltimas"],"inLanguage":"pt-PT","potentialAction":[{"@type":"CommentAction","name":"Comment","target":["https:\/\/brasilnoticias.org\/site\/governo-lanca-portal-que-emite-alerta-a-policia-em-caso-de-perda-furto-ou-roubo-de-objetos-cadastrados\/#respond"]}]},{"@type":"WebPage","@id":"https:\/\/brasilnoticias.org\/site\/governo-lanca-portal-que-emite-alerta-a-policia-em-caso-de-perda-furto-ou-roubo-de-objetos-cadastrados\/","url":"https:\/\/brasilnoticias.org\/site\/governo-lanca-portal-que-emite-alerta-a-policia-em-caso-de-perda-furto-ou-roubo-de-objetos-cadastrados\/","name":"Governo lan\u00e7a portal que emite alerta \u00e0 Pol\u00edcia em caso de perda, furto ou roubo de objetos cadastrados - Brasil not\u00edcias","isPartOf":{"@id":"https:\/\/brasilnoticias.org\/site\/#website"},"primaryImageOfPage":{"@id":"https:\/\/brasilnoticias.org\/site\/governo-lanca-portal-que-emite-alerta-a-policia-em-caso-de-perda-furto-ou-roubo-de-objetos-cadastrados\/#primaryimage"},"image":{"@id":"https:\/\/brasilnoticias.org\/site\/governo-lanca-portal-que-emite-alerta-a-policia-em-caso-de-perda-furto-ou-roubo-de-objetos-cadastrados\/#primaryimage"},"thumbnailUrl":"https:\/\/brasilnoticias.org\/site\/wp-content\/uploads\/2024\/02\/image_380x226_65ba588fc96e8-1.jpg","datePublished":"2024-02-03T00:04:08+00:00","breadcrumb":{"@id":"https:\/\/brasilnoticias.org\/site\/governo-lanca-portal-que-emite-alerta-a-policia-em-caso-de-perda-furto-ou-roubo-de-objetos-cadastrados\/#breadcrumb"},"inLanguage":"pt-PT","potentialAction":[{"@type":"ReadAction","target":["https:\/\/brasilnoticias.org\/site\/governo-lanca-portal-que-emite-alerta-a-policia-em-caso-de-perda-furto-ou-roubo-de-objetos-cadastrados\/"]}]},{"@type":"ImageObject","inLanguage":"pt-PT","@id":"https:\/\/brasilnoticias.org\/site\/governo-lanca-portal-que-emite-alerta-a-policia-em-caso-de-perda-furto-ou-roubo-de-objetos-cadastrados\/#primaryimage","url":"https:\/\/brasilnoticias.org\/site\/wp-content\/uploads\/2024\/02\/image_380x226_65ba588fc96e8-1.jpg","contentUrl":"https:\/\/brasilnoticias.org\/site\/wp-content\/uploads\/2024\/02\/image_380x226_65ba588fc96e8-1.jpg","width":380,"height":226},{"@type":"BreadcrumbList","@id":"https:\/\/brasilnoticias.org\/site\/governo-lanca-portal-que-emite-alerta-a-policia-em-caso-de-perda-furto-ou-roubo-de-objetos-cadastrados\/#breadcrumb","itemListElement":[{"@type":"ListItem","position":1,"name":"In\u00edcio","item":"https:\/\/brasilnoticias.org\/site\/"},{"@type":"ListItem","position":2,"name":"Governo lan\u00e7a portal que emite alerta \u00e0 Pol\u00edcia em caso de perda, furto ou roubo de objetos cadastrados"}]},{"@type":"WebSite","@id":"https:\/\/brasilnoticias.org\/site\/#website","url":"https:\/\/brasilnoticias.org\/site\/","name":"Brasil not\u00edcias","description":"Brasil not\u00edcias","publisher":{"@id":"https:\/\/brasilnoticias.org\/site\/#organization"},"potentialAction":[{"@type":"SearchAction","target":{"@type":"EntryPoint","urlTemplate":"https:\/\/brasilnoticias.org\/site\/?s={search_term_string}"},"query-input":{"@type":"PropertyValueSpecification","valueRequired":true,"valueName":"search_term_string"}}],"inLanguage":"pt-PT"},{"@type":"Organization","@id":"https:\/\/brasilnoticias.org\/site\/#organization","name":"Brasil not\u00edcias","url":"https:\/\/brasilnoticias.org\/site\/","logo":{"@type":"ImageObject","inLanguage":"pt-PT","@id":"https:\/\/brasilnoticias.org\/site\/#\/schema\/logo\/image\/","url":"https:\/\/brasilnoticias.org\/site\/wp-content\/uploads\/2022\/05\/cropped-brasilnoticias-mini.jpg","contentUrl":"https:\/\/brasilnoticias.org\/site\/wp-content\/uploads\/2022\/05\/cropped-brasilnoticias-mini.jpg","width":314,"height":86,"caption":"Brasil not\u00edcias"},"image":{"@id":"https:\/\/brasilnoticias.org\/site\/#\/schema\/logo\/image\/"}},{"@type":"Person","@id":"https:\/\/brasilnoticias.org\/site\/#\/schema\/person\/03bbbfe6c7634ad18c26444ea39049fa","name":"Reda\u00e7\u00e3o","image":{"@type":"ImageObject","inLanguage":"pt-PT","@id":"https:\/\/brasilnoticias.org\/site\/#\/schema\/person\/image\/","url":"https:\/\/secure.gravatar.com\/avatar\/9ecaf7327a696cb23ad926fedded5f1f04d7049de9e445375d55b48c001a6e42?s=96&d=mm&r=g","contentUrl":"https:\/\/secure.gravatar.com\/avatar\/9ecaf7327a696cb23ad926fedded5f1f04d7049de9e445375d55b48c001a6e42?s=96&d=mm&r=g","caption":"Reda\u00e7\u00e3o"},"url":"https:\/\/brasilnoticias.org\/site\/author\/henrique\/"}]}},"_links":{"self":[{"href":"https:\/\/brasilnoticias.org\/site\/wp-json\/wp\/v2\/posts\/12545","targetHints":{"allow":["GET"]}}],"collection":[{"href":"https:\/\/brasilnoticias.org\/site\/wp-json\/wp\/v2\/posts"}],"about":[{"href":"https:\/\/brasilnoticias.org\/site\/wp-json\/wp\/v2\/types\/post"}],"author":[{"embeddable":true,"href":"https:\/\/brasilnoticias.org\/site\/wp-json\/wp\/v2\/users\/4"}],"replies":[{"embeddable":true,"href":"https:\/\/brasilnoticias.org\/site\/wp-json\/wp\/v2\/comments?post=12545"}],"version-history":[{"count":1,"href":"https:\/\/brasilnoticias.org\/site\/wp-json\/wp\/v2\/posts\/12545\/revisions"}],"predecessor-version":[{"id":12547,"href":"https:\/\/brasilnoticias.org\/site\/wp-json\/wp\/v2\/posts\/12545\/revisions\/12547"}],"wp:featuredmedia":[{"embeddable":true,"href":"https:\/\/brasilnoticias.org\/site\/wp-json\/wp\/v2\/media\/12546"}],"wp:attachment":[{"href":"https:\/\/brasilnoticias.org\/site\/wp-json\/wp\/v2\/media?parent=12545"}],"wp:term":[{"taxonomy":"category","embeddable":true,"href":"https:\/\/brasilnoticias.org\/site\/wp-json\/wp\/v2\/categories?post=12545"},{"taxonomy":"post_tag","embeddable":true,"href":"https:\/\/brasilnoticias.org\/site\/wp-json\/wp\/v2\/tags?post=12545"}],"curies":[{"name":"wp","href":"https:\/\/api.w.org\/{rel}","templated":true}]}}