{"id":12562,"date":"2024-02-03T19:28:30","date_gmt":"2024-02-03T22:28:30","guid":{"rendered":"https:\/\/brasilnoticias.org\/site\/?p=12562"},"modified":"2024-02-03T19:28:30","modified_gmt":"2024-02-03T22:28:30","slug":"abin-paralela-imprimiu-informacoes-sobre-delegado-do-caso-marielle","status":"publish","type":"post","link":"https:\/\/brasilnoticias.org\/site\/abin-paralela-imprimiu-informacoes-sobre-delegado-do-caso-marielle\/","title":{"rendered":"&#8220;Abin paralela&#8221; imprimiu informa\u00e7\u00f5es sobre delegado do caso Marielle"},"content":{"rendered":"<p>Documentos foram recuperados pela Controladoria-Geral da Uni\u00e3o (CGU) e estavam no sistema usado por funcion\u00e1rios na sede da Ag\u00eancia Brasileira de Intelig\u00eancia<\/p>\n<p>Registros analisados pela Policia Federal e recuperados pela Controladoria-Geral da Uni\u00e3o (CGU) mostram que a \u201cAbin paralela\u201d fez um monitoramento do andamento das investiga\u00e7\u00f5es sobre o assassinato da vereadora Marielle Franco (PSOL-RJ), durante o governo de Jair Bolsonaro. <\/p>\n<p>Foi comprovado pela PF que  o policial federal Marcelo Bormevet, nomeado na Abin durante a gest\u00e3o de Alexandre Ramagem (2019-2022), imprimiu em setembro de 2020 um relat\u00f3rio sobre o delegado Daniel Rosa, que, \u00e0 \u00e9poca, conduzia a investiga\u00e7\u00e3o do assassinato de Marielle, em 2018.<\/p>\n<p>Al\u00e9m do delegado, a promotora de Justi\u00e7a do Rio de Janeiro Simone Sibilio, que apurava o atentado, tamb\u00e9m foi alvo de espionagem, os integrantes do \u00f3rg\u00e3o imprimiram arquivos relacionados ao caso entre 2019 e 2021.<\/p>\n<p>Daniel Rosa foi afastado do caso no mesmo m\u00eas. A sua sa\u00edda foi determinada pelo ent\u00e3o secret\u00e1rio da Pol\u00edcia Civil do Rio, Allan Turnowski, que mudou a estrutura da delegacia que cuidava da investiga\u00e7\u00e3o do assassinato da vereadora do Rio.<\/p>\n<p>Foto: Ant\u00f4nio Cruz\/Ag\u00eancia Brasil<br \/>\nPor: Metro1<\/p>\n","protected":false},"excerpt":{"rendered":"<p>Documentos foram recuperados pela Controladoria-Geral da Uni\u00e3o (CGU) e estavam no sistema usado por funcion\u00e1rios na sede da Ag\u00eancia Brasileira<\/p>\n","protected":false},"author":4,"featured_media":12563,"comment_status":"open","ping_status":"open","sticky":false,"template":"","format":"standard","meta":{"colormag_page_container_layout":"default_layout","colormag_page_sidebar_layout":"default_layout","_FSMCFIC_featured_image_caption":"","_FSMCFIC_featured_image_nocaption":"","_FSMCFIC_featured_image_hide":"","footnotes":""},"categories":[5,1],"tags":[],"class_list":["post-12562","post","type-post","status-publish","format-standard","has-post-thumbnail","hentry","category-politica","category-ultimas"],"yoast_head":"<!-- This site is optimized with the Yoast SEO plugin v27.1.1 - https:\/\/yoast.com\/product\/yoast-seo-wordpress\/ -->\n<title>&quot;Abin paralela&quot; imprimiu informa\u00e7\u00f5es sobre delegado do caso Marielle - Brasil not\u00edcias<\/title>\n<meta name=\"robots\" content=\"index, follow, max-snippet:-1, max-image-preview:large, max-video-preview:-1\" \/>\n<link rel=\"canonical\" href=\"https:\/\/brasilnoticias.org\/site\/abin-paralela-imprimiu-informacoes-sobre-delegado-do-caso-marielle\/\" \/>\n<meta property=\"og:locale\" content=\"pt_PT\" \/>\n<meta property=\"og:type\" content=\"article\" \/>\n<meta property=\"og:title\" content=\"&quot;Abin paralela&quot; imprimiu informa\u00e7\u00f5es sobre delegado do caso Marielle - Brasil not\u00edcias\" \/>\n<meta property=\"og:description\" content=\"Documentos foram recuperados pela Controladoria-Geral da Uni\u00e3o (CGU) e estavam no sistema usado por funcion\u00e1rios na sede da Ag\u00eancia Brasileira\" \/>\n<meta property=\"og:url\" content=\"https:\/\/brasilnoticias.org\/site\/abin-paralela-imprimiu-informacoes-sobre-delegado-do-caso-marielle\/\" \/>\n<meta property=\"og:site_name\" content=\"Brasil not\u00edcias\" \/>\n<meta property=\"article:published_time\" content=\"2024-02-03T22:28:30+00:00\" \/>\n<meta property=\"og:image\" content=\"https:\/\/brasilnoticias.org\/site\/wp-content\/uploads\/2024\/02\/145840abin-paralela-imprimiu-informacoes-sobre-delegado-do-caso-marielle-3.jpg\" \/>\n\t<meta property=\"og:image:width\" content=\"1600\" \/>\n\t<meta property=\"og:image:height\" content=\"752\" \/>\n\t<meta property=\"og:image:type\" content=\"image\/jpeg\" \/>\n<meta name=\"author\" content=\"Reda\u00e7\u00e3o\" \/>\n<meta name=\"twitter:card\" content=\"summary_large_image\" \/>\n<meta name=\"twitter:label1\" content=\"Escrito por\" \/>\n\t<meta name=\"twitter:data1\" content=\"Reda\u00e7\u00e3o\" \/>\n\t<meta name=\"twitter:label2\" content=\"Tempo estimado de leitura\" \/>\n\t<meta name=\"twitter:data2\" content=\"1 minuto\" \/>\n<script type=\"application\/ld+json\" class=\"yoast-schema-graph\">{\"@context\":\"https:\/\/schema.org\",\"@graph\":[{\"@type\":\"Article\",\"@id\":\"https:\/\/brasilnoticias.org\/site\/abin-paralela-imprimiu-informacoes-sobre-delegado-do-caso-marielle\/#article\",\"isPartOf\":{\"@id\":\"https:\/\/brasilnoticias.org\/site\/abin-paralela-imprimiu-informacoes-sobre-delegado-do-caso-marielle\/\"},\"author\":{\"name\":\"Reda\u00e7\u00e3o\",\"@id\":\"https:\/\/brasilnoticias.org\/site\/#\/schema\/person\/03bbbfe6c7634ad18c26444ea39049fa\"},\"headline\":\"&#8220;Abin paralela&#8221; imprimiu informa\u00e7\u00f5es sobre delegado do caso Marielle\",\"datePublished\":\"2024-02-03T22:28:30+00:00\",\"mainEntityOfPage\":{\"@id\":\"https:\/\/brasilnoticias.org\/site\/abin-paralela-imprimiu-informacoes-sobre-delegado-do-caso-marielle\/\"},\"wordCount\":212,\"commentCount\":0,\"publisher\":{\"@id\":\"https:\/\/brasilnoticias.org\/site\/#organization\"},\"image\":{\"@id\":\"https:\/\/brasilnoticias.org\/site\/abin-paralela-imprimiu-informacoes-sobre-delegado-do-caso-marielle\/#primaryimage\"},\"thumbnailUrl\":\"https:\/\/brasilnoticias.org\/site\/wp-content\/uploads\/2024\/02\/145840abin-paralela-imprimiu-informacoes-sobre-delegado-do-caso-marielle-3.jpg\",\"articleSection\":[\"Pol\u00edtica\",\"\u00daltimas\"],\"inLanguage\":\"pt-PT\",\"potentialAction\":[{\"@type\":\"CommentAction\",\"name\":\"Comment\",\"target\":[\"https:\/\/brasilnoticias.org\/site\/abin-paralela-imprimiu-informacoes-sobre-delegado-do-caso-marielle\/#respond\"]}]},{\"@type\":\"WebPage\",\"@id\":\"https:\/\/brasilnoticias.org\/site\/abin-paralela-imprimiu-informacoes-sobre-delegado-do-caso-marielle\/\",\"url\":\"https:\/\/brasilnoticias.org\/site\/abin-paralela-imprimiu-informacoes-sobre-delegado-do-caso-marielle\/\",\"name\":\"\\\"Abin paralela\\\" imprimiu informa\u00e7\u00f5es sobre delegado do caso Marielle - Brasil not\u00edcias\",\"isPartOf\":{\"@id\":\"https:\/\/brasilnoticias.org\/site\/#website\"},\"primaryImageOfPage\":{\"@id\":\"https:\/\/brasilnoticias.org\/site\/abin-paralela-imprimiu-informacoes-sobre-delegado-do-caso-marielle\/#primaryimage\"},\"image\":{\"@id\":\"https:\/\/brasilnoticias.org\/site\/abin-paralela-imprimiu-informacoes-sobre-delegado-do-caso-marielle\/#primaryimage\"},\"thumbnailUrl\":\"https:\/\/brasilnoticias.org\/site\/wp-content\/uploads\/2024\/02\/145840abin-paralela-imprimiu-informacoes-sobre-delegado-do-caso-marielle-3.jpg\",\"datePublished\":\"2024-02-03T22:28:30+00:00\",\"breadcrumb\":{\"@id\":\"https:\/\/brasilnoticias.org\/site\/abin-paralela-imprimiu-informacoes-sobre-delegado-do-caso-marielle\/#breadcrumb\"},\"inLanguage\":\"pt-PT\",\"potentialAction\":[{\"@type\":\"ReadAction\",\"target\":[\"https:\/\/brasilnoticias.org\/site\/abin-paralela-imprimiu-informacoes-sobre-delegado-do-caso-marielle\/\"]}]},{\"@type\":\"ImageObject\",\"inLanguage\":\"pt-PT\",\"@id\":\"https:\/\/brasilnoticias.org\/site\/abin-paralela-imprimiu-informacoes-sobre-delegado-do-caso-marielle\/#primaryimage\",\"url\":\"https:\/\/brasilnoticias.org\/site\/wp-content\/uploads\/2024\/02\/145840abin-paralela-imprimiu-informacoes-sobre-delegado-do-caso-marielle-3.jpg\",\"contentUrl\":\"https:\/\/brasilnoticias.org\/site\/wp-content\/uploads\/2024\/02\/145840abin-paralela-imprimiu-informacoes-sobre-delegado-do-caso-marielle-3.jpg\",\"width\":1600,\"height\":752},{\"@type\":\"BreadcrumbList\",\"@id\":\"https:\/\/brasilnoticias.org\/site\/abin-paralela-imprimiu-informacoes-sobre-delegado-do-caso-marielle\/#breadcrumb\",\"itemListElement\":[{\"@type\":\"ListItem\",\"position\":1,\"name\":\"In\u00edcio\",\"item\":\"https:\/\/brasilnoticias.org\/site\/\"},{\"@type\":\"ListItem\",\"position\":2,\"name\":\"&#8220;Abin paralela&#8221; imprimiu informa\u00e7\u00f5es sobre delegado do caso Marielle\"}]},{\"@type\":\"WebSite\",\"@id\":\"https:\/\/brasilnoticias.org\/site\/#website\",\"url\":\"https:\/\/brasilnoticias.org\/site\/\",\"name\":\"Brasil not\u00edcias\",\"description\":\"Brasil not\u00edcias\",\"publisher\":{\"@id\":\"https:\/\/brasilnoticias.org\/site\/#organization\"},\"potentialAction\":[{\"@type\":\"SearchAction\",\"target\":{\"@type\":\"EntryPoint\",\"urlTemplate\":\"https:\/\/brasilnoticias.org\/site\/?s={search_term_string}\"},\"query-input\":{\"@type\":\"PropertyValueSpecification\",\"valueRequired\":true,\"valueName\":\"search_term_string\"}}],\"inLanguage\":\"pt-PT\"},{\"@type\":\"Organization\",\"@id\":\"https:\/\/brasilnoticias.org\/site\/#organization\",\"name\":\"Brasil not\u00edcias\",\"url\":\"https:\/\/brasilnoticias.org\/site\/\",\"logo\":{\"@type\":\"ImageObject\",\"inLanguage\":\"pt-PT\",\"@id\":\"https:\/\/brasilnoticias.org\/site\/#\/schema\/logo\/image\/\",\"url\":\"https:\/\/brasilnoticias.org\/site\/wp-content\/uploads\/2022\/05\/cropped-brasilnoticias-mini.jpg\",\"contentUrl\":\"https:\/\/brasilnoticias.org\/site\/wp-content\/uploads\/2022\/05\/cropped-brasilnoticias-mini.jpg\",\"width\":314,\"height\":86,\"caption\":\"Brasil not\u00edcias\"},\"image\":{\"@id\":\"https:\/\/brasilnoticias.org\/site\/#\/schema\/logo\/image\/\"}},{\"@type\":\"Person\",\"@id\":\"https:\/\/brasilnoticias.org\/site\/#\/schema\/person\/03bbbfe6c7634ad18c26444ea39049fa\",\"name\":\"Reda\u00e7\u00e3o\",\"image\":{\"@type\":\"ImageObject\",\"inLanguage\":\"pt-PT\",\"@id\":\"https:\/\/brasilnoticias.org\/site\/#\/schema\/person\/image\/\",\"url\":\"https:\/\/secure.gravatar.com\/avatar\/9ecaf7327a696cb23ad926fedded5f1f04d7049de9e445375d55b48c001a6e42?s=96&d=mm&r=g\",\"contentUrl\":\"https:\/\/secure.gravatar.com\/avatar\/9ecaf7327a696cb23ad926fedded5f1f04d7049de9e445375d55b48c001a6e42?s=96&d=mm&r=g\",\"caption\":\"Reda\u00e7\u00e3o\"},\"url\":\"https:\/\/brasilnoticias.org\/site\/author\/henrique\/\"}]}<\/script>\n<!-- \/ Yoast SEO plugin. -->","yoast_head_json":{"title":"\"Abin paralela\" imprimiu informa\u00e7\u00f5es sobre delegado do caso Marielle - Brasil not\u00edcias","robots":{"index":"index","follow":"follow","max-snippet":"max-snippet:-1","max-image-preview":"max-image-preview:large","max-video-preview":"max-video-preview:-1"},"canonical":"https:\/\/brasilnoticias.org\/site\/abin-paralela-imprimiu-informacoes-sobre-delegado-do-caso-marielle\/","og_locale":"pt_PT","og_type":"article","og_title":"\"Abin paralela\" imprimiu informa\u00e7\u00f5es sobre delegado do caso Marielle - Brasil not\u00edcias","og_description":"Documentos foram recuperados pela Controladoria-Geral da Uni\u00e3o (CGU) e estavam no sistema usado por funcion\u00e1rios na sede da Ag\u00eancia Brasileira","og_url":"https:\/\/brasilnoticias.org\/site\/abin-paralela-imprimiu-informacoes-sobre-delegado-do-caso-marielle\/","og_site_name":"Brasil not\u00edcias","article_published_time":"2024-02-03T22:28:30+00:00","og_image":[{"width":1600,"height":752,"url":"https:\/\/brasilnoticias.org\/site\/wp-content\/uploads\/2024\/02\/145840abin-paralela-imprimiu-informacoes-sobre-delegado-do-caso-marielle-3.jpg","type":"image\/jpeg"}],"author":"Reda\u00e7\u00e3o","twitter_card":"summary_large_image","twitter_misc":{"Escrito por":"Reda\u00e7\u00e3o","Tempo estimado de leitura":"1 minuto"},"schema":{"@context":"https:\/\/schema.org","@graph":[{"@type":"Article","@id":"https:\/\/brasilnoticias.org\/site\/abin-paralela-imprimiu-informacoes-sobre-delegado-do-caso-marielle\/#article","isPartOf":{"@id":"https:\/\/brasilnoticias.org\/site\/abin-paralela-imprimiu-informacoes-sobre-delegado-do-caso-marielle\/"},"author":{"name":"Reda\u00e7\u00e3o","@id":"https:\/\/brasilnoticias.org\/site\/#\/schema\/person\/03bbbfe6c7634ad18c26444ea39049fa"},"headline":"&#8220;Abin paralela&#8221; imprimiu informa\u00e7\u00f5es sobre delegado do caso Marielle","datePublished":"2024-02-03T22:28:30+00:00","mainEntityOfPage":{"@id":"https:\/\/brasilnoticias.org\/site\/abin-paralela-imprimiu-informacoes-sobre-delegado-do-caso-marielle\/"},"wordCount":212,"commentCount":0,"publisher":{"@id":"https:\/\/brasilnoticias.org\/site\/#organization"},"image":{"@id":"https:\/\/brasilnoticias.org\/site\/abin-paralela-imprimiu-informacoes-sobre-delegado-do-caso-marielle\/#primaryimage"},"thumbnailUrl":"https:\/\/brasilnoticias.org\/site\/wp-content\/uploads\/2024\/02\/145840abin-paralela-imprimiu-informacoes-sobre-delegado-do-caso-marielle-3.jpg","articleSection":["Pol\u00edtica","\u00daltimas"],"inLanguage":"pt-PT","potentialAction":[{"@type":"CommentAction","name":"Comment","target":["https:\/\/brasilnoticias.org\/site\/abin-paralela-imprimiu-informacoes-sobre-delegado-do-caso-marielle\/#respond"]}]},{"@type":"WebPage","@id":"https:\/\/brasilnoticias.org\/site\/abin-paralela-imprimiu-informacoes-sobre-delegado-do-caso-marielle\/","url":"https:\/\/brasilnoticias.org\/site\/abin-paralela-imprimiu-informacoes-sobre-delegado-do-caso-marielle\/","name":"\"Abin paralela\" imprimiu informa\u00e7\u00f5es sobre delegado do caso Marielle - Brasil not\u00edcias","isPartOf":{"@id":"https:\/\/brasilnoticias.org\/site\/#website"},"primaryImageOfPage":{"@id":"https:\/\/brasilnoticias.org\/site\/abin-paralela-imprimiu-informacoes-sobre-delegado-do-caso-marielle\/#primaryimage"},"image":{"@id":"https:\/\/brasilnoticias.org\/site\/abin-paralela-imprimiu-informacoes-sobre-delegado-do-caso-marielle\/#primaryimage"},"thumbnailUrl":"https:\/\/brasilnoticias.org\/site\/wp-content\/uploads\/2024\/02\/145840abin-paralela-imprimiu-informacoes-sobre-delegado-do-caso-marielle-3.jpg","datePublished":"2024-02-03T22:28:30+00:00","breadcrumb":{"@id":"https:\/\/brasilnoticias.org\/site\/abin-paralela-imprimiu-informacoes-sobre-delegado-do-caso-marielle\/#breadcrumb"},"inLanguage":"pt-PT","potentialAction":[{"@type":"ReadAction","target":["https:\/\/brasilnoticias.org\/site\/abin-paralela-imprimiu-informacoes-sobre-delegado-do-caso-marielle\/"]}]},{"@type":"ImageObject","inLanguage":"pt-PT","@id":"https:\/\/brasilnoticias.org\/site\/abin-paralela-imprimiu-informacoes-sobre-delegado-do-caso-marielle\/#primaryimage","url":"https:\/\/brasilnoticias.org\/site\/wp-content\/uploads\/2024\/02\/145840abin-paralela-imprimiu-informacoes-sobre-delegado-do-caso-marielle-3.jpg","contentUrl":"https:\/\/brasilnoticias.org\/site\/wp-content\/uploads\/2024\/02\/145840abin-paralela-imprimiu-informacoes-sobre-delegado-do-caso-marielle-3.jpg","width":1600,"height":752},{"@type":"BreadcrumbList","@id":"https:\/\/brasilnoticias.org\/site\/abin-paralela-imprimiu-informacoes-sobre-delegado-do-caso-marielle\/#breadcrumb","itemListElement":[{"@type":"ListItem","position":1,"name":"In\u00edcio","item":"https:\/\/brasilnoticias.org\/site\/"},{"@type":"ListItem","position":2,"name":"&#8220;Abin paralela&#8221; imprimiu informa\u00e7\u00f5es sobre delegado do caso Marielle"}]},{"@type":"WebSite","@id":"https:\/\/brasilnoticias.org\/site\/#website","url":"https:\/\/brasilnoticias.org\/site\/","name":"Brasil not\u00edcias","description":"Brasil not\u00edcias","publisher":{"@id":"https:\/\/brasilnoticias.org\/site\/#organization"},"potentialAction":[{"@type":"SearchAction","target":{"@type":"EntryPoint","urlTemplate":"https:\/\/brasilnoticias.org\/site\/?s={search_term_string}"},"query-input":{"@type":"PropertyValueSpecification","valueRequired":true,"valueName":"search_term_string"}}],"inLanguage":"pt-PT"},{"@type":"Organization","@id":"https:\/\/brasilnoticias.org\/site\/#organization","name":"Brasil not\u00edcias","url":"https:\/\/brasilnoticias.org\/site\/","logo":{"@type":"ImageObject","inLanguage":"pt-PT","@id":"https:\/\/brasilnoticias.org\/site\/#\/schema\/logo\/image\/","url":"https:\/\/brasilnoticias.org\/site\/wp-content\/uploads\/2022\/05\/cropped-brasilnoticias-mini.jpg","contentUrl":"https:\/\/brasilnoticias.org\/site\/wp-content\/uploads\/2022\/05\/cropped-brasilnoticias-mini.jpg","width":314,"height":86,"caption":"Brasil not\u00edcias"},"image":{"@id":"https:\/\/brasilnoticias.org\/site\/#\/schema\/logo\/image\/"}},{"@type":"Person","@id":"https:\/\/brasilnoticias.org\/site\/#\/schema\/person\/03bbbfe6c7634ad18c26444ea39049fa","name":"Reda\u00e7\u00e3o","image":{"@type":"ImageObject","inLanguage":"pt-PT","@id":"https:\/\/brasilnoticias.org\/site\/#\/schema\/person\/image\/","url":"https:\/\/secure.gravatar.com\/avatar\/9ecaf7327a696cb23ad926fedded5f1f04d7049de9e445375d55b48c001a6e42?s=96&d=mm&r=g","contentUrl":"https:\/\/secure.gravatar.com\/avatar\/9ecaf7327a696cb23ad926fedded5f1f04d7049de9e445375d55b48c001a6e42?s=96&d=mm&r=g","caption":"Reda\u00e7\u00e3o"},"url":"https:\/\/brasilnoticias.org\/site\/author\/henrique\/"}]}},"_links":{"self":[{"href":"https:\/\/brasilnoticias.org\/site\/wp-json\/wp\/v2\/posts\/12562","targetHints":{"allow":["GET"]}}],"collection":[{"href":"https:\/\/brasilnoticias.org\/site\/wp-json\/wp\/v2\/posts"}],"about":[{"href":"https:\/\/brasilnoticias.org\/site\/wp-json\/wp\/v2\/types\/post"}],"author":[{"embeddable":true,"href":"https:\/\/brasilnoticias.org\/site\/wp-json\/wp\/v2\/users\/4"}],"replies":[{"embeddable":true,"href":"https:\/\/brasilnoticias.org\/site\/wp-json\/wp\/v2\/comments?post=12562"}],"version-history":[{"count":1,"href":"https:\/\/brasilnoticias.org\/site\/wp-json\/wp\/v2\/posts\/12562\/revisions"}],"predecessor-version":[{"id":12564,"href":"https:\/\/brasilnoticias.org\/site\/wp-json\/wp\/v2\/posts\/12562\/revisions\/12564"}],"wp:featuredmedia":[{"embeddable":true,"href":"https:\/\/brasilnoticias.org\/site\/wp-json\/wp\/v2\/media\/12563"}],"wp:attachment":[{"href":"https:\/\/brasilnoticias.org\/site\/wp-json\/wp\/v2\/media?parent=12562"}],"wp:term":[{"taxonomy":"category","embeddable":true,"href":"https:\/\/brasilnoticias.org\/site\/wp-json\/wp\/v2\/categories?post=12562"},{"taxonomy":"post_tag","embeddable":true,"href":"https:\/\/brasilnoticias.org\/site\/wp-json\/wp\/v2\/tags?post=12562"}],"curies":[{"name":"wp","href":"https:\/\/api.w.org\/{rel}","templated":true}]}}