{"id":12565,"date":"2024-02-03T19:29:47","date_gmt":"2024-02-03T22:29:47","guid":{"rendered":"https:\/\/brasilnoticias.org\/site\/?p=12565"},"modified":"2024-02-03T19:29:47","modified_gmt":"2024-02-03T22:29:47","slug":"trafego-e-alterado-no-santo-antonio-alem-do-carmo-neste-sabado","status":"publish","type":"post","link":"https:\/\/brasilnoticias.org\/site\/trafego-e-alterado-no-santo-antonio-alem-do-carmo-neste-sabado\/","title":{"rendered":"Tr\u00e1fego \u00e9 alterado no Santo Ant\u00f4nio Al\u00e9m do Carmo neste s\u00e1bado"},"content":{"rendered":"<p>As altera\u00e7\u00f5es acontecem em decorr\u00eancia do carnaval<\/p>\n<p>O Carnaval no bairro Santo Ant\u00f4nio Al\u00e9m do Carmo, realizado at\u00e9 a pr\u00f3xima sexta-feira (9), causar\u00e1 mudan\u00e7as no tr\u00e2nsito da capital baiana. Para o evento, a Superintend\u00eancia de Tr\u00e2nsito de Salvador (Transalvador) far\u00e1 interdi\u00e7\u00f5es nas imedia\u00e7\u00f5es do bairro, gerando comodidade para moradores e visitantes.<\/p>\n<p>A instala\u00e7\u00e3o de Barreiras M\u00f3veis (BM), Barreiras Semifixas (BSF) e Barreiras Fixas (BF) ocorrer\u00e1 nas mesmas vias no decorrer dos dias festivos, em hor\u00e1rios diferentes. O acesso aos residentes ser\u00e1 liberado mediante comprova\u00e7\u00e3o de endere\u00e7o.<\/p>\n<p>Confira as altera\u00e7\u00f5es:<\/p>\n<p>S\u00e1bado (03\/02) &#8211; A interdi\u00e7\u00e3o do tr\u00e1fego de ve\u00edculos acontece, das 08h \u00e0s 19h, para oo desfile do bloco \u201cDE HOJE A OITO\u201d, nas seguintes vias: Largo de Santo Ant\u00f4nio (sa\u00edda), Travessa dos Perd\u00f5es, Rua dos Perd\u00f5es, Rua dos Ad\u00f4bes, Pra\u00e7a dos Quinze Mist\u00e9rios, Rua dos Marchantes, Largo da Cruz do Pascoal, Rua Direita de Santo Ant\u00f4nio, Largo de Santo Ant\u00f4nio (chegada).<\/p>\n<p>Paralelamente, ocorrer\u00e1 a interdi\u00e7\u00e3o do tr\u00e1fego de ve\u00edculos, 12h \u00e0s 01h, quando da realiza\u00e7\u00e3o do evento \u201cDJ GUERREIRO\u201d, na seguinte via: Largo do Santo Ant\u00f4nio Al\u00e9m do Carmo.<\/p>\n<p>Foto: Esperan\u00e7a Gadelha \/ Reprodu\u00e7\u00e3o Facebook<br \/>\nPor: Metro1<\/p>\n","protected":false},"excerpt":{"rendered":"<p>As altera\u00e7\u00f5es acontecem em decorr\u00eancia do carnaval O Carnaval no bairro Santo Ant\u00f4nio Al\u00e9m do Carmo, realizado at\u00e9 a pr\u00f3xima<\/p>\n","protected":false},"author":4,"featured_media":12566,"comment_status":"open","ping_status":"open","sticky":false,"template":"","format":"standard","meta":{"colormag_page_container_layout":"default_layout","colormag_page_sidebar_layout":"default_layout","_FSMCFIC_featured_image_caption":"","_FSMCFIC_featured_image_nocaption":"","_FSMCFIC_featured_image_hide":"","footnotes":""},"categories":[8,1],"tags":[],"class_list":["post-12565","post","type-post","status-publish","format-standard","has-post-thumbnail","hentry","category-entretenimento","category-ultimas"],"yoast_head":"<!-- This site is optimized with the Yoast SEO plugin v27.1.1 - https:\/\/yoast.com\/product\/yoast-seo-wordpress\/ -->\n<title>Tr\u00e1fego \u00e9 alterado no Santo Ant\u00f4nio Al\u00e9m do Carmo neste s\u00e1bado - Brasil not\u00edcias<\/title>\n<meta name=\"robots\" content=\"index, follow, max-snippet:-1, max-image-preview:large, max-video-preview:-1\" \/>\n<link rel=\"canonical\" href=\"https:\/\/brasilnoticias.org\/site\/trafego-e-alterado-no-santo-antonio-alem-do-carmo-neste-sabado\/\" \/>\n<meta property=\"og:locale\" content=\"pt_PT\" \/>\n<meta property=\"og:type\" content=\"article\" \/>\n<meta property=\"og:title\" content=\"Tr\u00e1fego \u00e9 alterado no Santo Ant\u00f4nio Al\u00e9m do Carmo neste s\u00e1bado - Brasil not\u00edcias\" \/>\n<meta property=\"og:description\" content=\"As altera\u00e7\u00f5es acontecem em decorr\u00eancia do carnaval O Carnaval no bairro Santo Ant\u00f4nio Al\u00e9m do Carmo, realizado at\u00e9 a pr\u00f3xima\" \/>\n<meta property=\"og:url\" content=\"https:\/\/brasilnoticias.org\/site\/trafego-e-alterado-no-santo-antonio-alem-do-carmo-neste-sabado\/\" \/>\n<meta property=\"og:site_name\" content=\"Brasil not\u00edcias\" \/>\n<meta property=\"article:published_time\" content=\"2024-02-03T22:29:47+00:00\" \/>\n<meta property=\"og:image\" content=\"https:\/\/brasilnoticias.org\/site\/wp-content\/uploads\/2024\/02\/145831trafego-e-alterado-no-santo-antonio-alem-do-carmo-neste-sabado-3.jpg\" \/>\n\t<meta property=\"og:image:width\" content=\"1600\" \/>\n\t<meta property=\"og:image:height\" content=\"752\" \/>\n\t<meta property=\"og:image:type\" content=\"image\/jpeg\" \/>\n<meta name=\"author\" content=\"Reda\u00e7\u00e3o\" \/>\n<meta name=\"twitter:card\" content=\"summary_large_image\" \/>\n<meta name=\"twitter:label1\" content=\"Escrito por\" \/>\n\t<meta name=\"twitter:data1\" content=\"Reda\u00e7\u00e3o\" \/>\n<script type=\"application\/ld+json\" class=\"yoast-schema-graph\">{\"@context\":\"https:\/\/schema.org\",\"@graph\":[{\"@type\":\"Article\",\"@id\":\"https:\/\/brasilnoticias.org\/site\/trafego-e-alterado-no-santo-antonio-alem-do-carmo-neste-sabado\/#article\",\"isPartOf\":{\"@id\":\"https:\/\/brasilnoticias.org\/site\/trafego-e-alterado-no-santo-antonio-alem-do-carmo-neste-sabado\/\"},\"author\":{\"name\":\"Reda\u00e7\u00e3o\",\"@id\":\"https:\/\/brasilnoticias.org\/site\/#\/schema\/person\/03bbbfe6c7634ad18c26444ea39049fa\"},\"headline\":\"Tr\u00e1fego \u00e9 alterado no Santo Ant\u00f4nio Al\u00e9m do Carmo neste s\u00e1bado\",\"datePublished\":\"2024-02-03T22:29:47+00:00\",\"mainEntityOfPage\":{\"@id\":\"https:\/\/brasilnoticias.org\/site\/trafego-e-alterado-no-santo-antonio-alem-do-carmo-neste-sabado\/\"},\"wordCount\":236,\"commentCount\":0,\"publisher\":{\"@id\":\"https:\/\/brasilnoticias.org\/site\/#organization\"},\"image\":{\"@id\":\"https:\/\/brasilnoticias.org\/site\/trafego-e-alterado-no-santo-antonio-alem-do-carmo-neste-sabado\/#primaryimage\"},\"thumbnailUrl\":\"https:\/\/brasilnoticias.org\/site\/wp-content\/uploads\/2024\/02\/145831trafego-e-alterado-no-santo-antonio-alem-do-carmo-neste-sabado-3.jpg\",\"articleSection\":[\"Entretenimento\",\"\u00daltimas\"],\"inLanguage\":\"pt-PT\",\"potentialAction\":[{\"@type\":\"CommentAction\",\"name\":\"Comment\",\"target\":[\"https:\/\/brasilnoticias.org\/site\/trafego-e-alterado-no-santo-antonio-alem-do-carmo-neste-sabado\/#respond\"]}]},{\"@type\":\"WebPage\",\"@id\":\"https:\/\/brasilnoticias.org\/site\/trafego-e-alterado-no-santo-antonio-alem-do-carmo-neste-sabado\/\",\"url\":\"https:\/\/brasilnoticias.org\/site\/trafego-e-alterado-no-santo-antonio-alem-do-carmo-neste-sabado\/\",\"name\":\"Tr\u00e1fego \u00e9 alterado no Santo Ant\u00f4nio Al\u00e9m do Carmo neste s\u00e1bado - Brasil not\u00edcias\",\"isPartOf\":{\"@id\":\"https:\/\/brasilnoticias.org\/site\/#website\"},\"primaryImageOfPage\":{\"@id\":\"https:\/\/brasilnoticias.org\/site\/trafego-e-alterado-no-santo-antonio-alem-do-carmo-neste-sabado\/#primaryimage\"},\"image\":{\"@id\":\"https:\/\/brasilnoticias.org\/site\/trafego-e-alterado-no-santo-antonio-alem-do-carmo-neste-sabado\/#primaryimage\"},\"thumbnailUrl\":\"https:\/\/brasilnoticias.org\/site\/wp-content\/uploads\/2024\/02\/145831trafego-e-alterado-no-santo-antonio-alem-do-carmo-neste-sabado-3.jpg\",\"datePublished\":\"2024-02-03T22:29:47+00:00\",\"breadcrumb\":{\"@id\":\"https:\/\/brasilnoticias.org\/site\/trafego-e-alterado-no-santo-antonio-alem-do-carmo-neste-sabado\/#breadcrumb\"},\"inLanguage\":\"pt-PT\",\"potentialAction\":[{\"@type\":\"ReadAction\",\"target\":[\"https:\/\/brasilnoticias.org\/site\/trafego-e-alterado-no-santo-antonio-alem-do-carmo-neste-sabado\/\"]}]},{\"@type\":\"ImageObject\",\"inLanguage\":\"pt-PT\",\"@id\":\"https:\/\/brasilnoticias.org\/site\/trafego-e-alterado-no-santo-antonio-alem-do-carmo-neste-sabado\/#primaryimage\",\"url\":\"https:\/\/brasilnoticias.org\/site\/wp-content\/uploads\/2024\/02\/145831trafego-e-alterado-no-santo-antonio-alem-do-carmo-neste-sabado-3.jpg\",\"contentUrl\":\"https:\/\/brasilnoticias.org\/site\/wp-content\/uploads\/2024\/02\/145831trafego-e-alterado-no-santo-antonio-alem-do-carmo-neste-sabado-3.jpg\",\"width\":1600,\"height\":752},{\"@type\":\"BreadcrumbList\",\"@id\":\"https:\/\/brasilnoticias.org\/site\/trafego-e-alterado-no-santo-antonio-alem-do-carmo-neste-sabado\/#breadcrumb\",\"itemListElement\":[{\"@type\":\"ListItem\",\"position\":1,\"name\":\"In\u00edcio\",\"item\":\"https:\/\/brasilnoticias.org\/site\/\"},{\"@type\":\"ListItem\",\"position\":2,\"name\":\"Tr\u00e1fego \u00e9 alterado no Santo Ant\u00f4nio Al\u00e9m do Carmo neste s\u00e1bado\"}]},{\"@type\":\"WebSite\",\"@id\":\"https:\/\/brasilnoticias.org\/site\/#website\",\"url\":\"https:\/\/brasilnoticias.org\/site\/\",\"name\":\"Brasil not\u00edcias\",\"description\":\"Brasil not\u00edcias\",\"publisher\":{\"@id\":\"https:\/\/brasilnoticias.org\/site\/#organization\"},\"potentialAction\":[{\"@type\":\"SearchAction\",\"target\":{\"@type\":\"EntryPoint\",\"urlTemplate\":\"https:\/\/brasilnoticias.org\/site\/?s={search_term_string}\"},\"query-input\":{\"@type\":\"PropertyValueSpecification\",\"valueRequired\":true,\"valueName\":\"search_term_string\"}}],\"inLanguage\":\"pt-PT\"},{\"@type\":\"Organization\",\"@id\":\"https:\/\/brasilnoticias.org\/site\/#organization\",\"name\":\"Brasil not\u00edcias\",\"url\":\"https:\/\/brasilnoticias.org\/site\/\",\"logo\":{\"@type\":\"ImageObject\",\"inLanguage\":\"pt-PT\",\"@id\":\"https:\/\/brasilnoticias.org\/site\/#\/schema\/logo\/image\/\",\"url\":\"https:\/\/brasilnoticias.org\/site\/wp-content\/uploads\/2022\/05\/cropped-brasilnoticias-mini.jpg\",\"contentUrl\":\"https:\/\/brasilnoticias.org\/site\/wp-content\/uploads\/2022\/05\/cropped-brasilnoticias-mini.jpg\",\"width\":314,\"height\":86,\"caption\":\"Brasil not\u00edcias\"},\"image\":{\"@id\":\"https:\/\/brasilnoticias.org\/site\/#\/schema\/logo\/image\/\"}},{\"@type\":\"Person\",\"@id\":\"https:\/\/brasilnoticias.org\/site\/#\/schema\/person\/03bbbfe6c7634ad18c26444ea39049fa\",\"name\":\"Reda\u00e7\u00e3o\",\"image\":{\"@type\":\"ImageObject\",\"inLanguage\":\"pt-PT\",\"@id\":\"https:\/\/brasilnoticias.org\/site\/#\/schema\/person\/image\/\",\"url\":\"https:\/\/secure.gravatar.com\/avatar\/9ecaf7327a696cb23ad926fedded5f1f04d7049de9e445375d55b48c001a6e42?s=96&d=mm&r=g\",\"contentUrl\":\"https:\/\/secure.gravatar.com\/avatar\/9ecaf7327a696cb23ad926fedded5f1f04d7049de9e445375d55b48c001a6e42?s=96&d=mm&r=g\",\"caption\":\"Reda\u00e7\u00e3o\"},\"url\":\"https:\/\/brasilnoticias.org\/site\/author\/henrique\/\"}]}<\/script>\n<!-- \/ Yoast SEO plugin. -->","yoast_head_json":{"title":"Tr\u00e1fego \u00e9 alterado no Santo Ant\u00f4nio Al\u00e9m do Carmo neste s\u00e1bado - Brasil not\u00edcias","robots":{"index":"index","follow":"follow","max-snippet":"max-snippet:-1","max-image-preview":"max-image-preview:large","max-video-preview":"max-video-preview:-1"},"canonical":"https:\/\/brasilnoticias.org\/site\/trafego-e-alterado-no-santo-antonio-alem-do-carmo-neste-sabado\/","og_locale":"pt_PT","og_type":"article","og_title":"Tr\u00e1fego \u00e9 alterado no Santo Ant\u00f4nio Al\u00e9m do Carmo neste s\u00e1bado - Brasil not\u00edcias","og_description":"As altera\u00e7\u00f5es acontecem em decorr\u00eancia do carnaval O Carnaval no bairro Santo Ant\u00f4nio Al\u00e9m do Carmo, realizado at\u00e9 a pr\u00f3xima","og_url":"https:\/\/brasilnoticias.org\/site\/trafego-e-alterado-no-santo-antonio-alem-do-carmo-neste-sabado\/","og_site_name":"Brasil not\u00edcias","article_published_time":"2024-02-03T22:29:47+00:00","og_image":[{"width":1600,"height":752,"url":"https:\/\/brasilnoticias.org\/site\/wp-content\/uploads\/2024\/02\/145831trafego-e-alterado-no-santo-antonio-alem-do-carmo-neste-sabado-3.jpg","type":"image\/jpeg"}],"author":"Reda\u00e7\u00e3o","twitter_card":"summary_large_image","twitter_misc":{"Escrito por":"Reda\u00e7\u00e3o"},"schema":{"@context":"https:\/\/schema.org","@graph":[{"@type":"Article","@id":"https:\/\/brasilnoticias.org\/site\/trafego-e-alterado-no-santo-antonio-alem-do-carmo-neste-sabado\/#article","isPartOf":{"@id":"https:\/\/brasilnoticias.org\/site\/trafego-e-alterado-no-santo-antonio-alem-do-carmo-neste-sabado\/"},"author":{"name":"Reda\u00e7\u00e3o","@id":"https:\/\/brasilnoticias.org\/site\/#\/schema\/person\/03bbbfe6c7634ad18c26444ea39049fa"},"headline":"Tr\u00e1fego \u00e9 alterado no Santo Ant\u00f4nio Al\u00e9m do Carmo neste s\u00e1bado","datePublished":"2024-02-03T22:29:47+00:00","mainEntityOfPage":{"@id":"https:\/\/brasilnoticias.org\/site\/trafego-e-alterado-no-santo-antonio-alem-do-carmo-neste-sabado\/"},"wordCount":236,"commentCount":0,"publisher":{"@id":"https:\/\/brasilnoticias.org\/site\/#organization"},"image":{"@id":"https:\/\/brasilnoticias.org\/site\/trafego-e-alterado-no-santo-antonio-alem-do-carmo-neste-sabado\/#primaryimage"},"thumbnailUrl":"https:\/\/brasilnoticias.org\/site\/wp-content\/uploads\/2024\/02\/145831trafego-e-alterado-no-santo-antonio-alem-do-carmo-neste-sabado-3.jpg","articleSection":["Entretenimento","\u00daltimas"],"inLanguage":"pt-PT","potentialAction":[{"@type":"CommentAction","name":"Comment","target":["https:\/\/brasilnoticias.org\/site\/trafego-e-alterado-no-santo-antonio-alem-do-carmo-neste-sabado\/#respond"]}]},{"@type":"WebPage","@id":"https:\/\/brasilnoticias.org\/site\/trafego-e-alterado-no-santo-antonio-alem-do-carmo-neste-sabado\/","url":"https:\/\/brasilnoticias.org\/site\/trafego-e-alterado-no-santo-antonio-alem-do-carmo-neste-sabado\/","name":"Tr\u00e1fego \u00e9 alterado no Santo Ant\u00f4nio Al\u00e9m do Carmo neste s\u00e1bado - Brasil not\u00edcias","isPartOf":{"@id":"https:\/\/brasilnoticias.org\/site\/#website"},"primaryImageOfPage":{"@id":"https:\/\/brasilnoticias.org\/site\/trafego-e-alterado-no-santo-antonio-alem-do-carmo-neste-sabado\/#primaryimage"},"image":{"@id":"https:\/\/brasilnoticias.org\/site\/trafego-e-alterado-no-santo-antonio-alem-do-carmo-neste-sabado\/#primaryimage"},"thumbnailUrl":"https:\/\/brasilnoticias.org\/site\/wp-content\/uploads\/2024\/02\/145831trafego-e-alterado-no-santo-antonio-alem-do-carmo-neste-sabado-3.jpg","datePublished":"2024-02-03T22:29:47+00:00","breadcrumb":{"@id":"https:\/\/brasilnoticias.org\/site\/trafego-e-alterado-no-santo-antonio-alem-do-carmo-neste-sabado\/#breadcrumb"},"inLanguage":"pt-PT","potentialAction":[{"@type":"ReadAction","target":["https:\/\/brasilnoticias.org\/site\/trafego-e-alterado-no-santo-antonio-alem-do-carmo-neste-sabado\/"]}]},{"@type":"ImageObject","inLanguage":"pt-PT","@id":"https:\/\/brasilnoticias.org\/site\/trafego-e-alterado-no-santo-antonio-alem-do-carmo-neste-sabado\/#primaryimage","url":"https:\/\/brasilnoticias.org\/site\/wp-content\/uploads\/2024\/02\/145831trafego-e-alterado-no-santo-antonio-alem-do-carmo-neste-sabado-3.jpg","contentUrl":"https:\/\/brasilnoticias.org\/site\/wp-content\/uploads\/2024\/02\/145831trafego-e-alterado-no-santo-antonio-alem-do-carmo-neste-sabado-3.jpg","width":1600,"height":752},{"@type":"BreadcrumbList","@id":"https:\/\/brasilnoticias.org\/site\/trafego-e-alterado-no-santo-antonio-alem-do-carmo-neste-sabado\/#breadcrumb","itemListElement":[{"@type":"ListItem","position":1,"name":"In\u00edcio","item":"https:\/\/brasilnoticias.org\/site\/"},{"@type":"ListItem","position":2,"name":"Tr\u00e1fego \u00e9 alterado no Santo Ant\u00f4nio Al\u00e9m do Carmo neste s\u00e1bado"}]},{"@type":"WebSite","@id":"https:\/\/brasilnoticias.org\/site\/#website","url":"https:\/\/brasilnoticias.org\/site\/","name":"Brasil not\u00edcias","description":"Brasil not\u00edcias","publisher":{"@id":"https:\/\/brasilnoticias.org\/site\/#organization"},"potentialAction":[{"@type":"SearchAction","target":{"@type":"EntryPoint","urlTemplate":"https:\/\/brasilnoticias.org\/site\/?s={search_term_string}"},"query-input":{"@type":"PropertyValueSpecification","valueRequired":true,"valueName":"search_term_string"}}],"inLanguage":"pt-PT"},{"@type":"Organization","@id":"https:\/\/brasilnoticias.org\/site\/#organization","name":"Brasil not\u00edcias","url":"https:\/\/brasilnoticias.org\/site\/","logo":{"@type":"ImageObject","inLanguage":"pt-PT","@id":"https:\/\/brasilnoticias.org\/site\/#\/schema\/logo\/image\/","url":"https:\/\/brasilnoticias.org\/site\/wp-content\/uploads\/2022\/05\/cropped-brasilnoticias-mini.jpg","contentUrl":"https:\/\/brasilnoticias.org\/site\/wp-content\/uploads\/2022\/05\/cropped-brasilnoticias-mini.jpg","width":314,"height":86,"caption":"Brasil not\u00edcias"},"image":{"@id":"https:\/\/brasilnoticias.org\/site\/#\/schema\/logo\/image\/"}},{"@type":"Person","@id":"https:\/\/brasilnoticias.org\/site\/#\/schema\/person\/03bbbfe6c7634ad18c26444ea39049fa","name":"Reda\u00e7\u00e3o","image":{"@type":"ImageObject","inLanguage":"pt-PT","@id":"https:\/\/brasilnoticias.org\/site\/#\/schema\/person\/image\/","url":"https:\/\/secure.gravatar.com\/avatar\/9ecaf7327a696cb23ad926fedded5f1f04d7049de9e445375d55b48c001a6e42?s=96&d=mm&r=g","contentUrl":"https:\/\/secure.gravatar.com\/avatar\/9ecaf7327a696cb23ad926fedded5f1f04d7049de9e445375d55b48c001a6e42?s=96&d=mm&r=g","caption":"Reda\u00e7\u00e3o"},"url":"https:\/\/brasilnoticias.org\/site\/author\/henrique\/"}]}},"_links":{"self":[{"href":"https:\/\/brasilnoticias.org\/site\/wp-json\/wp\/v2\/posts\/12565","targetHints":{"allow":["GET"]}}],"collection":[{"href":"https:\/\/brasilnoticias.org\/site\/wp-json\/wp\/v2\/posts"}],"about":[{"href":"https:\/\/brasilnoticias.org\/site\/wp-json\/wp\/v2\/types\/post"}],"author":[{"embeddable":true,"href":"https:\/\/brasilnoticias.org\/site\/wp-json\/wp\/v2\/users\/4"}],"replies":[{"embeddable":true,"href":"https:\/\/brasilnoticias.org\/site\/wp-json\/wp\/v2\/comments?post=12565"}],"version-history":[{"count":1,"href":"https:\/\/brasilnoticias.org\/site\/wp-json\/wp\/v2\/posts\/12565\/revisions"}],"predecessor-version":[{"id":12567,"href":"https:\/\/brasilnoticias.org\/site\/wp-json\/wp\/v2\/posts\/12565\/revisions\/12567"}],"wp:featuredmedia":[{"embeddable":true,"href":"https:\/\/brasilnoticias.org\/site\/wp-json\/wp\/v2\/media\/12566"}],"wp:attachment":[{"href":"https:\/\/brasilnoticias.org\/site\/wp-json\/wp\/v2\/media?parent=12565"}],"wp:term":[{"taxonomy":"category","embeddable":true,"href":"https:\/\/brasilnoticias.org\/site\/wp-json\/wp\/v2\/categories?post=12565"},{"taxonomy":"post_tag","embeddable":true,"href":"https:\/\/brasilnoticias.org\/site\/wp-json\/wp\/v2\/tags?post=12565"}],"curies":[{"name":"wp","href":"https:\/\/api.w.org\/{rel}","templated":true}]}}