{"id":12571,"date":"2024-02-03T19:33:21","date_gmt":"2024-02-03T22:33:21","guid":{"rendered":"https:\/\/brasilnoticias.org\/site\/?p=12571"},"modified":"2024-02-03T19:33:21","modified_gmt":"2024-02-03T22:33:21","slug":"atual-campea-olimpica-ana-marcela-cunha-se-garante-em-paris-2024","status":"publish","type":"post","link":"https:\/\/brasilnoticias.org\/site\/atual-campea-olimpica-ana-marcela-cunha-se-garante-em-paris-2024\/","title":{"rendered":"Atual campe\u00e3 ol\u00edmpica, Ana Marcela Cunha se garante em Paris 2024"},"content":{"rendered":"<p>Baiana terminou prova de 10 km do Mundial de Doha na quinta posi\u00e7\u00e3o<\/p>\n<p>Atual campe\u00e3 ol\u00edmpica nas \u00e1guas abertas, Ana Marcela Cunha est\u00e1 classificada para buscar o bi nos Jogos de Paris, na Fran\u00e7a. Neste s\u00e1bado (3\/2), a baiana chegou em quinto lugar na prova de 10 quil\u00f4metros (km) do Campeonato Mundial de Esportes Aqu\u00e1ticos, em Doha, no Catar. Ela precisava terminar a disputa entre as 13 primeiras.<\/p>\n<p>\u201cCom toda certeza o objetivo foi conclu\u00eddo. Tive uma mudan\u00e7a muito grande no \u00faltimo ano e estar aqui, disputando a vaga, \u00e9 bem importante para mim. Vou ter uma nova oportunidade de fazer hist\u00f3ria em Paris. Vou ter seis meses para dar sequ\u00eancia nos treinos e competi\u00e7\u00f5es. Estou muito feliz\u201d, celebrou Ana Marcela, que participar\u00e1 da quarta Olimp\u00edada da carreira.<\/p>\n<p>Al\u00e9m dela, Viviane Jungblut tamb\u00e9m se credenciou aos jogos, ao finalizar a prova na 14\u00aa coloca\u00e7\u00e3o. Ela se beneficiou de a Fran\u00e7a \u2013 que tinha ao menos um lugar garantido como pa\u00eds-sede da Olimp\u00edada \u2013 colocar duas atletas entre as 13 melhores em Doha. Como cada na\u00e7\u00e3o pode classificar somente duas nadadoras, uma dessa vaga francesa ser\u00e1 realocada justamente \u00e0 brasileira, que aguarda a World Aquatics (antiga Fina, sigla para Federa\u00e7\u00e3o Internacional de Nata\u00e7\u00e3o) comunicar oficialmente a conquista da ga\u00facha, que far\u00e1 sua estreia ol\u00edmpica em Paris.<\/p>\n<p>Ana Marcela concluiu os 10 km em 1h57min31seg10, oito segundos \u00e0 frente de Viviane. A vit\u00f3ria foi da holandesa Sharon van Rouwendaal, com 1h57min26seg80, menos de um segundo de vantagem sobre a espanhola Maria de Vald\u00e9s, que chegou em segundo lugar. A portuguesa Ang\u00e9lica Andr\u00e9 completou o p\u00f3dio, a dois segundos de Van Rouwendaal.<\/p>\n<p>O Brasil chegou a 148 vagas ol\u00edmpicas asseguradas em Paris, em 27 modalidades, podendo conquistar mais duas neste domingo (4\/2). A partir de 4h30 (hor\u00e1rio de Bras\u00edlia), Henrique Figueirinha e Pedro Farias caem na \u00e1gua para a prova masculina dos 10 km. Como na disputa feminina, os 13 nadadores mais bem colocados v\u00e3o aos Jogos.<\/p>\n<p>As disputas em \u00e1guas abertas no Mundial de Doha seguem na quarta-feira (7\/2), com as provas masculina e feminina de 5 km. Na quinta-feira (8), ser\u00e1 disputado o revezamento misto 4\u00d71500 m.<\/p>\n<p>Foto: Satiro Sodr\u00e9 \/ SSpress \/ CBDA<br \/>\nAg\u00eancia Brasil<\/p>\n","protected":false},"excerpt":{"rendered":"<p>Baiana terminou prova de 10 km do Mundial de Doha na quinta posi\u00e7\u00e3o Atual campe\u00e3 ol\u00edmpica nas \u00e1guas abertas, Ana<\/p>\n","protected":false},"author":4,"featured_media":12572,"comment_status":"open","ping_status":"open","sticky":false,"template":"","format":"standard","meta":{"colormag_page_container_layout":"default_layout","colormag_page_sidebar_layout":"default_layout","_FSMCFIC_featured_image_caption":"","_FSMCFIC_featured_image_nocaption":"","_FSMCFIC_featured_image_hide":"","footnotes":""},"categories":[4,1],"tags":[],"class_list":["post-12571","post","type-post","status-publish","format-standard","has-post-thumbnail","hentry","category-esporte","category-ultimas"],"yoast_head":"<!-- This site is optimized with the Yoast SEO plugin v27.1.1 - https:\/\/yoast.com\/product\/yoast-seo-wordpress\/ -->\n<title>Atual campe\u00e3 ol\u00edmpica, Ana Marcela Cunha se garante em Paris 2024 - Brasil not\u00edcias<\/title>\n<meta name=\"robots\" content=\"index, follow, max-snippet:-1, max-image-preview:large, max-video-preview:-1\" \/>\n<link rel=\"canonical\" href=\"https:\/\/brasilnoticias.org\/site\/atual-campea-olimpica-ana-marcela-cunha-se-garante-em-paris-2024\/\" \/>\n<meta property=\"og:locale\" content=\"pt_PT\" \/>\n<meta property=\"og:type\" content=\"article\" \/>\n<meta property=\"og:title\" content=\"Atual campe\u00e3 ol\u00edmpica, Ana Marcela Cunha se garante em Paris 2024 - Brasil not\u00edcias\" \/>\n<meta property=\"og:description\" content=\"Baiana terminou prova de 10 km do Mundial de Doha na quinta posi\u00e7\u00e3o Atual campe\u00e3 ol\u00edmpica nas \u00e1guas abertas, Ana\" \/>\n<meta property=\"og:url\" content=\"https:\/\/brasilnoticias.org\/site\/atual-campea-olimpica-ana-marcela-cunha-se-garante-em-paris-2024\/\" \/>\n<meta property=\"og:site_name\" content=\"Brasil not\u00edcias\" \/>\n<meta property=\"article:published_time\" content=\"2024-02-03T22:33:21+00:00\" \/>\n<meta property=\"og:image\" content=\"https:\/\/brasilnoticias.org\/site\/wp-content\/uploads\/2024\/02\/campea.jpg\" \/>\n\t<meta property=\"og:image:width\" content=\"960\" \/>\n\t<meta property=\"og:image:height\" content=\"500\" \/>\n\t<meta property=\"og:image:type\" content=\"image\/jpeg\" \/>\n<meta name=\"author\" content=\"Reda\u00e7\u00e3o\" \/>\n<meta name=\"twitter:card\" content=\"summary_large_image\" \/>\n<meta name=\"twitter:label1\" content=\"Escrito por\" \/>\n\t<meta name=\"twitter:data1\" content=\"Reda\u00e7\u00e3o\" \/>\n\t<meta name=\"twitter:label2\" content=\"Tempo estimado de leitura\" \/>\n\t<meta name=\"twitter:data2\" content=\"1 minuto\" \/>\n<script type=\"application\/ld+json\" class=\"yoast-schema-graph\">{\"@context\":\"https:\/\/schema.org\",\"@graph\":[{\"@type\":\"Article\",\"@id\":\"https:\/\/brasilnoticias.org\/site\/atual-campea-olimpica-ana-marcela-cunha-se-garante-em-paris-2024\/#article\",\"isPartOf\":{\"@id\":\"https:\/\/brasilnoticias.org\/site\/atual-campea-olimpica-ana-marcela-cunha-se-garante-em-paris-2024\/\"},\"author\":{\"name\":\"Reda\u00e7\u00e3o\",\"@id\":\"https:\/\/brasilnoticias.org\/site\/#\/schema\/person\/03bbbfe6c7634ad18c26444ea39049fa\"},\"headline\":\"Atual campe\u00e3 ol\u00edmpica, Ana Marcela Cunha se garante em Paris 2024\",\"datePublished\":\"2024-02-03T22:33:21+00:00\",\"mainEntityOfPage\":{\"@id\":\"https:\/\/brasilnoticias.org\/site\/atual-campea-olimpica-ana-marcela-cunha-se-garante-em-paris-2024\/\"},\"wordCount\":389,\"commentCount\":0,\"publisher\":{\"@id\":\"https:\/\/brasilnoticias.org\/site\/#organization\"},\"image\":{\"@id\":\"https:\/\/brasilnoticias.org\/site\/atual-campea-olimpica-ana-marcela-cunha-se-garante-em-paris-2024\/#primaryimage\"},\"thumbnailUrl\":\"https:\/\/brasilnoticias.org\/site\/wp-content\/uploads\/2024\/02\/campea.jpg\",\"articleSection\":[\"Esporte\",\"\u00daltimas\"],\"inLanguage\":\"pt-PT\",\"potentialAction\":[{\"@type\":\"CommentAction\",\"name\":\"Comment\",\"target\":[\"https:\/\/brasilnoticias.org\/site\/atual-campea-olimpica-ana-marcela-cunha-se-garante-em-paris-2024\/#respond\"]}]},{\"@type\":\"WebPage\",\"@id\":\"https:\/\/brasilnoticias.org\/site\/atual-campea-olimpica-ana-marcela-cunha-se-garante-em-paris-2024\/\",\"url\":\"https:\/\/brasilnoticias.org\/site\/atual-campea-olimpica-ana-marcela-cunha-se-garante-em-paris-2024\/\",\"name\":\"Atual campe\u00e3 ol\u00edmpica, Ana Marcela Cunha se garante em Paris 2024 - Brasil not\u00edcias\",\"isPartOf\":{\"@id\":\"https:\/\/brasilnoticias.org\/site\/#website\"},\"primaryImageOfPage\":{\"@id\":\"https:\/\/brasilnoticias.org\/site\/atual-campea-olimpica-ana-marcela-cunha-se-garante-em-paris-2024\/#primaryimage\"},\"image\":{\"@id\":\"https:\/\/brasilnoticias.org\/site\/atual-campea-olimpica-ana-marcela-cunha-se-garante-em-paris-2024\/#primaryimage\"},\"thumbnailUrl\":\"https:\/\/brasilnoticias.org\/site\/wp-content\/uploads\/2024\/02\/campea.jpg\",\"datePublished\":\"2024-02-03T22:33:21+00:00\",\"breadcrumb\":{\"@id\":\"https:\/\/brasilnoticias.org\/site\/atual-campea-olimpica-ana-marcela-cunha-se-garante-em-paris-2024\/#breadcrumb\"},\"inLanguage\":\"pt-PT\",\"potentialAction\":[{\"@type\":\"ReadAction\",\"target\":[\"https:\/\/brasilnoticias.org\/site\/atual-campea-olimpica-ana-marcela-cunha-se-garante-em-paris-2024\/\"]}]},{\"@type\":\"ImageObject\",\"inLanguage\":\"pt-PT\",\"@id\":\"https:\/\/brasilnoticias.org\/site\/atual-campea-olimpica-ana-marcela-cunha-se-garante-em-paris-2024\/#primaryimage\",\"url\":\"https:\/\/brasilnoticias.org\/site\/wp-content\/uploads\/2024\/02\/campea.jpg\",\"contentUrl\":\"https:\/\/brasilnoticias.org\/site\/wp-content\/uploads\/2024\/02\/campea.jpg\",\"width\":960,\"height\":500},{\"@type\":\"BreadcrumbList\",\"@id\":\"https:\/\/brasilnoticias.org\/site\/atual-campea-olimpica-ana-marcela-cunha-se-garante-em-paris-2024\/#breadcrumb\",\"itemListElement\":[{\"@type\":\"ListItem\",\"position\":1,\"name\":\"In\u00edcio\",\"item\":\"https:\/\/brasilnoticias.org\/site\/\"},{\"@type\":\"ListItem\",\"position\":2,\"name\":\"Atual campe\u00e3 ol\u00edmpica, Ana Marcela Cunha se garante em Paris 2024\"}]},{\"@type\":\"WebSite\",\"@id\":\"https:\/\/brasilnoticias.org\/site\/#website\",\"url\":\"https:\/\/brasilnoticias.org\/site\/\",\"name\":\"Brasil not\u00edcias\",\"description\":\"Brasil not\u00edcias\",\"publisher\":{\"@id\":\"https:\/\/brasilnoticias.org\/site\/#organization\"},\"potentialAction\":[{\"@type\":\"SearchAction\",\"target\":{\"@type\":\"EntryPoint\",\"urlTemplate\":\"https:\/\/brasilnoticias.org\/site\/?s={search_term_string}\"},\"query-input\":{\"@type\":\"PropertyValueSpecification\",\"valueRequired\":true,\"valueName\":\"search_term_string\"}}],\"inLanguage\":\"pt-PT\"},{\"@type\":\"Organization\",\"@id\":\"https:\/\/brasilnoticias.org\/site\/#organization\",\"name\":\"Brasil not\u00edcias\",\"url\":\"https:\/\/brasilnoticias.org\/site\/\",\"logo\":{\"@type\":\"ImageObject\",\"inLanguage\":\"pt-PT\",\"@id\":\"https:\/\/brasilnoticias.org\/site\/#\/schema\/logo\/image\/\",\"url\":\"https:\/\/brasilnoticias.org\/site\/wp-content\/uploads\/2022\/05\/cropped-brasilnoticias-mini.jpg\",\"contentUrl\":\"https:\/\/brasilnoticias.org\/site\/wp-content\/uploads\/2022\/05\/cropped-brasilnoticias-mini.jpg\",\"width\":314,\"height\":86,\"caption\":\"Brasil not\u00edcias\"},\"image\":{\"@id\":\"https:\/\/brasilnoticias.org\/site\/#\/schema\/logo\/image\/\"}},{\"@type\":\"Person\",\"@id\":\"https:\/\/brasilnoticias.org\/site\/#\/schema\/person\/03bbbfe6c7634ad18c26444ea39049fa\",\"name\":\"Reda\u00e7\u00e3o\",\"image\":{\"@type\":\"ImageObject\",\"inLanguage\":\"pt-PT\",\"@id\":\"https:\/\/brasilnoticias.org\/site\/#\/schema\/person\/image\/\",\"url\":\"https:\/\/secure.gravatar.com\/avatar\/9ecaf7327a696cb23ad926fedded5f1f04d7049de9e445375d55b48c001a6e42?s=96&d=mm&r=g\",\"contentUrl\":\"https:\/\/secure.gravatar.com\/avatar\/9ecaf7327a696cb23ad926fedded5f1f04d7049de9e445375d55b48c001a6e42?s=96&d=mm&r=g\",\"caption\":\"Reda\u00e7\u00e3o\"},\"url\":\"https:\/\/brasilnoticias.org\/site\/author\/henrique\/\"}]}<\/script>\n<!-- \/ Yoast SEO plugin. -->","yoast_head_json":{"title":"Atual campe\u00e3 ol\u00edmpica, Ana Marcela Cunha se garante em Paris 2024 - Brasil not\u00edcias","robots":{"index":"index","follow":"follow","max-snippet":"max-snippet:-1","max-image-preview":"max-image-preview:large","max-video-preview":"max-video-preview:-1"},"canonical":"https:\/\/brasilnoticias.org\/site\/atual-campea-olimpica-ana-marcela-cunha-se-garante-em-paris-2024\/","og_locale":"pt_PT","og_type":"article","og_title":"Atual campe\u00e3 ol\u00edmpica, Ana Marcela Cunha se garante em Paris 2024 - Brasil not\u00edcias","og_description":"Baiana terminou prova de 10 km do Mundial de Doha na quinta posi\u00e7\u00e3o Atual campe\u00e3 ol\u00edmpica nas \u00e1guas abertas, Ana","og_url":"https:\/\/brasilnoticias.org\/site\/atual-campea-olimpica-ana-marcela-cunha-se-garante-em-paris-2024\/","og_site_name":"Brasil not\u00edcias","article_published_time":"2024-02-03T22:33:21+00:00","og_image":[{"width":960,"height":500,"url":"https:\/\/brasilnoticias.org\/site\/wp-content\/uploads\/2024\/02\/campea.jpg","type":"image\/jpeg"}],"author":"Reda\u00e7\u00e3o","twitter_card":"summary_large_image","twitter_misc":{"Escrito por":"Reda\u00e7\u00e3o","Tempo estimado de leitura":"1 minuto"},"schema":{"@context":"https:\/\/schema.org","@graph":[{"@type":"Article","@id":"https:\/\/brasilnoticias.org\/site\/atual-campea-olimpica-ana-marcela-cunha-se-garante-em-paris-2024\/#article","isPartOf":{"@id":"https:\/\/brasilnoticias.org\/site\/atual-campea-olimpica-ana-marcela-cunha-se-garante-em-paris-2024\/"},"author":{"name":"Reda\u00e7\u00e3o","@id":"https:\/\/brasilnoticias.org\/site\/#\/schema\/person\/03bbbfe6c7634ad18c26444ea39049fa"},"headline":"Atual campe\u00e3 ol\u00edmpica, Ana Marcela Cunha se garante em Paris 2024","datePublished":"2024-02-03T22:33:21+00:00","mainEntityOfPage":{"@id":"https:\/\/brasilnoticias.org\/site\/atual-campea-olimpica-ana-marcela-cunha-se-garante-em-paris-2024\/"},"wordCount":389,"commentCount":0,"publisher":{"@id":"https:\/\/brasilnoticias.org\/site\/#organization"},"image":{"@id":"https:\/\/brasilnoticias.org\/site\/atual-campea-olimpica-ana-marcela-cunha-se-garante-em-paris-2024\/#primaryimage"},"thumbnailUrl":"https:\/\/brasilnoticias.org\/site\/wp-content\/uploads\/2024\/02\/campea.jpg","articleSection":["Esporte","\u00daltimas"],"inLanguage":"pt-PT","potentialAction":[{"@type":"CommentAction","name":"Comment","target":["https:\/\/brasilnoticias.org\/site\/atual-campea-olimpica-ana-marcela-cunha-se-garante-em-paris-2024\/#respond"]}]},{"@type":"WebPage","@id":"https:\/\/brasilnoticias.org\/site\/atual-campea-olimpica-ana-marcela-cunha-se-garante-em-paris-2024\/","url":"https:\/\/brasilnoticias.org\/site\/atual-campea-olimpica-ana-marcela-cunha-se-garante-em-paris-2024\/","name":"Atual campe\u00e3 ol\u00edmpica, Ana Marcela Cunha se garante em Paris 2024 - Brasil not\u00edcias","isPartOf":{"@id":"https:\/\/brasilnoticias.org\/site\/#website"},"primaryImageOfPage":{"@id":"https:\/\/brasilnoticias.org\/site\/atual-campea-olimpica-ana-marcela-cunha-se-garante-em-paris-2024\/#primaryimage"},"image":{"@id":"https:\/\/brasilnoticias.org\/site\/atual-campea-olimpica-ana-marcela-cunha-se-garante-em-paris-2024\/#primaryimage"},"thumbnailUrl":"https:\/\/brasilnoticias.org\/site\/wp-content\/uploads\/2024\/02\/campea.jpg","datePublished":"2024-02-03T22:33:21+00:00","breadcrumb":{"@id":"https:\/\/brasilnoticias.org\/site\/atual-campea-olimpica-ana-marcela-cunha-se-garante-em-paris-2024\/#breadcrumb"},"inLanguage":"pt-PT","potentialAction":[{"@type":"ReadAction","target":["https:\/\/brasilnoticias.org\/site\/atual-campea-olimpica-ana-marcela-cunha-se-garante-em-paris-2024\/"]}]},{"@type":"ImageObject","inLanguage":"pt-PT","@id":"https:\/\/brasilnoticias.org\/site\/atual-campea-olimpica-ana-marcela-cunha-se-garante-em-paris-2024\/#primaryimage","url":"https:\/\/brasilnoticias.org\/site\/wp-content\/uploads\/2024\/02\/campea.jpg","contentUrl":"https:\/\/brasilnoticias.org\/site\/wp-content\/uploads\/2024\/02\/campea.jpg","width":960,"height":500},{"@type":"BreadcrumbList","@id":"https:\/\/brasilnoticias.org\/site\/atual-campea-olimpica-ana-marcela-cunha-se-garante-em-paris-2024\/#breadcrumb","itemListElement":[{"@type":"ListItem","position":1,"name":"In\u00edcio","item":"https:\/\/brasilnoticias.org\/site\/"},{"@type":"ListItem","position":2,"name":"Atual campe\u00e3 ol\u00edmpica, Ana Marcela Cunha se garante em Paris 2024"}]},{"@type":"WebSite","@id":"https:\/\/brasilnoticias.org\/site\/#website","url":"https:\/\/brasilnoticias.org\/site\/","name":"Brasil not\u00edcias","description":"Brasil not\u00edcias","publisher":{"@id":"https:\/\/brasilnoticias.org\/site\/#organization"},"potentialAction":[{"@type":"SearchAction","target":{"@type":"EntryPoint","urlTemplate":"https:\/\/brasilnoticias.org\/site\/?s={search_term_string}"},"query-input":{"@type":"PropertyValueSpecification","valueRequired":true,"valueName":"search_term_string"}}],"inLanguage":"pt-PT"},{"@type":"Organization","@id":"https:\/\/brasilnoticias.org\/site\/#organization","name":"Brasil not\u00edcias","url":"https:\/\/brasilnoticias.org\/site\/","logo":{"@type":"ImageObject","inLanguage":"pt-PT","@id":"https:\/\/brasilnoticias.org\/site\/#\/schema\/logo\/image\/","url":"https:\/\/brasilnoticias.org\/site\/wp-content\/uploads\/2022\/05\/cropped-brasilnoticias-mini.jpg","contentUrl":"https:\/\/brasilnoticias.org\/site\/wp-content\/uploads\/2022\/05\/cropped-brasilnoticias-mini.jpg","width":314,"height":86,"caption":"Brasil not\u00edcias"},"image":{"@id":"https:\/\/brasilnoticias.org\/site\/#\/schema\/logo\/image\/"}},{"@type":"Person","@id":"https:\/\/brasilnoticias.org\/site\/#\/schema\/person\/03bbbfe6c7634ad18c26444ea39049fa","name":"Reda\u00e7\u00e3o","image":{"@type":"ImageObject","inLanguage":"pt-PT","@id":"https:\/\/brasilnoticias.org\/site\/#\/schema\/person\/image\/","url":"https:\/\/secure.gravatar.com\/avatar\/9ecaf7327a696cb23ad926fedded5f1f04d7049de9e445375d55b48c001a6e42?s=96&d=mm&r=g","contentUrl":"https:\/\/secure.gravatar.com\/avatar\/9ecaf7327a696cb23ad926fedded5f1f04d7049de9e445375d55b48c001a6e42?s=96&d=mm&r=g","caption":"Reda\u00e7\u00e3o"},"url":"https:\/\/brasilnoticias.org\/site\/author\/henrique\/"}]}},"_links":{"self":[{"href":"https:\/\/brasilnoticias.org\/site\/wp-json\/wp\/v2\/posts\/12571","targetHints":{"allow":["GET"]}}],"collection":[{"href":"https:\/\/brasilnoticias.org\/site\/wp-json\/wp\/v2\/posts"}],"about":[{"href":"https:\/\/brasilnoticias.org\/site\/wp-json\/wp\/v2\/types\/post"}],"author":[{"embeddable":true,"href":"https:\/\/brasilnoticias.org\/site\/wp-json\/wp\/v2\/users\/4"}],"replies":[{"embeddable":true,"href":"https:\/\/brasilnoticias.org\/site\/wp-json\/wp\/v2\/comments?post=12571"}],"version-history":[{"count":1,"href":"https:\/\/brasilnoticias.org\/site\/wp-json\/wp\/v2\/posts\/12571\/revisions"}],"predecessor-version":[{"id":12573,"href":"https:\/\/brasilnoticias.org\/site\/wp-json\/wp\/v2\/posts\/12571\/revisions\/12573"}],"wp:featuredmedia":[{"embeddable":true,"href":"https:\/\/brasilnoticias.org\/site\/wp-json\/wp\/v2\/media\/12572"}],"wp:attachment":[{"href":"https:\/\/brasilnoticias.org\/site\/wp-json\/wp\/v2\/media?parent=12571"}],"wp:term":[{"taxonomy":"category","embeddable":true,"href":"https:\/\/brasilnoticias.org\/site\/wp-json\/wp\/v2\/categories?post=12571"},{"taxonomy":"post_tag","embeddable":true,"href":"https:\/\/brasilnoticias.org\/site\/wp-json\/wp\/v2\/tags?post=12571"}],"curies":[{"name":"wp","href":"https:\/\/api.w.org\/{rel}","templated":true}]}}