{"id":12590,"date":"2024-02-04T19:30:12","date_gmt":"2024-02-04T22:30:12","guid":{"rendered":"https:\/\/brasilnoticias.org\/site\/?p=12590"},"modified":"2024-02-04T19:30:12","modified_gmt":"2024-02-04T22:30:12","slug":"jornalista-e-presa-em-flagrante-por-injuria-racial-contra-pm-no-1o-dia-de-pre-carnaval","status":"publish","type":"post","link":"https:\/\/brasilnoticias.org\/site\/jornalista-e-presa-em-flagrante-por-injuria-racial-contra-pm-no-1o-dia-de-pre-carnaval\/","title":{"rendered":"Jornalista \u00e9 presa em flagrante por inj\u00faria racial contra PM no 1\u00ba dia de pr\u00e9-carnaval"},"content":{"rendered":"<p>As informa\u00e7\u00f5es passadas pela Pol\u00edcia Civil (PC) s\u00e3o de que a mulher agrediu verbalmente uma policial militar.<\/p>\n<p>Uma jornalista, que n\u00e3o teve o nome divulgado, foi presa em flagrante neste s\u00e1bado (3), durante o Fuzu\u00ea, que faz parte dos evento de pr\u00e9-carnaval em Salvador, por inj\u00faria racial. <\/p>\n<p>As informa\u00e7\u00f5es passadas pela Pol\u00edcia Civil (PC) s\u00e3o de que a mulher agrediu verbalmente uma policial militar. Ela teria se recusado a parar no portal para ser abordada pela agente de seguran\u00e7a por se tratar de uma mulher negra.<\/p>\n<p>Ainda segundo a PC, a jornalista proferiu insultos contra a v\u00edtima. O registro da ocorr\u00eancia foi feito no Posto da Pol\u00edcia Civil localizado na Rua Marqu\u00eas de Le\u00e3o, na Barra. A delegada Marialda Santos, respons\u00e1vel pela efetiva\u00e7\u00e3o do flagrante, disse que a suspeita n\u00e3o demonstrou arrependimento e seguiu mantendo o discurso racista.<\/p>\n<p>Ap\u00f3s ser detida, a mulher foi submetida a exames de les\u00f5es corporais e seguir\u00e1 presa, \u00e0 disposi\u00e7\u00e3o da Audi\u00eancia de Cust\u00f3dia do Poder Judici\u00e1rio.<\/p>\n<p>Foto: Haeckel Dias\/Ascom-PC.<br \/>\nPor: Metro1<\/p>\n","protected":false},"excerpt":{"rendered":"<p>As informa\u00e7\u00f5es passadas pela Pol\u00edcia Civil (PC) s\u00e3o de que a mulher agrediu verbalmente uma policial militar. Uma jornalista, que<\/p>\n","protected":false},"author":4,"featured_media":12591,"comment_status":"open","ping_status":"open","sticky":false,"template":"","format":"standard","meta":{"colormag_page_container_layout":"default_layout","colormag_page_sidebar_layout":"default_layout","_FSMCFIC_featured_image_caption":"","_FSMCFIC_featured_image_nocaption":"","_FSMCFIC_featured_image_hide":"","footnotes":""},"categories":[3,1],"tags":[],"class_list":["post-12590","post","type-post","status-publish","format-standard","has-post-thumbnail","hentry","category-policia","category-ultimas"],"yoast_head":"<!-- This site is optimized with the Yoast SEO plugin v27.1.1 - https:\/\/yoast.com\/product\/yoast-seo-wordpress\/ -->\n<title>Jornalista \u00e9 presa em flagrante por inj\u00faria racial contra PM no 1\u00ba dia de pr\u00e9-carnaval - Brasil not\u00edcias<\/title>\n<meta name=\"robots\" content=\"index, follow, max-snippet:-1, max-image-preview:large, max-video-preview:-1\" \/>\n<link rel=\"canonical\" href=\"https:\/\/brasilnoticias.org\/site\/jornalista-e-presa-em-flagrante-por-injuria-racial-contra-pm-no-1o-dia-de-pre-carnaval\/\" \/>\n<meta property=\"og:locale\" content=\"pt_PT\" \/>\n<meta property=\"og:type\" content=\"article\" \/>\n<meta property=\"og:title\" content=\"Jornalista \u00e9 presa em flagrante por inj\u00faria racial contra PM no 1\u00ba dia de pr\u00e9-carnaval - Brasil not\u00edcias\" \/>\n<meta property=\"og:description\" content=\"As informa\u00e7\u00f5es passadas pela Pol\u00edcia Civil (PC) s\u00e3o de que a mulher agrediu verbalmente uma policial militar. Uma jornalista, que\" \/>\n<meta property=\"og:url\" content=\"https:\/\/brasilnoticias.org\/site\/jornalista-e-presa-em-flagrante-por-injuria-racial-contra-pm-no-1o-dia-de-pre-carnaval\/\" \/>\n<meta property=\"og:site_name\" content=\"Brasil not\u00edcias\" \/>\n<meta property=\"article:published_time\" content=\"2024-02-04T22:30:12+00:00\" \/>\n<meta property=\"og:image\" content=\"https:\/\/brasilnoticias.org\/site\/wp-content\/uploads\/2024\/02\/145861jornalista-e-presa-em-flagrante-por-injuria-racial-contra-pm-no-1-dia-de-pre-carnaval-3.jpg\" \/>\n\t<meta property=\"og:image:width\" content=\"1600\" \/>\n\t<meta property=\"og:image:height\" content=\"752\" \/>\n\t<meta property=\"og:image:type\" content=\"image\/jpeg\" \/>\n<meta name=\"author\" content=\"Reda\u00e7\u00e3o\" \/>\n<meta name=\"twitter:card\" content=\"summary_large_image\" \/>\n<meta name=\"twitter:label1\" content=\"Escrito por\" \/>\n\t<meta name=\"twitter:data1\" content=\"Reda\u00e7\u00e3o\" \/>\n\t<meta name=\"twitter:label2\" content=\"Tempo estimado de leitura\" \/>\n\t<meta name=\"twitter:data2\" content=\"1 minuto\" \/>\n<script type=\"application\/ld+json\" class=\"yoast-schema-graph\">{\"@context\":\"https:\/\/schema.org\",\"@graph\":[{\"@type\":\"Article\",\"@id\":\"https:\/\/brasilnoticias.org\/site\/jornalista-e-presa-em-flagrante-por-injuria-racial-contra-pm-no-1o-dia-de-pre-carnaval\/#article\",\"isPartOf\":{\"@id\":\"https:\/\/brasilnoticias.org\/site\/jornalista-e-presa-em-flagrante-por-injuria-racial-contra-pm-no-1o-dia-de-pre-carnaval\/\"},\"author\":{\"name\":\"Reda\u00e7\u00e3o\",\"@id\":\"https:\/\/brasilnoticias.org\/site\/#\/schema\/person\/03bbbfe6c7634ad18c26444ea39049fa\"},\"headline\":\"Jornalista \u00e9 presa em flagrante por inj\u00faria racial contra PM no 1\u00ba dia de pr\u00e9-carnaval\",\"datePublished\":\"2024-02-04T22:30:12+00:00\",\"mainEntityOfPage\":{\"@id\":\"https:\/\/brasilnoticias.org\/site\/jornalista-e-presa-em-flagrante-por-injuria-racial-contra-pm-no-1o-dia-de-pre-carnaval\/\"},\"wordCount\":206,\"commentCount\":0,\"publisher\":{\"@id\":\"https:\/\/brasilnoticias.org\/site\/#organization\"},\"image\":{\"@id\":\"https:\/\/brasilnoticias.org\/site\/jornalista-e-presa-em-flagrante-por-injuria-racial-contra-pm-no-1o-dia-de-pre-carnaval\/#primaryimage\"},\"thumbnailUrl\":\"https:\/\/brasilnoticias.org\/site\/wp-content\/uploads\/2024\/02\/145861jornalista-e-presa-em-flagrante-por-injuria-racial-contra-pm-no-1-dia-de-pre-carnaval-3.jpg\",\"articleSection\":[\"Pol\u00edcia\",\"\u00daltimas\"],\"inLanguage\":\"pt-PT\",\"potentialAction\":[{\"@type\":\"CommentAction\",\"name\":\"Comment\",\"target\":[\"https:\/\/brasilnoticias.org\/site\/jornalista-e-presa-em-flagrante-por-injuria-racial-contra-pm-no-1o-dia-de-pre-carnaval\/#respond\"]}]},{\"@type\":\"WebPage\",\"@id\":\"https:\/\/brasilnoticias.org\/site\/jornalista-e-presa-em-flagrante-por-injuria-racial-contra-pm-no-1o-dia-de-pre-carnaval\/\",\"url\":\"https:\/\/brasilnoticias.org\/site\/jornalista-e-presa-em-flagrante-por-injuria-racial-contra-pm-no-1o-dia-de-pre-carnaval\/\",\"name\":\"Jornalista \u00e9 presa em flagrante por inj\u00faria racial contra PM no 1\u00ba dia de pr\u00e9-carnaval - Brasil not\u00edcias\",\"isPartOf\":{\"@id\":\"https:\/\/brasilnoticias.org\/site\/#website\"},\"primaryImageOfPage\":{\"@id\":\"https:\/\/brasilnoticias.org\/site\/jornalista-e-presa-em-flagrante-por-injuria-racial-contra-pm-no-1o-dia-de-pre-carnaval\/#primaryimage\"},\"image\":{\"@id\":\"https:\/\/brasilnoticias.org\/site\/jornalista-e-presa-em-flagrante-por-injuria-racial-contra-pm-no-1o-dia-de-pre-carnaval\/#primaryimage\"},\"thumbnailUrl\":\"https:\/\/brasilnoticias.org\/site\/wp-content\/uploads\/2024\/02\/145861jornalista-e-presa-em-flagrante-por-injuria-racial-contra-pm-no-1-dia-de-pre-carnaval-3.jpg\",\"datePublished\":\"2024-02-04T22:30:12+00:00\",\"breadcrumb\":{\"@id\":\"https:\/\/brasilnoticias.org\/site\/jornalista-e-presa-em-flagrante-por-injuria-racial-contra-pm-no-1o-dia-de-pre-carnaval\/#breadcrumb\"},\"inLanguage\":\"pt-PT\",\"potentialAction\":[{\"@type\":\"ReadAction\",\"target\":[\"https:\/\/brasilnoticias.org\/site\/jornalista-e-presa-em-flagrante-por-injuria-racial-contra-pm-no-1o-dia-de-pre-carnaval\/\"]}]},{\"@type\":\"ImageObject\",\"inLanguage\":\"pt-PT\",\"@id\":\"https:\/\/brasilnoticias.org\/site\/jornalista-e-presa-em-flagrante-por-injuria-racial-contra-pm-no-1o-dia-de-pre-carnaval\/#primaryimage\",\"url\":\"https:\/\/brasilnoticias.org\/site\/wp-content\/uploads\/2024\/02\/145861jornalista-e-presa-em-flagrante-por-injuria-racial-contra-pm-no-1-dia-de-pre-carnaval-3.jpg\",\"contentUrl\":\"https:\/\/brasilnoticias.org\/site\/wp-content\/uploads\/2024\/02\/145861jornalista-e-presa-em-flagrante-por-injuria-racial-contra-pm-no-1-dia-de-pre-carnaval-3.jpg\",\"width\":1600,\"height\":752},{\"@type\":\"BreadcrumbList\",\"@id\":\"https:\/\/brasilnoticias.org\/site\/jornalista-e-presa-em-flagrante-por-injuria-racial-contra-pm-no-1o-dia-de-pre-carnaval\/#breadcrumb\",\"itemListElement\":[{\"@type\":\"ListItem\",\"position\":1,\"name\":\"In\u00edcio\",\"item\":\"https:\/\/brasilnoticias.org\/site\/\"},{\"@type\":\"ListItem\",\"position\":2,\"name\":\"Jornalista \u00e9 presa em flagrante por inj\u00faria racial contra PM no 1\u00ba dia de pr\u00e9-carnaval\"}]},{\"@type\":\"WebSite\",\"@id\":\"https:\/\/brasilnoticias.org\/site\/#website\",\"url\":\"https:\/\/brasilnoticias.org\/site\/\",\"name\":\"Brasil not\u00edcias\",\"description\":\"Brasil not\u00edcias\",\"publisher\":{\"@id\":\"https:\/\/brasilnoticias.org\/site\/#organization\"},\"potentialAction\":[{\"@type\":\"SearchAction\",\"target\":{\"@type\":\"EntryPoint\",\"urlTemplate\":\"https:\/\/brasilnoticias.org\/site\/?s={search_term_string}\"},\"query-input\":{\"@type\":\"PropertyValueSpecification\",\"valueRequired\":true,\"valueName\":\"search_term_string\"}}],\"inLanguage\":\"pt-PT\"},{\"@type\":\"Organization\",\"@id\":\"https:\/\/brasilnoticias.org\/site\/#organization\",\"name\":\"Brasil not\u00edcias\",\"url\":\"https:\/\/brasilnoticias.org\/site\/\",\"logo\":{\"@type\":\"ImageObject\",\"inLanguage\":\"pt-PT\",\"@id\":\"https:\/\/brasilnoticias.org\/site\/#\/schema\/logo\/image\/\",\"url\":\"https:\/\/brasilnoticias.org\/site\/wp-content\/uploads\/2022\/05\/cropped-brasilnoticias-mini.jpg\",\"contentUrl\":\"https:\/\/brasilnoticias.org\/site\/wp-content\/uploads\/2022\/05\/cropped-brasilnoticias-mini.jpg\",\"width\":314,\"height\":86,\"caption\":\"Brasil not\u00edcias\"},\"image\":{\"@id\":\"https:\/\/brasilnoticias.org\/site\/#\/schema\/logo\/image\/\"}},{\"@type\":\"Person\",\"@id\":\"https:\/\/brasilnoticias.org\/site\/#\/schema\/person\/03bbbfe6c7634ad18c26444ea39049fa\",\"name\":\"Reda\u00e7\u00e3o\",\"image\":{\"@type\":\"ImageObject\",\"inLanguage\":\"pt-PT\",\"@id\":\"https:\/\/brasilnoticias.org\/site\/#\/schema\/person\/image\/\",\"url\":\"https:\/\/secure.gravatar.com\/avatar\/9ecaf7327a696cb23ad926fedded5f1f04d7049de9e445375d55b48c001a6e42?s=96&d=mm&r=g\",\"contentUrl\":\"https:\/\/secure.gravatar.com\/avatar\/9ecaf7327a696cb23ad926fedded5f1f04d7049de9e445375d55b48c001a6e42?s=96&d=mm&r=g\",\"caption\":\"Reda\u00e7\u00e3o\"},\"url\":\"https:\/\/brasilnoticias.org\/site\/author\/henrique\/\"}]}<\/script>\n<!-- \/ Yoast SEO plugin. -->","yoast_head_json":{"title":"Jornalista \u00e9 presa em flagrante por inj\u00faria racial contra PM no 1\u00ba dia de pr\u00e9-carnaval - Brasil not\u00edcias","robots":{"index":"index","follow":"follow","max-snippet":"max-snippet:-1","max-image-preview":"max-image-preview:large","max-video-preview":"max-video-preview:-1"},"canonical":"https:\/\/brasilnoticias.org\/site\/jornalista-e-presa-em-flagrante-por-injuria-racial-contra-pm-no-1o-dia-de-pre-carnaval\/","og_locale":"pt_PT","og_type":"article","og_title":"Jornalista \u00e9 presa em flagrante por inj\u00faria racial contra PM no 1\u00ba dia de pr\u00e9-carnaval - Brasil not\u00edcias","og_description":"As informa\u00e7\u00f5es passadas pela Pol\u00edcia Civil (PC) s\u00e3o de que a mulher agrediu verbalmente uma policial militar. Uma jornalista, que","og_url":"https:\/\/brasilnoticias.org\/site\/jornalista-e-presa-em-flagrante-por-injuria-racial-contra-pm-no-1o-dia-de-pre-carnaval\/","og_site_name":"Brasil not\u00edcias","article_published_time":"2024-02-04T22:30:12+00:00","og_image":[{"width":1600,"height":752,"url":"https:\/\/brasilnoticias.org\/site\/wp-content\/uploads\/2024\/02\/145861jornalista-e-presa-em-flagrante-por-injuria-racial-contra-pm-no-1-dia-de-pre-carnaval-3.jpg","type":"image\/jpeg"}],"author":"Reda\u00e7\u00e3o","twitter_card":"summary_large_image","twitter_misc":{"Escrito por":"Reda\u00e7\u00e3o","Tempo estimado de leitura":"1 minuto"},"schema":{"@context":"https:\/\/schema.org","@graph":[{"@type":"Article","@id":"https:\/\/brasilnoticias.org\/site\/jornalista-e-presa-em-flagrante-por-injuria-racial-contra-pm-no-1o-dia-de-pre-carnaval\/#article","isPartOf":{"@id":"https:\/\/brasilnoticias.org\/site\/jornalista-e-presa-em-flagrante-por-injuria-racial-contra-pm-no-1o-dia-de-pre-carnaval\/"},"author":{"name":"Reda\u00e7\u00e3o","@id":"https:\/\/brasilnoticias.org\/site\/#\/schema\/person\/03bbbfe6c7634ad18c26444ea39049fa"},"headline":"Jornalista \u00e9 presa em flagrante por inj\u00faria racial contra PM no 1\u00ba dia de pr\u00e9-carnaval","datePublished":"2024-02-04T22:30:12+00:00","mainEntityOfPage":{"@id":"https:\/\/brasilnoticias.org\/site\/jornalista-e-presa-em-flagrante-por-injuria-racial-contra-pm-no-1o-dia-de-pre-carnaval\/"},"wordCount":206,"commentCount":0,"publisher":{"@id":"https:\/\/brasilnoticias.org\/site\/#organization"},"image":{"@id":"https:\/\/brasilnoticias.org\/site\/jornalista-e-presa-em-flagrante-por-injuria-racial-contra-pm-no-1o-dia-de-pre-carnaval\/#primaryimage"},"thumbnailUrl":"https:\/\/brasilnoticias.org\/site\/wp-content\/uploads\/2024\/02\/145861jornalista-e-presa-em-flagrante-por-injuria-racial-contra-pm-no-1-dia-de-pre-carnaval-3.jpg","articleSection":["Pol\u00edcia","\u00daltimas"],"inLanguage":"pt-PT","potentialAction":[{"@type":"CommentAction","name":"Comment","target":["https:\/\/brasilnoticias.org\/site\/jornalista-e-presa-em-flagrante-por-injuria-racial-contra-pm-no-1o-dia-de-pre-carnaval\/#respond"]}]},{"@type":"WebPage","@id":"https:\/\/brasilnoticias.org\/site\/jornalista-e-presa-em-flagrante-por-injuria-racial-contra-pm-no-1o-dia-de-pre-carnaval\/","url":"https:\/\/brasilnoticias.org\/site\/jornalista-e-presa-em-flagrante-por-injuria-racial-contra-pm-no-1o-dia-de-pre-carnaval\/","name":"Jornalista \u00e9 presa em flagrante por inj\u00faria racial contra PM no 1\u00ba dia de pr\u00e9-carnaval - Brasil not\u00edcias","isPartOf":{"@id":"https:\/\/brasilnoticias.org\/site\/#website"},"primaryImageOfPage":{"@id":"https:\/\/brasilnoticias.org\/site\/jornalista-e-presa-em-flagrante-por-injuria-racial-contra-pm-no-1o-dia-de-pre-carnaval\/#primaryimage"},"image":{"@id":"https:\/\/brasilnoticias.org\/site\/jornalista-e-presa-em-flagrante-por-injuria-racial-contra-pm-no-1o-dia-de-pre-carnaval\/#primaryimage"},"thumbnailUrl":"https:\/\/brasilnoticias.org\/site\/wp-content\/uploads\/2024\/02\/145861jornalista-e-presa-em-flagrante-por-injuria-racial-contra-pm-no-1-dia-de-pre-carnaval-3.jpg","datePublished":"2024-02-04T22:30:12+00:00","breadcrumb":{"@id":"https:\/\/brasilnoticias.org\/site\/jornalista-e-presa-em-flagrante-por-injuria-racial-contra-pm-no-1o-dia-de-pre-carnaval\/#breadcrumb"},"inLanguage":"pt-PT","potentialAction":[{"@type":"ReadAction","target":["https:\/\/brasilnoticias.org\/site\/jornalista-e-presa-em-flagrante-por-injuria-racial-contra-pm-no-1o-dia-de-pre-carnaval\/"]}]},{"@type":"ImageObject","inLanguage":"pt-PT","@id":"https:\/\/brasilnoticias.org\/site\/jornalista-e-presa-em-flagrante-por-injuria-racial-contra-pm-no-1o-dia-de-pre-carnaval\/#primaryimage","url":"https:\/\/brasilnoticias.org\/site\/wp-content\/uploads\/2024\/02\/145861jornalista-e-presa-em-flagrante-por-injuria-racial-contra-pm-no-1-dia-de-pre-carnaval-3.jpg","contentUrl":"https:\/\/brasilnoticias.org\/site\/wp-content\/uploads\/2024\/02\/145861jornalista-e-presa-em-flagrante-por-injuria-racial-contra-pm-no-1-dia-de-pre-carnaval-3.jpg","width":1600,"height":752},{"@type":"BreadcrumbList","@id":"https:\/\/brasilnoticias.org\/site\/jornalista-e-presa-em-flagrante-por-injuria-racial-contra-pm-no-1o-dia-de-pre-carnaval\/#breadcrumb","itemListElement":[{"@type":"ListItem","position":1,"name":"In\u00edcio","item":"https:\/\/brasilnoticias.org\/site\/"},{"@type":"ListItem","position":2,"name":"Jornalista \u00e9 presa em flagrante por inj\u00faria racial contra PM no 1\u00ba dia de pr\u00e9-carnaval"}]},{"@type":"WebSite","@id":"https:\/\/brasilnoticias.org\/site\/#website","url":"https:\/\/brasilnoticias.org\/site\/","name":"Brasil not\u00edcias","description":"Brasil not\u00edcias","publisher":{"@id":"https:\/\/brasilnoticias.org\/site\/#organization"},"potentialAction":[{"@type":"SearchAction","target":{"@type":"EntryPoint","urlTemplate":"https:\/\/brasilnoticias.org\/site\/?s={search_term_string}"},"query-input":{"@type":"PropertyValueSpecification","valueRequired":true,"valueName":"search_term_string"}}],"inLanguage":"pt-PT"},{"@type":"Organization","@id":"https:\/\/brasilnoticias.org\/site\/#organization","name":"Brasil not\u00edcias","url":"https:\/\/brasilnoticias.org\/site\/","logo":{"@type":"ImageObject","inLanguage":"pt-PT","@id":"https:\/\/brasilnoticias.org\/site\/#\/schema\/logo\/image\/","url":"https:\/\/brasilnoticias.org\/site\/wp-content\/uploads\/2022\/05\/cropped-brasilnoticias-mini.jpg","contentUrl":"https:\/\/brasilnoticias.org\/site\/wp-content\/uploads\/2022\/05\/cropped-brasilnoticias-mini.jpg","width":314,"height":86,"caption":"Brasil not\u00edcias"},"image":{"@id":"https:\/\/brasilnoticias.org\/site\/#\/schema\/logo\/image\/"}},{"@type":"Person","@id":"https:\/\/brasilnoticias.org\/site\/#\/schema\/person\/03bbbfe6c7634ad18c26444ea39049fa","name":"Reda\u00e7\u00e3o","image":{"@type":"ImageObject","inLanguage":"pt-PT","@id":"https:\/\/brasilnoticias.org\/site\/#\/schema\/person\/image\/","url":"https:\/\/secure.gravatar.com\/avatar\/9ecaf7327a696cb23ad926fedded5f1f04d7049de9e445375d55b48c001a6e42?s=96&d=mm&r=g","contentUrl":"https:\/\/secure.gravatar.com\/avatar\/9ecaf7327a696cb23ad926fedded5f1f04d7049de9e445375d55b48c001a6e42?s=96&d=mm&r=g","caption":"Reda\u00e7\u00e3o"},"url":"https:\/\/brasilnoticias.org\/site\/author\/henrique\/"}]}},"_links":{"self":[{"href":"https:\/\/brasilnoticias.org\/site\/wp-json\/wp\/v2\/posts\/12590","targetHints":{"allow":["GET"]}}],"collection":[{"href":"https:\/\/brasilnoticias.org\/site\/wp-json\/wp\/v2\/posts"}],"about":[{"href":"https:\/\/brasilnoticias.org\/site\/wp-json\/wp\/v2\/types\/post"}],"author":[{"embeddable":true,"href":"https:\/\/brasilnoticias.org\/site\/wp-json\/wp\/v2\/users\/4"}],"replies":[{"embeddable":true,"href":"https:\/\/brasilnoticias.org\/site\/wp-json\/wp\/v2\/comments?post=12590"}],"version-history":[{"count":1,"href":"https:\/\/brasilnoticias.org\/site\/wp-json\/wp\/v2\/posts\/12590\/revisions"}],"predecessor-version":[{"id":12592,"href":"https:\/\/brasilnoticias.org\/site\/wp-json\/wp\/v2\/posts\/12590\/revisions\/12592"}],"wp:featuredmedia":[{"embeddable":true,"href":"https:\/\/brasilnoticias.org\/site\/wp-json\/wp\/v2\/media\/12591"}],"wp:attachment":[{"href":"https:\/\/brasilnoticias.org\/site\/wp-json\/wp\/v2\/media?parent=12590"}],"wp:term":[{"taxonomy":"category","embeddable":true,"href":"https:\/\/brasilnoticias.org\/site\/wp-json\/wp\/v2\/categories?post=12590"},{"taxonomy":"post_tag","embeddable":true,"href":"https:\/\/brasilnoticias.org\/site\/wp-json\/wp\/v2\/tags?post=12590"}],"curies":[{"name":"wp","href":"https:\/\/api.w.org\/{rel}","templated":true}]}}