{"id":12605,"date":"2024-02-05T13:04:52","date_gmt":"2024-02-05T16:04:52","guid":{"rendered":"https:\/\/brasilnoticias.org\/site\/?p=12605"},"modified":"2024-02-05T13:04:52","modified_gmt":"2024-02-05T16:04:52","slug":"mortos-em-incendios-florestais-no-chile-chegam-a-99","status":"publish","type":"post","link":"https:\/\/brasilnoticias.org\/site\/mortos-em-incendios-florestais-no-chile-chegam-a-99\/","title":{"rendered":"Mortos em inc\u00eandios florestais no Chile chegam a 99"},"content":{"rendered":"<p>Os inc\u00eandios florestais sem precedentes que atingiam a regi\u00e3o de Valpara\u00edso, no centro do Chile, j\u00e1 deixaram 99 mortos, informou neste domingo o Servi\u00e7o M\u00e9dico Legal (SML), \u00f3rg\u00e3o estatal encarregado de divulgar o n\u00famero de v\u00edtimas durante a crise. Com v\u00e1rios focos extintos perto dos morros mais povoados, onde o fogo causou estragos na \u00faltima sexta-feira, come\u00e7am a se observar \u00e1reas residenciais reduzidas a cinzas e longas filas de carros nas ruas, sem que se possa identificar se eles est\u00e3o estacionados ou se tratam-se de pessoas tentando deixar esses locais. A prefeita de Vi\u00f1a del Mar, Macarena Ripamonti, e o governador da regi\u00e3o de Valpara\u00edso, Rodrigo Mundaca, informaram que h\u00e1 centenas de desaparecidos. \u201c\u00c9 a maior trag\u00e9dia que tivemos desde o terremoto de 2010\u201d, disse o presidente, Gabriel Boric, referindo-se ao sismo de magnitude 8,8 seguido de tsunami que ocorreu em 27 de fevereiro daquele ano e deixou mais de 500 mortos.<\/p>\n<p>Com informa\u00e7\u00f5es na AFP \/ Foto: Marcelo SEGURA \/ Chilean Presidency \/ AFP<\/p>\n","protected":false},"excerpt":{"rendered":"<p>Os inc\u00eandios florestais sem precedentes que atingiam a regi\u00e3o de Valpara\u00edso, no centro do Chile, j\u00e1 deixaram 99 mortos, informou<\/p>\n","protected":false},"author":4,"featured_media":12606,"comment_status":"open","ping_status":"open","sticky":false,"template":"","format":"standard","meta":{"colormag_page_container_layout":"default_layout","colormag_page_sidebar_layout":"default_layout","_FSMCFIC_featured_image_caption":"","_FSMCFIC_featured_image_nocaption":"","_FSMCFIC_featured_image_hide":"","footnotes":""},"categories":[6,1],"tags":[],"class_list":["post-12605","post","type-post","status-publish","format-standard","has-post-thumbnail","hentry","category-mundo","category-ultimas"],"yoast_head":"<!-- This site is optimized with the Yoast SEO plugin v27.1.1 - https:\/\/yoast.com\/product\/yoast-seo-wordpress\/ -->\n<title>Mortos em inc\u00eandios florestais no Chile chegam a 99 - Brasil not\u00edcias<\/title>\n<meta name=\"robots\" content=\"index, follow, max-snippet:-1, max-image-preview:large, max-video-preview:-1\" \/>\n<link rel=\"canonical\" href=\"https:\/\/brasilnoticias.org\/site\/mortos-em-incendios-florestais-no-chile-chegam-a-99\/\" \/>\n<meta property=\"og:locale\" content=\"pt_PT\" \/>\n<meta property=\"og:type\" content=\"article\" \/>\n<meta property=\"og:title\" content=\"Mortos em inc\u00eandios florestais no Chile chegam a 99 - Brasil not\u00edcias\" \/>\n<meta property=\"og:description\" content=\"Os inc\u00eandios florestais sem precedentes que atingiam a regi\u00e3o de Valpara\u00edso, no centro do Chile, j\u00e1 deixaram 99 mortos, informou\" \/>\n<meta property=\"og:url\" content=\"https:\/\/brasilnoticias.org\/site\/mortos-em-incendios-florestais-no-chile-chegam-a-99\/\" \/>\n<meta property=\"og:site_name\" content=\"Brasil not\u00edcias\" \/>\n<meta property=\"article:published_time\" content=\"2024-02-05T16:04:52+00:00\" \/>\n<meta property=\"og:image\" content=\"https:\/\/brasilnoticias.org\/site\/wp-content\/uploads\/2024\/02\/incendio-no-chile-.jpg\" \/>\n\t<meta property=\"og:image:width\" content=\"1000\" \/>\n\t<meta property=\"og:image:height\" content=\"600\" \/>\n\t<meta property=\"og:image:type\" content=\"image\/jpeg\" \/>\n<meta name=\"author\" content=\"Reda\u00e7\u00e3o\" \/>\n<meta name=\"twitter:card\" content=\"summary_large_image\" \/>\n<meta name=\"twitter:label1\" content=\"Escrito por\" \/>\n\t<meta name=\"twitter:data1\" content=\"Reda\u00e7\u00e3o\" \/>\n\t<meta name=\"twitter:label2\" content=\"Tempo estimado de leitura\" \/>\n\t<meta name=\"twitter:data2\" content=\"1 minuto\" \/>\n<script type=\"application\/ld+json\" class=\"yoast-schema-graph\">{\"@context\":\"https:\/\/schema.org\",\"@graph\":[{\"@type\":\"Article\",\"@id\":\"https:\/\/brasilnoticias.org\/site\/mortos-em-incendios-florestais-no-chile-chegam-a-99\/#article\",\"isPartOf\":{\"@id\":\"https:\/\/brasilnoticias.org\/site\/mortos-em-incendios-florestais-no-chile-chegam-a-99\/\"},\"author\":{\"name\":\"Reda\u00e7\u00e3o\",\"@id\":\"https:\/\/brasilnoticias.org\/site\/#\/schema\/person\/03bbbfe6c7634ad18c26444ea39049fa\"},\"headline\":\"Mortos em inc\u00eandios florestais no Chile chegam a 99\",\"datePublished\":\"2024-02-05T16:04:52+00:00\",\"mainEntityOfPage\":{\"@id\":\"https:\/\/brasilnoticias.org\/site\/mortos-em-incendios-florestais-no-chile-chegam-a-99\/\"},\"wordCount\":181,\"commentCount\":0,\"publisher\":{\"@id\":\"https:\/\/brasilnoticias.org\/site\/#organization\"},\"image\":{\"@id\":\"https:\/\/brasilnoticias.org\/site\/mortos-em-incendios-florestais-no-chile-chegam-a-99\/#primaryimage\"},\"thumbnailUrl\":\"https:\/\/brasilnoticias.org\/site\/wp-content\/uploads\/2024\/02\/incendio-no-chile-.jpg\",\"articleSection\":[\"Mundo\",\"\u00daltimas\"],\"inLanguage\":\"pt-PT\",\"potentialAction\":[{\"@type\":\"CommentAction\",\"name\":\"Comment\",\"target\":[\"https:\/\/brasilnoticias.org\/site\/mortos-em-incendios-florestais-no-chile-chegam-a-99\/#respond\"]}]},{\"@type\":\"WebPage\",\"@id\":\"https:\/\/brasilnoticias.org\/site\/mortos-em-incendios-florestais-no-chile-chegam-a-99\/\",\"url\":\"https:\/\/brasilnoticias.org\/site\/mortos-em-incendios-florestais-no-chile-chegam-a-99\/\",\"name\":\"Mortos em inc\u00eandios florestais no Chile chegam a 99 - Brasil not\u00edcias\",\"isPartOf\":{\"@id\":\"https:\/\/brasilnoticias.org\/site\/#website\"},\"primaryImageOfPage\":{\"@id\":\"https:\/\/brasilnoticias.org\/site\/mortos-em-incendios-florestais-no-chile-chegam-a-99\/#primaryimage\"},\"image\":{\"@id\":\"https:\/\/brasilnoticias.org\/site\/mortos-em-incendios-florestais-no-chile-chegam-a-99\/#primaryimage\"},\"thumbnailUrl\":\"https:\/\/brasilnoticias.org\/site\/wp-content\/uploads\/2024\/02\/incendio-no-chile-.jpg\",\"datePublished\":\"2024-02-05T16:04:52+00:00\",\"breadcrumb\":{\"@id\":\"https:\/\/brasilnoticias.org\/site\/mortos-em-incendios-florestais-no-chile-chegam-a-99\/#breadcrumb\"},\"inLanguage\":\"pt-PT\",\"potentialAction\":[{\"@type\":\"ReadAction\",\"target\":[\"https:\/\/brasilnoticias.org\/site\/mortos-em-incendios-florestais-no-chile-chegam-a-99\/\"]}]},{\"@type\":\"ImageObject\",\"inLanguage\":\"pt-PT\",\"@id\":\"https:\/\/brasilnoticias.org\/site\/mortos-em-incendios-florestais-no-chile-chegam-a-99\/#primaryimage\",\"url\":\"https:\/\/brasilnoticias.org\/site\/wp-content\/uploads\/2024\/02\/incendio-no-chile-.jpg\",\"contentUrl\":\"https:\/\/brasilnoticias.org\/site\/wp-content\/uploads\/2024\/02\/incendio-no-chile-.jpg\",\"width\":1000,\"height\":600},{\"@type\":\"BreadcrumbList\",\"@id\":\"https:\/\/brasilnoticias.org\/site\/mortos-em-incendios-florestais-no-chile-chegam-a-99\/#breadcrumb\",\"itemListElement\":[{\"@type\":\"ListItem\",\"position\":1,\"name\":\"In\u00edcio\",\"item\":\"https:\/\/brasilnoticias.org\/site\/\"},{\"@type\":\"ListItem\",\"position\":2,\"name\":\"Mortos em inc\u00eandios florestais no Chile chegam a 99\"}]},{\"@type\":\"WebSite\",\"@id\":\"https:\/\/brasilnoticias.org\/site\/#website\",\"url\":\"https:\/\/brasilnoticias.org\/site\/\",\"name\":\"Brasil not\u00edcias\",\"description\":\"Brasil not\u00edcias\",\"publisher\":{\"@id\":\"https:\/\/brasilnoticias.org\/site\/#organization\"},\"potentialAction\":[{\"@type\":\"SearchAction\",\"target\":{\"@type\":\"EntryPoint\",\"urlTemplate\":\"https:\/\/brasilnoticias.org\/site\/?s={search_term_string}\"},\"query-input\":{\"@type\":\"PropertyValueSpecification\",\"valueRequired\":true,\"valueName\":\"search_term_string\"}}],\"inLanguage\":\"pt-PT\"},{\"@type\":\"Organization\",\"@id\":\"https:\/\/brasilnoticias.org\/site\/#organization\",\"name\":\"Brasil not\u00edcias\",\"url\":\"https:\/\/brasilnoticias.org\/site\/\",\"logo\":{\"@type\":\"ImageObject\",\"inLanguage\":\"pt-PT\",\"@id\":\"https:\/\/brasilnoticias.org\/site\/#\/schema\/logo\/image\/\",\"url\":\"https:\/\/brasilnoticias.org\/site\/wp-content\/uploads\/2022\/05\/cropped-brasilnoticias-mini.jpg\",\"contentUrl\":\"https:\/\/brasilnoticias.org\/site\/wp-content\/uploads\/2022\/05\/cropped-brasilnoticias-mini.jpg\",\"width\":314,\"height\":86,\"caption\":\"Brasil not\u00edcias\"},\"image\":{\"@id\":\"https:\/\/brasilnoticias.org\/site\/#\/schema\/logo\/image\/\"}},{\"@type\":\"Person\",\"@id\":\"https:\/\/brasilnoticias.org\/site\/#\/schema\/person\/03bbbfe6c7634ad18c26444ea39049fa\",\"name\":\"Reda\u00e7\u00e3o\",\"image\":{\"@type\":\"ImageObject\",\"inLanguage\":\"pt-PT\",\"@id\":\"https:\/\/brasilnoticias.org\/site\/#\/schema\/person\/image\/\",\"url\":\"https:\/\/secure.gravatar.com\/avatar\/9ecaf7327a696cb23ad926fedded5f1f04d7049de9e445375d55b48c001a6e42?s=96&d=mm&r=g\",\"contentUrl\":\"https:\/\/secure.gravatar.com\/avatar\/9ecaf7327a696cb23ad926fedded5f1f04d7049de9e445375d55b48c001a6e42?s=96&d=mm&r=g\",\"caption\":\"Reda\u00e7\u00e3o\"},\"url\":\"https:\/\/brasilnoticias.org\/site\/author\/henrique\/\"}]}<\/script>\n<!-- \/ Yoast SEO plugin. -->","yoast_head_json":{"title":"Mortos em inc\u00eandios florestais no Chile chegam a 99 - Brasil not\u00edcias","robots":{"index":"index","follow":"follow","max-snippet":"max-snippet:-1","max-image-preview":"max-image-preview:large","max-video-preview":"max-video-preview:-1"},"canonical":"https:\/\/brasilnoticias.org\/site\/mortos-em-incendios-florestais-no-chile-chegam-a-99\/","og_locale":"pt_PT","og_type":"article","og_title":"Mortos em inc\u00eandios florestais no Chile chegam a 99 - Brasil not\u00edcias","og_description":"Os inc\u00eandios florestais sem precedentes que atingiam a regi\u00e3o de Valpara\u00edso, no centro do Chile, j\u00e1 deixaram 99 mortos, informou","og_url":"https:\/\/brasilnoticias.org\/site\/mortos-em-incendios-florestais-no-chile-chegam-a-99\/","og_site_name":"Brasil not\u00edcias","article_published_time":"2024-02-05T16:04:52+00:00","og_image":[{"width":1000,"height":600,"url":"https:\/\/brasilnoticias.org\/site\/wp-content\/uploads\/2024\/02\/incendio-no-chile-.jpg","type":"image\/jpeg"}],"author":"Reda\u00e7\u00e3o","twitter_card":"summary_large_image","twitter_misc":{"Escrito por":"Reda\u00e7\u00e3o","Tempo estimado de leitura":"1 minuto"},"schema":{"@context":"https:\/\/schema.org","@graph":[{"@type":"Article","@id":"https:\/\/brasilnoticias.org\/site\/mortos-em-incendios-florestais-no-chile-chegam-a-99\/#article","isPartOf":{"@id":"https:\/\/brasilnoticias.org\/site\/mortos-em-incendios-florestais-no-chile-chegam-a-99\/"},"author":{"name":"Reda\u00e7\u00e3o","@id":"https:\/\/brasilnoticias.org\/site\/#\/schema\/person\/03bbbfe6c7634ad18c26444ea39049fa"},"headline":"Mortos em inc\u00eandios florestais no Chile chegam a 99","datePublished":"2024-02-05T16:04:52+00:00","mainEntityOfPage":{"@id":"https:\/\/brasilnoticias.org\/site\/mortos-em-incendios-florestais-no-chile-chegam-a-99\/"},"wordCount":181,"commentCount":0,"publisher":{"@id":"https:\/\/brasilnoticias.org\/site\/#organization"},"image":{"@id":"https:\/\/brasilnoticias.org\/site\/mortos-em-incendios-florestais-no-chile-chegam-a-99\/#primaryimage"},"thumbnailUrl":"https:\/\/brasilnoticias.org\/site\/wp-content\/uploads\/2024\/02\/incendio-no-chile-.jpg","articleSection":["Mundo","\u00daltimas"],"inLanguage":"pt-PT","potentialAction":[{"@type":"CommentAction","name":"Comment","target":["https:\/\/brasilnoticias.org\/site\/mortos-em-incendios-florestais-no-chile-chegam-a-99\/#respond"]}]},{"@type":"WebPage","@id":"https:\/\/brasilnoticias.org\/site\/mortos-em-incendios-florestais-no-chile-chegam-a-99\/","url":"https:\/\/brasilnoticias.org\/site\/mortos-em-incendios-florestais-no-chile-chegam-a-99\/","name":"Mortos em inc\u00eandios florestais no Chile chegam a 99 - Brasil not\u00edcias","isPartOf":{"@id":"https:\/\/brasilnoticias.org\/site\/#website"},"primaryImageOfPage":{"@id":"https:\/\/brasilnoticias.org\/site\/mortos-em-incendios-florestais-no-chile-chegam-a-99\/#primaryimage"},"image":{"@id":"https:\/\/brasilnoticias.org\/site\/mortos-em-incendios-florestais-no-chile-chegam-a-99\/#primaryimage"},"thumbnailUrl":"https:\/\/brasilnoticias.org\/site\/wp-content\/uploads\/2024\/02\/incendio-no-chile-.jpg","datePublished":"2024-02-05T16:04:52+00:00","breadcrumb":{"@id":"https:\/\/brasilnoticias.org\/site\/mortos-em-incendios-florestais-no-chile-chegam-a-99\/#breadcrumb"},"inLanguage":"pt-PT","potentialAction":[{"@type":"ReadAction","target":["https:\/\/brasilnoticias.org\/site\/mortos-em-incendios-florestais-no-chile-chegam-a-99\/"]}]},{"@type":"ImageObject","inLanguage":"pt-PT","@id":"https:\/\/brasilnoticias.org\/site\/mortos-em-incendios-florestais-no-chile-chegam-a-99\/#primaryimage","url":"https:\/\/brasilnoticias.org\/site\/wp-content\/uploads\/2024\/02\/incendio-no-chile-.jpg","contentUrl":"https:\/\/brasilnoticias.org\/site\/wp-content\/uploads\/2024\/02\/incendio-no-chile-.jpg","width":1000,"height":600},{"@type":"BreadcrumbList","@id":"https:\/\/brasilnoticias.org\/site\/mortos-em-incendios-florestais-no-chile-chegam-a-99\/#breadcrumb","itemListElement":[{"@type":"ListItem","position":1,"name":"In\u00edcio","item":"https:\/\/brasilnoticias.org\/site\/"},{"@type":"ListItem","position":2,"name":"Mortos em inc\u00eandios florestais no Chile chegam a 99"}]},{"@type":"WebSite","@id":"https:\/\/brasilnoticias.org\/site\/#website","url":"https:\/\/brasilnoticias.org\/site\/","name":"Brasil not\u00edcias","description":"Brasil not\u00edcias","publisher":{"@id":"https:\/\/brasilnoticias.org\/site\/#organization"},"potentialAction":[{"@type":"SearchAction","target":{"@type":"EntryPoint","urlTemplate":"https:\/\/brasilnoticias.org\/site\/?s={search_term_string}"},"query-input":{"@type":"PropertyValueSpecification","valueRequired":true,"valueName":"search_term_string"}}],"inLanguage":"pt-PT"},{"@type":"Organization","@id":"https:\/\/brasilnoticias.org\/site\/#organization","name":"Brasil not\u00edcias","url":"https:\/\/brasilnoticias.org\/site\/","logo":{"@type":"ImageObject","inLanguage":"pt-PT","@id":"https:\/\/brasilnoticias.org\/site\/#\/schema\/logo\/image\/","url":"https:\/\/brasilnoticias.org\/site\/wp-content\/uploads\/2022\/05\/cropped-brasilnoticias-mini.jpg","contentUrl":"https:\/\/brasilnoticias.org\/site\/wp-content\/uploads\/2022\/05\/cropped-brasilnoticias-mini.jpg","width":314,"height":86,"caption":"Brasil not\u00edcias"},"image":{"@id":"https:\/\/brasilnoticias.org\/site\/#\/schema\/logo\/image\/"}},{"@type":"Person","@id":"https:\/\/brasilnoticias.org\/site\/#\/schema\/person\/03bbbfe6c7634ad18c26444ea39049fa","name":"Reda\u00e7\u00e3o","image":{"@type":"ImageObject","inLanguage":"pt-PT","@id":"https:\/\/brasilnoticias.org\/site\/#\/schema\/person\/image\/","url":"https:\/\/secure.gravatar.com\/avatar\/9ecaf7327a696cb23ad926fedded5f1f04d7049de9e445375d55b48c001a6e42?s=96&d=mm&r=g","contentUrl":"https:\/\/secure.gravatar.com\/avatar\/9ecaf7327a696cb23ad926fedded5f1f04d7049de9e445375d55b48c001a6e42?s=96&d=mm&r=g","caption":"Reda\u00e7\u00e3o"},"url":"https:\/\/brasilnoticias.org\/site\/author\/henrique\/"}]}},"_links":{"self":[{"href":"https:\/\/brasilnoticias.org\/site\/wp-json\/wp\/v2\/posts\/12605","targetHints":{"allow":["GET"]}}],"collection":[{"href":"https:\/\/brasilnoticias.org\/site\/wp-json\/wp\/v2\/posts"}],"about":[{"href":"https:\/\/brasilnoticias.org\/site\/wp-json\/wp\/v2\/types\/post"}],"author":[{"embeddable":true,"href":"https:\/\/brasilnoticias.org\/site\/wp-json\/wp\/v2\/users\/4"}],"replies":[{"embeddable":true,"href":"https:\/\/brasilnoticias.org\/site\/wp-json\/wp\/v2\/comments?post=12605"}],"version-history":[{"count":1,"href":"https:\/\/brasilnoticias.org\/site\/wp-json\/wp\/v2\/posts\/12605\/revisions"}],"predecessor-version":[{"id":12607,"href":"https:\/\/brasilnoticias.org\/site\/wp-json\/wp\/v2\/posts\/12605\/revisions\/12607"}],"wp:featuredmedia":[{"embeddable":true,"href":"https:\/\/brasilnoticias.org\/site\/wp-json\/wp\/v2\/media\/12606"}],"wp:attachment":[{"href":"https:\/\/brasilnoticias.org\/site\/wp-json\/wp\/v2\/media?parent=12605"}],"wp:term":[{"taxonomy":"category","embeddable":true,"href":"https:\/\/brasilnoticias.org\/site\/wp-json\/wp\/v2\/categories?post=12605"},{"taxonomy":"post_tag","embeddable":true,"href":"https:\/\/brasilnoticias.org\/site\/wp-json\/wp\/v2\/tags?post=12605"}],"curies":[{"name":"wp","href":"https:\/\/api.w.org\/{rel}","templated":true}]}}