{"id":1261,"date":"2022-08-30T09:42:08","date_gmt":"2022-08-30T12:42:08","guid":{"rendered":"https:\/\/brasilnoticias.org\/site\/?p=1261"},"modified":"2022-08-30T09:42:08","modified_gmt":"2022-08-30T12:42:08","slug":"repescagem-do-auxilio-taxista-sera-paga-nesta-terca-feira-30","status":"publish","type":"post","link":"https:\/\/brasilnoticias.org\/site\/repescagem-do-auxilio-taxista-sera-paga-nesta-terca-feira-30\/","title":{"rendered":"Repescagem do Aux\u00edlio Taxista ser\u00e1 paga nesta ter\u00e7a-feira (30)"},"content":{"rendered":"<p>Os motoristas de t\u00e1xi que n\u00e3o receberam as duas primeiras parcelas do\u00a0<a href=\"https:\/\/www.bnews.com.br\/tags\/auxilio-taxista\" target=\"_blank\" rel=\"noopener\">Aux\u00edlio Taxista<\/a>\u00a0ter\u00e3o nova chance nesta ter\u00e7a-feira (30). A Caixa Econ\u00f4mica Federal pagar\u00e1 a repescagem para os cadastrados pelas prefeituras no per\u00edodo de 5 a 15 de agosto.<\/p>\n<p>Segundo o balan\u00e7o mais recente da Dataprev, estatal que processa a\u00a0<a href=\"https:\/\/www.bnews.com.br\/noticias\/economia-e-mercado\/auxilio-taxista-saiba-como-sera-feito-o-pagamento-e-quem-tem-direito.html\" target=\"_blank\" rel=\"noopener\">lista dos benefici\u00e1rios, cerca de 25 mil taxistas haviam sido cadastrados pelas prefeituras<\/a>\u00a0que perderam o prazo inicial de envio das informa\u00e7\u00f5es e t\u00eam os dados analisados para verificar se est\u00e3o aptos a receber o aux\u00edlio.<\/p>\n<p>No \u00faltimo dia 16, o governo pagou as duas primeiras parcelas a\u00a0<a href=\"https:\/\/www.bnews.com.br\/noticias\/economia-e-mercado\/auxilio-taxista-sera-pago-mais-de-245-mil-motoristas-partir-desta-terca.html\" target=\"_blank\" rel=\"noopener\">cerca de 245 mil taxistas cadastrados pelas prefeituras at\u00e9 31 de julho<\/a>. Como cada parcela equivale a R$ 1 mil, cada motorista receber\u00e1 R$ 2 mil neste m\u00eas.<\/p>\n<p>O dinheiro ser\u00e1 depositado nas contas poupan\u00e7a sociais digitais e poder\u00e1 ser movimentado por meio do aplicativo Caixa Tem, que permite a compra em lojas virtuais cadastradas, o pagamento de contas dom\u00e9sticas e a transfer\u00eancia para qualquer conta banc\u00e1ria. O benefici\u00e1rio precisar\u00e1 movimentar os recursos em at\u00e9 90 dias ap\u00f3s o dep\u00f3sito. Caso contr\u00e1rio, o dinheiro voltar\u00e1 para o caixa da Uni\u00e3o.<\/p>\n<p>Criado pela emenda constitucional que criou estado de emerg\u00eancia por causa da alta do pre\u00e7o dos combust\u00edveis, o Aux\u00edlio Taxista ser\u00e1 pago at\u00e9 dezembro. A emenda elevou benef\u00edcios sociais e instituiu aux\u00edlios emergenciais at\u00e9 o fim do ano.<\/p>\n<p>Inicialmente, o governo tinha informado que o valor final de cada parcela dependeria do n\u00famero de taxistas que demandaram o benef\u00edcio. No entanto, como o n\u00famero ficou dentro do previsto, as duas primeiras parcelas ter\u00e3o o valor de R$ 1 mil cada uma.<\/p>\n<p><strong>Quem tem direito<\/strong><br \/>\nTer\u00e3o direito ao benef\u00edcio os motoristas de t\u00e1xi registrados nas prefeituras, titulares de concess\u00f5es ou alvar\u00e1s expedidos at\u00e9 31 de maio. N\u00e3o ser\u00e1 necess\u00e1ria qualquer a\u00e7\u00e3o por parte dos taxistas. Em caso de d\u00favidas, o motorista deve entrar em contato com a prefeitura para checar o cadastro municipal. A presta\u00e7\u00e3o das informa\u00e7\u00f5es caber\u00e1 inteiramente \u00e0s prefeituras (ou ao governo do DF, no caso da capital federal).<\/p>\n<p>As prefeituras ter\u00e3o nova chance, de 20 de agosto a 11 de setembro, para enviar os dados. Nesse caso, o pagamento come\u00e7ar\u00e1 na terceira parcela, sem direito a valores retroativos. O Minist\u00e9rio do Trabalho e Previd\u00eancia, no entanto, n\u00e3o descarta a possibilidade de prorrogar o prazo, se necess\u00e1rio.<\/p>\n<p>Aux\u00edlio Caminhoneiro<br \/>\nOutro benef\u00edcio institu\u00eddo pela emenda constitucional, o Aux\u00edlio Caminhoneiro come\u00e7ou a ser pago no \u00faltimo dia 9, com os motoristas de carga aut\u00f4nomos recebendo as duas primeiras parcelas de uma vez. Assim como no Aux\u00edlio Taxista, haver\u00e1 repescagem das duas primeiras parcelas no pr\u00f3ximo dia 6 para quem n\u00e3o foi cadastrado.<\/p>\n<p>Podem receber o Aux\u00edlio Caminhoneiro os transportadores de carga aut\u00f4nomos, cadastrados no Registro Nacional de Transportadores Rodovi\u00e1rios de Cargas (RNTR-C) da Ag\u00eancia Nacional de Transportes Terrestres (ANTT) at\u00e9 31 de maio deste ano. Os profissionais dever\u00e3o estar com a Carteira Nacional de Habilita\u00e7\u00e3o (CNH) e o CPF v\u00e1lidos, entre outras exig\u00eancias.<\/p>\n<p>Tamb\u00e9m chamado de Benef\u00edcio Emergencial Caminhoneiro (BEm-Caminhoneiro), o aux\u00edlio ser\u00e1 pago a cada transportador aut\u00f4nomo, independentemente da quantidade de ve\u00edculos que tiver. O pagamento do BEm-Caminhoneiro vai ser revisado mensalmente. Para os pr\u00f3ximos lotes de pagamento, a ANTT vai encaminhar ao Minist\u00e9rio do Trabalho e Previd\u00eancia a rela\u00e7\u00e3o dos transportadores aut\u00f4nomos que estiverem na situa\u00e7\u00e3o \u201cativo\u201d no RNTR-C.<\/p>\n<p>Quem estiver com situa\u00e7\u00e3o cadastral \u201cpendente\u201d ou \u201csuspensa\u201d, poder\u00e1 regularizar o registro na ANTT e receber as parcelas a partir da data da regulariza\u00e7\u00e3o. No entanto, o governo esclarece que n\u00e3o ter\u00e1 direito a parcelas que j\u00e1 tenham sido pagas.<\/p>\n<p>Autodeclara\u00e7\u00e3o<br \/>\nDiferentemente do Aux\u00edlio Taxista, em que o cadastro \u00e9 feito unicamente pelas prefeituras, o Aux\u00edlio Caminhoneiro conta com um portal para o caminhoneiro pedir o benef\u00edcio. Desde o \u00faltimo dia 15, os transportadores aut\u00f4nomos de carga (TAC) podem fazer a Autodeclara\u00e7\u00e3o do Termo de Registro para receber o BEm Caminhoneiro-TAC. As duas primeiras parcelas ser\u00e3o pagas no pr\u00f3ximo dia 6.<\/p>\n<p>A autodeclara\u00e7\u00e3o pode ser feita pelo Portal Emprega Brasil ou pelo aplicativo da Carteira de Trabalho Digital. Ap\u00f3s esse prazo, os caminhoneiros somente ter\u00e3o direito a receber o benef\u00edcio a partir do m\u00eas do envio dos dados, desde que atendidos os demais requisitos legais. Nesse caso, n\u00e3o ser\u00e1 feito o pagamento retroativo.<\/p>\n<p><strong>Calend\u00e1rio do Aux\u00edlio Taxista 2022<\/strong><br \/>\nParcela Data de pagamento<br \/>\n1\u00aa e 2\u00aa parcelas 16\/8<br \/>\n1\u00aa e 2\u00aa parcelas (repescagem) 30\/8<br \/>\n3\u00aa parcela 24\/9<br \/>\n4\u00aa parcela 22\/10<br \/>\n5\u00aa parcela 26\/11<br \/>\n6\u00aa parcela 17\/12<\/p>\n<p><strong>Calend\u00e1rio do Aux\u00edlio Caminhoneiro 2022<\/strong><br \/>\nParcela Data de pagamento Cadastro ativo (autodeclara\u00e7\u00e3o)<br \/>\nJulho e agosto 9\/8 (valor em dobro) at\u00e9 22\/7<br \/>\nJulho e agosto (repescagem) 6\/9 (valor em dobro) at\u00e9 29\/8<br \/>\nSetembro 24\/9 at\u00e9 11\/9<br \/>\nOutubro 22\/10 at\u00e9 9\/10<br \/>\nNovembro 26\/11 at\u00e9 13\/11<br \/>\nDezembro 17\/12 at\u00e9 4\/12<\/p>\n<p>Fonte: Caixa Econ\u00f4mica Federal<\/p>\n<p>&nbsp;<\/p>\n<p>Bnews<\/p>\n<p>&nbsp;<\/p>\n<p>&nbsp;<\/p>\n<p>&nbsp;<\/p>\n<p>&nbsp;<\/p>\n","protected":false},"excerpt":{"rendered":"<p>Os motoristas de t\u00e1xi que n\u00e3o receberam as duas primeiras parcelas do\u00a0Aux\u00edlio Taxista\u00a0ter\u00e3o nova chance nesta ter\u00e7a-feira (30). A Caixa<\/p>\n","protected":false},"author":2,"featured_media":1262,"comment_status":"open","ping_status":"open","sticky":false,"template":"","format":"standard","meta":{"colormag_page_container_layout":"default_layout","colormag_page_sidebar_layout":"default_layout","_FSMCFIC_featured_image_caption":"","_FSMCFIC_featured_image_nocaption":"","_FSMCFIC_featured_image_hide":"","footnotes":""},"categories":[2,1],"tags":[],"class_list":["post-1261","post","type-post","status-publish","format-standard","has-post-thumbnail","hentry","category-noticias","category-ultimas"],"yoast_head":"<!-- This site is optimized with the Yoast SEO plugin v27.1.1 - https:\/\/yoast.com\/product\/yoast-seo-wordpress\/ -->\n<title>Repescagem do Aux\u00edlio Taxista ser\u00e1 paga nesta ter\u00e7a-feira (30) - Brasil not\u00edcias<\/title>\n<meta name=\"robots\" content=\"index, follow, max-snippet:-1, max-image-preview:large, max-video-preview:-1\" \/>\n<link rel=\"canonical\" href=\"https:\/\/brasilnoticias.org\/site\/repescagem-do-auxilio-taxista-sera-paga-nesta-terca-feira-30\/\" \/>\n<meta property=\"og:locale\" content=\"pt_PT\" \/>\n<meta property=\"og:type\" content=\"article\" \/>\n<meta property=\"og:title\" content=\"Repescagem do Aux\u00edlio Taxista ser\u00e1 paga nesta ter\u00e7a-feira (30) - Brasil not\u00edcias\" \/>\n<meta property=\"og:description\" content=\"Os motoristas de t\u00e1xi que n\u00e3o receberam as duas primeiras parcelas do\u00a0Aux\u00edlio Taxista\u00a0ter\u00e3o nova chance nesta ter\u00e7a-feira (30). A Caixa\" \/>\n<meta property=\"og:url\" content=\"https:\/\/brasilnoticias.org\/site\/repescagem-do-auxilio-taxista-sera-paga-nesta-terca-feira-30\/\" \/>\n<meta property=\"og:site_name\" content=\"Brasil not\u00edcias\" \/>\n<meta property=\"article:published_time\" content=\"2022-08-30T12:42:08+00:00\" \/>\n<meta property=\"og:image\" content=\"https:\/\/brasilnoticias.org\/site\/wp-content\/uploads\/2022\/08\/taxi_rj_ffraz_05072110178_widelg.jpg\" \/>\n\t<meta property=\"og:image:width\" content=\"800\" \/>\n\t<meta property=\"og:image:height\" content=\"450\" \/>\n\t<meta property=\"og:image:type\" content=\"image\/jpeg\" \/>\n<meta name=\"author\" content=\"Reda\u00e7\u00e3o\" \/>\n<meta name=\"twitter:card\" content=\"summary_large_image\" \/>\n<meta name=\"twitter:label1\" content=\"Escrito por\" \/>\n\t<meta name=\"twitter:data1\" content=\"Reda\u00e7\u00e3o\" \/>\n\t<meta name=\"twitter:label2\" content=\"Tempo estimado de leitura\" \/>\n\t<meta name=\"twitter:data2\" content=\"4 minutos\" \/>\n<script type=\"application\/ld+json\" class=\"yoast-schema-graph\">{\"@context\":\"https:\/\/schema.org\",\"@graph\":[{\"@type\":\"Article\",\"@id\":\"https:\/\/brasilnoticias.org\/site\/repescagem-do-auxilio-taxista-sera-paga-nesta-terca-feira-30\/#article\",\"isPartOf\":{\"@id\":\"https:\/\/brasilnoticias.org\/site\/repescagem-do-auxilio-taxista-sera-paga-nesta-terca-feira-30\/\"},\"author\":{\"name\":\"Reda\u00e7\u00e3o\",\"@id\":\"https:\/\/brasilnoticias.org\/site\/#\/schema\/person\/f609fa847b5314f1c8b983342f34c798\"},\"headline\":\"Repescagem do Aux\u00edlio Taxista ser\u00e1 paga nesta ter\u00e7a-feira (30)\",\"datePublished\":\"2022-08-30T12:42:08+00:00\",\"mainEntityOfPage\":{\"@id\":\"https:\/\/brasilnoticias.org\/site\/repescagem-do-auxilio-taxista-sera-paga-nesta-terca-feira-30\/\"},\"wordCount\":854,\"commentCount\":0,\"publisher\":{\"@id\":\"https:\/\/brasilnoticias.org\/site\/#organization\"},\"image\":{\"@id\":\"https:\/\/brasilnoticias.org\/site\/repescagem-do-auxilio-taxista-sera-paga-nesta-terca-feira-30\/#primaryimage\"},\"thumbnailUrl\":\"https:\/\/brasilnoticias.org\/site\/wp-content\/uploads\/2022\/08\/taxi_rj_ffraz_05072110178_widelg.jpg\",\"articleSection\":[\"Not\u00edcias\",\"\u00daltimas\"],\"inLanguage\":\"pt-PT\",\"potentialAction\":[{\"@type\":\"CommentAction\",\"name\":\"Comment\",\"target\":[\"https:\/\/brasilnoticias.org\/site\/repescagem-do-auxilio-taxista-sera-paga-nesta-terca-feira-30\/#respond\"]}]},{\"@type\":\"WebPage\",\"@id\":\"https:\/\/brasilnoticias.org\/site\/repescagem-do-auxilio-taxista-sera-paga-nesta-terca-feira-30\/\",\"url\":\"https:\/\/brasilnoticias.org\/site\/repescagem-do-auxilio-taxista-sera-paga-nesta-terca-feira-30\/\",\"name\":\"Repescagem do Aux\u00edlio Taxista ser\u00e1 paga nesta ter\u00e7a-feira (30) - Brasil not\u00edcias\",\"isPartOf\":{\"@id\":\"https:\/\/brasilnoticias.org\/site\/#website\"},\"primaryImageOfPage\":{\"@id\":\"https:\/\/brasilnoticias.org\/site\/repescagem-do-auxilio-taxista-sera-paga-nesta-terca-feira-30\/#primaryimage\"},\"image\":{\"@id\":\"https:\/\/brasilnoticias.org\/site\/repescagem-do-auxilio-taxista-sera-paga-nesta-terca-feira-30\/#primaryimage\"},\"thumbnailUrl\":\"https:\/\/brasilnoticias.org\/site\/wp-content\/uploads\/2022\/08\/taxi_rj_ffraz_05072110178_widelg.jpg\",\"datePublished\":\"2022-08-30T12:42:08+00:00\",\"breadcrumb\":{\"@id\":\"https:\/\/brasilnoticias.org\/site\/repescagem-do-auxilio-taxista-sera-paga-nesta-terca-feira-30\/#breadcrumb\"},\"inLanguage\":\"pt-PT\",\"potentialAction\":[{\"@type\":\"ReadAction\",\"target\":[\"https:\/\/brasilnoticias.org\/site\/repescagem-do-auxilio-taxista-sera-paga-nesta-terca-feira-30\/\"]}]},{\"@type\":\"ImageObject\",\"inLanguage\":\"pt-PT\",\"@id\":\"https:\/\/brasilnoticias.org\/site\/repescagem-do-auxilio-taxista-sera-paga-nesta-terca-feira-30\/#primaryimage\",\"url\":\"https:\/\/brasilnoticias.org\/site\/wp-content\/uploads\/2022\/08\/taxi_rj_ffraz_05072110178_widelg.jpg\",\"contentUrl\":\"https:\/\/brasilnoticias.org\/site\/wp-content\/uploads\/2022\/08\/taxi_rj_ffraz_05072110178_widelg.jpg\",\"width\":800,\"height\":450},{\"@type\":\"BreadcrumbList\",\"@id\":\"https:\/\/brasilnoticias.org\/site\/repescagem-do-auxilio-taxista-sera-paga-nesta-terca-feira-30\/#breadcrumb\",\"itemListElement\":[{\"@type\":\"ListItem\",\"position\":1,\"name\":\"In\u00edcio\",\"item\":\"https:\/\/brasilnoticias.org\/site\/\"},{\"@type\":\"ListItem\",\"position\":2,\"name\":\"Repescagem do Aux\u00edlio Taxista ser\u00e1 paga nesta ter\u00e7a-feira (30)\"}]},{\"@type\":\"WebSite\",\"@id\":\"https:\/\/brasilnoticias.org\/site\/#website\",\"url\":\"https:\/\/brasilnoticias.org\/site\/\",\"name\":\"Brasil not\u00edcias\",\"description\":\"Brasil not\u00edcias\",\"publisher\":{\"@id\":\"https:\/\/brasilnoticias.org\/site\/#organization\"},\"potentialAction\":[{\"@type\":\"SearchAction\",\"target\":{\"@type\":\"EntryPoint\",\"urlTemplate\":\"https:\/\/brasilnoticias.org\/site\/?s={search_term_string}\"},\"query-input\":{\"@type\":\"PropertyValueSpecification\",\"valueRequired\":true,\"valueName\":\"search_term_string\"}}],\"inLanguage\":\"pt-PT\"},{\"@type\":\"Organization\",\"@id\":\"https:\/\/brasilnoticias.org\/site\/#organization\",\"name\":\"Brasil not\u00edcias\",\"url\":\"https:\/\/brasilnoticias.org\/site\/\",\"logo\":{\"@type\":\"ImageObject\",\"inLanguage\":\"pt-PT\",\"@id\":\"https:\/\/brasilnoticias.org\/site\/#\/schema\/logo\/image\/\",\"url\":\"https:\/\/brasilnoticias.org\/site\/wp-content\/uploads\/2022\/05\/cropped-brasilnoticias-mini.jpg\",\"contentUrl\":\"https:\/\/brasilnoticias.org\/site\/wp-content\/uploads\/2022\/05\/cropped-brasilnoticias-mini.jpg\",\"width\":314,\"height\":86,\"caption\":\"Brasil not\u00edcias\"},\"image\":{\"@id\":\"https:\/\/brasilnoticias.org\/site\/#\/schema\/logo\/image\/\"}},{\"@type\":\"Person\",\"@id\":\"https:\/\/brasilnoticias.org\/site\/#\/schema\/person\/f609fa847b5314f1c8b983342f34c798\",\"name\":\"Reda\u00e7\u00e3o\",\"image\":{\"@type\":\"ImageObject\",\"inLanguage\":\"pt-PT\",\"@id\":\"https:\/\/brasilnoticias.org\/site\/#\/schema\/person\/image\/\",\"url\":\"https:\/\/secure.gravatar.com\/avatar\/447284c06c1ad8b46465a36de9cd0d8326b73387a22799b8b1ffb1fbcff2ed0c?s=96&d=mm&r=g\",\"contentUrl\":\"https:\/\/secure.gravatar.com\/avatar\/447284c06c1ad8b46465a36de9cd0d8326b73387a22799b8b1ffb1fbcff2ed0c?s=96&d=mm&r=g\",\"caption\":\"Reda\u00e7\u00e3o\"},\"url\":\"https:\/\/brasilnoticias.org\/site\/author\/redacao\/\"}]}<\/script>\n<!-- \/ Yoast SEO plugin. -->","yoast_head_json":{"title":"Repescagem do Aux\u00edlio Taxista ser\u00e1 paga nesta ter\u00e7a-feira (30) - Brasil not\u00edcias","robots":{"index":"index","follow":"follow","max-snippet":"max-snippet:-1","max-image-preview":"max-image-preview:large","max-video-preview":"max-video-preview:-1"},"canonical":"https:\/\/brasilnoticias.org\/site\/repescagem-do-auxilio-taxista-sera-paga-nesta-terca-feira-30\/","og_locale":"pt_PT","og_type":"article","og_title":"Repescagem do Aux\u00edlio Taxista ser\u00e1 paga nesta ter\u00e7a-feira (30) - Brasil not\u00edcias","og_description":"Os motoristas de t\u00e1xi que n\u00e3o receberam as duas primeiras parcelas do\u00a0Aux\u00edlio Taxista\u00a0ter\u00e3o nova chance nesta ter\u00e7a-feira (30). A Caixa","og_url":"https:\/\/brasilnoticias.org\/site\/repescagem-do-auxilio-taxista-sera-paga-nesta-terca-feira-30\/","og_site_name":"Brasil not\u00edcias","article_published_time":"2022-08-30T12:42:08+00:00","og_image":[{"width":800,"height":450,"url":"https:\/\/brasilnoticias.org\/site\/wp-content\/uploads\/2022\/08\/taxi_rj_ffraz_05072110178_widelg.jpg","type":"image\/jpeg"}],"author":"Reda\u00e7\u00e3o","twitter_card":"summary_large_image","twitter_misc":{"Escrito por":"Reda\u00e7\u00e3o","Tempo estimado de leitura":"4 minutos"},"schema":{"@context":"https:\/\/schema.org","@graph":[{"@type":"Article","@id":"https:\/\/brasilnoticias.org\/site\/repescagem-do-auxilio-taxista-sera-paga-nesta-terca-feira-30\/#article","isPartOf":{"@id":"https:\/\/brasilnoticias.org\/site\/repescagem-do-auxilio-taxista-sera-paga-nesta-terca-feira-30\/"},"author":{"name":"Reda\u00e7\u00e3o","@id":"https:\/\/brasilnoticias.org\/site\/#\/schema\/person\/f609fa847b5314f1c8b983342f34c798"},"headline":"Repescagem do Aux\u00edlio Taxista ser\u00e1 paga nesta ter\u00e7a-feira (30)","datePublished":"2022-08-30T12:42:08+00:00","mainEntityOfPage":{"@id":"https:\/\/brasilnoticias.org\/site\/repescagem-do-auxilio-taxista-sera-paga-nesta-terca-feira-30\/"},"wordCount":854,"commentCount":0,"publisher":{"@id":"https:\/\/brasilnoticias.org\/site\/#organization"},"image":{"@id":"https:\/\/brasilnoticias.org\/site\/repescagem-do-auxilio-taxista-sera-paga-nesta-terca-feira-30\/#primaryimage"},"thumbnailUrl":"https:\/\/brasilnoticias.org\/site\/wp-content\/uploads\/2022\/08\/taxi_rj_ffraz_05072110178_widelg.jpg","articleSection":["Not\u00edcias","\u00daltimas"],"inLanguage":"pt-PT","potentialAction":[{"@type":"CommentAction","name":"Comment","target":["https:\/\/brasilnoticias.org\/site\/repescagem-do-auxilio-taxista-sera-paga-nesta-terca-feira-30\/#respond"]}]},{"@type":"WebPage","@id":"https:\/\/brasilnoticias.org\/site\/repescagem-do-auxilio-taxista-sera-paga-nesta-terca-feira-30\/","url":"https:\/\/brasilnoticias.org\/site\/repescagem-do-auxilio-taxista-sera-paga-nesta-terca-feira-30\/","name":"Repescagem do Aux\u00edlio Taxista ser\u00e1 paga nesta ter\u00e7a-feira (30) - Brasil not\u00edcias","isPartOf":{"@id":"https:\/\/brasilnoticias.org\/site\/#website"},"primaryImageOfPage":{"@id":"https:\/\/brasilnoticias.org\/site\/repescagem-do-auxilio-taxista-sera-paga-nesta-terca-feira-30\/#primaryimage"},"image":{"@id":"https:\/\/brasilnoticias.org\/site\/repescagem-do-auxilio-taxista-sera-paga-nesta-terca-feira-30\/#primaryimage"},"thumbnailUrl":"https:\/\/brasilnoticias.org\/site\/wp-content\/uploads\/2022\/08\/taxi_rj_ffraz_05072110178_widelg.jpg","datePublished":"2022-08-30T12:42:08+00:00","breadcrumb":{"@id":"https:\/\/brasilnoticias.org\/site\/repescagem-do-auxilio-taxista-sera-paga-nesta-terca-feira-30\/#breadcrumb"},"inLanguage":"pt-PT","potentialAction":[{"@type":"ReadAction","target":["https:\/\/brasilnoticias.org\/site\/repescagem-do-auxilio-taxista-sera-paga-nesta-terca-feira-30\/"]}]},{"@type":"ImageObject","inLanguage":"pt-PT","@id":"https:\/\/brasilnoticias.org\/site\/repescagem-do-auxilio-taxista-sera-paga-nesta-terca-feira-30\/#primaryimage","url":"https:\/\/brasilnoticias.org\/site\/wp-content\/uploads\/2022\/08\/taxi_rj_ffraz_05072110178_widelg.jpg","contentUrl":"https:\/\/brasilnoticias.org\/site\/wp-content\/uploads\/2022\/08\/taxi_rj_ffraz_05072110178_widelg.jpg","width":800,"height":450},{"@type":"BreadcrumbList","@id":"https:\/\/brasilnoticias.org\/site\/repescagem-do-auxilio-taxista-sera-paga-nesta-terca-feira-30\/#breadcrumb","itemListElement":[{"@type":"ListItem","position":1,"name":"In\u00edcio","item":"https:\/\/brasilnoticias.org\/site\/"},{"@type":"ListItem","position":2,"name":"Repescagem do Aux\u00edlio Taxista ser\u00e1 paga nesta ter\u00e7a-feira (30)"}]},{"@type":"WebSite","@id":"https:\/\/brasilnoticias.org\/site\/#website","url":"https:\/\/brasilnoticias.org\/site\/","name":"Brasil not\u00edcias","description":"Brasil not\u00edcias","publisher":{"@id":"https:\/\/brasilnoticias.org\/site\/#organization"},"potentialAction":[{"@type":"SearchAction","target":{"@type":"EntryPoint","urlTemplate":"https:\/\/brasilnoticias.org\/site\/?s={search_term_string}"},"query-input":{"@type":"PropertyValueSpecification","valueRequired":true,"valueName":"search_term_string"}}],"inLanguage":"pt-PT"},{"@type":"Organization","@id":"https:\/\/brasilnoticias.org\/site\/#organization","name":"Brasil not\u00edcias","url":"https:\/\/brasilnoticias.org\/site\/","logo":{"@type":"ImageObject","inLanguage":"pt-PT","@id":"https:\/\/brasilnoticias.org\/site\/#\/schema\/logo\/image\/","url":"https:\/\/brasilnoticias.org\/site\/wp-content\/uploads\/2022\/05\/cropped-brasilnoticias-mini.jpg","contentUrl":"https:\/\/brasilnoticias.org\/site\/wp-content\/uploads\/2022\/05\/cropped-brasilnoticias-mini.jpg","width":314,"height":86,"caption":"Brasil not\u00edcias"},"image":{"@id":"https:\/\/brasilnoticias.org\/site\/#\/schema\/logo\/image\/"}},{"@type":"Person","@id":"https:\/\/brasilnoticias.org\/site\/#\/schema\/person\/f609fa847b5314f1c8b983342f34c798","name":"Reda\u00e7\u00e3o","image":{"@type":"ImageObject","inLanguage":"pt-PT","@id":"https:\/\/brasilnoticias.org\/site\/#\/schema\/person\/image\/","url":"https:\/\/secure.gravatar.com\/avatar\/447284c06c1ad8b46465a36de9cd0d8326b73387a22799b8b1ffb1fbcff2ed0c?s=96&d=mm&r=g","contentUrl":"https:\/\/secure.gravatar.com\/avatar\/447284c06c1ad8b46465a36de9cd0d8326b73387a22799b8b1ffb1fbcff2ed0c?s=96&d=mm&r=g","caption":"Reda\u00e7\u00e3o"},"url":"https:\/\/brasilnoticias.org\/site\/author\/redacao\/"}]}},"_links":{"self":[{"href":"https:\/\/brasilnoticias.org\/site\/wp-json\/wp\/v2\/posts\/1261","targetHints":{"allow":["GET"]}}],"collection":[{"href":"https:\/\/brasilnoticias.org\/site\/wp-json\/wp\/v2\/posts"}],"about":[{"href":"https:\/\/brasilnoticias.org\/site\/wp-json\/wp\/v2\/types\/post"}],"author":[{"embeddable":true,"href":"https:\/\/brasilnoticias.org\/site\/wp-json\/wp\/v2\/users\/2"}],"replies":[{"embeddable":true,"href":"https:\/\/brasilnoticias.org\/site\/wp-json\/wp\/v2\/comments?post=1261"}],"version-history":[{"count":1,"href":"https:\/\/brasilnoticias.org\/site\/wp-json\/wp\/v2\/posts\/1261\/revisions"}],"predecessor-version":[{"id":1263,"href":"https:\/\/brasilnoticias.org\/site\/wp-json\/wp\/v2\/posts\/1261\/revisions\/1263"}],"wp:featuredmedia":[{"embeddable":true,"href":"https:\/\/brasilnoticias.org\/site\/wp-json\/wp\/v2\/media\/1262"}],"wp:attachment":[{"href":"https:\/\/brasilnoticias.org\/site\/wp-json\/wp\/v2\/media?parent=1261"}],"wp:term":[{"taxonomy":"category","embeddable":true,"href":"https:\/\/brasilnoticias.org\/site\/wp-json\/wp\/v2\/categories?post=1261"},{"taxonomy":"post_tag","embeddable":true,"href":"https:\/\/brasilnoticias.org\/site\/wp-json\/wp\/v2\/tags?post=1261"}],"curies":[{"name":"wp","href":"https:\/\/api.w.org\/{rel}","templated":true}]}}