{"id":12610,"date":"2024-02-05T13:06:02","date_gmt":"2024-02-05T16:06:02","guid":{"rendered":"https:\/\/brasilnoticias.org\/site\/?p=12610"},"modified":"2024-02-05T13:06:02","modified_gmt":"2024-02-05T16:06:02","slug":"auditoria-suspende-embargo-nas-obras-da-passarela-para-ambulantes","status":"publish","type":"post","link":"https:\/\/brasilnoticias.org\/site\/auditoria-suspende-embargo-nas-obras-da-passarela-para-ambulantes\/","title":{"rendered":"Auditoria suspende embargo nas obras da passarela para ambulantes"},"content":{"rendered":"<p>A Auditoria-Fiscal do Trabalho (AFTs) suspendeu o embargo das obras de constru\u00e7\u00e3o da passarela, que est\u00e1 sendo montada pela prefeitura, para acomodar os ambulantes no Circuito Dod\u00f4 (Barra-Ondina), durante o Carnaval de Salvador. A decis\u00e3o da entidade surge ap\u00f3s a AFTs vistoriar que a empresa respons\u00e1vel pela estrutura adotou as medidas necess\u00e1rias para reduzir o risco de queda para os oper\u00e1rios.<\/p>\n<p>Na \u00faltima quinta-feira, 1\u00ba, houve a interdi\u00e7\u00e3o parcial da interven\u00e7\u00e3o pelas equipes do Minist\u00e9rio do Trabalho pela falta de uso dos equipamentos necess\u00e1rios para a realiza\u00e7\u00e3o da atividade. Nesta mesma data, o Minist\u00e9rio P\u00fablico (MP-BA) havia recomendado que a gest\u00e3o municipal n\u00e3o liberasse o acesso e o uso da estrutura.  <\/p>\n<p>No s\u00e1bado, 3, por sua vez, a auditoria  fez uma nova vistoria no local e constatou a redu\u00e7\u00e3o da imin\u00eancia de ocorr\u00eancia de acidente de trabalho por queda. Deste modo, a interdi\u00e7\u00e3o foi suspensa e o trabalho foi liberado.<\/p>\n<p>Em contrapartida, o MP-BA ainda pede que o Executivo municipal apresente um alvar\u00e1 para que os \u00f3rg\u00e3os t\u00e9cnicos mostrem os pareceres atestando a seguran\u00e7a dos trabalhadores e foli\u00f5es. <\/p>\n<p>Na recomenda\u00e7\u00e3o, o \u00f3rg\u00e3o pede ainda que a prefeitura garanta a salvaguarda das balaustradas no trecho do Porto da Barra a Morro do Cristo, evitando qualquer tipo de degrada\u00e7\u00e3o.<\/p>\n<p>Foto: SHIRLEY STOLZE<\/p>\n","protected":false},"excerpt":{"rendered":"<p>A Auditoria-Fiscal do Trabalho (AFTs) suspendeu o embargo das obras de constru\u00e7\u00e3o da passarela, que est\u00e1 sendo montada pela prefeitura,<\/p>\n","protected":false},"author":4,"featured_media":12611,"comment_status":"open","ping_status":"open","sticky":false,"template":"","format":"standard","meta":{"colormag_page_container_layout":"default_layout","colormag_page_sidebar_layout":"default_layout","_FSMCFIC_featured_image_caption":"","_FSMCFIC_featured_image_nocaption":"","_FSMCFIC_featured_image_hide":"","footnotes":""},"categories":[7,1],"tags":[],"class_list":["post-12610","post","type-post","status-publish","format-standard","has-post-thumbnail","hentry","category-justica","category-ultimas"],"yoast_head":"<!-- This site is optimized with the Yoast SEO plugin v27.1.1 - https:\/\/yoast.com\/product\/yoast-seo-wordpress\/ -->\n<title>Auditoria suspende embargo nas obras da passarela para ambulantes - Brasil not\u00edcias<\/title>\n<meta name=\"robots\" content=\"index, follow, max-snippet:-1, max-image-preview:large, max-video-preview:-1\" \/>\n<link rel=\"canonical\" href=\"https:\/\/brasilnoticias.org\/site\/auditoria-suspende-embargo-nas-obras-da-passarela-para-ambulantes\/\" \/>\n<meta property=\"og:locale\" content=\"pt_PT\" \/>\n<meta property=\"og:type\" content=\"article\" \/>\n<meta property=\"og:title\" content=\"Auditoria suspende embargo nas obras da passarela para ambulantes - Brasil not\u00edcias\" \/>\n<meta property=\"og:description\" content=\"A Auditoria-Fiscal do Trabalho (AFTs) suspendeu o embargo das obras de constru\u00e7\u00e3o da passarela, que est\u00e1 sendo montada pela prefeitura,\" \/>\n<meta property=\"og:url\" content=\"https:\/\/brasilnoticias.org\/site\/auditoria-suspende-embargo-nas-obras-da-passarela-para-ambulantes\/\" \/>\n<meta property=\"og:site_name\" content=\"Brasil not\u00edcias\" \/>\n<meta property=\"article:published_time\" content=\"2024-02-05T16:06:02+00:00\" \/>\n<meta property=\"og:image\" content=\"https:\/\/brasilnoticias.org\/site\/wp-content\/uploads\/2024\/02\/Auditoria-suspende-embargo-nas-obras-da-passarela-0125772400202402041621-ScaleDownProportional.webp\" \/>\n\t<meta property=\"og:image:width\" content=\"1198\" \/>\n\t<meta property=\"og:image:height\" content=\"799\" \/>\n\t<meta property=\"og:image:type\" content=\"image\/webp\" \/>\n<meta name=\"author\" content=\"Reda\u00e7\u00e3o\" \/>\n<meta name=\"twitter:card\" content=\"summary_large_image\" \/>\n<meta name=\"twitter:label1\" content=\"Escrito por\" \/>\n\t<meta name=\"twitter:data1\" content=\"Reda\u00e7\u00e3o\" \/>\n<script type=\"application\/ld+json\" class=\"yoast-schema-graph\">{\"@context\":\"https:\/\/schema.org\",\"@graph\":[{\"@type\":\"Article\",\"@id\":\"https:\/\/brasilnoticias.org\/site\/auditoria-suspende-embargo-nas-obras-da-passarela-para-ambulantes\/#article\",\"isPartOf\":{\"@id\":\"https:\/\/brasilnoticias.org\/site\/auditoria-suspende-embargo-nas-obras-da-passarela-para-ambulantes\/\"},\"author\":{\"name\":\"Reda\u00e7\u00e3o\",\"@id\":\"https:\/\/brasilnoticias.org\/site\/#\/schema\/person\/03bbbfe6c7634ad18c26444ea39049fa\"},\"headline\":\"Auditoria suspende embargo nas obras da passarela para ambulantes\",\"datePublished\":\"2024-02-05T16:06:02+00:00\",\"mainEntityOfPage\":{\"@id\":\"https:\/\/brasilnoticias.org\/site\/auditoria-suspende-embargo-nas-obras-da-passarela-para-ambulantes\/\"},\"wordCount\":244,\"commentCount\":0,\"publisher\":{\"@id\":\"https:\/\/brasilnoticias.org\/site\/#organization\"},\"image\":{\"@id\":\"https:\/\/brasilnoticias.org\/site\/auditoria-suspende-embargo-nas-obras-da-passarela-para-ambulantes\/#primaryimage\"},\"thumbnailUrl\":\"https:\/\/brasilnoticias.org\/site\/wp-content\/uploads\/2024\/02\/Auditoria-suspende-embargo-nas-obras-da-passarela-0125772400202402041621-ScaleDownProportional.webp\",\"articleSection\":[\"Justi\u00e7a\",\"\u00daltimas\"],\"inLanguage\":\"pt-PT\",\"potentialAction\":[{\"@type\":\"CommentAction\",\"name\":\"Comment\",\"target\":[\"https:\/\/brasilnoticias.org\/site\/auditoria-suspende-embargo-nas-obras-da-passarela-para-ambulantes\/#respond\"]}]},{\"@type\":\"WebPage\",\"@id\":\"https:\/\/brasilnoticias.org\/site\/auditoria-suspende-embargo-nas-obras-da-passarela-para-ambulantes\/\",\"url\":\"https:\/\/brasilnoticias.org\/site\/auditoria-suspende-embargo-nas-obras-da-passarela-para-ambulantes\/\",\"name\":\"Auditoria suspende embargo nas obras da passarela para ambulantes - Brasil not\u00edcias\",\"isPartOf\":{\"@id\":\"https:\/\/brasilnoticias.org\/site\/#website\"},\"primaryImageOfPage\":{\"@id\":\"https:\/\/brasilnoticias.org\/site\/auditoria-suspende-embargo-nas-obras-da-passarela-para-ambulantes\/#primaryimage\"},\"image\":{\"@id\":\"https:\/\/brasilnoticias.org\/site\/auditoria-suspende-embargo-nas-obras-da-passarela-para-ambulantes\/#primaryimage\"},\"thumbnailUrl\":\"https:\/\/brasilnoticias.org\/site\/wp-content\/uploads\/2024\/02\/Auditoria-suspende-embargo-nas-obras-da-passarela-0125772400202402041621-ScaleDownProportional.webp\",\"datePublished\":\"2024-02-05T16:06:02+00:00\",\"breadcrumb\":{\"@id\":\"https:\/\/brasilnoticias.org\/site\/auditoria-suspende-embargo-nas-obras-da-passarela-para-ambulantes\/#breadcrumb\"},\"inLanguage\":\"pt-PT\",\"potentialAction\":[{\"@type\":\"ReadAction\",\"target\":[\"https:\/\/brasilnoticias.org\/site\/auditoria-suspende-embargo-nas-obras-da-passarela-para-ambulantes\/\"]}]},{\"@type\":\"ImageObject\",\"inLanguage\":\"pt-PT\",\"@id\":\"https:\/\/brasilnoticias.org\/site\/auditoria-suspende-embargo-nas-obras-da-passarela-para-ambulantes\/#primaryimage\",\"url\":\"https:\/\/brasilnoticias.org\/site\/wp-content\/uploads\/2024\/02\/Auditoria-suspende-embargo-nas-obras-da-passarela-0125772400202402041621-ScaleDownProportional.webp\",\"contentUrl\":\"https:\/\/brasilnoticias.org\/site\/wp-content\/uploads\/2024\/02\/Auditoria-suspende-embargo-nas-obras-da-passarela-0125772400202402041621-ScaleDownProportional.webp\",\"width\":1198,\"height\":799},{\"@type\":\"BreadcrumbList\",\"@id\":\"https:\/\/brasilnoticias.org\/site\/auditoria-suspende-embargo-nas-obras-da-passarela-para-ambulantes\/#breadcrumb\",\"itemListElement\":[{\"@type\":\"ListItem\",\"position\":1,\"name\":\"In\u00edcio\",\"item\":\"https:\/\/brasilnoticias.org\/site\/\"},{\"@type\":\"ListItem\",\"position\":2,\"name\":\"Auditoria suspende embargo nas obras da passarela para ambulantes\"}]},{\"@type\":\"WebSite\",\"@id\":\"https:\/\/brasilnoticias.org\/site\/#website\",\"url\":\"https:\/\/brasilnoticias.org\/site\/\",\"name\":\"Brasil not\u00edcias\",\"description\":\"Brasil not\u00edcias\",\"publisher\":{\"@id\":\"https:\/\/brasilnoticias.org\/site\/#organization\"},\"potentialAction\":[{\"@type\":\"SearchAction\",\"target\":{\"@type\":\"EntryPoint\",\"urlTemplate\":\"https:\/\/brasilnoticias.org\/site\/?s={search_term_string}\"},\"query-input\":{\"@type\":\"PropertyValueSpecification\",\"valueRequired\":true,\"valueName\":\"search_term_string\"}}],\"inLanguage\":\"pt-PT\"},{\"@type\":\"Organization\",\"@id\":\"https:\/\/brasilnoticias.org\/site\/#organization\",\"name\":\"Brasil not\u00edcias\",\"url\":\"https:\/\/brasilnoticias.org\/site\/\",\"logo\":{\"@type\":\"ImageObject\",\"inLanguage\":\"pt-PT\",\"@id\":\"https:\/\/brasilnoticias.org\/site\/#\/schema\/logo\/image\/\",\"url\":\"https:\/\/brasilnoticias.org\/site\/wp-content\/uploads\/2022\/05\/cropped-brasilnoticias-mini.jpg\",\"contentUrl\":\"https:\/\/brasilnoticias.org\/site\/wp-content\/uploads\/2022\/05\/cropped-brasilnoticias-mini.jpg\",\"width\":314,\"height\":86,\"caption\":\"Brasil not\u00edcias\"},\"image\":{\"@id\":\"https:\/\/brasilnoticias.org\/site\/#\/schema\/logo\/image\/\"}},{\"@type\":\"Person\",\"@id\":\"https:\/\/brasilnoticias.org\/site\/#\/schema\/person\/03bbbfe6c7634ad18c26444ea39049fa\",\"name\":\"Reda\u00e7\u00e3o\",\"image\":{\"@type\":\"ImageObject\",\"inLanguage\":\"pt-PT\",\"@id\":\"https:\/\/brasilnoticias.org\/site\/#\/schema\/person\/image\/\",\"url\":\"https:\/\/secure.gravatar.com\/avatar\/9ecaf7327a696cb23ad926fedded5f1f04d7049de9e445375d55b48c001a6e42?s=96&d=mm&r=g\",\"contentUrl\":\"https:\/\/secure.gravatar.com\/avatar\/9ecaf7327a696cb23ad926fedded5f1f04d7049de9e445375d55b48c001a6e42?s=96&d=mm&r=g\",\"caption\":\"Reda\u00e7\u00e3o\"},\"url\":\"https:\/\/brasilnoticias.org\/site\/author\/henrique\/\"}]}<\/script>\n<!-- \/ Yoast SEO plugin. -->","yoast_head_json":{"title":"Auditoria suspende embargo nas obras da passarela para ambulantes - Brasil not\u00edcias","robots":{"index":"index","follow":"follow","max-snippet":"max-snippet:-1","max-image-preview":"max-image-preview:large","max-video-preview":"max-video-preview:-1"},"canonical":"https:\/\/brasilnoticias.org\/site\/auditoria-suspende-embargo-nas-obras-da-passarela-para-ambulantes\/","og_locale":"pt_PT","og_type":"article","og_title":"Auditoria suspende embargo nas obras da passarela para ambulantes - Brasil not\u00edcias","og_description":"A Auditoria-Fiscal do Trabalho (AFTs) suspendeu o embargo das obras de constru\u00e7\u00e3o da passarela, que est\u00e1 sendo montada pela prefeitura,","og_url":"https:\/\/brasilnoticias.org\/site\/auditoria-suspende-embargo-nas-obras-da-passarela-para-ambulantes\/","og_site_name":"Brasil not\u00edcias","article_published_time":"2024-02-05T16:06:02+00:00","og_image":[{"width":1198,"height":799,"url":"https:\/\/brasilnoticias.org\/site\/wp-content\/uploads\/2024\/02\/Auditoria-suspende-embargo-nas-obras-da-passarela-0125772400202402041621-ScaleDownProportional.webp","type":"image\/webp"}],"author":"Reda\u00e7\u00e3o","twitter_card":"summary_large_image","twitter_misc":{"Escrito por":"Reda\u00e7\u00e3o"},"schema":{"@context":"https:\/\/schema.org","@graph":[{"@type":"Article","@id":"https:\/\/brasilnoticias.org\/site\/auditoria-suspende-embargo-nas-obras-da-passarela-para-ambulantes\/#article","isPartOf":{"@id":"https:\/\/brasilnoticias.org\/site\/auditoria-suspende-embargo-nas-obras-da-passarela-para-ambulantes\/"},"author":{"name":"Reda\u00e7\u00e3o","@id":"https:\/\/brasilnoticias.org\/site\/#\/schema\/person\/03bbbfe6c7634ad18c26444ea39049fa"},"headline":"Auditoria suspende embargo nas obras da passarela para ambulantes","datePublished":"2024-02-05T16:06:02+00:00","mainEntityOfPage":{"@id":"https:\/\/brasilnoticias.org\/site\/auditoria-suspende-embargo-nas-obras-da-passarela-para-ambulantes\/"},"wordCount":244,"commentCount":0,"publisher":{"@id":"https:\/\/brasilnoticias.org\/site\/#organization"},"image":{"@id":"https:\/\/brasilnoticias.org\/site\/auditoria-suspende-embargo-nas-obras-da-passarela-para-ambulantes\/#primaryimage"},"thumbnailUrl":"https:\/\/brasilnoticias.org\/site\/wp-content\/uploads\/2024\/02\/Auditoria-suspende-embargo-nas-obras-da-passarela-0125772400202402041621-ScaleDownProportional.webp","articleSection":["Justi\u00e7a","\u00daltimas"],"inLanguage":"pt-PT","potentialAction":[{"@type":"CommentAction","name":"Comment","target":["https:\/\/brasilnoticias.org\/site\/auditoria-suspende-embargo-nas-obras-da-passarela-para-ambulantes\/#respond"]}]},{"@type":"WebPage","@id":"https:\/\/brasilnoticias.org\/site\/auditoria-suspende-embargo-nas-obras-da-passarela-para-ambulantes\/","url":"https:\/\/brasilnoticias.org\/site\/auditoria-suspende-embargo-nas-obras-da-passarela-para-ambulantes\/","name":"Auditoria suspende embargo nas obras da passarela para ambulantes - Brasil not\u00edcias","isPartOf":{"@id":"https:\/\/brasilnoticias.org\/site\/#website"},"primaryImageOfPage":{"@id":"https:\/\/brasilnoticias.org\/site\/auditoria-suspende-embargo-nas-obras-da-passarela-para-ambulantes\/#primaryimage"},"image":{"@id":"https:\/\/brasilnoticias.org\/site\/auditoria-suspende-embargo-nas-obras-da-passarela-para-ambulantes\/#primaryimage"},"thumbnailUrl":"https:\/\/brasilnoticias.org\/site\/wp-content\/uploads\/2024\/02\/Auditoria-suspende-embargo-nas-obras-da-passarela-0125772400202402041621-ScaleDownProportional.webp","datePublished":"2024-02-05T16:06:02+00:00","breadcrumb":{"@id":"https:\/\/brasilnoticias.org\/site\/auditoria-suspende-embargo-nas-obras-da-passarela-para-ambulantes\/#breadcrumb"},"inLanguage":"pt-PT","potentialAction":[{"@type":"ReadAction","target":["https:\/\/brasilnoticias.org\/site\/auditoria-suspende-embargo-nas-obras-da-passarela-para-ambulantes\/"]}]},{"@type":"ImageObject","inLanguage":"pt-PT","@id":"https:\/\/brasilnoticias.org\/site\/auditoria-suspende-embargo-nas-obras-da-passarela-para-ambulantes\/#primaryimage","url":"https:\/\/brasilnoticias.org\/site\/wp-content\/uploads\/2024\/02\/Auditoria-suspende-embargo-nas-obras-da-passarela-0125772400202402041621-ScaleDownProportional.webp","contentUrl":"https:\/\/brasilnoticias.org\/site\/wp-content\/uploads\/2024\/02\/Auditoria-suspende-embargo-nas-obras-da-passarela-0125772400202402041621-ScaleDownProportional.webp","width":1198,"height":799},{"@type":"BreadcrumbList","@id":"https:\/\/brasilnoticias.org\/site\/auditoria-suspende-embargo-nas-obras-da-passarela-para-ambulantes\/#breadcrumb","itemListElement":[{"@type":"ListItem","position":1,"name":"In\u00edcio","item":"https:\/\/brasilnoticias.org\/site\/"},{"@type":"ListItem","position":2,"name":"Auditoria suspende embargo nas obras da passarela para ambulantes"}]},{"@type":"WebSite","@id":"https:\/\/brasilnoticias.org\/site\/#website","url":"https:\/\/brasilnoticias.org\/site\/","name":"Brasil not\u00edcias","description":"Brasil not\u00edcias","publisher":{"@id":"https:\/\/brasilnoticias.org\/site\/#organization"},"potentialAction":[{"@type":"SearchAction","target":{"@type":"EntryPoint","urlTemplate":"https:\/\/brasilnoticias.org\/site\/?s={search_term_string}"},"query-input":{"@type":"PropertyValueSpecification","valueRequired":true,"valueName":"search_term_string"}}],"inLanguage":"pt-PT"},{"@type":"Organization","@id":"https:\/\/brasilnoticias.org\/site\/#organization","name":"Brasil not\u00edcias","url":"https:\/\/brasilnoticias.org\/site\/","logo":{"@type":"ImageObject","inLanguage":"pt-PT","@id":"https:\/\/brasilnoticias.org\/site\/#\/schema\/logo\/image\/","url":"https:\/\/brasilnoticias.org\/site\/wp-content\/uploads\/2022\/05\/cropped-brasilnoticias-mini.jpg","contentUrl":"https:\/\/brasilnoticias.org\/site\/wp-content\/uploads\/2022\/05\/cropped-brasilnoticias-mini.jpg","width":314,"height":86,"caption":"Brasil not\u00edcias"},"image":{"@id":"https:\/\/brasilnoticias.org\/site\/#\/schema\/logo\/image\/"}},{"@type":"Person","@id":"https:\/\/brasilnoticias.org\/site\/#\/schema\/person\/03bbbfe6c7634ad18c26444ea39049fa","name":"Reda\u00e7\u00e3o","image":{"@type":"ImageObject","inLanguage":"pt-PT","@id":"https:\/\/brasilnoticias.org\/site\/#\/schema\/person\/image\/","url":"https:\/\/secure.gravatar.com\/avatar\/9ecaf7327a696cb23ad926fedded5f1f04d7049de9e445375d55b48c001a6e42?s=96&d=mm&r=g","contentUrl":"https:\/\/secure.gravatar.com\/avatar\/9ecaf7327a696cb23ad926fedded5f1f04d7049de9e445375d55b48c001a6e42?s=96&d=mm&r=g","caption":"Reda\u00e7\u00e3o"},"url":"https:\/\/brasilnoticias.org\/site\/author\/henrique\/"}]}},"_links":{"self":[{"href":"https:\/\/brasilnoticias.org\/site\/wp-json\/wp\/v2\/posts\/12610","targetHints":{"allow":["GET"]}}],"collection":[{"href":"https:\/\/brasilnoticias.org\/site\/wp-json\/wp\/v2\/posts"}],"about":[{"href":"https:\/\/brasilnoticias.org\/site\/wp-json\/wp\/v2\/types\/post"}],"author":[{"embeddable":true,"href":"https:\/\/brasilnoticias.org\/site\/wp-json\/wp\/v2\/users\/4"}],"replies":[{"embeddable":true,"href":"https:\/\/brasilnoticias.org\/site\/wp-json\/wp\/v2\/comments?post=12610"}],"version-history":[{"count":1,"href":"https:\/\/brasilnoticias.org\/site\/wp-json\/wp\/v2\/posts\/12610\/revisions"}],"predecessor-version":[{"id":12612,"href":"https:\/\/brasilnoticias.org\/site\/wp-json\/wp\/v2\/posts\/12610\/revisions\/12612"}],"wp:featuredmedia":[{"embeddable":true,"href":"https:\/\/brasilnoticias.org\/site\/wp-json\/wp\/v2\/media\/12611"}],"wp:attachment":[{"href":"https:\/\/brasilnoticias.org\/site\/wp-json\/wp\/v2\/media?parent=12610"}],"wp:term":[{"taxonomy":"category","embeddable":true,"href":"https:\/\/brasilnoticias.org\/site\/wp-json\/wp\/v2\/categories?post=12610"},{"taxonomy":"post_tag","embeddable":true,"href":"https:\/\/brasilnoticias.org\/site\/wp-json\/wp\/v2\/tags?post=12610"}],"curies":[{"name":"wp","href":"https:\/\/api.w.org\/{rel}","templated":true}]}}