{"id":12616,"date":"2024-02-06T11:58:24","date_gmt":"2024-02-06T14:58:24","guid":{"rendered":"https:\/\/brasilnoticias.org\/site\/?p=12616"},"modified":"2024-02-06T11:58:24","modified_gmt":"2024-02-06T14:58:24","slug":"vereador-leandro-guerrilha-fala-da-importancia-em-combater-a-violencia-contra-a-mulher","status":"publish","type":"post","link":"https:\/\/brasilnoticias.org\/site\/vereador-leandro-guerrilha-fala-da-importancia-em-combater-a-violencia-contra-a-mulher\/","title":{"rendered":"Vereador Leandro Guerrilha fala da import\u00e2ncia em combater a viol\u00eancia contra a mulher."},"content":{"rendered":"<p>O Parlamentar ainda repudiou a atitude de uma jornalista que agrediu verbalmente uma policial militar.<\/p>\n<p>O Vereador Leandro Guerrilha (PP) participou da sess\u00e3o parlamentar na tarde desta segunda feira (05), usando o seu direito de fala para defender o enfrentamento a viol\u00eancia contra as mulheres. &#8221;Sonho em um dia ser presidente da comiss\u00e3o das mulheres, porque n\u00f3s homens temos que dar exemplo, e dizer N\u00c3O \u00e0 viol\u00eancia contra a mulher&#8221;. <\/p>\n<p>O Parlamentar ainda repudiou a atitude de uma jornalista que agrediu verbalmente uma policial militar, O crime ocorreu durante o Fuzu\u00ea, um dos eventos de pr\u00e9-carnaval da capital baiana, no bairro da Barra. A jornalista que foi presa em flagrante por inj\u00faria racial, no s\u00e1bado (3), em Salvador, teve a liberdade provis\u00f3ria concedida na manh\u00e3 desta segunda-feira (5).<\/p>\n<p>180 (Disque Den\u00fancia \u2013 Central de Atendimento \u00e0 Mulher) para receber orienta\u00e7\u00f5es sobre como proceder;<\/p>\n<p>Procure tamb\u00e9m o Distrito Policial de Atendimento \u00e0 Mulher do seu munic\u00edpio para fazer o Boletim de Ocorr\u00eancia e solicitar, se for o caso, alguma medida protetiva de urg\u00eancia.<\/p>\n<p>Foto: Divulga\u00e7\u00e3o<br \/>\nFonte: ba<\/p>\n","protected":false},"excerpt":{"rendered":"<p>O Parlamentar ainda repudiou a atitude de uma jornalista que agrediu verbalmente uma policial militar. O Vereador Leandro Guerrilha (PP)<\/p>\n","protected":false},"author":4,"featured_media":12617,"comment_status":"open","ping_status":"open","sticky":false,"template":"","format":"standard","meta":{"colormag_page_container_layout":"default_layout","colormag_page_sidebar_layout":"default_layout","_FSMCFIC_featured_image_caption":"","_FSMCFIC_featured_image_nocaption":"","_FSMCFIC_featured_image_hide":"","footnotes":""},"categories":[5,1],"tags":[],"class_list":["post-12616","post","type-post","status-publish","format-standard","has-post-thumbnail","hentry","category-politica","category-ultimas"],"yoast_head":"<!-- This site is optimized with the Yoast SEO plugin v27.1.1 - https:\/\/yoast.com\/product\/yoast-seo-wordpress\/ -->\n<title>Vereador Leandro Guerrilha fala da import\u00e2ncia em combater a viol\u00eancia contra a mulher. - Brasil not\u00edcias<\/title>\n<meta name=\"robots\" content=\"index, follow, max-snippet:-1, max-image-preview:large, max-video-preview:-1\" \/>\n<link rel=\"canonical\" href=\"https:\/\/brasilnoticias.org\/site\/vereador-leandro-guerrilha-fala-da-importancia-em-combater-a-violencia-contra-a-mulher\/\" \/>\n<meta property=\"og:locale\" content=\"pt_PT\" \/>\n<meta property=\"og:type\" content=\"article\" \/>\n<meta property=\"og:title\" content=\"Vereador Leandro Guerrilha fala da import\u00e2ncia em combater a viol\u00eancia contra a mulher. - Brasil not\u00edcias\" \/>\n<meta property=\"og:description\" content=\"O Parlamentar ainda repudiou a atitude de uma jornalista que agrediu verbalmente uma policial militar. O Vereador Leandro Guerrilha (PP)\" \/>\n<meta property=\"og:url\" content=\"https:\/\/brasilnoticias.org\/site\/vereador-leandro-guerrilha-fala-da-importancia-em-combater-a-violencia-contra-a-mulher\/\" \/>\n<meta property=\"og:site_name\" content=\"Brasil not\u00edcias\" \/>\n<meta property=\"article:published_time\" content=\"2024-02-06T14:58:24+00:00\" \/>\n<meta property=\"og:image\" content=\"https:\/\/brasilnoticias.org\/site\/wp-content\/uploads\/2024\/02\/ba53943ad918209caf9e9bd321476051.jpg\" \/>\n\t<meta property=\"og:image:width\" content=\"660\" \/>\n\t<meta property=\"og:image:height\" content=\"446\" \/>\n\t<meta property=\"og:image:type\" content=\"image\/jpeg\" \/>\n<meta name=\"author\" content=\"Reda\u00e7\u00e3o\" \/>\n<meta name=\"twitter:card\" content=\"summary_large_image\" \/>\n<meta name=\"twitter:label1\" content=\"Escrito por\" \/>\n\t<meta name=\"twitter:data1\" content=\"Reda\u00e7\u00e3o\" \/>\n<script type=\"application\/ld+json\" class=\"yoast-schema-graph\">{\"@context\":\"https:\/\/schema.org\",\"@graph\":[{\"@type\":\"Article\",\"@id\":\"https:\/\/brasilnoticias.org\/site\/vereador-leandro-guerrilha-fala-da-importancia-em-combater-a-violencia-contra-a-mulher\/#article\",\"isPartOf\":{\"@id\":\"https:\/\/brasilnoticias.org\/site\/vereador-leandro-guerrilha-fala-da-importancia-em-combater-a-violencia-contra-a-mulher\/\"},\"author\":{\"name\":\"Reda\u00e7\u00e3o\",\"@id\":\"https:\/\/brasilnoticias.org\/site\/#\/schema\/person\/03bbbfe6c7634ad18c26444ea39049fa\"},\"headline\":\"Vereador Leandro Guerrilha fala da import\u00e2ncia em combater a viol\u00eancia contra a mulher.\",\"datePublished\":\"2024-02-06T14:58:24+00:00\",\"mainEntityOfPage\":{\"@id\":\"https:\/\/brasilnoticias.org\/site\/vereador-leandro-guerrilha-fala-da-importancia-em-combater-a-violencia-contra-a-mulher\/\"},\"wordCount\":200,\"commentCount\":0,\"publisher\":{\"@id\":\"https:\/\/brasilnoticias.org\/site\/#organization\"},\"image\":{\"@id\":\"https:\/\/brasilnoticias.org\/site\/vereador-leandro-guerrilha-fala-da-importancia-em-combater-a-violencia-contra-a-mulher\/#primaryimage\"},\"thumbnailUrl\":\"https:\/\/brasilnoticias.org\/site\/wp-content\/uploads\/2024\/02\/ba53943ad918209caf9e9bd321476051.jpg\",\"articleSection\":[\"Pol\u00edtica\",\"\u00daltimas\"],\"inLanguage\":\"pt-PT\",\"potentialAction\":[{\"@type\":\"CommentAction\",\"name\":\"Comment\",\"target\":[\"https:\/\/brasilnoticias.org\/site\/vereador-leandro-guerrilha-fala-da-importancia-em-combater-a-violencia-contra-a-mulher\/#respond\"]}]},{\"@type\":\"WebPage\",\"@id\":\"https:\/\/brasilnoticias.org\/site\/vereador-leandro-guerrilha-fala-da-importancia-em-combater-a-violencia-contra-a-mulher\/\",\"url\":\"https:\/\/brasilnoticias.org\/site\/vereador-leandro-guerrilha-fala-da-importancia-em-combater-a-violencia-contra-a-mulher\/\",\"name\":\"Vereador Leandro Guerrilha fala da import\u00e2ncia em combater a viol\u00eancia contra a mulher. - Brasil not\u00edcias\",\"isPartOf\":{\"@id\":\"https:\/\/brasilnoticias.org\/site\/#website\"},\"primaryImageOfPage\":{\"@id\":\"https:\/\/brasilnoticias.org\/site\/vereador-leandro-guerrilha-fala-da-importancia-em-combater-a-violencia-contra-a-mulher\/#primaryimage\"},\"image\":{\"@id\":\"https:\/\/brasilnoticias.org\/site\/vereador-leandro-guerrilha-fala-da-importancia-em-combater-a-violencia-contra-a-mulher\/#primaryimage\"},\"thumbnailUrl\":\"https:\/\/brasilnoticias.org\/site\/wp-content\/uploads\/2024\/02\/ba53943ad918209caf9e9bd321476051.jpg\",\"datePublished\":\"2024-02-06T14:58:24+00:00\",\"breadcrumb\":{\"@id\":\"https:\/\/brasilnoticias.org\/site\/vereador-leandro-guerrilha-fala-da-importancia-em-combater-a-violencia-contra-a-mulher\/#breadcrumb\"},\"inLanguage\":\"pt-PT\",\"potentialAction\":[{\"@type\":\"ReadAction\",\"target\":[\"https:\/\/brasilnoticias.org\/site\/vereador-leandro-guerrilha-fala-da-importancia-em-combater-a-violencia-contra-a-mulher\/\"]}]},{\"@type\":\"ImageObject\",\"inLanguage\":\"pt-PT\",\"@id\":\"https:\/\/brasilnoticias.org\/site\/vereador-leandro-guerrilha-fala-da-importancia-em-combater-a-violencia-contra-a-mulher\/#primaryimage\",\"url\":\"https:\/\/brasilnoticias.org\/site\/wp-content\/uploads\/2024\/02\/ba53943ad918209caf9e9bd321476051.jpg\",\"contentUrl\":\"https:\/\/brasilnoticias.org\/site\/wp-content\/uploads\/2024\/02\/ba53943ad918209caf9e9bd321476051.jpg\",\"width\":660,\"height\":446},{\"@type\":\"BreadcrumbList\",\"@id\":\"https:\/\/brasilnoticias.org\/site\/vereador-leandro-guerrilha-fala-da-importancia-em-combater-a-violencia-contra-a-mulher\/#breadcrumb\",\"itemListElement\":[{\"@type\":\"ListItem\",\"position\":1,\"name\":\"In\u00edcio\",\"item\":\"https:\/\/brasilnoticias.org\/site\/\"},{\"@type\":\"ListItem\",\"position\":2,\"name\":\"Vereador Leandro Guerrilha fala da import\u00e2ncia em combater a viol\u00eancia contra a mulher.\"}]},{\"@type\":\"WebSite\",\"@id\":\"https:\/\/brasilnoticias.org\/site\/#website\",\"url\":\"https:\/\/brasilnoticias.org\/site\/\",\"name\":\"Brasil not\u00edcias\",\"description\":\"Brasil not\u00edcias\",\"publisher\":{\"@id\":\"https:\/\/brasilnoticias.org\/site\/#organization\"},\"potentialAction\":[{\"@type\":\"SearchAction\",\"target\":{\"@type\":\"EntryPoint\",\"urlTemplate\":\"https:\/\/brasilnoticias.org\/site\/?s={search_term_string}\"},\"query-input\":{\"@type\":\"PropertyValueSpecification\",\"valueRequired\":true,\"valueName\":\"search_term_string\"}}],\"inLanguage\":\"pt-PT\"},{\"@type\":\"Organization\",\"@id\":\"https:\/\/brasilnoticias.org\/site\/#organization\",\"name\":\"Brasil not\u00edcias\",\"url\":\"https:\/\/brasilnoticias.org\/site\/\",\"logo\":{\"@type\":\"ImageObject\",\"inLanguage\":\"pt-PT\",\"@id\":\"https:\/\/brasilnoticias.org\/site\/#\/schema\/logo\/image\/\",\"url\":\"https:\/\/brasilnoticias.org\/site\/wp-content\/uploads\/2022\/05\/cropped-brasilnoticias-mini.jpg\",\"contentUrl\":\"https:\/\/brasilnoticias.org\/site\/wp-content\/uploads\/2022\/05\/cropped-brasilnoticias-mini.jpg\",\"width\":314,\"height\":86,\"caption\":\"Brasil not\u00edcias\"},\"image\":{\"@id\":\"https:\/\/brasilnoticias.org\/site\/#\/schema\/logo\/image\/\"}},{\"@type\":\"Person\",\"@id\":\"https:\/\/brasilnoticias.org\/site\/#\/schema\/person\/03bbbfe6c7634ad18c26444ea39049fa\",\"name\":\"Reda\u00e7\u00e3o\",\"image\":{\"@type\":\"ImageObject\",\"inLanguage\":\"pt-PT\",\"@id\":\"https:\/\/brasilnoticias.org\/site\/#\/schema\/person\/image\/\",\"url\":\"https:\/\/secure.gravatar.com\/avatar\/9ecaf7327a696cb23ad926fedded5f1f04d7049de9e445375d55b48c001a6e42?s=96&d=mm&r=g\",\"contentUrl\":\"https:\/\/secure.gravatar.com\/avatar\/9ecaf7327a696cb23ad926fedded5f1f04d7049de9e445375d55b48c001a6e42?s=96&d=mm&r=g\",\"caption\":\"Reda\u00e7\u00e3o\"},\"url\":\"https:\/\/brasilnoticias.org\/site\/author\/henrique\/\"}]}<\/script>\n<!-- \/ Yoast SEO plugin. -->","yoast_head_json":{"title":"Vereador Leandro Guerrilha fala da import\u00e2ncia em combater a viol\u00eancia contra a mulher. - Brasil not\u00edcias","robots":{"index":"index","follow":"follow","max-snippet":"max-snippet:-1","max-image-preview":"max-image-preview:large","max-video-preview":"max-video-preview:-1"},"canonical":"https:\/\/brasilnoticias.org\/site\/vereador-leandro-guerrilha-fala-da-importancia-em-combater-a-violencia-contra-a-mulher\/","og_locale":"pt_PT","og_type":"article","og_title":"Vereador Leandro Guerrilha fala da import\u00e2ncia em combater a viol\u00eancia contra a mulher. - Brasil not\u00edcias","og_description":"O Parlamentar ainda repudiou a atitude de uma jornalista que agrediu verbalmente uma policial militar. O Vereador Leandro Guerrilha (PP)","og_url":"https:\/\/brasilnoticias.org\/site\/vereador-leandro-guerrilha-fala-da-importancia-em-combater-a-violencia-contra-a-mulher\/","og_site_name":"Brasil not\u00edcias","article_published_time":"2024-02-06T14:58:24+00:00","og_image":[{"width":660,"height":446,"url":"https:\/\/brasilnoticias.org\/site\/wp-content\/uploads\/2024\/02\/ba53943ad918209caf9e9bd321476051.jpg","type":"image\/jpeg"}],"author":"Reda\u00e7\u00e3o","twitter_card":"summary_large_image","twitter_misc":{"Escrito por":"Reda\u00e7\u00e3o"},"schema":{"@context":"https:\/\/schema.org","@graph":[{"@type":"Article","@id":"https:\/\/brasilnoticias.org\/site\/vereador-leandro-guerrilha-fala-da-importancia-em-combater-a-violencia-contra-a-mulher\/#article","isPartOf":{"@id":"https:\/\/brasilnoticias.org\/site\/vereador-leandro-guerrilha-fala-da-importancia-em-combater-a-violencia-contra-a-mulher\/"},"author":{"name":"Reda\u00e7\u00e3o","@id":"https:\/\/brasilnoticias.org\/site\/#\/schema\/person\/03bbbfe6c7634ad18c26444ea39049fa"},"headline":"Vereador Leandro Guerrilha fala da import\u00e2ncia em combater a viol\u00eancia contra a mulher.","datePublished":"2024-02-06T14:58:24+00:00","mainEntityOfPage":{"@id":"https:\/\/brasilnoticias.org\/site\/vereador-leandro-guerrilha-fala-da-importancia-em-combater-a-violencia-contra-a-mulher\/"},"wordCount":200,"commentCount":0,"publisher":{"@id":"https:\/\/brasilnoticias.org\/site\/#organization"},"image":{"@id":"https:\/\/brasilnoticias.org\/site\/vereador-leandro-guerrilha-fala-da-importancia-em-combater-a-violencia-contra-a-mulher\/#primaryimage"},"thumbnailUrl":"https:\/\/brasilnoticias.org\/site\/wp-content\/uploads\/2024\/02\/ba53943ad918209caf9e9bd321476051.jpg","articleSection":["Pol\u00edtica","\u00daltimas"],"inLanguage":"pt-PT","potentialAction":[{"@type":"CommentAction","name":"Comment","target":["https:\/\/brasilnoticias.org\/site\/vereador-leandro-guerrilha-fala-da-importancia-em-combater-a-violencia-contra-a-mulher\/#respond"]}]},{"@type":"WebPage","@id":"https:\/\/brasilnoticias.org\/site\/vereador-leandro-guerrilha-fala-da-importancia-em-combater-a-violencia-contra-a-mulher\/","url":"https:\/\/brasilnoticias.org\/site\/vereador-leandro-guerrilha-fala-da-importancia-em-combater-a-violencia-contra-a-mulher\/","name":"Vereador Leandro Guerrilha fala da import\u00e2ncia em combater a viol\u00eancia contra a mulher. - Brasil not\u00edcias","isPartOf":{"@id":"https:\/\/brasilnoticias.org\/site\/#website"},"primaryImageOfPage":{"@id":"https:\/\/brasilnoticias.org\/site\/vereador-leandro-guerrilha-fala-da-importancia-em-combater-a-violencia-contra-a-mulher\/#primaryimage"},"image":{"@id":"https:\/\/brasilnoticias.org\/site\/vereador-leandro-guerrilha-fala-da-importancia-em-combater-a-violencia-contra-a-mulher\/#primaryimage"},"thumbnailUrl":"https:\/\/brasilnoticias.org\/site\/wp-content\/uploads\/2024\/02\/ba53943ad918209caf9e9bd321476051.jpg","datePublished":"2024-02-06T14:58:24+00:00","breadcrumb":{"@id":"https:\/\/brasilnoticias.org\/site\/vereador-leandro-guerrilha-fala-da-importancia-em-combater-a-violencia-contra-a-mulher\/#breadcrumb"},"inLanguage":"pt-PT","potentialAction":[{"@type":"ReadAction","target":["https:\/\/brasilnoticias.org\/site\/vereador-leandro-guerrilha-fala-da-importancia-em-combater-a-violencia-contra-a-mulher\/"]}]},{"@type":"ImageObject","inLanguage":"pt-PT","@id":"https:\/\/brasilnoticias.org\/site\/vereador-leandro-guerrilha-fala-da-importancia-em-combater-a-violencia-contra-a-mulher\/#primaryimage","url":"https:\/\/brasilnoticias.org\/site\/wp-content\/uploads\/2024\/02\/ba53943ad918209caf9e9bd321476051.jpg","contentUrl":"https:\/\/brasilnoticias.org\/site\/wp-content\/uploads\/2024\/02\/ba53943ad918209caf9e9bd321476051.jpg","width":660,"height":446},{"@type":"BreadcrumbList","@id":"https:\/\/brasilnoticias.org\/site\/vereador-leandro-guerrilha-fala-da-importancia-em-combater-a-violencia-contra-a-mulher\/#breadcrumb","itemListElement":[{"@type":"ListItem","position":1,"name":"In\u00edcio","item":"https:\/\/brasilnoticias.org\/site\/"},{"@type":"ListItem","position":2,"name":"Vereador Leandro Guerrilha fala da import\u00e2ncia em combater a viol\u00eancia contra a mulher."}]},{"@type":"WebSite","@id":"https:\/\/brasilnoticias.org\/site\/#website","url":"https:\/\/brasilnoticias.org\/site\/","name":"Brasil not\u00edcias","description":"Brasil not\u00edcias","publisher":{"@id":"https:\/\/brasilnoticias.org\/site\/#organization"},"potentialAction":[{"@type":"SearchAction","target":{"@type":"EntryPoint","urlTemplate":"https:\/\/brasilnoticias.org\/site\/?s={search_term_string}"},"query-input":{"@type":"PropertyValueSpecification","valueRequired":true,"valueName":"search_term_string"}}],"inLanguage":"pt-PT"},{"@type":"Organization","@id":"https:\/\/brasilnoticias.org\/site\/#organization","name":"Brasil not\u00edcias","url":"https:\/\/brasilnoticias.org\/site\/","logo":{"@type":"ImageObject","inLanguage":"pt-PT","@id":"https:\/\/brasilnoticias.org\/site\/#\/schema\/logo\/image\/","url":"https:\/\/brasilnoticias.org\/site\/wp-content\/uploads\/2022\/05\/cropped-brasilnoticias-mini.jpg","contentUrl":"https:\/\/brasilnoticias.org\/site\/wp-content\/uploads\/2022\/05\/cropped-brasilnoticias-mini.jpg","width":314,"height":86,"caption":"Brasil not\u00edcias"},"image":{"@id":"https:\/\/brasilnoticias.org\/site\/#\/schema\/logo\/image\/"}},{"@type":"Person","@id":"https:\/\/brasilnoticias.org\/site\/#\/schema\/person\/03bbbfe6c7634ad18c26444ea39049fa","name":"Reda\u00e7\u00e3o","image":{"@type":"ImageObject","inLanguage":"pt-PT","@id":"https:\/\/brasilnoticias.org\/site\/#\/schema\/person\/image\/","url":"https:\/\/secure.gravatar.com\/avatar\/9ecaf7327a696cb23ad926fedded5f1f04d7049de9e445375d55b48c001a6e42?s=96&d=mm&r=g","contentUrl":"https:\/\/secure.gravatar.com\/avatar\/9ecaf7327a696cb23ad926fedded5f1f04d7049de9e445375d55b48c001a6e42?s=96&d=mm&r=g","caption":"Reda\u00e7\u00e3o"},"url":"https:\/\/brasilnoticias.org\/site\/author\/henrique\/"}]}},"_links":{"self":[{"href":"https:\/\/brasilnoticias.org\/site\/wp-json\/wp\/v2\/posts\/12616","targetHints":{"allow":["GET"]}}],"collection":[{"href":"https:\/\/brasilnoticias.org\/site\/wp-json\/wp\/v2\/posts"}],"about":[{"href":"https:\/\/brasilnoticias.org\/site\/wp-json\/wp\/v2\/types\/post"}],"author":[{"embeddable":true,"href":"https:\/\/brasilnoticias.org\/site\/wp-json\/wp\/v2\/users\/4"}],"replies":[{"embeddable":true,"href":"https:\/\/brasilnoticias.org\/site\/wp-json\/wp\/v2\/comments?post=12616"}],"version-history":[{"count":1,"href":"https:\/\/brasilnoticias.org\/site\/wp-json\/wp\/v2\/posts\/12616\/revisions"}],"predecessor-version":[{"id":12618,"href":"https:\/\/brasilnoticias.org\/site\/wp-json\/wp\/v2\/posts\/12616\/revisions\/12618"}],"wp:featuredmedia":[{"embeddable":true,"href":"https:\/\/brasilnoticias.org\/site\/wp-json\/wp\/v2\/media\/12617"}],"wp:attachment":[{"href":"https:\/\/brasilnoticias.org\/site\/wp-json\/wp\/v2\/media?parent=12616"}],"wp:term":[{"taxonomy":"category","embeddable":true,"href":"https:\/\/brasilnoticias.org\/site\/wp-json\/wp\/v2\/categories?post=12616"},{"taxonomy":"post_tag","embeddable":true,"href":"https:\/\/brasilnoticias.org\/site\/wp-json\/wp\/v2\/tags?post=12616"}],"curies":[{"name":"wp","href":"https:\/\/api.w.org\/{rel}","templated":true}]}}