{"id":12619,"date":"2024-02-06T12:56:36","date_gmt":"2024-02-06T15:56:36","guid":{"rendered":"https:\/\/brasilnoticias.org\/site\/?p=12619"},"modified":"2024-02-06T12:56:36","modified_gmt":"2024-02-06T15:56:36","slug":"expectativa-da-setur-e-de-movimentacao-historica-de-turistas-no-carnaval-da-bahia-2024","status":"publish","type":"post","link":"https:\/\/brasilnoticias.org\/site\/expectativa-da-setur-e-de-movimentacao-historica-de-turistas-no-carnaval-da-bahia-2024\/","title":{"rendered":"Expectativa da Setur \u00e9 de movimenta\u00e7\u00e3o hist\u00f3rica de turistas no Carnaval da Bahia 2024"},"content":{"rendered":"<p>Em 2023, o turismo gerou 8.033 empregos com carteira assinada na Bahia, o que representa 11,17% do total de empregos formais gerados no estado, que registrou saldo positivo de 71.922, de acordo com o Cadastro Geral de Empregados e Desempregados (Caged). No mesmo ano, o setor a\u00e9reo registrou tamb\u00e9m n\u00fameros expressivos. A movimenta\u00e7\u00e3o nos aeroportos do interior foi a maior da hist\u00f3ria, com 2.282.393 de passageiros. Incluindo o terminal de Salvador, o total de voos nos aeroportos baianos foi de 83 mil dom\u00e9sticos, al\u00e9m de 1.460 internacionais, que trouxeram mais de 92 mil visitantes estrangeiros. A Bahia assumiu a lideran\u00e7a no Norte-Nordeste, na atra\u00e7\u00e3o de turistas de outros pa\u00edses, com o Cear\u00e1 em segundo, que recebeu 71.545 estrangeiros. Os dados s\u00e3o da Ag\u00eancia Nacional da Avia\u00e7\u00e3o Civil ( Anac).<\/p>\n<p>A tend\u00eancia de crescimento cont\u00ednuo sinaliza para um Carnaval com movimento hist\u00f3rico, em 2024. A estimativa da Secretaria de Turismo do Estado (Setur-BA) \u00e9 de um fluxo de quase 3 milh\u00f5es de turistas durante a festa, na capital e no interior, com a inje\u00e7\u00e3o de R$ 6,59 bilh\u00f5es na economia. <\/p>\n<p>&#8220;Fizemos um trabalho incans\u00e1vel de promo\u00e7\u00e3o do destino Bahia e de capta\u00e7\u00e3o de novos voos para o estado, de qualifica\u00e7\u00e3o e de estrutura\u00e7\u00e3o, atuando em conjunto tamb\u00e9m com as esferas federal e municipal, o trade tur\u00edstico e a sociedade civil organizada. Temos a perspectiva de uma alta temporada recorde, com a vinda de 6,5 milh\u00f5es de turistas, injetando quase R$ 10 bilh\u00f5es na economia baiana&#8221;, explicou o titular da Setur-BA, Maur\u00edcio Bacelar. <\/p>\n<p>Representantes da hotelaria, bares, restaurantes e locadoras de ve\u00edculos referendam o momento especial que o turismo baiano experimenta. &#8220;As perspectivas s\u00e3o muito boas no ver\u00e3o. Em dezembro obtivemos m\u00e9dia de ocupa\u00e7\u00e3o de 62%; em janeiro, chegou a 75%. No Carnaval, a m\u00e9dia deve ficar em torno de 90%, sendo que nos hot\u00e9is perto dos circuitos da festa a ocupa\u00e7\u00e3o fica entre 94% e 95%, alguns deles podendo chegar at\u00e9 100%&#8221;, relatou o presidente da Associa\u00e7\u00e3o Brasileira da Ind\u00fastria de Hot\u00e9is na Bahia (Abih-BA), Wilson Spagnol.<\/p>\n<p> &#8220;Estamos com um aquecimento muito bom nos bares e restaurantes, por causa do fluxo de turistas, superando a movimenta\u00e7\u00e3o no ano passado, e as expectativas s\u00e3o muito boas para o Carnaval, em rela\u00e7\u00e3o aos estabelecimentos pr\u00f3ximos aos circuitos. H\u00e1 uma atmosfera bacana no ar, muito percept\u00edvel para quem nos visita, mostrando que o trabalho da Bahia d\u00e1 bons resultados&#8221;, completou o presidente-executivo da Associa\u00e7\u00e3o Brasileira de Bares e Restaurantes na Bahia (Abrasel-BA), Luiz Henrique Amaral. <\/p>\n<p>&#8220;O volume de aluguel de carros nas principais locadoras, na atual esta\u00e7\u00e3o, \u00e9 superior ao registrado no mesmo per\u00edodo de 2023. A gente percebe, principalmente, mais turistas estrangeiros em Salvador&#8221;, finalizou a presidente do Sindicato das Locadoras de Ve\u00edculos (Sindloc), Rog\u00e9ria Alencar.<\/p>\n<p>Foto: Tatiana Azeviche <\/p>\n","protected":false},"excerpt":{"rendered":"<p>Em 2023, o turismo gerou 8.033 empregos com carteira assinada na Bahia, o que representa 11,17% do total de empregos<\/p>\n","protected":false},"author":4,"featured_media":12620,"comment_status":"open","ping_status":"open","sticky":false,"template":"","format":"standard","meta":{"colormag_page_container_layout":"default_layout","colormag_page_sidebar_layout":"default_layout","_FSMCFIC_featured_image_caption":"","_FSMCFIC_featured_image_nocaption":"","_FSMCFIC_featured_image_hide":"","footnotes":""},"categories":[2,1],"tags":[],"class_list":["post-12619","post","type-post","status-publish","format-standard","has-post-thumbnail","hentry","category-noticias","category-ultimas"],"yoast_head":"<!-- This site is optimized with the Yoast SEO plugin v27.1.1 - https:\/\/yoast.com\/product\/yoast-seo-wordpress\/ -->\n<title>Expectativa da Setur \u00e9 de movimenta\u00e7\u00e3o hist\u00f3rica de turistas no Carnaval da Bahia 2024 - Brasil not\u00edcias<\/title>\n<meta name=\"robots\" content=\"index, follow, max-snippet:-1, max-image-preview:large, max-video-preview:-1\" \/>\n<link rel=\"canonical\" href=\"https:\/\/brasilnoticias.org\/site\/expectativa-da-setur-e-de-movimentacao-historica-de-turistas-no-carnaval-da-bahia-2024\/\" \/>\n<meta property=\"og:locale\" content=\"pt_PT\" \/>\n<meta property=\"og:type\" content=\"article\" \/>\n<meta property=\"og:title\" content=\"Expectativa da Setur \u00e9 de movimenta\u00e7\u00e3o hist\u00f3rica de turistas no Carnaval da Bahia 2024 - Brasil not\u00edcias\" \/>\n<meta property=\"og:description\" content=\"Em 2023, o turismo gerou 8.033 empregos com carteira assinada na Bahia, o que representa 11,17% do total de empregos\" \/>\n<meta property=\"og:url\" content=\"https:\/\/brasilnoticias.org\/site\/expectativa-da-setur-e-de-movimentacao-historica-de-turistas-no-carnaval-da-bahia-2024\/\" \/>\n<meta property=\"og:site_name\" content=\"Brasil not\u00edcias\" \/>\n<meta property=\"article:published_time\" content=\"2024-02-06T15:56:36+00:00\" \/>\n<meta property=\"og:image\" content=\"https:\/\/brasilnoticias.org\/site\/wp-content\/uploads\/2024\/02\/Turismo-em-alta-em-2024-1728x800_c.jpg\" \/>\n\t<meta property=\"og:image:width\" content=\"1728\" \/>\n\t<meta property=\"og:image:height\" content=\"800\" \/>\n\t<meta property=\"og:image:type\" content=\"image\/jpeg\" \/>\n<meta name=\"author\" content=\"Reda\u00e7\u00e3o\" \/>\n<meta name=\"twitter:card\" content=\"summary_large_image\" \/>\n<meta name=\"twitter:label1\" content=\"Escrito por\" \/>\n\t<meta name=\"twitter:data1\" content=\"Reda\u00e7\u00e3o\" \/>\n\t<meta name=\"twitter:label2\" content=\"Tempo estimado de leitura\" \/>\n\t<meta name=\"twitter:data2\" content=\"1 minuto\" \/>\n<script type=\"application\/ld+json\" class=\"yoast-schema-graph\">{\"@context\":\"https:\/\/schema.org\",\"@graph\":[{\"@type\":\"Article\",\"@id\":\"https:\/\/brasilnoticias.org\/site\/expectativa-da-setur-e-de-movimentacao-historica-de-turistas-no-carnaval-da-bahia-2024\/#article\",\"isPartOf\":{\"@id\":\"https:\/\/brasilnoticias.org\/site\/expectativa-da-setur-e-de-movimentacao-historica-de-turistas-no-carnaval-da-bahia-2024\/\"},\"author\":{\"name\":\"Reda\u00e7\u00e3o\",\"@id\":\"https:\/\/brasilnoticias.org\/site\/#\/schema\/person\/03bbbfe6c7634ad18c26444ea39049fa\"},\"headline\":\"Expectativa da Setur \u00e9 de movimenta\u00e7\u00e3o hist\u00f3rica de turistas no Carnaval da Bahia 2024\",\"datePublished\":\"2024-02-06T15:56:36+00:00\",\"mainEntityOfPage\":{\"@id\":\"https:\/\/brasilnoticias.org\/site\/expectativa-da-setur-e-de-movimentacao-historica-de-turistas-no-carnaval-da-bahia-2024\/\"},\"wordCount\":496,\"commentCount\":0,\"publisher\":{\"@id\":\"https:\/\/brasilnoticias.org\/site\/#organization\"},\"image\":{\"@id\":\"https:\/\/brasilnoticias.org\/site\/expectativa-da-setur-e-de-movimentacao-historica-de-turistas-no-carnaval-da-bahia-2024\/#primaryimage\"},\"thumbnailUrl\":\"https:\/\/brasilnoticias.org\/site\/wp-content\/uploads\/2024\/02\/Turismo-em-alta-em-2024-1728x800_c.jpg\",\"articleSection\":[\"Not\u00edcias\",\"\u00daltimas\"],\"inLanguage\":\"pt-PT\",\"potentialAction\":[{\"@type\":\"CommentAction\",\"name\":\"Comment\",\"target\":[\"https:\/\/brasilnoticias.org\/site\/expectativa-da-setur-e-de-movimentacao-historica-de-turistas-no-carnaval-da-bahia-2024\/#respond\"]}]},{\"@type\":\"WebPage\",\"@id\":\"https:\/\/brasilnoticias.org\/site\/expectativa-da-setur-e-de-movimentacao-historica-de-turistas-no-carnaval-da-bahia-2024\/\",\"url\":\"https:\/\/brasilnoticias.org\/site\/expectativa-da-setur-e-de-movimentacao-historica-de-turistas-no-carnaval-da-bahia-2024\/\",\"name\":\"Expectativa da Setur \u00e9 de movimenta\u00e7\u00e3o hist\u00f3rica de turistas no Carnaval da Bahia 2024 - Brasil not\u00edcias\",\"isPartOf\":{\"@id\":\"https:\/\/brasilnoticias.org\/site\/#website\"},\"primaryImageOfPage\":{\"@id\":\"https:\/\/brasilnoticias.org\/site\/expectativa-da-setur-e-de-movimentacao-historica-de-turistas-no-carnaval-da-bahia-2024\/#primaryimage\"},\"image\":{\"@id\":\"https:\/\/brasilnoticias.org\/site\/expectativa-da-setur-e-de-movimentacao-historica-de-turistas-no-carnaval-da-bahia-2024\/#primaryimage\"},\"thumbnailUrl\":\"https:\/\/brasilnoticias.org\/site\/wp-content\/uploads\/2024\/02\/Turismo-em-alta-em-2024-1728x800_c.jpg\",\"datePublished\":\"2024-02-06T15:56:36+00:00\",\"breadcrumb\":{\"@id\":\"https:\/\/brasilnoticias.org\/site\/expectativa-da-setur-e-de-movimentacao-historica-de-turistas-no-carnaval-da-bahia-2024\/#breadcrumb\"},\"inLanguage\":\"pt-PT\",\"potentialAction\":[{\"@type\":\"ReadAction\",\"target\":[\"https:\/\/brasilnoticias.org\/site\/expectativa-da-setur-e-de-movimentacao-historica-de-turistas-no-carnaval-da-bahia-2024\/\"]}]},{\"@type\":\"ImageObject\",\"inLanguage\":\"pt-PT\",\"@id\":\"https:\/\/brasilnoticias.org\/site\/expectativa-da-setur-e-de-movimentacao-historica-de-turistas-no-carnaval-da-bahia-2024\/#primaryimage\",\"url\":\"https:\/\/brasilnoticias.org\/site\/wp-content\/uploads\/2024\/02\/Turismo-em-alta-em-2024-1728x800_c.jpg\",\"contentUrl\":\"https:\/\/brasilnoticias.org\/site\/wp-content\/uploads\/2024\/02\/Turismo-em-alta-em-2024-1728x800_c.jpg\",\"width\":1728,\"height\":800},{\"@type\":\"BreadcrumbList\",\"@id\":\"https:\/\/brasilnoticias.org\/site\/expectativa-da-setur-e-de-movimentacao-historica-de-turistas-no-carnaval-da-bahia-2024\/#breadcrumb\",\"itemListElement\":[{\"@type\":\"ListItem\",\"position\":1,\"name\":\"In\u00edcio\",\"item\":\"https:\/\/brasilnoticias.org\/site\/\"},{\"@type\":\"ListItem\",\"position\":2,\"name\":\"Expectativa da Setur \u00e9 de movimenta\u00e7\u00e3o hist\u00f3rica de turistas no Carnaval da Bahia 2024\"}]},{\"@type\":\"WebSite\",\"@id\":\"https:\/\/brasilnoticias.org\/site\/#website\",\"url\":\"https:\/\/brasilnoticias.org\/site\/\",\"name\":\"Brasil not\u00edcias\",\"description\":\"Brasil not\u00edcias\",\"publisher\":{\"@id\":\"https:\/\/brasilnoticias.org\/site\/#organization\"},\"potentialAction\":[{\"@type\":\"SearchAction\",\"target\":{\"@type\":\"EntryPoint\",\"urlTemplate\":\"https:\/\/brasilnoticias.org\/site\/?s={search_term_string}\"},\"query-input\":{\"@type\":\"PropertyValueSpecification\",\"valueRequired\":true,\"valueName\":\"search_term_string\"}}],\"inLanguage\":\"pt-PT\"},{\"@type\":\"Organization\",\"@id\":\"https:\/\/brasilnoticias.org\/site\/#organization\",\"name\":\"Brasil not\u00edcias\",\"url\":\"https:\/\/brasilnoticias.org\/site\/\",\"logo\":{\"@type\":\"ImageObject\",\"inLanguage\":\"pt-PT\",\"@id\":\"https:\/\/brasilnoticias.org\/site\/#\/schema\/logo\/image\/\",\"url\":\"https:\/\/brasilnoticias.org\/site\/wp-content\/uploads\/2022\/05\/cropped-brasilnoticias-mini.jpg\",\"contentUrl\":\"https:\/\/brasilnoticias.org\/site\/wp-content\/uploads\/2022\/05\/cropped-brasilnoticias-mini.jpg\",\"width\":314,\"height\":86,\"caption\":\"Brasil not\u00edcias\"},\"image\":{\"@id\":\"https:\/\/brasilnoticias.org\/site\/#\/schema\/logo\/image\/\"}},{\"@type\":\"Person\",\"@id\":\"https:\/\/brasilnoticias.org\/site\/#\/schema\/person\/03bbbfe6c7634ad18c26444ea39049fa\",\"name\":\"Reda\u00e7\u00e3o\",\"image\":{\"@type\":\"ImageObject\",\"inLanguage\":\"pt-PT\",\"@id\":\"https:\/\/brasilnoticias.org\/site\/#\/schema\/person\/image\/\",\"url\":\"https:\/\/secure.gravatar.com\/avatar\/9ecaf7327a696cb23ad926fedded5f1f04d7049de9e445375d55b48c001a6e42?s=96&d=mm&r=g\",\"contentUrl\":\"https:\/\/secure.gravatar.com\/avatar\/9ecaf7327a696cb23ad926fedded5f1f04d7049de9e445375d55b48c001a6e42?s=96&d=mm&r=g\",\"caption\":\"Reda\u00e7\u00e3o\"},\"url\":\"https:\/\/brasilnoticias.org\/site\/author\/henrique\/\"}]}<\/script>\n<!-- \/ Yoast SEO plugin. -->","yoast_head_json":{"title":"Expectativa da Setur \u00e9 de movimenta\u00e7\u00e3o hist\u00f3rica de turistas no Carnaval da Bahia 2024 - Brasil not\u00edcias","robots":{"index":"index","follow":"follow","max-snippet":"max-snippet:-1","max-image-preview":"max-image-preview:large","max-video-preview":"max-video-preview:-1"},"canonical":"https:\/\/brasilnoticias.org\/site\/expectativa-da-setur-e-de-movimentacao-historica-de-turistas-no-carnaval-da-bahia-2024\/","og_locale":"pt_PT","og_type":"article","og_title":"Expectativa da Setur \u00e9 de movimenta\u00e7\u00e3o hist\u00f3rica de turistas no Carnaval da Bahia 2024 - Brasil not\u00edcias","og_description":"Em 2023, o turismo gerou 8.033 empregos com carteira assinada na Bahia, o que representa 11,17% do total de empregos","og_url":"https:\/\/brasilnoticias.org\/site\/expectativa-da-setur-e-de-movimentacao-historica-de-turistas-no-carnaval-da-bahia-2024\/","og_site_name":"Brasil not\u00edcias","article_published_time":"2024-02-06T15:56:36+00:00","og_image":[{"width":1728,"height":800,"url":"https:\/\/brasilnoticias.org\/site\/wp-content\/uploads\/2024\/02\/Turismo-em-alta-em-2024-1728x800_c.jpg","type":"image\/jpeg"}],"author":"Reda\u00e7\u00e3o","twitter_card":"summary_large_image","twitter_misc":{"Escrito por":"Reda\u00e7\u00e3o","Tempo estimado de leitura":"1 minuto"},"schema":{"@context":"https:\/\/schema.org","@graph":[{"@type":"Article","@id":"https:\/\/brasilnoticias.org\/site\/expectativa-da-setur-e-de-movimentacao-historica-de-turistas-no-carnaval-da-bahia-2024\/#article","isPartOf":{"@id":"https:\/\/brasilnoticias.org\/site\/expectativa-da-setur-e-de-movimentacao-historica-de-turistas-no-carnaval-da-bahia-2024\/"},"author":{"name":"Reda\u00e7\u00e3o","@id":"https:\/\/brasilnoticias.org\/site\/#\/schema\/person\/03bbbfe6c7634ad18c26444ea39049fa"},"headline":"Expectativa da Setur \u00e9 de movimenta\u00e7\u00e3o hist\u00f3rica de turistas no Carnaval da Bahia 2024","datePublished":"2024-02-06T15:56:36+00:00","mainEntityOfPage":{"@id":"https:\/\/brasilnoticias.org\/site\/expectativa-da-setur-e-de-movimentacao-historica-de-turistas-no-carnaval-da-bahia-2024\/"},"wordCount":496,"commentCount":0,"publisher":{"@id":"https:\/\/brasilnoticias.org\/site\/#organization"},"image":{"@id":"https:\/\/brasilnoticias.org\/site\/expectativa-da-setur-e-de-movimentacao-historica-de-turistas-no-carnaval-da-bahia-2024\/#primaryimage"},"thumbnailUrl":"https:\/\/brasilnoticias.org\/site\/wp-content\/uploads\/2024\/02\/Turismo-em-alta-em-2024-1728x800_c.jpg","articleSection":["Not\u00edcias","\u00daltimas"],"inLanguage":"pt-PT","potentialAction":[{"@type":"CommentAction","name":"Comment","target":["https:\/\/brasilnoticias.org\/site\/expectativa-da-setur-e-de-movimentacao-historica-de-turistas-no-carnaval-da-bahia-2024\/#respond"]}]},{"@type":"WebPage","@id":"https:\/\/brasilnoticias.org\/site\/expectativa-da-setur-e-de-movimentacao-historica-de-turistas-no-carnaval-da-bahia-2024\/","url":"https:\/\/brasilnoticias.org\/site\/expectativa-da-setur-e-de-movimentacao-historica-de-turistas-no-carnaval-da-bahia-2024\/","name":"Expectativa da Setur \u00e9 de movimenta\u00e7\u00e3o hist\u00f3rica de turistas no Carnaval da Bahia 2024 - Brasil not\u00edcias","isPartOf":{"@id":"https:\/\/brasilnoticias.org\/site\/#website"},"primaryImageOfPage":{"@id":"https:\/\/brasilnoticias.org\/site\/expectativa-da-setur-e-de-movimentacao-historica-de-turistas-no-carnaval-da-bahia-2024\/#primaryimage"},"image":{"@id":"https:\/\/brasilnoticias.org\/site\/expectativa-da-setur-e-de-movimentacao-historica-de-turistas-no-carnaval-da-bahia-2024\/#primaryimage"},"thumbnailUrl":"https:\/\/brasilnoticias.org\/site\/wp-content\/uploads\/2024\/02\/Turismo-em-alta-em-2024-1728x800_c.jpg","datePublished":"2024-02-06T15:56:36+00:00","breadcrumb":{"@id":"https:\/\/brasilnoticias.org\/site\/expectativa-da-setur-e-de-movimentacao-historica-de-turistas-no-carnaval-da-bahia-2024\/#breadcrumb"},"inLanguage":"pt-PT","potentialAction":[{"@type":"ReadAction","target":["https:\/\/brasilnoticias.org\/site\/expectativa-da-setur-e-de-movimentacao-historica-de-turistas-no-carnaval-da-bahia-2024\/"]}]},{"@type":"ImageObject","inLanguage":"pt-PT","@id":"https:\/\/brasilnoticias.org\/site\/expectativa-da-setur-e-de-movimentacao-historica-de-turistas-no-carnaval-da-bahia-2024\/#primaryimage","url":"https:\/\/brasilnoticias.org\/site\/wp-content\/uploads\/2024\/02\/Turismo-em-alta-em-2024-1728x800_c.jpg","contentUrl":"https:\/\/brasilnoticias.org\/site\/wp-content\/uploads\/2024\/02\/Turismo-em-alta-em-2024-1728x800_c.jpg","width":1728,"height":800},{"@type":"BreadcrumbList","@id":"https:\/\/brasilnoticias.org\/site\/expectativa-da-setur-e-de-movimentacao-historica-de-turistas-no-carnaval-da-bahia-2024\/#breadcrumb","itemListElement":[{"@type":"ListItem","position":1,"name":"In\u00edcio","item":"https:\/\/brasilnoticias.org\/site\/"},{"@type":"ListItem","position":2,"name":"Expectativa da Setur \u00e9 de movimenta\u00e7\u00e3o hist\u00f3rica de turistas no Carnaval da Bahia 2024"}]},{"@type":"WebSite","@id":"https:\/\/brasilnoticias.org\/site\/#website","url":"https:\/\/brasilnoticias.org\/site\/","name":"Brasil not\u00edcias","description":"Brasil not\u00edcias","publisher":{"@id":"https:\/\/brasilnoticias.org\/site\/#organization"},"potentialAction":[{"@type":"SearchAction","target":{"@type":"EntryPoint","urlTemplate":"https:\/\/brasilnoticias.org\/site\/?s={search_term_string}"},"query-input":{"@type":"PropertyValueSpecification","valueRequired":true,"valueName":"search_term_string"}}],"inLanguage":"pt-PT"},{"@type":"Organization","@id":"https:\/\/brasilnoticias.org\/site\/#organization","name":"Brasil not\u00edcias","url":"https:\/\/brasilnoticias.org\/site\/","logo":{"@type":"ImageObject","inLanguage":"pt-PT","@id":"https:\/\/brasilnoticias.org\/site\/#\/schema\/logo\/image\/","url":"https:\/\/brasilnoticias.org\/site\/wp-content\/uploads\/2022\/05\/cropped-brasilnoticias-mini.jpg","contentUrl":"https:\/\/brasilnoticias.org\/site\/wp-content\/uploads\/2022\/05\/cropped-brasilnoticias-mini.jpg","width":314,"height":86,"caption":"Brasil not\u00edcias"},"image":{"@id":"https:\/\/brasilnoticias.org\/site\/#\/schema\/logo\/image\/"}},{"@type":"Person","@id":"https:\/\/brasilnoticias.org\/site\/#\/schema\/person\/03bbbfe6c7634ad18c26444ea39049fa","name":"Reda\u00e7\u00e3o","image":{"@type":"ImageObject","inLanguage":"pt-PT","@id":"https:\/\/brasilnoticias.org\/site\/#\/schema\/person\/image\/","url":"https:\/\/secure.gravatar.com\/avatar\/9ecaf7327a696cb23ad926fedded5f1f04d7049de9e445375d55b48c001a6e42?s=96&d=mm&r=g","contentUrl":"https:\/\/secure.gravatar.com\/avatar\/9ecaf7327a696cb23ad926fedded5f1f04d7049de9e445375d55b48c001a6e42?s=96&d=mm&r=g","caption":"Reda\u00e7\u00e3o"},"url":"https:\/\/brasilnoticias.org\/site\/author\/henrique\/"}]}},"_links":{"self":[{"href":"https:\/\/brasilnoticias.org\/site\/wp-json\/wp\/v2\/posts\/12619","targetHints":{"allow":["GET"]}}],"collection":[{"href":"https:\/\/brasilnoticias.org\/site\/wp-json\/wp\/v2\/posts"}],"about":[{"href":"https:\/\/brasilnoticias.org\/site\/wp-json\/wp\/v2\/types\/post"}],"author":[{"embeddable":true,"href":"https:\/\/brasilnoticias.org\/site\/wp-json\/wp\/v2\/users\/4"}],"replies":[{"embeddable":true,"href":"https:\/\/brasilnoticias.org\/site\/wp-json\/wp\/v2\/comments?post=12619"}],"version-history":[{"count":1,"href":"https:\/\/brasilnoticias.org\/site\/wp-json\/wp\/v2\/posts\/12619\/revisions"}],"predecessor-version":[{"id":12621,"href":"https:\/\/brasilnoticias.org\/site\/wp-json\/wp\/v2\/posts\/12619\/revisions\/12621"}],"wp:featuredmedia":[{"embeddable":true,"href":"https:\/\/brasilnoticias.org\/site\/wp-json\/wp\/v2\/media\/12620"}],"wp:attachment":[{"href":"https:\/\/brasilnoticias.org\/site\/wp-json\/wp\/v2\/media?parent=12619"}],"wp:term":[{"taxonomy":"category","embeddable":true,"href":"https:\/\/brasilnoticias.org\/site\/wp-json\/wp\/v2\/categories?post=12619"},{"taxonomy":"post_tag","embeddable":true,"href":"https:\/\/brasilnoticias.org\/site\/wp-json\/wp\/v2\/tags?post=12619"}],"curies":[{"name":"wp","href":"https:\/\/api.w.org\/{rel}","templated":true}]}}