{"id":12629,"date":"2024-02-06T20:17:47","date_gmt":"2024-02-06T23:17:47","guid":{"rendered":"https:\/\/brasilnoticias.org\/site\/?p=12629"},"modified":"2024-02-06T20:17:47","modified_gmt":"2024-02-06T23:17:47","slug":"lula-lamenta-morte-de-ex-presidente-do-chile-sebastian-pinera","status":"publish","type":"post","link":"https:\/\/brasilnoticias.org\/site\/lula-lamenta-morte-de-ex-presidente-do-chile-sebastian-pinera\/","title":{"rendered":"Lula lamenta morte de ex-presidente do Chile, Sebasti\u00e1n Pi\u00f1era"},"content":{"rendered":"<p>Pol\u00edtico morreu aos 74 anos em acidente de helic\u00f3ptero nesta ter\u00e7a-feira (6). Em comunicado oficial, o Minist\u00e9rio das Rela\u00e7\u00f5es Exteriores chamou Pi\u00f1eira de &#8220;amigo do Brasil&#8221;<\/p>\n<p>O presidente, Luiz In\u00e1cio Lula da Silva, usou o &#8220;X&#8221;, antigo Twitter,  para lamentar a morte de Sebasti\u00e1n Pi\u00f1era, ex-presidente do Chile, que morreu aos 74 anos em um acidente de helic\u00f3ptero. Na publica\u00e7\u00e3o, o petista declarou que trabalhou ao lado de Pi\u00f1era para fortalecer a rela\u00e7\u00e3o dos dois pa\u00edses.<\/p>\n<p>&#8220;Surpreso e triste com a morte de Sebasti\u00e1n Pi\u00f1era, ex-presidente do Chile. Convivemos, trabalhamos pelo fortalecimento da rela\u00e7\u00e3o dos nossos pa\u00edses e sempre tivemos um bom di\u00e1logo, quando ambos \u00e9ramos presidentes, e tamb\u00e9m quando n\u00e3o \u00e9ramos&#8221;, relatou Lula. <\/p>\n<p>Em comunicado oficial, o Minist\u00e9rio das Rela\u00e7\u00f5es Exteriores chamou Pi\u00f1eira de &#8220;amigo do Brasil&#8221;. &#8220;O governo brasileiro recebeu com profunda consterna\u00e7\u00e3o a not\u00edcia do falecimento de Sebasti\u00e1n Pi\u00f1era, ex-presidente do Chile, em acidente de helic\u00f3ptero em Lago Ranco, na regi\u00e3o central daquele pa\u00eds, no dia de hoje, 6 de fevereiro&#8221;, diz a nota.<\/p>\n<p>A morte de Sebasti\u00e1n Pi\u00f1era foi confirmada por seu escrit\u00f3rio e pelo governo do pa\u00eds. O acidente aconteceu na cidade de Lago Ranco, na regi\u00e3o central do Chile. O jornal La Tercera afirma que o ex-presidente estava pilotando o helic\u00f3ptero e levava outras tr\u00eas pessoas. <\/p>\n<p>Foto: Marcos Corr\u00eaa\/PR<br \/>\nPor: Metro1 <\/p>\n","protected":false},"excerpt":{"rendered":"<p>Pol\u00edtico morreu aos 74 anos em acidente de helic\u00f3ptero nesta ter\u00e7a-feira (6). Em comunicado oficial, o Minist\u00e9rio das Rela\u00e7\u00f5es Exteriores<\/p>\n","protected":false},"author":4,"featured_media":12630,"comment_status":"open","ping_status":"open","sticky":false,"template":"","format":"standard","meta":{"colormag_page_container_layout":"default_layout","colormag_page_sidebar_layout":"default_layout","_FSMCFIC_featured_image_caption":"","_FSMCFIC_featured_image_nocaption":"","_FSMCFIC_featured_image_hide":"","footnotes":""},"categories":[6,1],"tags":[],"class_list":["post-12629","post","type-post","status-publish","format-standard","has-post-thumbnail","hentry","category-mundo","category-ultimas"],"yoast_head":"<!-- This site is optimized with the Yoast SEO plugin v27.1.1 - https:\/\/yoast.com\/product\/yoast-seo-wordpress\/ -->\n<title>Lula lamenta morte de ex-presidente do Chile, Sebasti\u00e1n Pi\u00f1era - Brasil not\u00edcias<\/title>\n<meta name=\"robots\" content=\"index, follow, max-snippet:-1, max-image-preview:large, max-video-preview:-1\" \/>\n<link rel=\"canonical\" href=\"https:\/\/brasilnoticias.org\/site\/lula-lamenta-morte-de-ex-presidente-do-chile-sebastian-pinera\/\" \/>\n<meta property=\"og:locale\" content=\"pt_PT\" \/>\n<meta property=\"og:type\" content=\"article\" \/>\n<meta property=\"og:title\" content=\"Lula lamenta morte de ex-presidente do Chile, Sebasti\u00e1n Pi\u00f1era - Brasil not\u00edcias\" \/>\n<meta property=\"og:description\" content=\"Pol\u00edtico morreu aos 74 anos em acidente de helic\u00f3ptero nesta ter\u00e7a-feira (6). Em comunicado oficial, o Minist\u00e9rio das Rela\u00e7\u00f5es Exteriores\" \/>\n<meta property=\"og:url\" content=\"https:\/\/brasilnoticias.org\/site\/lula-lamenta-morte-de-ex-presidente-do-chile-sebastian-pinera\/\" \/>\n<meta property=\"og:site_name\" content=\"Brasil not\u00edcias\" \/>\n<meta property=\"article:published_time\" content=\"2024-02-06T23:17:47+00:00\" \/>\n<meta property=\"og:image\" content=\"https:\/\/brasilnoticias.org\/site\/wp-content\/uploads\/2024\/02\/145937lula-lamenta-morte-de-ex-presidente-do-chile-sebastian-pinera-3.jpg\" \/>\n\t<meta property=\"og:image:width\" content=\"1600\" \/>\n\t<meta property=\"og:image:height\" content=\"752\" \/>\n\t<meta property=\"og:image:type\" content=\"image\/jpeg\" \/>\n<meta name=\"author\" content=\"Reda\u00e7\u00e3o\" \/>\n<meta name=\"twitter:card\" content=\"summary_large_image\" \/>\n<meta name=\"twitter:label1\" content=\"Escrito por\" \/>\n\t<meta name=\"twitter:data1\" content=\"Reda\u00e7\u00e3o\" \/>\n\t<meta name=\"twitter:label2\" content=\"Tempo estimado de leitura\" \/>\n\t<meta name=\"twitter:data2\" content=\"1 minuto\" \/>\n<script type=\"application\/ld+json\" class=\"yoast-schema-graph\">{\"@context\":\"https:\/\/schema.org\",\"@graph\":[{\"@type\":\"Article\",\"@id\":\"https:\/\/brasilnoticias.org\/site\/lula-lamenta-morte-de-ex-presidente-do-chile-sebastian-pinera\/#article\",\"isPartOf\":{\"@id\":\"https:\/\/brasilnoticias.org\/site\/lula-lamenta-morte-de-ex-presidente-do-chile-sebastian-pinera\/\"},\"author\":{\"name\":\"Reda\u00e7\u00e3o\",\"@id\":\"https:\/\/brasilnoticias.org\/site\/#\/schema\/person\/03bbbfe6c7634ad18c26444ea39049fa\"},\"headline\":\"Lula lamenta morte de ex-presidente do Chile, Sebasti\u00e1n Pi\u00f1era\",\"datePublished\":\"2024-02-06T23:17:47+00:00\",\"mainEntityOfPage\":{\"@id\":\"https:\/\/brasilnoticias.org\/site\/lula-lamenta-morte-de-ex-presidente-do-chile-sebastian-pinera\/\"},\"wordCount\":264,\"commentCount\":0,\"publisher\":{\"@id\":\"https:\/\/brasilnoticias.org\/site\/#organization\"},\"image\":{\"@id\":\"https:\/\/brasilnoticias.org\/site\/lula-lamenta-morte-de-ex-presidente-do-chile-sebastian-pinera\/#primaryimage\"},\"thumbnailUrl\":\"https:\/\/brasilnoticias.org\/site\/wp-content\/uploads\/2024\/02\/145937lula-lamenta-morte-de-ex-presidente-do-chile-sebastian-pinera-3.jpg\",\"articleSection\":[\"Mundo\",\"\u00daltimas\"],\"inLanguage\":\"pt-PT\",\"potentialAction\":[{\"@type\":\"CommentAction\",\"name\":\"Comment\",\"target\":[\"https:\/\/brasilnoticias.org\/site\/lula-lamenta-morte-de-ex-presidente-do-chile-sebastian-pinera\/#respond\"]}]},{\"@type\":\"WebPage\",\"@id\":\"https:\/\/brasilnoticias.org\/site\/lula-lamenta-morte-de-ex-presidente-do-chile-sebastian-pinera\/\",\"url\":\"https:\/\/brasilnoticias.org\/site\/lula-lamenta-morte-de-ex-presidente-do-chile-sebastian-pinera\/\",\"name\":\"Lula lamenta morte de ex-presidente do Chile, Sebasti\u00e1n Pi\u00f1era - Brasil not\u00edcias\",\"isPartOf\":{\"@id\":\"https:\/\/brasilnoticias.org\/site\/#website\"},\"primaryImageOfPage\":{\"@id\":\"https:\/\/brasilnoticias.org\/site\/lula-lamenta-morte-de-ex-presidente-do-chile-sebastian-pinera\/#primaryimage\"},\"image\":{\"@id\":\"https:\/\/brasilnoticias.org\/site\/lula-lamenta-morte-de-ex-presidente-do-chile-sebastian-pinera\/#primaryimage\"},\"thumbnailUrl\":\"https:\/\/brasilnoticias.org\/site\/wp-content\/uploads\/2024\/02\/145937lula-lamenta-morte-de-ex-presidente-do-chile-sebastian-pinera-3.jpg\",\"datePublished\":\"2024-02-06T23:17:47+00:00\",\"breadcrumb\":{\"@id\":\"https:\/\/brasilnoticias.org\/site\/lula-lamenta-morte-de-ex-presidente-do-chile-sebastian-pinera\/#breadcrumb\"},\"inLanguage\":\"pt-PT\",\"potentialAction\":[{\"@type\":\"ReadAction\",\"target\":[\"https:\/\/brasilnoticias.org\/site\/lula-lamenta-morte-de-ex-presidente-do-chile-sebastian-pinera\/\"]}]},{\"@type\":\"ImageObject\",\"inLanguage\":\"pt-PT\",\"@id\":\"https:\/\/brasilnoticias.org\/site\/lula-lamenta-morte-de-ex-presidente-do-chile-sebastian-pinera\/#primaryimage\",\"url\":\"https:\/\/brasilnoticias.org\/site\/wp-content\/uploads\/2024\/02\/145937lula-lamenta-morte-de-ex-presidente-do-chile-sebastian-pinera-3.jpg\",\"contentUrl\":\"https:\/\/brasilnoticias.org\/site\/wp-content\/uploads\/2024\/02\/145937lula-lamenta-morte-de-ex-presidente-do-chile-sebastian-pinera-3.jpg\",\"width\":1600,\"height\":752},{\"@type\":\"BreadcrumbList\",\"@id\":\"https:\/\/brasilnoticias.org\/site\/lula-lamenta-morte-de-ex-presidente-do-chile-sebastian-pinera\/#breadcrumb\",\"itemListElement\":[{\"@type\":\"ListItem\",\"position\":1,\"name\":\"In\u00edcio\",\"item\":\"https:\/\/brasilnoticias.org\/site\/\"},{\"@type\":\"ListItem\",\"position\":2,\"name\":\"Lula lamenta morte de ex-presidente do Chile, Sebasti\u00e1n Pi\u00f1era\"}]},{\"@type\":\"WebSite\",\"@id\":\"https:\/\/brasilnoticias.org\/site\/#website\",\"url\":\"https:\/\/brasilnoticias.org\/site\/\",\"name\":\"Brasil not\u00edcias\",\"description\":\"Brasil not\u00edcias\",\"publisher\":{\"@id\":\"https:\/\/brasilnoticias.org\/site\/#organization\"},\"potentialAction\":[{\"@type\":\"SearchAction\",\"target\":{\"@type\":\"EntryPoint\",\"urlTemplate\":\"https:\/\/brasilnoticias.org\/site\/?s={search_term_string}\"},\"query-input\":{\"@type\":\"PropertyValueSpecification\",\"valueRequired\":true,\"valueName\":\"search_term_string\"}}],\"inLanguage\":\"pt-PT\"},{\"@type\":\"Organization\",\"@id\":\"https:\/\/brasilnoticias.org\/site\/#organization\",\"name\":\"Brasil not\u00edcias\",\"url\":\"https:\/\/brasilnoticias.org\/site\/\",\"logo\":{\"@type\":\"ImageObject\",\"inLanguage\":\"pt-PT\",\"@id\":\"https:\/\/brasilnoticias.org\/site\/#\/schema\/logo\/image\/\",\"url\":\"https:\/\/brasilnoticias.org\/site\/wp-content\/uploads\/2022\/05\/cropped-brasilnoticias-mini.jpg\",\"contentUrl\":\"https:\/\/brasilnoticias.org\/site\/wp-content\/uploads\/2022\/05\/cropped-brasilnoticias-mini.jpg\",\"width\":314,\"height\":86,\"caption\":\"Brasil not\u00edcias\"},\"image\":{\"@id\":\"https:\/\/brasilnoticias.org\/site\/#\/schema\/logo\/image\/\"}},{\"@type\":\"Person\",\"@id\":\"https:\/\/brasilnoticias.org\/site\/#\/schema\/person\/03bbbfe6c7634ad18c26444ea39049fa\",\"name\":\"Reda\u00e7\u00e3o\",\"image\":{\"@type\":\"ImageObject\",\"inLanguage\":\"pt-PT\",\"@id\":\"https:\/\/brasilnoticias.org\/site\/#\/schema\/person\/image\/\",\"url\":\"https:\/\/secure.gravatar.com\/avatar\/9ecaf7327a696cb23ad926fedded5f1f04d7049de9e445375d55b48c001a6e42?s=96&d=mm&r=g\",\"contentUrl\":\"https:\/\/secure.gravatar.com\/avatar\/9ecaf7327a696cb23ad926fedded5f1f04d7049de9e445375d55b48c001a6e42?s=96&d=mm&r=g\",\"caption\":\"Reda\u00e7\u00e3o\"},\"url\":\"https:\/\/brasilnoticias.org\/site\/author\/henrique\/\"}]}<\/script>\n<!-- \/ Yoast SEO plugin. -->","yoast_head_json":{"title":"Lula lamenta morte de ex-presidente do Chile, Sebasti\u00e1n Pi\u00f1era - Brasil not\u00edcias","robots":{"index":"index","follow":"follow","max-snippet":"max-snippet:-1","max-image-preview":"max-image-preview:large","max-video-preview":"max-video-preview:-1"},"canonical":"https:\/\/brasilnoticias.org\/site\/lula-lamenta-morte-de-ex-presidente-do-chile-sebastian-pinera\/","og_locale":"pt_PT","og_type":"article","og_title":"Lula lamenta morte de ex-presidente do Chile, Sebasti\u00e1n Pi\u00f1era - Brasil not\u00edcias","og_description":"Pol\u00edtico morreu aos 74 anos em acidente de helic\u00f3ptero nesta ter\u00e7a-feira (6). Em comunicado oficial, o Minist\u00e9rio das Rela\u00e7\u00f5es Exteriores","og_url":"https:\/\/brasilnoticias.org\/site\/lula-lamenta-morte-de-ex-presidente-do-chile-sebastian-pinera\/","og_site_name":"Brasil not\u00edcias","article_published_time":"2024-02-06T23:17:47+00:00","og_image":[{"width":1600,"height":752,"url":"https:\/\/brasilnoticias.org\/site\/wp-content\/uploads\/2024\/02\/145937lula-lamenta-morte-de-ex-presidente-do-chile-sebastian-pinera-3.jpg","type":"image\/jpeg"}],"author":"Reda\u00e7\u00e3o","twitter_card":"summary_large_image","twitter_misc":{"Escrito por":"Reda\u00e7\u00e3o","Tempo estimado de leitura":"1 minuto"},"schema":{"@context":"https:\/\/schema.org","@graph":[{"@type":"Article","@id":"https:\/\/brasilnoticias.org\/site\/lula-lamenta-morte-de-ex-presidente-do-chile-sebastian-pinera\/#article","isPartOf":{"@id":"https:\/\/brasilnoticias.org\/site\/lula-lamenta-morte-de-ex-presidente-do-chile-sebastian-pinera\/"},"author":{"name":"Reda\u00e7\u00e3o","@id":"https:\/\/brasilnoticias.org\/site\/#\/schema\/person\/03bbbfe6c7634ad18c26444ea39049fa"},"headline":"Lula lamenta morte de ex-presidente do Chile, Sebasti\u00e1n Pi\u00f1era","datePublished":"2024-02-06T23:17:47+00:00","mainEntityOfPage":{"@id":"https:\/\/brasilnoticias.org\/site\/lula-lamenta-morte-de-ex-presidente-do-chile-sebastian-pinera\/"},"wordCount":264,"commentCount":0,"publisher":{"@id":"https:\/\/brasilnoticias.org\/site\/#organization"},"image":{"@id":"https:\/\/brasilnoticias.org\/site\/lula-lamenta-morte-de-ex-presidente-do-chile-sebastian-pinera\/#primaryimage"},"thumbnailUrl":"https:\/\/brasilnoticias.org\/site\/wp-content\/uploads\/2024\/02\/145937lula-lamenta-morte-de-ex-presidente-do-chile-sebastian-pinera-3.jpg","articleSection":["Mundo","\u00daltimas"],"inLanguage":"pt-PT","potentialAction":[{"@type":"CommentAction","name":"Comment","target":["https:\/\/brasilnoticias.org\/site\/lula-lamenta-morte-de-ex-presidente-do-chile-sebastian-pinera\/#respond"]}]},{"@type":"WebPage","@id":"https:\/\/brasilnoticias.org\/site\/lula-lamenta-morte-de-ex-presidente-do-chile-sebastian-pinera\/","url":"https:\/\/brasilnoticias.org\/site\/lula-lamenta-morte-de-ex-presidente-do-chile-sebastian-pinera\/","name":"Lula lamenta morte de ex-presidente do Chile, Sebasti\u00e1n Pi\u00f1era - Brasil not\u00edcias","isPartOf":{"@id":"https:\/\/brasilnoticias.org\/site\/#website"},"primaryImageOfPage":{"@id":"https:\/\/brasilnoticias.org\/site\/lula-lamenta-morte-de-ex-presidente-do-chile-sebastian-pinera\/#primaryimage"},"image":{"@id":"https:\/\/brasilnoticias.org\/site\/lula-lamenta-morte-de-ex-presidente-do-chile-sebastian-pinera\/#primaryimage"},"thumbnailUrl":"https:\/\/brasilnoticias.org\/site\/wp-content\/uploads\/2024\/02\/145937lula-lamenta-morte-de-ex-presidente-do-chile-sebastian-pinera-3.jpg","datePublished":"2024-02-06T23:17:47+00:00","breadcrumb":{"@id":"https:\/\/brasilnoticias.org\/site\/lula-lamenta-morte-de-ex-presidente-do-chile-sebastian-pinera\/#breadcrumb"},"inLanguage":"pt-PT","potentialAction":[{"@type":"ReadAction","target":["https:\/\/brasilnoticias.org\/site\/lula-lamenta-morte-de-ex-presidente-do-chile-sebastian-pinera\/"]}]},{"@type":"ImageObject","inLanguage":"pt-PT","@id":"https:\/\/brasilnoticias.org\/site\/lula-lamenta-morte-de-ex-presidente-do-chile-sebastian-pinera\/#primaryimage","url":"https:\/\/brasilnoticias.org\/site\/wp-content\/uploads\/2024\/02\/145937lula-lamenta-morte-de-ex-presidente-do-chile-sebastian-pinera-3.jpg","contentUrl":"https:\/\/brasilnoticias.org\/site\/wp-content\/uploads\/2024\/02\/145937lula-lamenta-morte-de-ex-presidente-do-chile-sebastian-pinera-3.jpg","width":1600,"height":752},{"@type":"BreadcrumbList","@id":"https:\/\/brasilnoticias.org\/site\/lula-lamenta-morte-de-ex-presidente-do-chile-sebastian-pinera\/#breadcrumb","itemListElement":[{"@type":"ListItem","position":1,"name":"In\u00edcio","item":"https:\/\/brasilnoticias.org\/site\/"},{"@type":"ListItem","position":2,"name":"Lula lamenta morte de ex-presidente do Chile, Sebasti\u00e1n Pi\u00f1era"}]},{"@type":"WebSite","@id":"https:\/\/brasilnoticias.org\/site\/#website","url":"https:\/\/brasilnoticias.org\/site\/","name":"Brasil not\u00edcias","description":"Brasil not\u00edcias","publisher":{"@id":"https:\/\/brasilnoticias.org\/site\/#organization"},"potentialAction":[{"@type":"SearchAction","target":{"@type":"EntryPoint","urlTemplate":"https:\/\/brasilnoticias.org\/site\/?s={search_term_string}"},"query-input":{"@type":"PropertyValueSpecification","valueRequired":true,"valueName":"search_term_string"}}],"inLanguage":"pt-PT"},{"@type":"Organization","@id":"https:\/\/brasilnoticias.org\/site\/#organization","name":"Brasil not\u00edcias","url":"https:\/\/brasilnoticias.org\/site\/","logo":{"@type":"ImageObject","inLanguage":"pt-PT","@id":"https:\/\/brasilnoticias.org\/site\/#\/schema\/logo\/image\/","url":"https:\/\/brasilnoticias.org\/site\/wp-content\/uploads\/2022\/05\/cropped-brasilnoticias-mini.jpg","contentUrl":"https:\/\/brasilnoticias.org\/site\/wp-content\/uploads\/2022\/05\/cropped-brasilnoticias-mini.jpg","width":314,"height":86,"caption":"Brasil not\u00edcias"},"image":{"@id":"https:\/\/brasilnoticias.org\/site\/#\/schema\/logo\/image\/"}},{"@type":"Person","@id":"https:\/\/brasilnoticias.org\/site\/#\/schema\/person\/03bbbfe6c7634ad18c26444ea39049fa","name":"Reda\u00e7\u00e3o","image":{"@type":"ImageObject","inLanguage":"pt-PT","@id":"https:\/\/brasilnoticias.org\/site\/#\/schema\/person\/image\/","url":"https:\/\/secure.gravatar.com\/avatar\/9ecaf7327a696cb23ad926fedded5f1f04d7049de9e445375d55b48c001a6e42?s=96&d=mm&r=g","contentUrl":"https:\/\/secure.gravatar.com\/avatar\/9ecaf7327a696cb23ad926fedded5f1f04d7049de9e445375d55b48c001a6e42?s=96&d=mm&r=g","caption":"Reda\u00e7\u00e3o"},"url":"https:\/\/brasilnoticias.org\/site\/author\/henrique\/"}]}},"_links":{"self":[{"href":"https:\/\/brasilnoticias.org\/site\/wp-json\/wp\/v2\/posts\/12629","targetHints":{"allow":["GET"]}}],"collection":[{"href":"https:\/\/brasilnoticias.org\/site\/wp-json\/wp\/v2\/posts"}],"about":[{"href":"https:\/\/brasilnoticias.org\/site\/wp-json\/wp\/v2\/types\/post"}],"author":[{"embeddable":true,"href":"https:\/\/brasilnoticias.org\/site\/wp-json\/wp\/v2\/users\/4"}],"replies":[{"embeddable":true,"href":"https:\/\/brasilnoticias.org\/site\/wp-json\/wp\/v2\/comments?post=12629"}],"version-history":[{"count":1,"href":"https:\/\/brasilnoticias.org\/site\/wp-json\/wp\/v2\/posts\/12629\/revisions"}],"predecessor-version":[{"id":12631,"href":"https:\/\/brasilnoticias.org\/site\/wp-json\/wp\/v2\/posts\/12629\/revisions\/12631"}],"wp:featuredmedia":[{"embeddable":true,"href":"https:\/\/brasilnoticias.org\/site\/wp-json\/wp\/v2\/media\/12630"}],"wp:attachment":[{"href":"https:\/\/brasilnoticias.org\/site\/wp-json\/wp\/v2\/media?parent=12629"}],"wp:term":[{"taxonomy":"category","embeddable":true,"href":"https:\/\/brasilnoticias.org\/site\/wp-json\/wp\/v2\/categories?post=12629"},{"taxonomy":"post_tag","embeddable":true,"href":"https:\/\/brasilnoticias.org\/site\/wp-json\/wp\/v2\/tags?post=12629"}],"curies":[{"name":"wp","href":"https:\/\/api.w.org\/{rel}","templated":true}]}}