{"id":12638,"date":"2024-02-06T20:25:31","date_gmt":"2024-02-06T23:25:31","guid":{"rendered":"https:\/\/brasilnoticias.org\/site\/?p=12638"},"modified":"2024-02-06T20:25:31","modified_gmt":"2024-02-06T23:25:31","slug":"codecon-iniciara-fiscalizacao-de-camarotes-varandas-comerciais-e-venda-de-abadas","status":"publish","type":"post","link":"https:\/\/brasilnoticias.org\/site\/codecon-iniciara-fiscalizacao-de-camarotes-varandas-comerciais-e-venda-de-abadas\/","title":{"rendered":"Codecon iniciar\u00e1 fiscaliza\u00e7\u00e3o de camarotes, varandas comerciais e venda de abad\u00e1s"},"content":{"rendered":"<p>Para garantir a seguran\u00e7a dos consumidores durante o per\u00edodo festivo do Carnaval, a Diretoria de A\u00e7\u00f5es de Prote\u00e7\u00e3o e Defesa do Consumidor (Codecon), vinculada \u00e0 Secretaria Municipal de Ordem P\u00fablica (Semop), dar\u00e1 in\u00edcio \u00e0 Opera\u00e7\u00e3o Carnaval 2024 nesta quarta-feira (7). A a\u00e7\u00e3o ter\u00e1 como foco a inspe\u00e7\u00e3o de camarotes, bilheterias, varandas comerciais e estabelecimentos pr\u00f3ximos aos circuitos principais, al\u00e9m das vistorias nos eventos de Carnaval nos bairros.<\/p>\n<p>Os agentes da Codecon est\u00e3o atentos \u00e0 validade dos produtos e insumos utilizados nos alimentos comercializados, ao armazenamento, \u00e0 higiene do local, \u00e0 clareza na exibi\u00e7\u00e3o dos pre\u00e7os, \u00e0 execu\u00e7\u00e3o das ofertas e \u00e0 acessibilidade dos estabelecimentos, entre outras normas. No ano anterior, durante a Opera\u00e7\u00e3o Carnaval 2023, 541 estabelecimentos receberam notifica\u00e7\u00f5es e 13 foram autuados.<\/p>\n<p>O diretor-geral da Codecon, Zilton Netto, ressaltou que a atua\u00e7\u00e3o para o Carnaval foi preparada a partir da Opera\u00e7\u00e3o Ver\u00e3o, deflagrada em dezembro de 2023. &#8220;Realizamos vistorias em hot\u00e9is, pousadas, bares, restaurantes e outros locais de grande fluxo. Durante a Opera\u00e7\u00e3o Carnaval, revisitamos esses estabelecimentos para garantir o cumprimento das notifica\u00e7\u00f5es e estendemos as vistorias para camarotes e varandas comerciais. Tamb\u00e9m refor\u00e7amos a fiscaliza\u00e7\u00e3o nos bairros para atender a popula\u00e7\u00e3o durante todos os dias de eventos&#8221;, explicou.<\/p>\n<p>Os foli\u00f5es podem denunciar qualquer irregularidade pelos canais oficiais do \u00f3rg\u00e3o e ter\u00e3o acesso \u00e0 cartilha do consumidor foli\u00e3o, dispon\u00edvel gratuitamente no Balc\u00e3o do Consumidor. O servi\u00e7o estar\u00e1 instalado no posto da Semop, pr\u00f3ximo ao Shopping Barra.<\/p>\n<p>&#8220;O setor de educa\u00e7\u00e3o estar\u00e1 \u00e0 disposi\u00e7\u00e3o para esclarecer d\u00favidas dos consumidores em nosso Balc\u00e3o do Consumidor, que oferecer\u00e1 gratuitamente uma cartilha educativa sobre rela\u00e7\u00f5es de consumo em tr\u00eas idiomas: portugu\u00eas, ingl\u00eas e espanhol. Nosso objetivo \u00e9 garantir o melhor Carnaval poss\u00edvel para os foli\u00f5es&#8221;, completou Netto.<\/p>\n<p>Canais \u2013 Os consumidores podem denunciar irregularidades assim que perceberem a infra\u00e7\u00e3o, utilizando canais oficiais como o aplicativo Codecon Mobile, o Fala Salvador, no n\u00famero 156, ou o site do \u00f3rg\u00e3o (www.codecon.salvador.ba.gov.br). Os estabelecimentos notificados t\u00eam 24 horas para se adequarem ao C\u00f3digo de Defesa do Consumidor, enquanto os autuados s\u00e3o sujeitos a vistorias frequentes para evitar novas infra\u00e7\u00f5es, podendo receber multas que variam de R$900 a R$9 milh\u00f5es.<\/p>\n","protected":false},"excerpt":{"rendered":"<p>Para garantir a seguran\u00e7a dos consumidores durante o per\u00edodo festivo do Carnaval, a Diretoria de A\u00e7\u00f5es de Prote\u00e7\u00e3o e Defesa<\/p>\n","protected":false},"author":4,"featured_media":12639,"comment_status":"open","ping_status":"open","sticky":false,"template":"","format":"standard","meta":{"colormag_page_container_layout":"default_layout","colormag_page_sidebar_layout":"default_layout","_FSMCFIC_featured_image_caption":"","_FSMCFIC_featured_image_nocaption":"","_FSMCFIC_featured_image_hide":"","footnotes":""},"categories":[2,1],"tags":[],"class_list":["post-12638","post","type-post","status-publish","format-standard","has-post-thumbnail","hentry","category-noticias","category-ultimas"],"yoast_head":"<!-- This site is optimized with the Yoast SEO plugin v27.1.1 - https:\/\/yoast.com\/product\/yoast-seo-wordpress\/ -->\n<title>Codecon iniciar\u00e1 fiscaliza\u00e7\u00e3o de camarotes, varandas comerciais e venda de abad\u00e1s - Brasil not\u00edcias<\/title>\n<meta name=\"robots\" content=\"index, follow, max-snippet:-1, max-image-preview:large, max-video-preview:-1\" \/>\n<link rel=\"canonical\" href=\"https:\/\/brasilnoticias.org\/site\/codecon-iniciara-fiscalizacao-de-camarotes-varandas-comerciais-e-venda-de-abadas\/\" \/>\n<meta property=\"og:locale\" content=\"pt_PT\" \/>\n<meta property=\"og:type\" content=\"article\" \/>\n<meta property=\"og:title\" content=\"Codecon iniciar\u00e1 fiscaliza\u00e7\u00e3o de camarotes, varandas comerciais e venda de abad\u00e1s - Brasil not\u00edcias\" \/>\n<meta property=\"og:description\" content=\"Para garantir a seguran\u00e7a dos consumidores durante o per\u00edodo festivo do Carnaval, a Diretoria de A\u00e7\u00f5es de Prote\u00e7\u00e3o e Defesa\" \/>\n<meta property=\"og:url\" content=\"https:\/\/brasilnoticias.org\/site\/codecon-iniciara-fiscalizacao-de-camarotes-varandas-comerciais-e-venda-de-abadas\/\" \/>\n<meta property=\"og:site_name\" content=\"Brasil not\u00edcias\" \/>\n<meta property=\"article:published_time\" content=\"2024-02-06T23:25:31+00:00\" \/>\n<meta property=\"og:image\" content=\"https:\/\/brasilnoticias.org\/site\/wp-content\/uploads\/2024\/02\/Carnaval-Salvador_Fiscalizao_Codecon_Barra_Foto_Jefferson-Peixoto_Secom_PMS.webp\" \/>\n\t<meta property=\"og:image:width\" content=\"1600\" \/>\n\t<meta property=\"og:image:height\" content=\"1068\" \/>\n\t<meta property=\"og:image:type\" content=\"image\/webp\" \/>\n<meta name=\"author\" content=\"Reda\u00e7\u00e3o\" \/>\n<meta name=\"twitter:card\" content=\"summary_large_image\" \/>\n<meta name=\"twitter:label1\" content=\"Escrito por\" \/>\n\t<meta name=\"twitter:data1\" content=\"Reda\u00e7\u00e3o\" \/>\n<script type=\"application\/ld+json\" class=\"yoast-schema-graph\">{\"@context\":\"https:\/\/schema.org\",\"@graph\":[{\"@type\":\"Article\",\"@id\":\"https:\/\/brasilnoticias.org\/site\/codecon-iniciara-fiscalizacao-de-camarotes-varandas-comerciais-e-venda-de-abadas\/#article\",\"isPartOf\":{\"@id\":\"https:\/\/brasilnoticias.org\/site\/codecon-iniciara-fiscalizacao-de-camarotes-varandas-comerciais-e-venda-de-abadas\/\"},\"author\":{\"name\":\"Reda\u00e7\u00e3o\",\"@id\":\"https:\/\/brasilnoticias.org\/site\/#\/schema\/person\/03bbbfe6c7634ad18c26444ea39049fa\"},\"headline\":\"Codecon iniciar\u00e1 fiscaliza\u00e7\u00e3o de camarotes, varandas comerciais e venda de abad\u00e1s\",\"datePublished\":\"2024-02-06T23:25:31+00:00\",\"mainEntityOfPage\":{\"@id\":\"https:\/\/brasilnoticias.org\/site\/codecon-iniciara-fiscalizacao-de-camarotes-varandas-comerciais-e-venda-de-abadas\/\"},\"wordCount\":405,\"commentCount\":0,\"publisher\":{\"@id\":\"https:\/\/brasilnoticias.org\/site\/#organization\"},\"image\":{\"@id\":\"https:\/\/brasilnoticias.org\/site\/codecon-iniciara-fiscalizacao-de-camarotes-varandas-comerciais-e-venda-de-abadas\/#primaryimage\"},\"thumbnailUrl\":\"https:\/\/brasilnoticias.org\/site\/wp-content\/uploads\/2024\/02\/Carnaval-Salvador_Fiscalizao_Codecon_Barra_Foto_Jefferson-Peixoto_Secom_PMS.webp\",\"articleSection\":[\"Not\u00edcias\",\"\u00daltimas\"],\"inLanguage\":\"pt-PT\",\"potentialAction\":[{\"@type\":\"CommentAction\",\"name\":\"Comment\",\"target\":[\"https:\/\/brasilnoticias.org\/site\/codecon-iniciara-fiscalizacao-de-camarotes-varandas-comerciais-e-venda-de-abadas\/#respond\"]}]},{\"@type\":\"WebPage\",\"@id\":\"https:\/\/brasilnoticias.org\/site\/codecon-iniciara-fiscalizacao-de-camarotes-varandas-comerciais-e-venda-de-abadas\/\",\"url\":\"https:\/\/brasilnoticias.org\/site\/codecon-iniciara-fiscalizacao-de-camarotes-varandas-comerciais-e-venda-de-abadas\/\",\"name\":\"Codecon iniciar\u00e1 fiscaliza\u00e7\u00e3o de camarotes, varandas comerciais e venda de abad\u00e1s - Brasil not\u00edcias\",\"isPartOf\":{\"@id\":\"https:\/\/brasilnoticias.org\/site\/#website\"},\"primaryImageOfPage\":{\"@id\":\"https:\/\/brasilnoticias.org\/site\/codecon-iniciara-fiscalizacao-de-camarotes-varandas-comerciais-e-venda-de-abadas\/#primaryimage\"},\"image\":{\"@id\":\"https:\/\/brasilnoticias.org\/site\/codecon-iniciara-fiscalizacao-de-camarotes-varandas-comerciais-e-venda-de-abadas\/#primaryimage\"},\"thumbnailUrl\":\"https:\/\/brasilnoticias.org\/site\/wp-content\/uploads\/2024\/02\/Carnaval-Salvador_Fiscalizao_Codecon_Barra_Foto_Jefferson-Peixoto_Secom_PMS.webp\",\"datePublished\":\"2024-02-06T23:25:31+00:00\",\"breadcrumb\":{\"@id\":\"https:\/\/brasilnoticias.org\/site\/codecon-iniciara-fiscalizacao-de-camarotes-varandas-comerciais-e-venda-de-abadas\/#breadcrumb\"},\"inLanguage\":\"pt-PT\",\"potentialAction\":[{\"@type\":\"ReadAction\",\"target\":[\"https:\/\/brasilnoticias.org\/site\/codecon-iniciara-fiscalizacao-de-camarotes-varandas-comerciais-e-venda-de-abadas\/\"]}]},{\"@type\":\"ImageObject\",\"inLanguage\":\"pt-PT\",\"@id\":\"https:\/\/brasilnoticias.org\/site\/codecon-iniciara-fiscalizacao-de-camarotes-varandas-comerciais-e-venda-de-abadas\/#primaryimage\",\"url\":\"https:\/\/brasilnoticias.org\/site\/wp-content\/uploads\/2024\/02\/Carnaval-Salvador_Fiscalizao_Codecon_Barra_Foto_Jefferson-Peixoto_Secom_PMS.webp\",\"contentUrl\":\"https:\/\/brasilnoticias.org\/site\/wp-content\/uploads\/2024\/02\/Carnaval-Salvador_Fiscalizao_Codecon_Barra_Foto_Jefferson-Peixoto_Secom_PMS.webp\",\"width\":1600,\"height\":1068},{\"@type\":\"BreadcrumbList\",\"@id\":\"https:\/\/brasilnoticias.org\/site\/codecon-iniciara-fiscalizacao-de-camarotes-varandas-comerciais-e-venda-de-abadas\/#breadcrumb\",\"itemListElement\":[{\"@type\":\"ListItem\",\"position\":1,\"name\":\"In\u00edcio\",\"item\":\"https:\/\/brasilnoticias.org\/site\/\"},{\"@type\":\"ListItem\",\"position\":2,\"name\":\"Codecon iniciar\u00e1 fiscaliza\u00e7\u00e3o de camarotes, varandas comerciais e venda de abad\u00e1s\"}]},{\"@type\":\"WebSite\",\"@id\":\"https:\/\/brasilnoticias.org\/site\/#website\",\"url\":\"https:\/\/brasilnoticias.org\/site\/\",\"name\":\"Brasil not\u00edcias\",\"description\":\"Brasil not\u00edcias\",\"publisher\":{\"@id\":\"https:\/\/brasilnoticias.org\/site\/#organization\"},\"potentialAction\":[{\"@type\":\"SearchAction\",\"target\":{\"@type\":\"EntryPoint\",\"urlTemplate\":\"https:\/\/brasilnoticias.org\/site\/?s={search_term_string}\"},\"query-input\":{\"@type\":\"PropertyValueSpecification\",\"valueRequired\":true,\"valueName\":\"search_term_string\"}}],\"inLanguage\":\"pt-PT\"},{\"@type\":\"Organization\",\"@id\":\"https:\/\/brasilnoticias.org\/site\/#organization\",\"name\":\"Brasil not\u00edcias\",\"url\":\"https:\/\/brasilnoticias.org\/site\/\",\"logo\":{\"@type\":\"ImageObject\",\"inLanguage\":\"pt-PT\",\"@id\":\"https:\/\/brasilnoticias.org\/site\/#\/schema\/logo\/image\/\",\"url\":\"https:\/\/brasilnoticias.org\/site\/wp-content\/uploads\/2022\/05\/cropped-brasilnoticias-mini.jpg\",\"contentUrl\":\"https:\/\/brasilnoticias.org\/site\/wp-content\/uploads\/2022\/05\/cropped-brasilnoticias-mini.jpg\",\"width\":314,\"height\":86,\"caption\":\"Brasil not\u00edcias\"},\"image\":{\"@id\":\"https:\/\/brasilnoticias.org\/site\/#\/schema\/logo\/image\/\"}},{\"@type\":\"Person\",\"@id\":\"https:\/\/brasilnoticias.org\/site\/#\/schema\/person\/03bbbfe6c7634ad18c26444ea39049fa\",\"name\":\"Reda\u00e7\u00e3o\",\"image\":{\"@type\":\"ImageObject\",\"inLanguage\":\"pt-PT\",\"@id\":\"https:\/\/brasilnoticias.org\/site\/#\/schema\/person\/image\/\",\"url\":\"https:\/\/secure.gravatar.com\/avatar\/9ecaf7327a696cb23ad926fedded5f1f04d7049de9e445375d55b48c001a6e42?s=96&d=mm&r=g\",\"contentUrl\":\"https:\/\/secure.gravatar.com\/avatar\/9ecaf7327a696cb23ad926fedded5f1f04d7049de9e445375d55b48c001a6e42?s=96&d=mm&r=g\",\"caption\":\"Reda\u00e7\u00e3o\"},\"url\":\"https:\/\/brasilnoticias.org\/site\/author\/henrique\/\"}]}<\/script>\n<!-- \/ Yoast SEO plugin. -->","yoast_head_json":{"title":"Codecon iniciar\u00e1 fiscaliza\u00e7\u00e3o de camarotes, varandas comerciais e venda de abad\u00e1s - Brasil not\u00edcias","robots":{"index":"index","follow":"follow","max-snippet":"max-snippet:-1","max-image-preview":"max-image-preview:large","max-video-preview":"max-video-preview:-1"},"canonical":"https:\/\/brasilnoticias.org\/site\/codecon-iniciara-fiscalizacao-de-camarotes-varandas-comerciais-e-venda-de-abadas\/","og_locale":"pt_PT","og_type":"article","og_title":"Codecon iniciar\u00e1 fiscaliza\u00e7\u00e3o de camarotes, varandas comerciais e venda de abad\u00e1s - Brasil not\u00edcias","og_description":"Para garantir a seguran\u00e7a dos consumidores durante o per\u00edodo festivo do Carnaval, a Diretoria de A\u00e7\u00f5es de Prote\u00e7\u00e3o e Defesa","og_url":"https:\/\/brasilnoticias.org\/site\/codecon-iniciara-fiscalizacao-de-camarotes-varandas-comerciais-e-venda-de-abadas\/","og_site_name":"Brasil not\u00edcias","article_published_time":"2024-02-06T23:25:31+00:00","og_image":[{"width":1600,"height":1068,"url":"https:\/\/brasilnoticias.org\/site\/wp-content\/uploads\/2024\/02\/Carnaval-Salvador_Fiscalizao_Codecon_Barra_Foto_Jefferson-Peixoto_Secom_PMS.webp","type":"image\/webp"}],"author":"Reda\u00e7\u00e3o","twitter_card":"summary_large_image","twitter_misc":{"Escrito por":"Reda\u00e7\u00e3o"},"schema":{"@context":"https:\/\/schema.org","@graph":[{"@type":"Article","@id":"https:\/\/brasilnoticias.org\/site\/codecon-iniciara-fiscalizacao-de-camarotes-varandas-comerciais-e-venda-de-abadas\/#article","isPartOf":{"@id":"https:\/\/brasilnoticias.org\/site\/codecon-iniciara-fiscalizacao-de-camarotes-varandas-comerciais-e-venda-de-abadas\/"},"author":{"name":"Reda\u00e7\u00e3o","@id":"https:\/\/brasilnoticias.org\/site\/#\/schema\/person\/03bbbfe6c7634ad18c26444ea39049fa"},"headline":"Codecon iniciar\u00e1 fiscaliza\u00e7\u00e3o de camarotes, varandas comerciais e venda de abad\u00e1s","datePublished":"2024-02-06T23:25:31+00:00","mainEntityOfPage":{"@id":"https:\/\/brasilnoticias.org\/site\/codecon-iniciara-fiscalizacao-de-camarotes-varandas-comerciais-e-venda-de-abadas\/"},"wordCount":405,"commentCount":0,"publisher":{"@id":"https:\/\/brasilnoticias.org\/site\/#organization"},"image":{"@id":"https:\/\/brasilnoticias.org\/site\/codecon-iniciara-fiscalizacao-de-camarotes-varandas-comerciais-e-venda-de-abadas\/#primaryimage"},"thumbnailUrl":"https:\/\/brasilnoticias.org\/site\/wp-content\/uploads\/2024\/02\/Carnaval-Salvador_Fiscalizao_Codecon_Barra_Foto_Jefferson-Peixoto_Secom_PMS.webp","articleSection":["Not\u00edcias","\u00daltimas"],"inLanguage":"pt-PT","potentialAction":[{"@type":"CommentAction","name":"Comment","target":["https:\/\/brasilnoticias.org\/site\/codecon-iniciara-fiscalizacao-de-camarotes-varandas-comerciais-e-venda-de-abadas\/#respond"]}]},{"@type":"WebPage","@id":"https:\/\/brasilnoticias.org\/site\/codecon-iniciara-fiscalizacao-de-camarotes-varandas-comerciais-e-venda-de-abadas\/","url":"https:\/\/brasilnoticias.org\/site\/codecon-iniciara-fiscalizacao-de-camarotes-varandas-comerciais-e-venda-de-abadas\/","name":"Codecon iniciar\u00e1 fiscaliza\u00e7\u00e3o de camarotes, varandas comerciais e venda de abad\u00e1s - Brasil not\u00edcias","isPartOf":{"@id":"https:\/\/brasilnoticias.org\/site\/#website"},"primaryImageOfPage":{"@id":"https:\/\/brasilnoticias.org\/site\/codecon-iniciara-fiscalizacao-de-camarotes-varandas-comerciais-e-venda-de-abadas\/#primaryimage"},"image":{"@id":"https:\/\/brasilnoticias.org\/site\/codecon-iniciara-fiscalizacao-de-camarotes-varandas-comerciais-e-venda-de-abadas\/#primaryimage"},"thumbnailUrl":"https:\/\/brasilnoticias.org\/site\/wp-content\/uploads\/2024\/02\/Carnaval-Salvador_Fiscalizao_Codecon_Barra_Foto_Jefferson-Peixoto_Secom_PMS.webp","datePublished":"2024-02-06T23:25:31+00:00","breadcrumb":{"@id":"https:\/\/brasilnoticias.org\/site\/codecon-iniciara-fiscalizacao-de-camarotes-varandas-comerciais-e-venda-de-abadas\/#breadcrumb"},"inLanguage":"pt-PT","potentialAction":[{"@type":"ReadAction","target":["https:\/\/brasilnoticias.org\/site\/codecon-iniciara-fiscalizacao-de-camarotes-varandas-comerciais-e-venda-de-abadas\/"]}]},{"@type":"ImageObject","inLanguage":"pt-PT","@id":"https:\/\/brasilnoticias.org\/site\/codecon-iniciara-fiscalizacao-de-camarotes-varandas-comerciais-e-venda-de-abadas\/#primaryimage","url":"https:\/\/brasilnoticias.org\/site\/wp-content\/uploads\/2024\/02\/Carnaval-Salvador_Fiscalizao_Codecon_Barra_Foto_Jefferson-Peixoto_Secom_PMS.webp","contentUrl":"https:\/\/brasilnoticias.org\/site\/wp-content\/uploads\/2024\/02\/Carnaval-Salvador_Fiscalizao_Codecon_Barra_Foto_Jefferson-Peixoto_Secom_PMS.webp","width":1600,"height":1068},{"@type":"BreadcrumbList","@id":"https:\/\/brasilnoticias.org\/site\/codecon-iniciara-fiscalizacao-de-camarotes-varandas-comerciais-e-venda-de-abadas\/#breadcrumb","itemListElement":[{"@type":"ListItem","position":1,"name":"In\u00edcio","item":"https:\/\/brasilnoticias.org\/site\/"},{"@type":"ListItem","position":2,"name":"Codecon iniciar\u00e1 fiscaliza\u00e7\u00e3o de camarotes, varandas comerciais e venda de abad\u00e1s"}]},{"@type":"WebSite","@id":"https:\/\/brasilnoticias.org\/site\/#website","url":"https:\/\/brasilnoticias.org\/site\/","name":"Brasil not\u00edcias","description":"Brasil not\u00edcias","publisher":{"@id":"https:\/\/brasilnoticias.org\/site\/#organization"},"potentialAction":[{"@type":"SearchAction","target":{"@type":"EntryPoint","urlTemplate":"https:\/\/brasilnoticias.org\/site\/?s={search_term_string}"},"query-input":{"@type":"PropertyValueSpecification","valueRequired":true,"valueName":"search_term_string"}}],"inLanguage":"pt-PT"},{"@type":"Organization","@id":"https:\/\/brasilnoticias.org\/site\/#organization","name":"Brasil not\u00edcias","url":"https:\/\/brasilnoticias.org\/site\/","logo":{"@type":"ImageObject","inLanguage":"pt-PT","@id":"https:\/\/brasilnoticias.org\/site\/#\/schema\/logo\/image\/","url":"https:\/\/brasilnoticias.org\/site\/wp-content\/uploads\/2022\/05\/cropped-brasilnoticias-mini.jpg","contentUrl":"https:\/\/brasilnoticias.org\/site\/wp-content\/uploads\/2022\/05\/cropped-brasilnoticias-mini.jpg","width":314,"height":86,"caption":"Brasil not\u00edcias"},"image":{"@id":"https:\/\/brasilnoticias.org\/site\/#\/schema\/logo\/image\/"}},{"@type":"Person","@id":"https:\/\/brasilnoticias.org\/site\/#\/schema\/person\/03bbbfe6c7634ad18c26444ea39049fa","name":"Reda\u00e7\u00e3o","image":{"@type":"ImageObject","inLanguage":"pt-PT","@id":"https:\/\/brasilnoticias.org\/site\/#\/schema\/person\/image\/","url":"https:\/\/secure.gravatar.com\/avatar\/9ecaf7327a696cb23ad926fedded5f1f04d7049de9e445375d55b48c001a6e42?s=96&d=mm&r=g","contentUrl":"https:\/\/secure.gravatar.com\/avatar\/9ecaf7327a696cb23ad926fedded5f1f04d7049de9e445375d55b48c001a6e42?s=96&d=mm&r=g","caption":"Reda\u00e7\u00e3o"},"url":"https:\/\/brasilnoticias.org\/site\/author\/henrique\/"}]}},"_links":{"self":[{"href":"https:\/\/brasilnoticias.org\/site\/wp-json\/wp\/v2\/posts\/12638","targetHints":{"allow":["GET"]}}],"collection":[{"href":"https:\/\/brasilnoticias.org\/site\/wp-json\/wp\/v2\/posts"}],"about":[{"href":"https:\/\/brasilnoticias.org\/site\/wp-json\/wp\/v2\/types\/post"}],"author":[{"embeddable":true,"href":"https:\/\/brasilnoticias.org\/site\/wp-json\/wp\/v2\/users\/4"}],"replies":[{"embeddable":true,"href":"https:\/\/brasilnoticias.org\/site\/wp-json\/wp\/v2\/comments?post=12638"}],"version-history":[{"count":1,"href":"https:\/\/brasilnoticias.org\/site\/wp-json\/wp\/v2\/posts\/12638\/revisions"}],"predecessor-version":[{"id":12640,"href":"https:\/\/brasilnoticias.org\/site\/wp-json\/wp\/v2\/posts\/12638\/revisions\/12640"}],"wp:featuredmedia":[{"embeddable":true,"href":"https:\/\/brasilnoticias.org\/site\/wp-json\/wp\/v2\/media\/12639"}],"wp:attachment":[{"href":"https:\/\/brasilnoticias.org\/site\/wp-json\/wp\/v2\/media?parent=12638"}],"wp:term":[{"taxonomy":"category","embeddable":true,"href":"https:\/\/brasilnoticias.org\/site\/wp-json\/wp\/v2\/categories?post=12638"},{"taxonomy":"post_tag","embeddable":true,"href":"https:\/\/brasilnoticias.org\/site\/wp-json\/wp\/v2\/tags?post=12638"}],"curies":[{"name":"wp","href":"https:\/\/api.w.org\/{rel}","templated":true}]}}