{"id":12647,"date":"2024-02-08T14:47:50","date_gmt":"2024-02-08T17:47:50","guid":{"rendered":"https:\/\/brasilnoticias.org\/site\/?p=12647"},"modified":"2024-02-08T14:47:50","modified_gmt":"2024-02-08T17:47:50","slug":"valdemar-costa-neto-e-preso-em-flagrante-por-posse-ilegal-de-arma-de-fogo","status":"publish","type":"post","link":"https:\/\/brasilnoticias.org\/site\/valdemar-costa-neto-e-preso-em-flagrante-por-posse-ilegal-de-arma-de-fogo\/","title":{"rendered":"Valdemar Costa Neto \u00e9 preso em flagrante por posse ilegal de arma de fogo"},"content":{"rendered":"<p>O presidente do Partido Liberal (PL), Valdemar Costa Neto, foi preso em flagrante na manh\u00e3 desta quinta-feira (8) por posse ilegal de arma de fogo.<\/p>\n<p>A pris\u00e3o foi determinada durante buscas realizadas por policiais federais em um dos endere\u00e7os de Valdemar Costa Neto, como parte de uma opera\u00e7\u00e3o que investiga a tentativa de golpe de Estado e a aboli\u00e7\u00e3o do Estado Democr\u00e1tico de Direito, na qual ele \u00e9 um dos alvos.<\/p>\n<p>A arma estava no nome do filho de Costa Neto e com documenta\u00e7\u00e3o vencida. Na casa do dirigente, tamb\u00e9m foi apreendida uma pepita de ouro bruta que ser\u00e1 encaminhada ao Instituto Nacional de Criminal\u00edstica (INC) da Pol\u00edcia Federal (PF) para ser periciada. Ainda n\u00e3o se sabe se o pol\u00edtico seguir\u00e1 preso ou se ser\u00e1 liberado ap\u00f3s prestar esclarecimentos.<\/p>\n<p>No relat\u00f3rio que embasou a opera\u00e7\u00e3o, a PF afirmou que o PL sofreu uma &#8220;instrumentaliza\u00e7\u00e3o&#8221; durante as elei\u00e7\u00f5es de 2022, a fim de financiar uma estrutura de apoio \u00e0 invalida\u00e7\u00e3o da vit\u00f3ria de Luiz In\u00e1cio Lula da Silva (PT) na disputa presidencial, sendo Valdemar Costa Neto o &#8220;principal fiador&#8221; de questionamentos contra a lisura do processo eleitoral.<\/p>\n<p>A opera\u00e7\u00e3o deflagrada pela PF nesta quinta tem entre seus alvos o ex-presidente Jair Bolsonaro, ex-ministros e militares. Ao todo, foram cumpridos 33 mandados de busca e apreens\u00e3o e quatro mandados de pris\u00e3o preventiva. Bolsonaro teve seu passaporte retido, o que o impede de deixar o pa\u00eds, e ficou proibido de se comunicar com outros investigados, ap\u00f3s decis\u00e3o do ministro do Supremo Tribunal Federal (STF), Alexandre de Moraes.<\/p>\n<p>Foto: Marcello Casal Jr.\/Ag\u00eancia Brasil<br \/>\nPor: Metro1<\/p>\n","protected":false},"excerpt":{"rendered":"<p>O presidente do Partido Liberal (PL), Valdemar Costa Neto, foi preso em flagrante na manh\u00e3 desta quinta-feira (8) por posse<\/p>\n","protected":false},"author":4,"featured_media":12648,"comment_status":"open","ping_status":"open","sticky":false,"template":"","format":"standard","meta":{"colormag_page_container_layout":"default_layout","colormag_page_sidebar_layout":"default_layout","_FSMCFIC_featured_image_caption":"","_FSMCFIC_featured_image_nocaption":"","_FSMCFIC_featured_image_hide":"","footnotes":""},"categories":[5,1],"tags":[],"class_list":["post-12647","post","type-post","status-publish","format-standard","has-post-thumbnail","hentry","category-politica","category-ultimas"],"yoast_head":"<!-- This site is optimized with the Yoast SEO plugin v27.1.1 - https:\/\/yoast.com\/product\/yoast-seo-wordpress\/ -->\n<title>Valdemar Costa Neto \u00e9 preso em flagrante por posse ilegal de arma de fogo - Brasil not\u00edcias<\/title>\n<meta name=\"robots\" content=\"index, follow, max-snippet:-1, max-image-preview:large, max-video-preview:-1\" \/>\n<link rel=\"canonical\" href=\"https:\/\/brasilnoticias.org\/site\/valdemar-costa-neto-e-preso-em-flagrante-por-posse-ilegal-de-arma-de-fogo\/\" \/>\n<meta property=\"og:locale\" content=\"pt_PT\" \/>\n<meta property=\"og:type\" content=\"article\" \/>\n<meta property=\"og:title\" content=\"Valdemar Costa Neto \u00e9 preso em flagrante por posse ilegal de arma de fogo - Brasil not\u00edcias\" \/>\n<meta property=\"og:description\" content=\"O presidente do Partido Liberal (PL), Valdemar Costa Neto, foi preso em flagrante na manh\u00e3 desta quinta-feira (8) por posse\" \/>\n<meta property=\"og:url\" content=\"https:\/\/brasilnoticias.org\/site\/valdemar-costa-neto-e-preso-em-flagrante-por-posse-ilegal-de-arma-de-fogo\/\" \/>\n<meta property=\"og:site_name\" content=\"Brasil not\u00edcias\" \/>\n<meta property=\"article:published_time\" content=\"2024-02-08T17:47:50+00:00\" \/>\n<meta property=\"og:image\" content=\"https:\/\/brasilnoticias.org\/site\/wp-content\/uploads\/2024\/02\/145999valdemar-costa-neto-e-preso-em-flagrante-por-posse-ilegal-de-arma-de-fogo-3.jpg\" \/>\n\t<meta property=\"og:image:width\" content=\"1600\" \/>\n\t<meta property=\"og:image:height\" content=\"752\" \/>\n\t<meta property=\"og:image:type\" content=\"image\/jpeg\" \/>\n<meta name=\"author\" content=\"Reda\u00e7\u00e3o\" \/>\n<meta name=\"twitter:card\" content=\"summary_large_image\" \/>\n<meta name=\"twitter:label1\" content=\"Escrito por\" \/>\n\t<meta name=\"twitter:data1\" content=\"Reda\u00e7\u00e3o\" \/>\n<script type=\"application\/ld+json\" class=\"yoast-schema-graph\">{\"@context\":\"https:\/\/schema.org\",\"@graph\":[{\"@type\":\"Article\",\"@id\":\"https:\/\/brasilnoticias.org\/site\/valdemar-costa-neto-e-preso-em-flagrante-por-posse-ilegal-de-arma-de-fogo\/#article\",\"isPartOf\":{\"@id\":\"https:\/\/brasilnoticias.org\/site\/valdemar-costa-neto-e-preso-em-flagrante-por-posse-ilegal-de-arma-de-fogo\/\"},\"author\":{\"name\":\"Reda\u00e7\u00e3o\",\"@id\":\"https:\/\/brasilnoticias.org\/site\/#\/schema\/person\/03bbbfe6c7634ad18c26444ea39049fa\"},\"headline\":\"Valdemar Costa Neto \u00e9 preso em flagrante por posse ilegal de arma de fogo\",\"datePublished\":\"2024-02-08T17:47:50+00:00\",\"mainEntityOfPage\":{\"@id\":\"https:\/\/brasilnoticias.org\/site\/valdemar-costa-neto-e-preso-em-flagrante-por-posse-ilegal-de-arma-de-fogo\/\"},\"wordCount\":296,\"commentCount\":0,\"publisher\":{\"@id\":\"https:\/\/brasilnoticias.org\/site\/#organization\"},\"image\":{\"@id\":\"https:\/\/brasilnoticias.org\/site\/valdemar-costa-neto-e-preso-em-flagrante-por-posse-ilegal-de-arma-de-fogo\/#primaryimage\"},\"thumbnailUrl\":\"https:\/\/brasilnoticias.org\/site\/wp-content\/uploads\/2024\/02\/145999valdemar-costa-neto-e-preso-em-flagrante-por-posse-ilegal-de-arma-de-fogo-3.jpg\",\"articleSection\":[\"Pol\u00edtica\",\"\u00daltimas\"],\"inLanguage\":\"pt-PT\",\"potentialAction\":[{\"@type\":\"CommentAction\",\"name\":\"Comment\",\"target\":[\"https:\/\/brasilnoticias.org\/site\/valdemar-costa-neto-e-preso-em-flagrante-por-posse-ilegal-de-arma-de-fogo\/#respond\"]}]},{\"@type\":\"WebPage\",\"@id\":\"https:\/\/brasilnoticias.org\/site\/valdemar-costa-neto-e-preso-em-flagrante-por-posse-ilegal-de-arma-de-fogo\/\",\"url\":\"https:\/\/brasilnoticias.org\/site\/valdemar-costa-neto-e-preso-em-flagrante-por-posse-ilegal-de-arma-de-fogo\/\",\"name\":\"Valdemar Costa Neto \u00e9 preso em flagrante por posse ilegal de arma de fogo - Brasil not\u00edcias\",\"isPartOf\":{\"@id\":\"https:\/\/brasilnoticias.org\/site\/#website\"},\"primaryImageOfPage\":{\"@id\":\"https:\/\/brasilnoticias.org\/site\/valdemar-costa-neto-e-preso-em-flagrante-por-posse-ilegal-de-arma-de-fogo\/#primaryimage\"},\"image\":{\"@id\":\"https:\/\/brasilnoticias.org\/site\/valdemar-costa-neto-e-preso-em-flagrante-por-posse-ilegal-de-arma-de-fogo\/#primaryimage\"},\"thumbnailUrl\":\"https:\/\/brasilnoticias.org\/site\/wp-content\/uploads\/2024\/02\/145999valdemar-costa-neto-e-preso-em-flagrante-por-posse-ilegal-de-arma-de-fogo-3.jpg\",\"datePublished\":\"2024-02-08T17:47:50+00:00\",\"breadcrumb\":{\"@id\":\"https:\/\/brasilnoticias.org\/site\/valdemar-costa-neto-e-preso-em-flagrante-por-posse-ilegal-de-arma-de-fogo\/#breadcrumb\"},\"inLanguage\":\"pt-PT\",\"potentialAction\":[{\"@type\":\"ReadAction\",\"target\":[\"https:\/\/brasilnoticias.org\/site\/valdemar-costa-neto-e-preso-em-flagrante-por-posse-ilegal-de-arma-de-fogo\/\"]}]},{\"@type\":\"ImageObject\",\"inLanguage\":\"pt-PT\",\"@id\":\"https:\/\/brasilnoticias.org\/site\/valdemar-costa-neto-e-preso-em-flagrante-por-posse-ilegal-de-arma-de-fogo\/#primaryimage\",\"url\":\"https:\/\/brasilnoticias.org\/site\/wp-content\/uploads\/2024\/02\/145999valdemar-costa-neto-e-preso-em-flagrante-por-posse-ilegal-de-arma-de-fogo-3.jpg\",\"contentUrl\":\"https:\/\/brasilnoticias.org\/site\/wp-content\/uploads\/2024\/02\/145999valdemar-costa-neto-e-preso-em-flagrante-por-posse-ilegal-de-arma-de-fogo-3.jpg\",\"width\":1600,\"height\":752},{\"@type\":\"BreadcrumbList\",\"@id\":\"https:\/\/brasilnoticias.org\/site\/valdemar-costa-neto-e-preso-em-flagrante-por-posse-ilegal-de-arma-de-fogo\/#breadcrumb\",\"itemListElement\":[{\"@type\":\"ListItem\",\"position\":1,\"name\":\"In\u00edcio\",\"item\":\"https:\/\/brasilnoticias.org\/site\/\"},{\"@type\":\"ListItem\",\"position\":2,\"name\":\"Valdemar Costa Neto \u00e9 preso em flagrante por posse ilegal de arma de fogo\"}]},{\"@type\":\"WebSite\",\"@id\":\"https:\/\/brasilnoticias.org\/site\/#website\",\"url\":\"https:\/\/brasilnoticias.org\/site\/\",\"name\":\"Brasil not\u00edcias\",\"description\":\"Brasil not\u00edcias\",\"publisher\":{\"@id\":\"https:\/\/brasilnoticias.org\/site\/#organization\"},\"potentialAction\":[{\"@type\":\"SearchAction\",\"target\":{\"@type\":\"EntryPoint\",\"urlTemplate\":\"https:\/\/brasilnoticias.org\/site\/?s={search_term_string}\"},\"query-input\":{\"@type\":\"PropertyValueSpecification\",\"valueRequired\":true,\"valueName\":\"search_term_string\"}}],\"inLanguage\":\"pt-PT\"},{\"@type\":\"Organization\",\"@id\":\"https:\/\/brasilnoticias.org\/site\/#organization\",\"name\":\"Brasil not\u00edcias\",\"url\":\"https:\/\/brasilnoticias.org\/site\/\",\"logo\":{\"@type\":\"ImageObject\",\"inLanguage\":\"pt-PT\",\"@id\":\"https:\/\/brasilnoticias.org\/site\/#\/schema\/logo\/image\/\",\"url\":\"https:\/\/brasilnoticias.org\/site\/wp-content\/uploads\/2022\/05\/cropped-brasilnoticias-mini.jpg\",\"contentUrl\":\"https:\/\/brasilnoticias.org\/site\/wp-content\/uploads\/2022\/05\/cropped-brasilnoticias-mini.jpg\",\"width\":314,\"height\":86,\"caption\":\"Brasil not\u00edcias\"},\"image\":{\"@id\":\"https:\/\/brasilnoticias.org\/site\/#\/schema\/logo\/image\/\"}},{\"@type\":\"Person\",\"@id\":\"https:\/\/brasilnoticias.org\/site\/#\/schema\/person\/03bbbfe6c7634ad18c26444ea39049fa\",\"name\":\"Reda\u00e7\u00e3o\",\"image\":{\"@type\":\"ImageObject\",\"inLanguage\":\"pt-PT\",\"@id\":\"https:\/\/brasilnoticias.org\/site\/#\/schema\/person\/image\/\",\"url\":\"https:\/\/secure.gravatar.com\/avatar\/9ecaf7327a696cb23ad926fedded5f1f04d7049de9e445375d55b48c001a6e42?s=96&d=mm&r=g\",\"contentUrl\":\"https:\/\/secure.gravatar.com\/avatar\/9ecaf7327a696cb23ad926fedded5f1f04d7049de9e445375d55b48c001a6e42?s=96&d=mm&r=g\",\"caption\":\"Reda\u00e7\u00e3o\"},\"url\":\"https:\/\/brasilnoticias.org\/site\/author\/henrique\/\"}]}<\/script>\n<!-- \/ Yoast SEO plugin. -->","yoast_head_json":{"title":"Valdemar Costa Neto \u00e9 preso em flagrante por posse ilegal de arma de fogo - Brasil not\u00edcias","robots":{"index":"index","follow":"follow","max-snippet":"max-snippet:-1","max-image-preview":"max-image-preview:large","max-video-preview":"max-video-preview:-1"},"canonical":"https:\/\/brasilnoticias.org\/site\/valdemar-costa-neto-e-preso-em-flagrante-por-posse-ilegal-de-arma-de-fogo\/","og_locale":"pt_PT","og_type":"article","og_title":"Valdemar Costa Neto \u00e9 preso em flagrante por posse ilegal de arma de fogo - Brasil not\u00edcias","og_description":"O presidente do Partido Liberal (PL), Valdemar Costa Neto, foi preso em flagrante na manh\u00e3 desta quinta-feira (8) por posse","og_url":"https:\/\/brasilnoticias.org\/site\/valdemar-costa-neto-e-preso-em-flagrante-por-posse-ilegal-de-arma-de-fogo\/","og_site_name":"Brasil not\u00edcias","article_published_time":"2024-02-08T17:47:50+00:00","og_image":[{"width":1600,"height":752,"url":"https:\/\/brasilnoticias.org\/site\/wp-content\/uploads\/2024\/02\/145999valdemar-costa-neto-e-preso-em-flagrante-por-posse-ilegal-de-arma-de-fogo-3.jpg","type":"image\/jpeg"}],"author":"Reda\u00e7\u00e3o","twitter_card":"summary_large_image","twitter_misc":{"Escrito por":"Reda\u00e7\u00e3o"},"schema":{"@context":"https:\/\/schema.org","@graph":[{"@type":"Article","@id":"https:\/\/brasilnoticias.org\/site\/valdemar-costa-neto-e-preso-em-flagrante-por-posse-ilegal-de-arma-de-fogo\/#article","isPartOf":{"@id":"https:\/\/brasilnoticias.org\/site\/valdemar-costa-neto-e-preso-em-flagrante-por-posse-ilegal-de-arma-de-fogo\/"},"author":{"name":"Reda\u00e7\u00e3o","@id":"https:\/\/brasilnoticias.org\/site\/#\/schema\/person\/03bbbfe6c7634ad18c26444ea39049fa"},"headline":"Valdemar Costa Neto \u00e9 preso em flagrante por posse ilegal de arma de fogo","datePublished":"2024-02-08T17:47:50+00:00","mainEntityOfPage":{"@id":"https:\/\/brasilnoticias.org\/site\/valdemar-costa-neto-e-preso-em-flagrante-por-posse-ilegal-de-arma-de-fogo\/"},"wordCount":296,"commentCount":0,"publisher":{"@id":"https:\/\/brasilnoticias.org\/site\/#organization"},"image":{"@id":"https:\/\/brasilnoticias.org\/site\/valdemar-costa-neto-e-preso-em-flagrante-por-posse-ilegal-de-arma-de-fogo\/#primaryimage"},"thumbnailUrl":"https:\/\/brasilnoticias.org\/site\/wp-content\/uploads\/2024\/02\/145999valdemar-costa-neto-e-preso-em-flagrante-por-posse-ilegal-de-arma-de-fogo-3.jpg","articleSection":["Pol\u00edtica","\u00daltimas"],"inLanguage":"pt-PT","potentialAction":[{"@type":"CommentAction","name":"Comment","target":["https:\/\/brasilnoticias.org\/site\/valdemar-costa-neto-e-preso-em-flagrante-por-posse-ilegal-de-arma-de-fogo\/#respond"]}]},{"@type":"WebPage","@id":"https:\/\/brasilnoticias.org\/site\/valdemar-costa-neto-e-preso-em-flagrante-por-posse-ilegal-de-arma-de-fogo\/","url":"https:\/\/brasilnoticias.org\/site\/valdemar-costa-neto-e-preso-em-flagrante-por-posse-ilegal-de-arma-de-fogo\/","name":"Valdemar Costa Neto \u00e9 preso em flagrante por posse ilegal de arma de fogo - Brasil not\u00edcias","isPartOf":{"@id":"https:\/\/brasilnoticias.org\/site\/#website"},"primaryImageOfPage":{"@id":"https:\/\/brasilnoticias.org\/site\/valdemar-costa-neto-e-preso-em-flagrante-por-posse-ilegal-de-arma-de-fogo\/#primaryimage"},"image":{"@id":"https:\/\/brasilnoticias.org\/site\/valdemar-costa-neto-e-preso-em-flagrante-por-posse-ilegal-de-arma-de-fogo\/#primaryimage"},"thumbnailUrl":"https:\/\/brasilnoticias.org\/site\/wp-content\/uploads\/2024\/02\/145999valdemar-costa-neto-e-preso-em-flagrante-por-posse-ilegal-de-arma-de-fogo-3.jpg","datePublished":"2024-02-08T17:47:50+00:00","breadcrumb":{"@id":"https:\/\/brasilnoticias.org\/site\/valdemar-costa-neto-e-preso-em-flagrante-por-posse-ilegal-de-arma-de-fogo\/#breadcrumb"},"inLanguage":"pt-PT","potentialAction":[{"@type":"ReadAction","target":["https:\/\/brasilnoticias.org\/site\/valdemar-costa-neto-e-preso-em-flagrante-por-posse-ilegal-de-arma-de-fogo\/"]}]},{"@type":"ImageObject","inLanguage":"pt-PT","@id":"https:\/\/brasilnoticias.org\/site\/valdemar-costa-neto-e-preso-em-flagrante-por-posse-ilegal-de-arma-de-fogo\/#primaryimage","url":"https:\/\/brasilnoticias.org\/site\/wp-content\/uploads\/2024\/02\/145999valdemar-costa-neto-e-preso-em-flagrante-por-posse-ilegal-de-arma-de-fogo-3.jpg","contentUrl":"https:\/\/brasilnoticias.org\/site\/wp-content\/uploads\/2024\/02\/145999valdemar-costa-neto-e-preso-em-flagrante-por-posse-ilegal-de-arma-de-fogo-3.jpg","width":1600,"height":752},{"@type":"BreadcrumbList","@id":"https:\/\/brasilnoticias.org\/site\/valdemar-costa-neto-e-preso-em-flagrante-por-posse-ilegal-de-arma-de-fogo\/#breadcrumb","itemListElement":[{"@type":"ListItem","position":1,"name":"In\u00edcio","item":"https:\/\/brasilnoticias.org\/site\/"},{"@type":"ListItem","position":2,"name":"Valdemar Costa Neto \u00e9 preso em flagrante por posse ilegal de arma de fogo"}]},{"@type":"WebSite","@id":"https:\/\/brasilnoticias.org\/site\/#website","url":"https:\/\/brasilnoticias.org\/site\/","name":"Brasil not\u00edcias","description":"Brasil not\u00edcias","publisher":{"@id":"https:\/\/brasilnoticias.org\/site\/#organization"},"potentialAction":[{"@type":"SearchAction","target":{"@type":"EntryPoint","urlTemplate":"https:\/\/brasilnoticias.org\/site\/?s={search_term_string}"},"query-input":{"@type":"PropertyValueSpecification","valueRequired":true,"valueName":"search_term_string"}}],"inLanguage":"pt-PT"},{"@type":"Organization","@id":"https:\/\/brasilnoticias.org\/site\/#organization","name":"Brasil not\u00edcias","url":"https:\/\/brasilnoticias.org\/site\/","logo":{"@type":"ImageObject","inLanguage":"pt-PT","@id":"https:\/\/brasilnoticias.org\/site\/#\/schema\/logo\/image\/","url":"https:\/\/brasilnoticias.org\/site\/wp-content\/uploads\/2022\/05\/cropped-brasilnoticias-mini.jpg","contentUrl":"https:\/\/brasilnoticias.org\/site\/wp-content\/uploads\/2022\/05\/cropped-brasilnoticias-mini.jpg","width":314,"height":86,"caption":"Brasil not\u00edcias"},"image":{"@id":"https:\/\/brasilnoticias.org\/site\/#\/schema\/logo\/image\/"}},{"@type":"Person","@id":"https:\/\/brasilnoticias.org\/site\/#\/schema\/person\/03bbbfe6c7634ad18c26444ea39049fa","name":"Reda\u00e7\u00e3o","image":{"@type":"ImageObject","inLanguage":"pt-PT","@id":"https:\/\/brasilnoticias.org\/site\/#\/schema\/person\/image\/","url":"https:\/\/secure.gravatar.com\/avatar\/9ecaf7327a696cb23ad926fedded5f1f04d7049de9e445375d55b48c001a6e42?s=96&d=mm&r=g","contentUrl":"https:\/\/secure.gravatar.com\/avatar\/9ecaf7327a696cb23ad926fedded5f1f04d7049de9e445375d55b48c001a6e42?s=96&d=mm&r=g","caption":"Reda\u00e7\u00e3o"},"url":"https:\/\/brasilnoticias.org\/site\/author\/henrique\/"}]}},"_links":{"self":[{"href":"https:\/\/brasilnoticias.org\/site\/wp-json\/wp\/v2\/posts\/12647","targetHints":{"allow":["GET"]}}],"collection":[{"href":"https:\/\/brasilnoticias.org\/site\/wp-json\/wp\/v2\/posts"}],"about":[{"href":"https:\/\/brasilnoticias.org\/site\/wp-json\/wp\/v2\/types\/post"}],"author":[{"embeddable":true,"href":"https:\/\/brasilnoticias.org\/site\/wp-json\/wp\/v2\/users\/4"}],"replies":[{"embeddable":true,"href":"https:\/\/brasilnoticias.org\/site\/wp-json\/wp\/v2\/comments?post=12647"}],"version-history":[{"count":1,"href":"https:\/\/brasilnoticias.org\/site\/wp-json\/wp\/v2\/posts\/12647\/revisions"}],"predecessor-version":[{"id":12649,"href":"https:\/\/brasilnoticias.org\/site\/wp-json\/wp\/v2\/posts\/12647\/revisions\/12649"}],"wp:featuredmedia":[{"embeddable":true,"href":"https:\/\/brasilnoticias.org\/site\/wp-json\/wp\/v2\/media\/12648"}],"wp:attachment":[{"href":"https:\/\/brasilnoticias.org\/site\/wp-json\/wp\/v2\/media?parent=12647"}],"wp:term":[{"taxonomy":"category","embeddable":true,"href":"https:\/\/brasilnoticias.org\/site\/wp-json\/wp\/v2\/categories?post=12647"},{"taxonomy":"post_tag","embeddable":true,"href":"https:\/\/brasilnoticias.org\/site\/wp-json\/wp\/v2\/tags?post=12647"}],"curies":[{"name":"wp","href":"https:\/\/api.w.org\/{rel}","templated":true}]}}