{"id":12658,"date":"2024-02-09T23:08:37","date_gmt":"2024-02-10T02:08:37","guid":{"rendered":"https:\/\/brasilnoticias.org\/site\/?p=12658"},"modified":"2024-02-09T23:08:37","modified_gmt":"2024-02-10T02:08:37","slug":"roberta-santana-explica-atuacao-da-sesab-no-carnaval-ja-contavamos-que-o-calor-fosse-muito-grande","status":"publish","type":"post","link":"https:\/\/brasilnoticias.org\/site\/roberta-santana-explica-atuacao-da-sesab-no-carnaval-ja-contavamos-que-o-calor-fosse-muito-grande\/","title":{"rendered":"Roberta Santana explica atua\u00e7\u00e3o da Sesab no Carnaval: \u201cj\u00e1 cont\u00e1vamos que o calor fosse muito grande\u201d"},"content":{"rendered":"<p>Secret\u00e1ria Estadual da Sa\u00fade, Roberta Santana explicou, durante a transmiss\u00e3o do Carnaval da R\u00e1dio Metropole nesta sexta-feira (9), a atua\u00e7\u00e3o da pasta nos dias de folia. A secret\u00e1ria destacou as a\u00e7\u00f5es para combater o calor intenso e tamb\u00e9m de preven\u00e7\u00e3o e tratamentos das IST&#8217;s (Infec\u00e7\u00f5es Sexualmente Transmissiv\u00e9is). <\/p>\n<p>\u201cA gente j\u00e1 contava que o calor fosse muito grande, tivemos registros de pessoas sendo carregadas pelo calor e para combater isso a Embasa est\u00e1 fazendo uma a\u00e7\u00e3o importante de distribuir \u00e1gua no circuito para que as pessoas se hidratem\u201d, disse. <\/p>\n<p>Neste ano, o Governo da Bahia investiu R$3,7 milh\u00f5es em refor\u00e7o nos plant\u00f5es de assist\u00eancia em unidades de sa\u00fade, testagem de Infec\u00e7\u00f5es Sexualmente Transmiss\u00edveis (IST) nos estandes no Circuito Dod\u00f4, em Salvador, e distribui\u00e7\u00e3o de preservativos, entre outras a\u00e7\u00f5es. Cerca de 129 mil camisinhas foram distribu\u00eddas nos postos at\u00e9 2h da manh\u00e3 da sexta-feira e 984 exames de IST foram realizados.<\/p>\n<p>Quem testou positivo passou por uma orienta\u00e7\u00e3o e j\u00e1 pode sair do estande com consulta marcada. J\u00e1 os pacientes que tiveram resultado positivo para s\u00edfilis t\u00eam a possibilidade de iniciar o tratamento no pr\u00f3prio estande, com a aplica\u00e7\u00e3o da penicilina benzatina (Benzetacil). Ao todo, 15 pacientes optaram por receber o medicamento.<\/p>\n<p>Foto: Divulga\u00e7\u00e3o\/Victor Fernandes\/Sesab<br \/>\nPor: Metro1<\/p>\n","protected":false},"excerpt":{"rendered":"<p>Secret\u00e1ria Estadual da Sa\u00fade, Roberta Santana explicou, durante a transmiss\u00e3o do Carnaval da R\u00e1dio Metropole nesta sexta-feira (9), a atua\u00e7\u00e3o<\/p>\n","protected":false},"author":4,"featured_media":12659,"comment_status":"open","ping_status":"open","sticky":false,"template":"","format":"standard","meta":{"colormag_page_container_layout":"default_layout","colormag_page_sidebar_layout":"default_layout","_FSMCFIC_featured_image_caption":"","_FSMCFIC_featured_image_nocaption":"","_FSMCFIC_featured_image_hide":"","footnotes":""},"categories":[2,1],"tags":[],"class_list":["post-12658","post","type-post","status-publish","format-standard","has-post-thumbnail","hentry","category-noticias","category-ultimas"],"yoast_head":"<!-- This site is optimized with the Yoast SEO plugin v27.1.1 - https:\/\/yoast.com\/product\/yoast-seo-wordpress\/ -->\n<title>Roberta Santana explica atua\u00e7\u00e3o da Sesab no Carnaval: \u201cj\u00e1 cont\u00e1vamos que o calor fosse muito grande\u201d - Brasil not\u00edcias<\/title>\n<meta name=\"robots\" content=\"index, follow, max-snippet:-1, max-image-preview:large, max-video-preview:-1\" \/>\n<link rel=\"canonical\" href=\"https:\/\/brasilnoticias.org\/site\/roberta-santana-explica-atuacao-da-sesab-no-carnaval-ja-contavamos-que-o-calor-fosse-muito-grande\/\" \/>\n<meta property=\"og:locale\" content=\"pt_PT\" \/>\n<meta property=\"og:type\" content=\"article\" \/>\n<meta property=\"og:title\" content=\"Roberta Santana explica atua\u00e7\u00e3o da Sesab no Carnaval: \u201cj\u00e1 cont\u00e1vamos que o calor fosse muito grande\u201d - Brasil not\u00edcias\" \/>\n<meta property=\"og:description\" content=\"Secret\u00e1ria Estadual da Sa\u00fade, Roberta Santana explicou, durante a transmiss\u00e3o do Carnaval da R\u00e1dio Metropole nesta sexta-feira (9), a atua\u00e7\u00e3o\" \/>\n<meta property=\"og:url\" content=\"https:\/\/brasilnoticias.org\/site\/roberta-santana-explica-atuacao-da-sesab-no-carnaval-ja-contavamos-que-o-calor-fosse-muito-grande\/\" \/>\n<meta property=\"og:site_name\" content=\"Brasil not\u00edcias\" \/>\n<meta property=\"article:published_time\" content=\"2024-02-10T02:08:37+00:00\" \/>\n<meta property=\"og:image\" content=\"https:\/\/brasilnoticias.org\/site\/wp-content\/uploads\/2024\/02\/146034roberta-santana-explica-atuacao-da-sesab-no-carnaval-ja-contavamos-que-o-calor-fosse-muito-grande-3-1.jpg\" \/>\n\t<meta property=\"og:image:width\" content=\"1600\" \/>\n\t<meta property=\"og:image:height\" content=\"752\" \/>\n\t<meta property=\"og:image:type\" content=\"image\/jpeg\" \/>\n<meta name=\"author\" content=\"Reda\u00e7\u00e3o\" \/>\n<meta name=\"twitter:card\" content=\"summary_large_image\" \/>\n<meta name=\"twitter:label1\" content=\"Escrito por\" \/>\n\t<meta name=\"twitter:data1\" content=\"Reda\u00e7\u00e3o\" \/>\n\t<meta name=\"twitter:label2\" content=\"Tempo estimado de leitura\" \/>\n\t<meta name=\"twitter:data2\" content=\"1 minuto\" \/>\n<script type=\"application\/ld+json\" class=\"yoast-schema-graph\">{\"@context\":\"https:\/\/schema.org\",\"@graph\":[{\"@type\":\"Article\",\"@id\":\"https:\/\/brasilnoticias.org\/site\/roberta-santana-explica-atuacao-da-sesab-no-carnaval-ja-contavamos-que-o-calor-fosse-muito-grande\/#article\",\"isPartOf\":{\"@id\":\"https:\/\/brasilnoticias.org\/site\/roberta-santana-explica-atuacao-da-sesab-no-carnaval-ja-contavamos-que-o-calor-fosse-muito-grande\/\"},\"author\":{\"name\":\"Reda\u00e7\u00e3o\",\"@id\":\"https:\/\/brasilnoticias.org\/site\/#\/schema\/person\/03bbbfe6c7634ad18c26444ea39049fa\"},\"headline\":\"Roberta Santana explica atua\u00e7\u00e3o da Sesab no Carnaval: \u201cj\u00e1 cont\u00e1vamos que o calor fosse muito grande\u201d\",\"datePublished\":\"2024-02-10T02:08:37+00:00\",\"mainEntityOfPage\":{\"@id\":\"https:\/\/brasilnoticias.org\/site\/roberta-santana-explica-atuacao-da-sesab-no-carnaval-ja-contavamos-que-o-calor-fosse-muito-grande\/\"},\"wordCount\":249,\"commentCount\":0,\"publisher\":{\"@id\":\"https:\/\/brasilnoticias.org\/site\/#organization\"},\"image\":{\"@id\":\"https:\/\/brasilnoticias.org\/site\/roberta-santana-explica-atuacao-da-sesab-no-carnaval-ja-contavamos-que-o-calor-fosse-muito-grande\/#primaryimage\"},\"thumbnailUrl\":\"https:\/\/brasilnoticias.org\/site\/wp-content\/uploads\/2024\/02\/146034roberta-santana-explica-atuacao-da-sesab-no-carnaval-ja-contavamos-que-o-calor-fosse-muito-grande-3-1.jpg\",\"articleSection\":[\"Not\u00edcias\",\"\u00daltimas\"],\"inLanguage\":\"pt-PT\",\"potentialAction\":[{\"@type\":\"CommentAction\",\"name\":\"Comment\",\"target\":[\"https:\/\/brasilnoticias.org\/site\/roberta-santana-explica-atuacao-da-sesab-no-carnaval-ja-contavamos-que-o-calor-fosse-muito-grande\/#respond\"]}]},{\"@type\":\"WebPage\",\"@id\":\"https:\/\/brasilnoticias.org\/site\/roberta-santana-explica-atuacao-da-sesab-no-carnaval-ja-contavamos-que-o-calor-fosse-muito-grande\/\",\"url\":\"https:\/\/brasilnoticias.org\/site\/roberta-santana-explica-atuacao-da-sesab-no-carnaval-ja-contavamos-que-o-calor-fosse-muito-grande\/\",\"name\":\"Roberta Santana explica atua\u00e7\u00e3o da Sesab no Carnaval: \u201cj\u00e1 cont\u00e1vamos que o calor fosse muito grande\u201d - Brasil not\u00edcias\",\"isPartOf\":{\"@id\":\"https:\/\/brasilnoticias.org\/site\/#website\"},\"primaryImageOfPage\":{\"@id\":\"https:\/\/brasilnoticias.org\/site\/roberta-santana-explica-atuacao-da-sesab-no-carnaval-ja-contavamos-que-o-calor-fosse-muito-grande\/#primaryimage\"},\"image\":{\"@id\":\"https:\/\/brasilnoticias.org\/site\/roberta-santana-explica-atuacao-da-sesab-no-carnaval-ja-contavamos-que-o-calor-fosse-muito-grande\/#primaryimage\"},\"thumbnailUrl\":\"https:\/\/brasilnoticias.org\/site\/wp-content\/uploads\/2024\/02\/146034roberta-santana-explica-atuacao-da-sesab-no-carnaval-ja-contavamos-que-o-calor-fosse-muito-grande-3-1.jpg\",\"datePublished\":\"2024-02-10T02:08:37+00:00\",\"breadcrumb\":{\"@id\":\"https:\/\/brasilnoticias.org\/site\/roberta-santana-explica-atuacao-da-sesab-no-carnaval-ja-contavamos-que-o-calor-fosse-muito-grande\/#breadcrumb\"},\"inLanguage\":\"pt-PT\",\"potentialAction\":[{\"@type\":\"ReadAction\",\"target\":[\"https:\/\/brasilnoticias.org\/site\/roberta-santana-explica-atuacao-da-sesab-no-carnaval-ja-contavamos-que-o-calor-fosse-muito-grande\/\"]}]},{\"@type\":\"ImageObject\",\"inLanguage\":\"pt-PT\",\"@id\":\"https:\/\/brasilnoticias.org\/site\/roberta-santana-explica-atuacao-da-sesab-no-carnaval-ja-contavamos-que-o-calor-fosse-muito-grande\/#primaryimage\",\"url\":\"https:\/\/brasilnoticias.org\/site\/wp-content\/uploads\/2024\/02\/146034roberta-santana-explica-atuacao-da-sesab-no-carnaval-ja-contavamos-que-o-calor-fosse-muito-grande-3-1.jpg\",\"contentUrl\":\"https:\/\/brasilnoticias.org\/site\/wp-content\/uploads\/2024\/02\/146034roberta-santana-explica-atuacao-da-sesab-no-carnaval-ja-contavamos-que-o-calor-fosse-muito-grande-3-1.jpg\",\"width\":1600,\"height\":752},{\"@type\":\"BreadcrumbList\",\"@id\":\"https:\/\/brasilnoticias.org\/site\/roberta-santana-explica-atuacao-da-sesab-no-carnaval-ja-contavamos-que-o-calor-fosse-muito-grande\/#breadcrumb\",\"itemListElement\":[{\"@type\":\"ListItem\",\"position\":1,\"name\":\"In\u00edcio\",\"item\":\"https:\/\/brasilnoticias.org\/site\/\"},{\"@type\":\"ListItem\",\"position\":2,\"name\":\"Roberta Santana explica atua\u00e7\u00e3o da Sesab no Carnaval: \u201cj\u00e1 cont\u00e1vamos que o calor fosse muito grande\u201d\"}]},{\"@type\":\"WebSite\",\"@id\":\"https:\/\/brasilnoticias.org\/site\/#website\",\"url\":\"https:\/\/brasilnoticias.org\/site\/\",\"name\":\"Brasil not\u00edcias\",\"description\":\"Brasil not\u00edcias\",\"publisher\":{\"@id\":\"https:\/\/brasilnoticias.org\/site\/#organization\"},\"potentialAction\":[{\"@type\":\"SearchAction\",\"target\":{\"@type\":\"EntryPoint\",\"urlTemplate\":\"https:\/\/brasilnoticias.org\/site\/?s={search_term_string}\"},\"query-input\":{\"@type\":\"PropertyValueSpecification\",\"valueRequired\":true,\"valueName\":\"search_term_string\"}}],\"inLanguage\":\"pt-PT\"},{\"@type\":\"Organization\",\"@id\":\"https:\/\/brasilnoticias.org\/site\/#organization\",\"name\":\"Brasil not\u00edcias\",\"url\":\"https:\/\/brasilnoticias.org\/site\/\",\"logo\":{\"@type\":\"ImageObject\",\"inLanguage\":\"pt-PT\",\"@id\":\"https:\/\/brasilnoticias.org\/site\/#\/schema\/logo\/image\/\",\"url\":\"https:\/\/brasilnoticias.org\/site\/wp-content\/uploads\/2022\/05\/cropped-brasilnoticias-mini.jpg\",\"contentUrl\":\"https:\/\/brasilnoticias.org\/site\/wp-content\/uploads\/2022\/05\/cropped-brasilnoticias-mini.jpg\",\"width\":314,\"height\":86,\"caption\":\"Brasil not\u00edcias\"},\"image\":{\"@id\":\"https:\/\/brasilnoticias.org\/site\/#\/schema\/logo\/image\/\"}},{\"@type\":\"Person\",\"@id\":\"https:\/\/brasilnoticias.org\/site\/#\/schema\/person\/03bbbfe6c7634ad18c26444ea39049fa\",\"name\":\"Reda\u00e7\u00e3o\",\"image\":{\"@type\":\"ImageObject\",\"inLanguage\":\"pt-PT\",\"@id\":\"https:\/\/brasilnoticias.org\/site\/#\/schema\/person\/image\/\",\"url\":\"https:\/\/secure.gravatar.com\/avatar\/9ecaf7327a696cb23ad926fedded5f1f04d7049de9e445375d55b48c001a6e42?s=96&d=mm&r=g\",\"contentUrl\":\"https:\/\/secure.gravatar.com\/avatar\/9ecaf7327a696cb23ad926fedded5f1f04d7049de9e445375d55b48c001a6e42?s=96&d=mm&r=g\",\"caption\":\"Reda\u00e7\u00e3o\"},\"url\":\"https:\/\/brasilnoticias.org\/site\/author\/henrique\/\"}]}<\/script>\n<!-- \/ Yoast SEO plugin. -->","yoast_head_json":{"title":"Roberta Santana explica atua\u00e7\u00e3o da Sesab no Carnaval: \u201cj\u00e1 cont\u00e1vamos que o calor fosse muito grande\u201d - Brasil not\u00edcias","robots":{"index":"index","follow":"follow","max-snippet":"max-snippet:-1","max-image-preview":"max-image-preview:large","max-video-preview":"max-video-preview:-1"},"canonical":"https:\/\/brasilnoticias.org\/site\/roberta-santana-explica-atuacao-da-sesab-no-carnaval-ja-contavamos-que-o-calor-fosse-muito-grande\/","og_locale":"pt_PT","og_type":"article","og_title":"Roberta Santana explica atua\u00e7\u00e3o da Sesab no Carnaval: \u201cj\u00e1 cont\u00e1vamos que o calor fosse muito grande\u201d - Brasil not\u00edcias","og_description":"Secret\u00e1ria Estadual da Sa\u00fade, Roberta Santana explicou, durante a transmiss\u00e3o do Carnaval da R\u00e1dio Metropole nesta sexta-feira (9), a atua\u00e7\u00e3o","og_url":"https:\/\/brasilnoticias.org\/site\/roberta-santana-explica-atuacao-da-sesab-no-carnaval-ja-contavamos-que-o-calor-fosse-muito-grande\/","og_site_name":"Brasil not\u00edcias","article_published_time":"2024-02-10T02:08:37+00:00","og_image":[{"width":1600,"height":752,"url":"https:\/\/brasilnoticias.org\/site\/wp-content\/uploads\/2024\/02\/146034roberta-santana-explica-atuacao-da-sesab-no-carnaval-ja-contavamos-que-o-calor-fosse-muito-grande-3-1.jpg","type":"image\/jpeg"}],"author":"Reda\u00e7\u00e3o","twitter_card":"summary_large_image","twitter_misc":{"Escrito por":"Reda\u00e7\u00e3o","Tempo estimado de leitura":"1 minuto"},"schema":{"@context":"https:\/\/schema.org","@graph":[{"@type":"Article","@id":"https:\/\/brasilnoticias.org\/site\/roberta-santana-explica-atuacao-da-sesab-no-carnaval-ja-contavamos-que-o-calor-fosse-muito-grande\/#article","isPartOf":{"@id":"https:\/\/brasilnoticias.org\/site\/roberta-santana-explica-atuacao-da-sesab-no-carnaval-ja-contavamos-que-o-calor-fosse-muito-grande\/"},"author":{"name":"Reda\u00e7\u00e3o","@id":"https:\/\/brasilnoticias.org\/site\/#\/schema\/person\/03bbbfe6c7634ad18c26444ea39049fa"},"headline":"Roberta Santana explica atua\u00e7\u00e3o da Sesab no Carnaval: \u201cj\u00e1 cont\u00e1vamos que o calor fosse muito grande\u201d","datePublished":"2024-02-10T02:08:37+00:00","mainEntityOfPage":{"@id":"https:\/\/brasilnoticias.org\/site\/roberta-santana-explica-atuacao-da-sesab-no-carnaval-ja-contavamos-que-o-calor-fosse-muito-grande\/"},"wordCount":249,"commentCount":0,"publisher":{"@id":"https:\/\/brasilnoticias.org\/site\/#organization"},"image":{"@id":"https:\/\/brasilnoticias.org\/site\/roberta-santana-explica-atuacao-da-sesab-no-carnaval-ja-contavamos-que-o-calor-fosse-muito-grande\/#primaryimage"},"thumbnailUrl":"https:\/\/brasilnoticias.org\/site\/wp-content\/uploads\/2024\/02\/146034roberta-santana-explica-atuacao-da-sesab-no-carnaval-ja-contavamos-que-o-calor-fosse-muito-grande-3-1.jpg","articleSection":["Not\u00edcias","\u00daltimas"],"inLanguage":"pt-PT","potentialAction":[{"@type":"CommentAction","name":"Comment","target":["https:\/\/brasilnoticias.org\/site\/roberta-santana-explica-atuacao-da-sesab-no-carnaval-ja-contavamos-que-o-calor-fosse-muito-grande\/#respond"]}]},{"@type":"WebPage","@id":"https:\/\/brasilnoticias.org\/site\/roberta-santana-explica-atuacao-da-sesab-no-carnaval-ja-contavamos-que-o-calor-fosse-muito-grande\/","url":"https:\/\/brasilnoticias.org\/site\/roberta-santana-explica-atuacao-da-sesab-no-carnaval-ja-contavamos-que-o-calor-fosse-muito-grande\/","name":"Roberta Santana explica atua\u00e7\u00e3o da Sesab no Carnaval: \u201cj\u00e1 cont\u00e1vamos que o calor fosse muito grande\u201d - Brasil not\u00edcias","isPartOf":{"@id":"https:\/\/brasilnoticias.org\/site\/#website"},"primaryImageOfPage":{"@id":"https:\/\/brasilnoticias.org\/site\/roberta-santana-explica-atuacao-da-sesab-no-carnaval-ja-contavamos-que-o-calor-fosse-muito-grande\/#primaryimage"},"image":{"@id":"https:\/\/brasilnoticias.org\/site\/roberta-santana-explica-atuacao-da-sesab-no-carnaval-ja-contavamos-que-o-calor-fosse-muito-grande\/#primaryimage"},"thumbnailUrl":"https:\/\/brasilnoticias.org\/site\/wp-content\/uploads\/2024\/02\/146034roberta-santana-explica-atuacao-da-sesab-no-carnaval-ja-contavamos-que-o-calor-fosse-muito-grande-3-1.jpg","datePublished":"2024-02-10T02:08:37+00:00","breadcrumb":{"@id":"https:\/\/brasilnoticias.org\/site\/roberta-santana-explica-atuacao-da-sesab-no-carnaval-ja-contavamos-que-o-calor-fosse-muito-grande\/#breadcrumb"},"inLanguage":"pt-PT","potentialAction":[{"@type":"ReadAction","target":["https:\/\/brasilnoticias.org\/site\/roberta-santana-explica-atuacao-da-sesab-no-carnaval-ja-contavamos-que-o-calor-fosse-muito-grande\/"]}]},{"@type":"ImageObject","inLanguage":"pt-PT","@id":"https:\/\/brasilnoticias.org\/site\/roberta-santana-explica-atuacao-da-sesab-no-carnaval-ja-contavamos-que-o-calor-fosse-muito-grande\/#primaryimage","url":"https:\/\/brasilnoticias.org\/site\/wp-content\/uploads\/2024\/02\/146034roberta-santana-explica-atuacao-da-sesab-no-carnaval-ja-contavamos-que-o-calor-fosse-muito-grande-3-1.jpg","contentUrl":"https:\/\/brasilnoticias.org\/site\/wp-content\/uploads\/2024\/02\/146034roberta-santana-explica-atuacao-da-sesab-no-carnaval-ja-contavamos-que-o-calor-fosse-muito-grande-3-1.jpg","width":1600,"height":752},{"@type":"BreadcrumbList","@id":"https:\/\/brasilnoticias.org\/site\/roberta-santana-explica-atuacao-da-sesab-no-carnaval-ja-contavamos-que-o-calor-fosse-muito-grande\/#breadcrumb","itemListElement":[{"@type":"ListItem","position":1,"name":"In\u00edcio","item":"https:\/\/brasilnoticias.org\/site\/"},{"@type":"ListItem","position":2,"name":"Roberta Santana explica atua\u00e7\u00e3o da Sesab no Carnaval: \u201cj\u00e1 cont\u00e1vamos que o calor fosse muito grande\u201d"}]},{"@type":"WebSite","@id":"https:\/\/brasilnoticias.org\/site\/#website","url":"https:\/\/brasilnoticias.org\/site\/","name":"Brasil not\u00edcias","description":"Brasil not\u00edcias","publisher":{"@id":"https:\/\/brasilnoticias.org\/site\/#organization"},"potentialAction":[{"@type":"SearchAction","target":{"@type":"EntryPoint","urlTemplate":"https:\/\/brasilnoticias.org\/site\/?s={search_term_string}"},"query-input":{"@type":"PropertyValueSpecification","valueRequired":true,"valueName":"search_term_string"}}],"inLanguage":"pt-PT"},{"@type":"Organization","@id":"https:\/\/brasilnoticias.org\/site\/#organization","name":"Brasil not\u00edcias","url":"https:\/\/brasilnoticias.org\/site\/","logo":{"@type":"ImageObject","inLanguage":"pt-PT","@id":"https:\/\/brasilnoticias.org\/site\/#\/schema\/logo\/image\/","url":"https:\/\/brasilnoticias.org\/site\/wp-content\/uploads\/2022\/05\/cropped-brasilnoticias-mini.jpg","contentUrl":"https:\/\/brasilnoticias.org\/site\/wp-content\/uploads\/2022\/05\/cropped-brasilnoticias-mini.jpg","width":314,"height":86,"caption":"Brasil not\u00edcias"},"image":{"@id":"https:\/\/brasilnoticias.org\/site\/#\/schema\/logo\/image\/"}},{"@type":"Person","@id":"https:\/\/brasilnoticias.org\/site\/#\/schema\/person\/03bbbfe6c7634ad18c26444ea39049fa","name":"Reda\u00e7\u00e3o","image":{"@type":"ImageObject","inLanguage":"pt-PT","@id":"https:\/\/brasilnoticias.org\/site\/#\/schema\/person\/image\/","url":"https:\/\/secure.gravatar.com\/avatar\/9ecaf7327a696cb23ad926fedded5f1f04d7049de9e445375d55b48c001a6e42?s=96&d=mm&r=g","contentUrl":"https:\/\/secure.gravatar.com\/avatar\/9ecaf7327a696cb23ad926fedded5f1f04d7049de9e445375d55b48c001a6e42?s=96&d=mm&r=g","caption":"Reda\u00e7\u00e3o"},"url":"https:\/\/brasilnoticias.org\/site\/author\/henrique\/"}]}},"_links":{"self":[{"href":"https:\/\/brasilnoticias.org\/site\/wp-json\/wp\/v2\/posts\/12658","targetHints":{"allow":["GET"]}}],"collection":[{"href":"https:\/\/brasilnoticias.org\/site\/wp-json\/wp\/v2\/posts"}],"about":[{"href":"https:\/\/brasilnoticias.org\/site\/wp-json\/wp\/v2\/types\/post"}],"author":[{"embeddable":true,"href":"https:\/\/brasilnoticias.org\/site\/wp-json\/wp\/v2\/users\/4"}],"replies":[{"embeddable":true,"href":"https:\/\/brasilnoticias.org\/site\/wp-json\/wp\/v2\/comments?post=12658"}],"version-history":[{"count":1,"href":"https:\/\/brasilnoticias.org\/site\/wp-json\/wp\/v2\/posts\/12658\/revisions"}],"predecessor-version":[{"id":12660,"href":"https:\/\/brasilnoticias.org\/site\/wp-json\/wp\/v2\/posts\/12658\/revisions\/12660"}],"wp:featuredmedia":[{"embeddable":true,"href":"https:\/\/brasilnoticias.org\/site\/wp-json\/wp\/v2\/media\/12659"}],"wp:attachment":[{"href":"https:\/\/brasilnoticias.org\/site\/wp-json\/wp\/v2\/media?parent=12658"}],"wp:term":[{"taxonomy":"category","embeddable":true,"href":"https:\/\/brasilnoticias.org\/site\/wp-json\/wp\/v2\/categories?post=12658"},{"taxonomy":"post_tag","embeddable":true,"href":"https:\/\/brasilnoticias.org\/site\/wp-json\/wp\/v2\/tags?post=12658"}],"curies":[{"name":"wp","href":"https:\/\/api.w.org\/{rel}","templated":true}]}}