{"id":12661,"date":"2024-02-09T23:10:20","date_gmt":"2024-02-10T02:10:20","guid":{"rendered":"https:\/\/brasilnoticias.org\/site\/?p=12661"},"modified":"2024-02-09T23:10:20","modified_gmt":"2024-02-10T02:10:20","slug":"apos-reuniao-lira-e-lula-chegam-a-um-entendimento-mutuo-apontam-fontes","status":"publish","type":"post","link":"https:\/\/brasilnoticias.org\/site\/apos-reuniao-lira-e-lula-chegam-a-um-entendimento-mutuo-apontam-fontes\/","title":{"rendered":"Ap\u00f3s reuni\u00e3o, Lira e Lula chegam a um &#8220;entendimento m\u00fatuo&#8221;, apontam fontes"},"content":{"rendered":"<p>A interlocutores, o deputado disse que o resultado da conversa no Pal\u00e1cio do Alvorada vai al\u00e9m de um armist\u00edcio e que garantiu ao petista: \u201co jogo est\u00e1 zerado\u201d.<\/p>\n<p>O presidente da Rep\u00fablica, Luiz In\u00e1cio Lula da Silva (PT), e o presidente da C\u00e2mara, Arthur Lira (PP-AL), realizaram um encontro nesta sexta-feira (9), em meio a cr\u00edticas do parlamentar \u00e0 articula\u00e7\u00e3o pol\u00edtica do grupo no poder. O encontro teve como objetivo melhorar a rela\u00e7\u00e3o entre o Congresso Nacional e o Pal\u00e1cio do Planalto. <\/p>\n<p>De acordo com o Estad\u00e3o , os dois fizeram promessa m\u00fatua de melhorar a rela\u00e7\u00e3o. A interlocutores, o deputado disse que o resultado da conversa no Pal\u00e1cio do Alvorada vai al\u00e9m de um armist\u00edcio e que garantiu ao petista: \u201co jogo est\u00e1 zerado\u201d. Al\u00e9m disso, houve um combinanado de intensifica\u00e7\u00e3o nos contatos, telef\u00f4nicos ou presenciais, ap\u00f3s Lira romper com o ministro das Rela\u00e7\u00f5es Institucionais, Alexandre Padilha.<\/p>\n<p>O Presidente da C\u00e2mara repetiu as reclama\u00e7\u00f5es de que, durante o ano de 2023, todas as quest\u00f5es acordadas com a articula\u00e7\u00e3o pol\u00edtica do governo tiveram vetos presidenciais. Ou seja, descumprimento de acordo. Ele citou exemplos al\u00e9m do veto de R$ 5,6 bilh\u00f5es nas emendas de comiss\u00f5es. Apontou a pauta econ\u00f4mica: arcabou\u00e7o fiscal, apostas, Carf, Desenrola. Segundo relatos, Lula afirmou que n\u00e3o tinha conhecimento da hist\u00f3ria de todos os vetos.<\/p>\n<p>Lira disse a Lula que elevou o tom porque quis conversar, para mostrar que entregou o que o presidente pediu: declara\u00e7\u00e3o de apoio, PEC da transi\u00e7\u00e3o, presen\u00e7a em Bras\u00edlia no dia dos atos golpistas de 8 de janeiro de 2023, aprova\u00e7\u00e3o da interven\u00e7\u00e3o na seguran\u00e7a do Distrito Federal e, depois, a pauta priorit\u00e1ria da economia. Mas, para ele, o governo n\u00e3o cumpriu as promessas.<\/p>\n<p>Na conversa a s\u00f3s, Lula disse que conversaria mais. Orientou Lira a manter as tratativas com o ministro da Casa Civil, Rui Costa. As rela\u00e7\u00f5es do deputado com o ministro das Rela\u00e7\u00f5es Institucionais, Alexandre Padilha, portanto, continuam rompidas.<\/p>\n<p>Foto: Jo\u00e9dson Alves\/Ag\u00eancia Brasil<br \/>\nPor: Metro1<\/p>\n","protected":false},"excerpt":{"rendered":"<p>A interlocutores, o deputado disse que o resultado da conversa no Pal\u00e1cio do Alvorada vai al\u00e9m de um armist\u00edcio e<\/p>\n","protected":false},"author":4,"featured_media":12662,"comment_status":"open","ping_status":"open","sticky":false,"template":"","format":"standard","meta":{"colormag_page_container_layout":"default_layout","colormag_page_sidebar_layout":"default_layout","_FSMCFIC_featured_image_caption":"","_FSMCFIC_featured_image_nocaption":"","_FSMCFIC_featured_image_hide":"","footnotes":""},"categories":[5,1],"tags":[],"class_list":["post-12661","post","type-post","status-publish","format-standard","has-post-thumbnail","hentry","category-politica","category-ultimas"],"yoast_head":"<!-- This site is optimized with the Yoast SEO plugin v27.1.1 - https:\/\/yoast.com\/product\/yoast-seo-wordpress\/ -->\n<title>Ap\u00f3s reuni\u00e3o, Lira e Lula chegam a um &quot;entendimento m\u00fatuo&quot;, apontam fontes - Brasil not\u00edcias<\/title>\n<meta name=\"robots\" content=\"index, follow, max-snippet:-1, max-image-preview:large, max-video-preview:-1\" \/>\n<link rel=\"canonical\" href=\"https:\/\/brasilnoticias.org\/site\/apos-reuniao-lira-e-lula-chegam-a-um-entendimento-mutuo-apontam-fontes\/\" \/>\n<meta property=\"og:locale\" content=\"pt_PT\" \/>\n<meta property=\"og:type\" content=\"article\" \/>\n<meta property=\"og:title\" content=\"Ap\u00f3s reuni\u00e3o, Lira e Lula chegam a um &quot;entendimento m\u00fatuo&quot;, apontam fontes - Brasil not\u00edcias\" \/>\n<meta property=\"og:description\" content=\"A interlocutores, o deputado disse que o resultado da conversa no Pal\u00e1cio do Alvorada vai al\u00e9m de um armist\u00edcio e\" \/>\n<meta property=\"og:url\" content=\"https:\/\/brasilnoticias.org\/site\/apos-reuniao-lira-e-lula-chegam-a-um-entendimento-mutuo-apontam-fontes\/\" \/>\n<meta property=\"og:site_name\" content=\"Brasil not\u00edcias\" \/>\n<meta property=\"article:published_time\" content=\"2024-02-10T02:10:20+00:00\" \/>\n<meta property=\"og:image\" content=\"https:\/\/brasilnoticias.org\/site\/wp-content\/uploads\/2024\/02\/146028apos-reuniao-lira-e-lula-chegam-a-um-entendimento-mutuo-apontam-fontes-3.jpg\" \/>\n\t<meta property=\"og:image:width\" content=\"1600\" \/>\n\t<meta property=\"og:image:height\" content=\"752\" \/>\n\t<meta property=\"og:image:type\" content=\"image\/jpeg\" \/>\n<meta name=\"author\" content=\"Reda\u00e7\u00e3o\" \/>\n<meta name=\"twitter:card\" content=\"summary_large_image\" \/>\n<meta name=\"twitter:label1\" content=\"Escrito por\" \/>\n\t<meta name=\"twitter:data1\" content=\"Reda\u00e7\u00e3o\" \/>\n\t<meta name=\"twitter:label2\" content=\"Tempo estimado de leitura\" \/>\n\t<meta name=\"twitter:data2\" content=\"1 minuto\" \/>\n<script type=\"application\/ld+json\" class=\"yoast-schema-graph\">{\"@context\":\"https:\/\/schema.org\",\"@graph\":[{\"@type\":\"Article\",\"@id\":\"https:\/\/brasilnoticias.org\/site\/apos-reuniao-lira-e-lula-chegam-a-um-entendimento-mutuo-apontam-fontes\/#article\",\"isPartOf\":{\"@id\":\"https:\/\/brasilnoticias.org\/site\/apos-reuniao-lira-e-lula-chegam-a-um-entendimento-mutuo-apontam-fontes\/\"},\"author\":{\"name\":\"Reda\u00e7\u00e3o\",\"@id\":\"https:\/\/brasilnoticias.org\/site\/#\/schema\/person\/03bbbfe6c7634ad18c26444ea39049fa\"},\"headline\":\"Ap\u00f3s reuni\u00e3o, Lira e Lula chegam a um &#8220;entendimento m\u00fatuo&#8221;, apontam fontes\",\"datePublished\":\"2024-02-10T02:10:20+00:00\",\"mainEntityOfPage\":{\"@id\":\"https:\/\/brasilnoticias.org\/site\/apos-reuniao-lira-e-lula-chegam-a-um-entendimento-mutuo-apontam-fontes\/\"},\"wordCount\":382,\"commentCount\":0,\"publisher\":{\"@id\":\"https:\/\/brasilnoticias.org\/site\/#organization\"},\"image\":{\"@id\":\"https:\/\/brasilnoticias.org\/site\/apos-reuniao-lira-e-lula-chegam-a-um-entendimento-mutuo-apontam-fontes\/#primaryimage\"},\"thumbnailUrl\":\"https:\/\/brasilnoticias.org\/site\/wp-content\/uploads\/2024\/02\/146028apos-reuniao-lira-e-lula-chegam-a-um-entendimento-mutuo-apontam-fontes-3.jpg\",\"articleSection\":[\"Pol\u00edtica\",\"\u00daltimas\"],\"inLanguage\":\"pt-PT\",\"potentialAction\":[{\"@type\":\"CommentAction\",\"name\":\"Comment\",\"target\":[\"https:\/\/brasilnoticias.org\/site\/apos-reuniao-lira-e-lula-chegam-a-um-entendimento-mutuo-apontam-fontes\/#respond\"]}]},{\"@type\":\"WebPage\",\"@id\":\"https:\/\/brasilnoticias.org\/site\/apos-reuniao-lira-e-lula-chegam-a-um-entendimento-mutuo-apontam-fontes\/\",\"url\":\"https:\/\/brasilnoticias.org\/site\/apos-reuniao-lira-e-lula-chegam-a-um-entendimento-mutuo-apontam-fontes\/\",\"name\":\"Ap\u00f3s reuni\u00e3o, Lira e Lula chegam a um \\\"entendimento m\u00fatuo\\\", apontam fontes - Brasil not\u00edcias\",\"isPartOf\":{\"@id\":\"https:\/\/brasilnoticias.org\/site\/#website\"},\"primaryImageOfPage\":{\"@id\":\"https:\/\/brasilnoticias.org\/site\/apos-reuniao-lira-e-lula-chegam-a-um-entendimento-mutuo-apontam-fontes\/#primaryimage\"},\"image\":{\"@id\":\"https:\/\/brasilnoticias.org\/site\/apos-reuniao-lira-e-lula-chegam-a-um-entendimento-mutuo-apontam-fontes\/#primaryimage\"},\"thumbnailUrl\":\"https:\/\/brasilnoticias.org\/site\/wp-content\/uploads\/2024\/02\/146028apos-reuniao-lira-e-lula-chegam-a-um-entendimento-mutuo-apontam-fontes-3.jpg\",\"datePublished\":\"2024-02-10T02:10:20+00:00\",\"breadcrumb\":{\"@id\":\"https:\/\/brasilnoticias.org\/site\/apos-reuniao-lira-e-lula-chegam-a-um-entendimento-mutuo-apontam-fontes\/#breadcrumb\"},\"inLanguage\":\"pt-PT\",\"potentialAction\":[{\"@type\":\"ReadAction\",\"target\":[\"https:\/\/brasilnoticias.org\/site\/apos-reuniao-lira-e-lula-chegam-a-um-entendimento-mutuo-apontam-fontes\/\"]}]},{\"@type\":\"ImageObject\",\"inLanguage\":\"pt-PT\",\"@id\":\"https:\/\/brasilnoticias.org\/site\/apos-reuniao-lira-e-lula-chegam-a-um-entendimento-mutuo-apontam-fontes\/#primaryimage\",\"url\":\"https:\/\/brasilnoticias.org\/site\/wp-content\/uploads\/2024\/02\/146028apos-reuniao-lira-e-lula-chegam-a-um-entendimento-mutuo-apontam-fontes-3.jpg\",\"contentUrl\":\"https:\/\/brasilnoticias.org\/site\/wp-content\/uploads\/2024\/02\/146028apos-reuniao-lira-e-lula-chegam-a-um-entendimento-mutuo-apontam-fontes-3.jpg\",\"width\":1600,\"height\":752},{\"@type\":\"BreadcrumbList\",\"@id\":\"https:\/\/brasilnoticias.org\/site\/apos-reuniao-lira-e-lula-chegam-a-um-entendimento-mutuo-apontam-fontes\/#breadcrumb\",\"itemListElement\":[{\"@type\":\"ListItem\",\"position\":1,\"name\":\"In\u00edcio\",\"item\":\"https:\/\/brasilnoticias.org\/site\/\"},{\"@type\":\"ListItem\",\"position\":2,\"name\":\"Ap\u00f3s reuni\u00e3o, Lira e Lula chegam a um &#8220;entendimento m\u00fatuo&#8221;, apontam fontes\"}]},{\"@type\":\"WebSite\",\"@id\":\"https:\/\/brasilnoticias.org\/site\/#website\",\"url\":\"https:\/\/brasilnoticias.org\/site\/\",\"name\":\"Brasil not\u00edcias\",\"description\":\"Brasil not\u00edcias\",\"publisher\":{\"@id\":\"https:\/\/brasilnoticias.org\/site\/#organization\"},\"potentialAction\":[{\"@type\":\"SearchAction\",\"target\":{\"@type\":\"EntryPoint\",\"urlTemplate\":\"https:\/\/brasilnoticias.org\/site\/?s={search_term_string}\"},\"query-input\":{\"@type\":\"PropertyValueSpecification\",\"valueRequired\":true,\"valueName\":\"search_term_string\"}}],\"inLanguage\":\"pt-PT\"},{\"@type\":\"Organization\",\"@id\":\"https:\/\/brasilnoticias.org\/site\/#organization\",\"name\":\"Brasil not\u00edcias\",\"url\":\"https:\/\/brasilnoticias.org\/site\/\",\"logo\":{\"@type\":\"ImageObject\",\"inLanguage\":\"pt-PT\",\"@id\":\"https:\/\/brasilnoticias.org\/site\/#\/schema\/logo\/image\/\",\"url\":\"https:\/\/brasilnoticias.org\/site\/wp-content\/uploads\/2022\/05\/cropped-brasilnoticias-mini.jpg\",\"contentUrl\":\"https:\/\/brasilnoticias.org\/site\/wp-content\/uploads\/2022\/05\/cropped-brasilnoticias-mini.jpg\",\"width\":314,\"height\":86,\"caption\":\"Brasil not\u00edcias\"},\"image\":{\"@id\":\"https:\/\/brasilnoticias.org\/site\/#\/schema\/logo\/image\/\"}},{\"@type\":\"Person\",\"@id\":\"https:\/\/brasilnoticias.org\/site\/#\/schema\/person\/03bbbfe6c7634ad18c26444ea39049fa\",\"name\":\"Reda\u00e7\u00e3o\",\"image\":{\"@type\":\"ImageObject\",\"inLanguage\":\"pt-PT\",\"@id\":\"https:\/\/brasilnoticias.org\/site\/#\/schema\/person\/image\/\",\"url\":\"https:\/\/secure.gravatar.com\/avatar\/9ecaf7327a696cb23ad926fedded5f1f04d7049de9e445375d55b48c001a6e42?s=96&d=mm&r=g\",\"contentUrl\":\"https:\/\/secure.gravatar.com\/avatar\/9ecaf7327a696cb23ad926fedded5f1f04d7049de9e445375d55b48c001a6e42?s=96&d=mm&r=g\",\"caption\":\"Reda\u00e7\u00e3o\"},\"url\":\"https:\/\/brasilnoticias.org\/site\/author\/henrique\/\"}]}<\/script>\n<!-- \/ Yoast SEO plugin. -->","yoast_head_json":{"title":"Ap\u00f3s reuni\u00e3o, Lira e Lula chegam a um \"entendimento m\u00fatuo\", apontam fontes - Brasil not\u00edcias","robots":{"index":"index","follow":"follow","max-snippet":"max-snippet:-1","max-image-preview":"max-image-preview:large","max-video-preview":"max-video-preview:-1"},"canonical":"https:\/\/brasilnoticias.org\/site\/apos-reuniao-lira-e-lula-chegam-a-um-entendimento-mutuo-apontam-fontes\/","og_locale":"pt_PT","og_type":"article","og_title":"Ap\u00f3s reuni\u00e3o, Lira e Lula chegam a um \"entendimento m\u00fatuo\", apontam fontes - Brasil not\u00edcias","og_description":"A interlocutores, o deputado disse que o resultado da conversa no Pal\u00e1cio do Alvorada vai al\u00e9m de um armist\u00edcio e","og_url":"https:\/\/brasilnoticias.org\/site\/apos-reuniao-lira-e-lula-chegam-a-um-entendimento-mutuo-apontam-fontes\/","og_site_name":"Brasil not\u00edcias","article_published_time":"2024-02-10T02:10:20+00:00","og_image":[{"width":1600,"height":752,"url":"https:\/\/brasilnoticias.org\/site\/wp-content\/uploads\/2024\/02\/146028apos-reuniao-lira-e-lula-chegam-a-um-entendimento-mutuo-apontam-fontes-3.jpg","type":"image\/jpeg"}],"author":"Reda\u00e7\u00e3o","twitter_card":"summary_large_image","twitter_misc":{"Escrito por":"Reda\u00e7\u00e3o","Tempo estimado de leitura":"1 minuto"},"schema":{"@context":"https:\/\/schema.org","@graph":[{"@type":"Article","@id":"https:\/\/brasilnoticias.org\/site\/apos-reuniao-lira-e-lula-chegam-a-um-entendimento-mutuo-apontam-fontes\/#article","isPartOf":{"@id":"https:\/\/brasilnoticias.org\/site\/apos-reuniao-lira-e-lula-chegam-a-um-entendimento-mutuo-apontam-fontes\/"},"author":{"name":"Reda\u00e7\u00e3o","@id":"https:\/\/brasilnoticias.org\/site\/#\/schema\/person\/03bbbfe6c7634ad18c26444ea39049fa"},"headline":"Ap\u00f3s reuni\u00e3o, Lira e Lula chegam a um &#8220;entendimento m\u00fatuo&#8221;, apontam fontes","datePublished":"2024-02-10T02:10:20+00:00","mainEntityOfPage":{"@id":"https:\/\/brasilnoticias.org\/site\/apos-reuniao-lira-e-lula-chegam-a-um-entendimento-mutuo-apontam-fontes\/"},"wordCount":382,"commentCount":0,"publisher":{"@id":"https:\/\/brasilnoticias.org\/site\/#organization"},"image":{"@id":"https:\/\/brasilnoticias.org\/site\/apos-reuniao-lira-e-lula-chegam-a-um-entendimento-mutuo-apontam-fontes\/#primaryimage"},"thumbnailUrl":"https:\/\/brasilnoticias.org\/site\/wp-content\/uploads\/2024\/02\/146028apos-reuniao-lira-e-lula-chegam-a-um-entendimento-mutuo-apontam-fontes-3.jpg","articleSection":["Pol\u00edtica","\u00daltimas"],"inLanguage":"pt-PT","potentialAction":[{"@type":"CommentAction","name":"Comment","target":["https:\/\/brasilnoticias.org\/site\/apos-reuniao-lira-e-lula-chegam-a-um-entendimento-mutuo-apontam-fontes\/#respond"]}]},{"@type":"WebPage","@id":"https:\/\/brasilnoticias.org\/site\/apos-reuniao-lira-e-lula-chegam-a-um-entendimento-mutuo-apontam-fontes\/","url":"https:\/\/brasilnoticias.org\/site\/apos-reuniao-lira-e-lula-chegam-a-um-entendimento-mutuo-apontam-fontes\/","name":"Ap\u00f3s reuni\u00e3o, Lira e Lula chegam a um \"entendimento m\u00fatuo\", apontam fontes - Brasil not\u00edcias","isPartOf":{"@id":"https:\/\/brasilnoticias.org\/site\/#website"},"primaryImageOfPage":{"@id":"https:\/\/brasilnoticias.org\/site\/apos-reuniao-lira-e-lula-chegam-a-um-entendimento-mutuo-apontam-fontes\/#primaryimage"},"image":{"@id":"https:\/\/brasilnoticias.org\/site\/apos-reuniao-lira-e-lula-chegam-a-um-entendimento-mutuo-apontam-fontes\/#primaryimage"},"thumbnailUrl":"https:\/\/brasilnoticias.org\/site\/wp-content\/uploads\/2024\/02\/146028apos-reuniao-lira-e-lula-chegam-a-um-entendimento-mutuo-apontam-fontes-3.jpg","datePublished":"2024-02-10T02:10:20+00:00","breadcrumb":{"@id":"https:\/\/brasilnoticias.org\/site\/apos-reuniao-lira-e-lula-chegam-a-um-entendimento-mutuo-apontam-fontes\/#breadcrumb"},"inLanguage":"pt-PT","potentialAction":[{"@type":"ReadAction","target":["https:\/\/brasilnoticias.org\/site\/apos-reuniao-lira-e-lula-chegam-a-um-entendimento-mutuo-apontam-fontes\/"]}]},{"@type":"ImageObject","inLanguage":"pt-PT","@id":"https:\/\/brasilnoticias.org\/site\/apos-reuniao-lira-e-lula-chegam-a-um-entendimento-mutuo-apontam-fontes\/#primaryimage","url":"https:\/\/brasilnoticias.org\/site\/wp-content\/uploads\/2024\/02\/146028apos-reuniao-lira-e-lula-chegam-a-um-entendimento-mutuo-apontam-fontes-3.jpg","contentUrl":"https:\/\/brasilnoticias.org\/site\/wp-content\/uploads\/2024\/02\/146028apos-reuniao-lira-e-lula-chegam-a-um-entendimento-mutuo-apontam-fontes-3.jpg","width":1600,"height":752},{"@type":"BreadcrumbList","@id":"https:\/\/brasilnoticias.org\/site\/apos-reuniao-lira-e-lula-chegam-a-um-entendimento-mutuo-apontam-fontes\/#breadcrumb","itemListElement":[{"@type":"ListItem","position":1,"name":"In\u00edcio","item":"https:\/\/brasilnoticias.org\/site\/"},{"@type":"ListItem","position":2,"name":"Ap\u00f3s reuni\u00e3o, Lira e Lula chegam a um &#8220;entendimento m\u00fatuo&#8221;, apontam fontes"}]},{"@type":"WebSite","@id":"https:\/\/brasilnoticias.org\/site\/#website","url":"https:\/\/brasilnoticias.org\/site\/","name":"Brasil not\u00edcias","description":"Brasil not\u00edcias","publisher":{"@id":"https:\/\/brasilnoticias.org\/site\/#organization"},"potentialAction":[{"@type":"SearchAction","target":{"@type":"EntryPoint","urlTemplate":"https:\/\/brasilnoticias.org\/site\/?s={search_term_string}"},"query-input":{"@type":"PropertyValueSpecification","valueRequired":true,"valueName":"search_term_string"}}],"inLanguage":"pt-PT"},{"@type":"Organization","@id":"https:\/\/brasilnoticias.org\/site\/#organization","name":"Brasil not\u00edcias","url":"https:\/\/brasilnoticias.org\/site\/","logo":{"@type":"ImageObject","inLanguage":"pt-PT","@id":"https:\/\/brasilnoticias.org\/site\/#\/schema\/logo\/image\/","url":"https:\/\/brasilnoticias.org\/site\/wp-content\/uploads\/2022\/05\/cropped-brasilnoticias-mini.jpg","contentUrl":"https:\/\/brasilnoticias.org\/site\/wp-content\/uploads\/2022\/05\/cropped-brasilnoticias-mini.jpg","width":314,"height":86,"caption":"Brasil not\u00edcias"},"image":{"@id":"https:\/\/brasilnoticias.org\/site\/#\/schema\/logo\/image\/"}},{"@type":"Person","@id":"https:\/\/brasilnoticias.org\/site\/#\/schema\/person\/03bbbfe6c7634ad18c26444ea39049fa","name":"Reda\u00e7\u00e3o","image":{"@type":"ImageObject","inLanguage":"pt-PT","@id":"https:\/\/brasilnoticias.org\/site\/#\/schema\/person\/image\/","url":"https:\/\/secure.gravatar.com\/avatar\/9ecaf7327a696cb23ad926fedded5f1f04d7049de9e445375d55b48c001a6e42?s=96&d=mm&r=g","contentUrl":"https:\/\/secure.gravatar.com\/avatar\/9ecaf7327a696cb23ad926fedded5f1f04d7049de9e445375d55b48c001a6e42?s=96&d=mm&r=g","caption":"Reda\u00e7\u00e3o"},"url":"https:\/\/brasilnoticias.org\/site\/author\/henrique\/"}]}},"_links":{"self":[{"href":"https:\/\/brasilnoticias.org\/site\/wp-json\/wp\/v2\/posts\/12661","targetHints":{"allow":["GET"]}}],"collection":[{"href":"https:\/\/brasilnoticias.org\/site\/wp-json\/wp\/v2\/posts"}],"about":[{"href":"https:\/\/brasilnoticias.org\/site\/wp-json\/wp\/v2\/types\/post"}],"author":[{"embeddable":true,"href":"https:\/\/brasilnoticias.org\/site\/wp-json\/wp\/v2\/users\/4"}],"replies":[{"embeddable":true,"href":"https:\/\/brasilnoticias.org\/site\/wp-json\/wp\/v2\/comments?post=12661"}],"version-history":[{"count":1,"href":"https:\/\/brasilnoticias.org\/site\/wp-json\/wp\/v2\/posts\/12661\/revisions"}],"predecessor-version":[{"id":12663,"href":"https:\/\/brasilnoticias.org\/site\/wp-json\/wp\/v2\/posts\/12661\/revisions\/12663"}],"wp:featuredmedia":[{"embeddable":true,"href":"https:\/\/brasilnoticias.org\/site\/wp-json\/wp\/v2\/media\/12662"}],"wp:attachment":[{"href":"https:\/\/brasilnoticias.org\/site\/wp-json\/wp\/v2\/media?parent=12661"}],"wp:term":[{"taxonomy":"category","embeddable":true,"href":"https:\/\/brasilnoticias.org\/site\/wp-json\/wp\/v2\/categories?post=12661"},{"taxonomy":"post_tag","embeddable":true,"href":"https:\/\/brasilnoticias.org\/site\/wp-json\/wp\/v2\/tags?post=12661"}],"curies":[{"name":"wp","href":"https:\/\/api.w.org\/{rel}","templated":true}]}}