{"id":12664,"date":"2024-02-09T23:11:26","date_gmt":"2024-02-10T02:11:26","guid":{"rendered":"https:\/\/brasilnoticias.org\/site\/?p=12664"},"modified":"2024-02-09T23:11:26","modified_gmt":"2024-02-10T02:11:26","slug":"stf-decide-que-demissao-de-concursados-em-empresas-estatais-deve-ser-feita-apenas-com-justa-causa","status":"publish","type":"post","link":"https:\/\/brasilnoticias.org\/site\/stf-decide-que-demissao-de-concursados-em-empresas-estatais-deve-ser-feita-apenas-com-justa-causa\/","title":{"rendered":"STF decide que demiss\u00e3o de concursados em empresas estatais deve ser feita apenas com justa causa"},"content":{"rendered":"<p>A Federa\u00e7\u00e3o \u00d9nica dos Trabalhadores acredita que a decis\u00e3o possa alcan\u00e7ar tamb\u00e9m dispensas arbitr\u00e1rias realizadas anteriormente<\/p>\n<p>A decis\u00e3o do Supremo Tribunal Federal (STF) nesta quinta-feira (8) \u00e9 para que as empresas estatais apresentem justificativas para demiss\u00f5es de trabalhadores concursados. A medida contentou a  Federa\u00e7\u00e3o \u00d9nica dos Trabalhadores (FUP) que defende que a medida possa alcan\u00e7ar tamb\u00e9m dispensas arbitr\u00e1rias realizadas no passado.<\/p>\n<p>De acordo com o coordenador-geral da FUP, Deyvid Bacelar: \u201cA FUP e sindicatos travam uma luta hist\u00f3rica por seguran\u00e7a no emprego no sistema Petrobr\u00e1s, pois sabemos que demiss\u00f5es s\u00e3o motivadas por persegui\u00e7\u00f5es e encontram respaldo na cultura organizacional da empresa, que empodera os gerentes e esvazia os f\u00f3runs coletivos\u201d.<\/p>\n<p>Marthius S\u00e1vio Lobato, advogado que representa FUP nos tribunais superiores de Bras\u00edlia, considera um decis\u00e3o \u201cboa e importante\u201d de que seja permitido a exonera\u00e7\u00e3o de contratados por meio de concurso p\u00fablico e regidos pela Consolida\u00e7\u00e3o das Leis de Trabalho (CLT), apenas sendo apresentada justa causa.<\/p>\n<p>&#8220;A partir de agora, a demiss\u00e3o precisar\u00e1 de uma justificativa do empregador e o trabalhador demitido vai poder entrar com a\u00e7\u00e3o na Justi\u00e7a e discutir essa motiva\u00e7\u00e3o. E, se a demiss\u00e3o for ilegal, ter\u00e1 como consequ\u00eancia a reintegra\u00e7\u00e3o do empregado\u201d, destaca. &#8220;Atos administrativos ilegais v\u00e3o impor a responsabilidade ao administrador p\u00fablico com a caracteriza\u00e7\u00e3o de improbidade administrativa\u201d, conclui o advogado.<\/p>\n<p>Foto: Divulga\u00e7\u00e3o\/STF<br \/>\nPor: Metro1<\/p>\n","protected":false},"excerpt":{"rendered":"<p>A Federa\u00e7\u00e3o \u00d9nica dos Trabalhadores acredita que a decis\u00e3o possa alcan\u00e7ar tamb\u00e9m dispensas arbitr\u00e1rias realizadas anteriormente A decis\u00e3o do Supremo<\/p>\n","protected":false},"author":4,"featured_media":12665,"comment_status":"open","ping_status":"open","sticky":false,"template":"","format":"standard","meta":{"colormag_page_container_layout":"default_layout","colormag_page_sidebar_layout":"default_layout","_FSMCFIC_featured_image_caption":"","_FSMCFIC_featured_image_nocaption":"","_FSMCFIC_featured_image_hide":"","footnotes":""},"categories":[7,1],"tags":[],"class_list":["post-12664","post","type-post","status-publish","format-standard","has-post-thumbnail","hentry","category-justica","category-ultimas"],"yoast_head":"<!-- This site is optimized with the Yoast SEO plugin v27.1.1 - https:\/\/yoast.com\/product\/yoast-seo-wordpress\/ -->\n<title>STF decide que demiss\u00e3o de concursados em empresas estatais deve ser feita apenas com justa causa - Brasil not\u00edcias<\/title>\n<meta name=\"robots\" content=\"index, follow, max-snippet:-1, max-image-preview:large, max-video-preview:-1\" \/>\n<link rel=\"canonical\" href=\"https:\/\/brasilnoticias.org\/site\/stf-decide-que-demissao-de-concursados-em-empresas-estatais-deve-ser-feita-apenas-com-justa-causa\/\" \/>\n<meta property=\"og:locale\" content=\"pt_PT\" \/>\n<meta property=\"og:type\" content=\"article\" \/>\n<meta property=\"og:title\" content=\"STF decide que demiss\u00e3o de concursados em empresas estatais deve ser feita apenas com justa causa - Brasil not\u00edcias\" \/>\n<meta property=\"og:description\" content=\"A Federa\u00e7\u00e3o \u00d9nica dos Trabalhadores acredita que a decis\u00e3o possa alcan\u00e7ar tamb\u00e9m dispensas arbitr\u00e1rias realizadas anteriormente A decis\u00e3o do Supremo\" \/>\n<meta property=\"og:url\" content=\"https:\/\/brasilnoticias.org\/site\/stf-decide-que-demissao-de-concursados-em-empresas-estatais-deve-ser-feita-apenas-com-justa-causa\/\" \/>\n<meta property=\"og:site_name\" content=\"Brasil not\u00edcias\" \/>\n<meta property=\"article:published_time\" content=\"2024-02-10T02:11:26+00:00\" \/>\n<meta property=\"og:image\" content=\"https:\/\/brasilnoticias.org\/site\/wp-content\/uploads\/2024\/02\/146037stf-decide-que-demissao-de-concursados-em-empresas-estatais-deve-ser-feita-apenas-com-justa-causa-3.jpg\" \/>\n\t<meta property=\"og:image:width\" content=\"1600\" \/>\n\t<meta property=\"og:image:height\" content=\"752\" \/>\n\t<meta property=\"og:image:type\" content=\"image\/jpeg\" \/>\n<meta name=\"author\" content=\"Reda\u00e7\u00e3o\" \/>\n<meta name=\"twitter:card\" content=\"summary_large_image\" \/>\n<meta name=\"twitter:label1\" content=\"Escrito por\" \/>\n\t<meta name=\"twitter:data1\" content=\"Reda\u00e7\u00e3o\" \/>\n\t<meta name=\"twitter:label2\" content=\"Tempo estimado de leitura\" \/>\n\t<meta name=\"twitter:data2\" content=\"1 minuto\" \/>\n<script type=\"application\/ld+json\" class=\"yoast-schema-graph\">{\"@context\":\"https:\/\/schema.org\",\"@graph\":[{\"@type\":\"Article\",\"@id\":\"https:\/\/brasilnoticias.org\/site\/stf-decide-que-demissao-de-concursados-em-empresas-estatais-deve-ser-feita-apenas-com-justa-causa\/#article\",\"isPartOf\":{\"@id\":\"https:\/\/brasilnoticias.org\/site\/stf-decide-que-demissao-de-concursados-em-empresas-estatais-deve-ser-feita-apenas-com-justa-causa\/\"},\"author\":{\"name\":\"Reda\u00e7\u00e3o\",\"@id\":\"https:\/\/brasilnoticias.org\/site\/#\/schema\/person\/03bbbfe6c7634ad18c26444ea39049fa\"},\"headline\":\"STF decide que demiss\u00e3o de concursados em empresas estatais deve ser feita apenas com justa causa\",\"datePublished\":\"2024-02-10T02:11:26+00:00\",\"mainEntityOfPage\":{\"@id\":\"https:\/\/brasilnoticias.org\/site\/stf-decide-que-demissao-de-concursados-em-empresas-estatais-deve-ser-feita-apenas-com-justa-causa\/\"},\"wordCount\":270,\"commentCount\":0,\"publisher\":{\"@id\":\"https:\/\/brasilnoticias.org\/site\/#organization\"},\"image\":{\"@id\":\"https:\/\/brasilnoticias.org\/site\/stf-decide-que-demissao-de-concursados-em-empresas-estatais-deve-ser-feita-apenas-com-justa-causa\/#primaryimage\"},\"thumbnailUrl\":\"https:\/\/brasilnoticias.org\/site\/wp-content\/uploads\/2024\/02\/146037stf-decide-que-demissao-de-concursados-em-empresas-estatais-deve-ser-feita-apenas-com-justa-causa-3.jpg\",\"articleSection\":[\"Justi\u00e7a\",\"\u00daltimas\"],\"inLanguage\":\"pt-PT\",\"potentialAction\":[{\"@type\":\"CommentAction\",\"name\":\"Comment\",\"target\":[\"https:\/\/brasilnoticias.org\/site\/stf-decide-que-demissao-de-concursados-em-empresas-estatais-deve-ser-feita-apenas-com-justa-causa\/#respond\"]}]},{\"@type\":\"WebPage\",\"@id\":\"https:\/\/brasilnoticias.org\/site\/stf-decide-que-demissao-de-concursados-em-empresas-estatais-deve-ser-feita-apenas-com-justa-causa\/\",\"url\":\"https:\/\/brasilnoticias.org\/site\/stf-decide-que-demissao-de-concursados-em-empresas-estatais-deve-ser-feita-apenas-com-justa-causa\/\",\"name\":\"STF decide que demiss\u00e3o de concursados em empresas estatais deve ser feita apenas com justa causa - Brasil not\u00edcias\",\"isPartOf\":{\"@id\":\"https:\/\/brasilnoticias.org\/site\/#website\"},\"primaryImageOfPage\":{\"@id\":\"https:\/\/brasilnoticias.org\/site\/stf-decide-que-demissao-de-concursados-em-empresas-estatais-deve-ser-feita-apenas-com-justa-causa\/#primaryimage\"},\"image\":{\"@id\":\"https:\/\/brasilnoticias.org\/site\/stf-decide-que-demissao-de-concursados-em-empresas-estatais-deve-ser-feita-apenas-com-justa-causa\/#primaryimage\"},\"thumbnailUrl\":\"https:\/\/brasilnoticias.org\/site\/wp-content\/uploads\/2024\/02\/146037stf-decide-que-demissao-de-concursados-em-empresas-estatais-deve-ser-feita-apenas-com-justa-causa-3.jpg\",\"datePublished\":\"2024-02-10T02:11:26+00:00\",\"breadcrumb\":{\"@id\":\"https:\/\/brasilnoticias.org\/site\/stf-decide-que-demissao-de-concursados-em-empresas-estatais-deve-ser-feita-apenas-com-justa-causa\/#breadcrumb\"},\"inLanguage\":\"pt-PT\",\"potentialAction\":[{\"@type\":\"ReadAction\",\"target\":[\"https:\/\/brasilnoticias.org\/site\/stf-decide-que-demissao-de-concursados-em-empresas-estatais-deve-ser-feita-apenas-com-justa-causa\/\"]}]},{\"@type\":\"ImageObject\",\"inLanguage\":\"pt-PT\",\"@id\":\"https:\/\/brasilnoticias.org\/site\/stf-decide-que-demissao-de-concursados-em-empresas-estatais-deve-ser-feita-apenas-com-justa-causa\/#primaryimage\",\"url\":\"https:\/\/brasilnoticias.org\/site\/wp-content\/uploads\/2024\/02\/146037stf-decide-que-demissao-de-concursados-em-empresas-estatais-deve-ser-feita-apenas-com-justa-causa-3.jpg\",\"contentUrl\":\"https:\/\/brasilnoticias.org\/site\/wp-content\/uploads\/2024\/02\/146037stf-decide-que-demissao-de-concursados-em-empresas-estatais-deve-ser-feita-apenas-com-justa-causa-3.jpg\",\"width\":1600,\"height\":752},{\"@type\":\"BreadcrumbList\",\"@id\":\"https:\/\/brasilnoticias.org\/site\/stf-decide-que-demissao-de-concursados-em-empresas-estatais-deve-ser-feita-apenas-com-justa-causa\/#breadcrumb\",\"itemListElement\":[{\"@type\":\"ListItem\",\"position\":1,\"name\":\"In\u00edcio\",\"item\":\"https:\/\/brasilnoticias.org\/site\/\"},{\"@type\":\"ListItem\",\"position\":2,\"name\":\"STF decide que demiss\u00e3o de concursados em empresas estatais deve ser feita apenas com justa causa\"}]},{\"@type\":\"WebSite\",\"@id\":\"https:\/\/brasilnoticias.org\/site\/#website\",\"url\":\"https:\/\/brasilnoticias.org\/site\/\",\"name\":\"Brasil not\u00edcias\",\"description\":\"Brasil not\u00edcias\",\"publisher\":{\"@id\":\"https:\/\/brasilnoticias.org\/site\/#organization\"},\"potentialAction\":[{\"@type\":\"SearchAction\",\"target\":{\"@type\":\"EntryPoint\",\"urlTemplate\":\"https:\/\/brasilnoticias.org\/site\/?s={search_term_string}\"},\"query-input\":{\"@type\":\"PropertyValueSpecification\",\"valueRequired\":true,\"valueName\":\"search_term_string\"}}],\"inLanguage\":\"pt-PT\"},{\"@type\":\"Organization\",\"@id\":\"https:\/\/brasilnoticias.org\/site\/#organization\",\"name\":\"Brasil not\u00edcias\",\"url\":\"https:\/\/brasilnoticias.org\/site\/\",\"logo\":{\"@type\":\"ImageObject\",\"inLanguage\":\"pt-PT\",\"@id\":\"https:\/\/brasilnoticias.org\/site\/#\/schema\/logo\/image\/\",\"url\":\"https:\/\/brasilnoticias.org\/site\/wp-content\/uploads\/2022\/05\/cropped-brasilnoticias-mini.jpg\",\"contentUrl\":\"https:\/\/brasilnoticias.org\/site\/wp-content\/uploads\/2022\/05\/cropped-brasilnoticias-mini.jpg\",\"width\":314,\"height\":86,\"caption\":\"Brasil not\u00edcias\"},\"image\":{\"@id\":\"https:\/\/brasilnoticias.org\/site\/#\/schema\/logo\/image\/\"}},{\"@type\":\"Person\",\"@id\":\"https:\/\/brasilnoticias.org\/site\/#\/schema\/person\/03bbbfe6c7634ad18c26444ea39049fa\",\"name\":\"Reda\u00e7\u00e3o\",\"image\":{\"@type\":\"ImageObject\",\"inLanguage\":\"pt-PT\",\"@id\":\"https:\/\/brasilnoticias.org\/site\/#\/schema\/person\/image\/\",\"url\":\"https:\/\/secure.gravatar.com\/avatar\/9ecaf7327a696cb23ad926fedded5f1f04d7049de9e445375d55b48c001a6e42?s=96&d=mm&r=g\",\"contentUrl\":\"https:\/\/secure.gravatar.com\/avatar\/9ecaf7327a696cb23ad926fedded5f1f04d7049de9e445375d55b48c001a6e42?s=96&d=mm&r=g\",\"caption\":\"Reda\u00e7\u00e3o\"},\"url\":\"https:\/\/brasilnoticias.org\/site\/author\/henrique\/\"}]}<\/script>\n<!-- \/ Yoast SEO plugin. -->","yoast_head_json":{"title":"STF decide que demiss\u00e3o de concursados em empresas estatais deve ser feita apenas com justa causa - Brasil not\u00edcias","robots":{"index":"index","follow":"follow","max-snippet":"max-snippet:-1","max-image-preview":"max-image-preview:large","max-video-preview":"max-video-preview:-1"},"canonical":"https:\/\/brasilnoticias.org\/site\/stf-decide-que-demissao-de-concursados-em-empresas-estatais-deve-ser-feita-apenas-com-justa-causa\/","og_locale":"pt_PT","og_type":"article","og_title":"STF decide que demiss\u00e3o de concursados em empresas estatais deve ser feita apenas com justa causa - Brasil not\u00edcias","og_description":"A Federa\u00e7\u00e3o \u00d9nica dos Trabalhadores acredita que a decis\u00e3o possa alcan\u00e7ar tamb\u00e9m dispensas arbitr\u00e1rias realizadas anteriormente A decis\u00e3o do Supremo","og_url":"https:\/\/brasilnoticias.org\/site\/stf-decide-que-demissao-de-concursados-em-empresas-estatais-deve-ser-feita-apenas-com-justa-causa\/","og_site_name":"Brasil not\u00edcias","article_published_time":"2024-02-10T02:11:26+00:00","og_image":[{"width":1600,"height":752,"url":"https:\/\/brasilnoticias.org\/site\/wp-content\/uploads\/2024\/02\/146037stf-decide-que-demissao-de-concursados-em-empresas-estatais-deve-ser-feita-apenas-com-justa-causa-3.jpg","type":"image\/jpeg"}],"author":"Reda\u00e7\u00e3o","twitter_card":"summary_large_image","twitter_misc":{"Escrito por":"Reda\u00e7\u00e3o","Tempo estimado de leitura":"1 minuto"},"schema":{"@context":"https:\/\/schema.org","@graph":[{"@type":"Article","@id":"https:\/\/brasilnoticias.org\/site\/stf-decide-que-demissao-de-concursados-em-empresas-estatais-deve-ser-feita-apenas-com-justa-causa\/#article","isPartOf":{"@id":"https:\/\/brasilnoticias.org\/site\/stf-decide-que-demissao-de-concursados-em-empresas-estatais-deve-ser-feita-apenas-com-justa-causa\/"},"author":{"name":"Reda\u00e7\u00e3o","@id":"https:\/\/brasilnoticias.org\/site\/#\/schema\/person\/03bbbfe6c7634ad18c26444ea39049fa"},"headline":"STF decide que demiss\u00e3o de concursados em empresas estatais deve ser feita apenas com justa causa","datePublished":"2024-02-10T02:11:26+00:00","mainEntityOfPage":{"@id":"https:\/\/brasilnoticias.org\/site\/stf-decide-que-demissao-de-concursados-em-empresas-estatais-deve-ser-feita-apenas-com-justa-causa\/"},"wordCount":270,"commentCount":0,"publisher":{"@id":"https:\/\/brasilnoticias.org\/site\/#organization"},"image":{"@id":"https:\/\/brasilnoticias.org\/site\/stf-decide-que-demissao-de-concursados-em-empresas-estatais-deve-ser-feita-apenas-com-justa-causa\/#primaryimage"},"thumbnailUrl":"https:\/\/brasilnoticias.org\/site\/wp-content\/uploads\/2024\/02\/146037stf-decide-que-demissao-de-concursados-em-empresas-estatais-deve-ser-feita-apenas-com-justa-causa-3.jpg","articleSection":["Justi\u00e7a","\u00daltimas"],"inLanguage":"pt-PT","potentialAction":[{"@type":"CommentAction","name":"Comment","target":["https:\/\/brasilnoticias.org\/site\/stf-decide-que-demissao-de-concursados-em-empresas-estatais-deve-ser-feita-apenas-com-justa-causa\/#respond"]}]},{"@type":"WebPage","@id":"https:\/\/brasilnoticias.org\/site\/stf-decide-que-demissao-de-concursados-em-empresas-estatais-deve-ser-feita-apenas-com-justa-causa\/","url":"https:\/\/brasilnoticias.org\/site\/stf-decide-que-demissao-de-concursados-em-empresas-estatais-deve-ser-feita-apenas-com-justa-causa\/","name":"STF decide que demiss\u00e3o de concursados em empresas estatais deve ser feita apenas com justa causa - Brasil not\u00edcias","isPartOf":{"@id":"https:\/\/brasilnoticias.org\/site\/#website"},"primaryImageOfPage":{"@id":"https:\/\/brasilnoticias.org\/site\/stf-decide-que-demissao-de-concursados-em-empresas-estatais-deve-ser-feita-apenas-com-justa-causa\/#primaryimage"},"image":{"@id":"https:\/\/brasilnoticias.org\/site\/stf-decide-que-demissao-de-concursados-em-empresas-estatais-deve-ser-feita-apenas-com-justa-causa\/#primaryimage"},"thumbnailUrl":"https:\/\/brasilnoticias.org\/site\/wp-content\/uploads\/2024\/02\/146037stf-decide-que-demissao-de-concursados-em-empresas-estatais-deve-ser-feita-apenas-com-justa-causa-3.jpg","datePublished":"2024-02-10T02:11:26+00:00","breadcrumb":{"@id":"https:\/\/brasilnoticias.org\/site\/stf-decide-que-demissao-de-concursados-em-empresas-estatais-deve-ser-feita-apenas-com-justa-causa\/#breadcrumb"},"inLanguage":"pt-PT","potentialAction":[{"@type":"ReadAction","target":["https:\/\/brasilnoticias.org\/site\/stf-decide-que-demissao-de-concursados-em-empresas-estatais-deve-ser-feita-apenas-com-justa-causa\/"]}]},{"@type":"ImageObject","inLanguage":"pt-PT","@id":"https:\/\/brasilnoticias.org\/site\/stf-decide-que-demissao-de-concursados-em-empresas-estatais-deve-ser-feita-apenas-com-justa-causa\/#primaryimage","url":"https:\/\/brasilnoticias.org\/site\/wp-content\/uploads\/2024\/02\/146037stf-decide-que-demissao-de-concursados-em-empresas-estatais-deve-ser-feita-apenas-com-justa-causa-3.jpg","contentUrl":"https:\/\/brasilnoticias.org\/site\/wp-content\/uploads\/2024\/02\/146037stf-decide-que-demissao-de-concursados-em-empresas-estatais-deve-ser-feita-apenas-com-justa-causa-3.jpg","width":1600,"height":752},{"@type":"BreadcrumbList","@id":"https:\/\/brasilnoticias.org\/site\/stf-decide-que-demissao-de-concursados-em-empresas-estatais-deve-ser-feita-apenas-com-justa-causa\/#breadcrumb","itemListElement":[{"@type":"ListItem","position":1,"name":"In\u00edcio","item":"https:\/\/brasilnoticias.org\/site\/"},{"@type":"ListItem","position":2,"name":"STF decide que demiss\u00e3o de concursados em empresas estatais deve ser feita apenas com justa causa"}]},{"@type":"WebSite","@id":"https:\/\/brasilnoticias.org\/site\/#website","url":"https:\/\/brasilnoticias.org\/site\/","name":"Brasil not\u00edcias","description":"Brasil not\u00edcias","publisher":{"@id":"https:\/\/brasilnoticias.org\/site\/#organization"},"potentialAction":[{"@type":"SearchAction","target":{"@type":"EntryPoint","urlTemplate":"https:\/\/brasilnoticias.org\/site\/?s={search_term_string}"},"query-input":{"@type":"PropertyValueSpecification","valueRequired":true,"valueName":"search_term_string"}}],"inLanguage":"pt-PT"},{"@type":"Organization","@id":"https:\/\/brasilnoticias.org\/site\/#organization","name":"Brasil not\u00edcias","url":"https:\/\/brasilnoticias.org\/site\/","logo":{"@type":"ImageObject","inLanguage":"pt-PT","@id":"https:\/\/brasilnoticias.org\/site\/#\/schema\/logo\/image\/","url":"https:\/\/brasilnoticias.org\/site\/wp-content\/uploads\/2022\/05\/cropped-brasilnoticias-mini.jpg","contentUrl":"https:\/\/brasilnoticias.org\/site\/wp-content\/uploads\/2022\/05\/cropped-brasilnoticias-mini.jpg","width":314,"height":86,"caption":"Brasil not\u00edcias"},"image":{"@id":"https:\/\/brasilnoticias.org\/site\/#\/schema\/logo\/image\/"}},{"@type":"Person","@id":"https:\/\/brasilnoticias.org\/site\/#\/schema\/person\/03bbbfe6c7634ad18c26444ea39049fa","name":"Reda\u00e7\u00e3o","image":{"@type":"ImageObject","inLanguage":"pt-PT","@id":"https:\/\/brasilnoticias.org\/site\/#\/schema\/person\/image\/","url":"https:\/\/secure.gravatar.com\/avatar\/9ecaf7327a696cb23ad926fedded5f1f04d7049de9e445375d55b48c001a6e42?s=96&d=mm&r=g","contentUrl":"https:\/\/secure.gravatar.com\/avatar\/9ecaf7327a696cb23ad926fedded5f1f04d7049de9e445375d55b48c001a6e42?s=96&d=mm&r=g","caption":"Reda\u00e7\u00e3o"},"url":"https:\/\/brasilnoticias.org\/site\/author\/henrique\/"}]}},"_links":{"self":[{"href":"https:\/\/brasilnoticias.org\/site\/wp-json\/wp\/v2\/posts\/12664","targetHints":{"allow":["GET"]}}],"collection":[{"href":"https:\/\/brasilnoticias.org\/site\/wp-json\/wp\/v2\/posts"}],"about":[{"href":"https:\/\/brasilnoticias.org\/site\/wp-json\/wp\/v2\/types\/post"}],"author":[{"embeddable":true,"href":"https:\/\/brasilnoticias.org\/site\/wp-json\/wp\/v2\/users\/4"}],"replies":[{"embeddable":true,"href":"https:\/\/brasilnoticias.org\/site\/wp-json\/wp\/v2\/comments?post=12664"}],"version-history":[{"count":1,"href":"https:\/\/brasilnoticias.org\/site\/wp-json\/wp\/v2\/posts\/12664\/revisions"}],"predecessor-version":[{"id":12666,"href":"https:\/\/brasilnoticias.org\/site\/wp-json\/wp\/v2\/posts\/12664\/revisions\/12666"}],"wp:featuredmedia":[{"embeddable":true,"href":"https:\/\/brasilnoticias.org\/site\/wp-json\/wp\/v2\/media\/12665"}],"wp:attachment":[{"href":"https:\/\/brasilnoticias.org\/site\/wp-json\/wp\/v2\/media?parent=12664"}],"wp:term":[{"taxonomy":"category","embeddable":true,"href":"https:\/\/brasilnoticias.org\/site\/wp-json\/wp\/v2\/categories?post=12664"},{"taxonomy":"post_tag","embeddable":true,"href":"https:\/\/brasilnoticias.org\/site\/wp-json\/wp\/v2\/tags?post=12664"}],"curies":[{"name":"wp","href":"https:\/\/api.w.org\/{rel}","templated":true}]}}