{"id":12667,"date":"2024-02-11T08:17:14","date_gmt":"2024-02-11T11:17:14","guid":{"rendered":"https:\/\/brasilnoticias.org\/site\/?p=12667"},"modified":"2024-02-11T08:17:14","modified_gmt":"2024-02-11T11:17:14","slug":"moraes-concede-liberdade-provisoria-a-valdemar-costa-neto","status":"publish","type":"post","link":"https:\/\/brasilnoticias.org\/site\/moraes-concede-liberdade-provisoria-a-valdemar-costa-neto\/","title":{"rendered":"Moraes concede liberdade provis\u00f3ria a Valdemar Costa Neto"},"content":{"rendered":"<p>Presidente do PL foi solto na noite do s\u00e1bado (10), ap\u00f3s ter sido preso na \u00faltima quinta-feira (8)<\/p>\n<p>O ministro Alexandre de Moraes, do Supremo Tribunal Federal (STF) concedeu liberdade provis\u00f3ria para o presidente do PL, Valdemar Costa Neto, na noite de s\u00e1bado (10). Ele havia sido preso na quinta-feira (8) durante uma opera\u00e7\u00e3o de buscas e apreens\u00f5es feitas por agentes da Pol\u00edcia Federal (PF) na sede da legenda.<\/p>\n<p>Alexandre de Moraes manteve em vigor medidas cautelares que o presidente do PL dever\u00e1 cumprir em liberdade. Caso deixe de cumprir alguma, ele retornar\u00e1 \u00e0 cadeia. Foram encontrados uma arma, a qual Costa Neto n\u00e3o tinha licen\u00e7a para utilizar e uma pepita de ouro, o que acarretou uma pris\u00e3o por usurpa\u00e7\u00e3o mineral.<\/p>\n<p>A soltura veio ap\u00f3s um parecer da Procuradoria-Geral da Rep\u00fablica (PGR) ressaltar a idade do preso, 74 anos, e por haver aus\u00eancia de de grave amea\u00e7a ou viol\u00eancia para conceder a liberdade. &#8220;Apesar de continuam presentes os requisitos ensejadores da pris\u00e3o preventiva, algumas circunst\u00e2ncias espec\u00edficas devem ser analisadas, uma vez que o investigado \u00e9 idoso, tendo 74 anos, e n\u00e3o teria cometido os crimes com viol\u00eancia ou grave amea\u00e7a, tendo sido os objetos encontrados dentro de sua resid\u00eancia, no momento do cumprimento de mandado de busca e apreens\u00e3o&#8221;, escreveu o Moraes.<\/p>\n<p>A opera\u00e7\u00e3o teve como um dos alvos o ex-presidente Jair Bolsonaro (PL) e investiga um esquema de golpe de Estado para evitar a sa\u00edda do ex-mandat\u00e1rio do poder em 2022. Quatro mandados de pris\u00e3o foram expedidos.<\/p>\n<p>Foto: Valter Campanato\/Ag\u00eancia Brasil<br \/>\nPor: Metro1<\/p>\n","protected":false},"excerpt":{"rendered":"<p>Presidente do PL foi solto na noite do s\u00e1bado (10), ap\u00f3s ter sido preso na \u00faltima quinta-feira (8) O ministro<\/p>\n","protected":false},"author":4,"featured_media":12668,"comment_status":"open","ping_status":"open","sticky":false,"template":"","format":"standard","meta":{"colormag_page_container_layout":"default_layout","colormag_page_sidebar_layout":"default_layout","_FSMCFIC_featured_image_caption":"","_FSMCFIC_featured_image_nocaption":"","_FSMCFIC_featured_image_hide":"","footnotes":""},"categories":[5,1],"tags":[],"class_list":["post-12667","post","type-post","status-publish","format-standard","has-post-thumbnail","hentry","category-politica","category-ultimas"],"yoast_head":"<!-- This site is optimized with the Yoast SEO plugin v27.1.1 - https:\/\/yoast.com\/product\/yoast-seo-wordpress\/ -->\n<title>Moraes concede liberdade provis\u00f3ria a Valdemar Costa Neto - Brasil not\u00edcias<\/title>\n<meta name=\"robots\" content=\"index, follow, max-snippet:-1, max-image-preview:large, max-video-preview:-1\" \/>\n<link rel=\"canonical\" href=\"https:\/\/brasilnoticias.org\/site\/moraes-concede-liberdade-provisoria-a-valdemar-costa-neto\/\" \/>\n<meta property=\"og:locale\" content=\"pt_PT\" \/>\n<meta property=\"og:type\" content=\"article\" \/>\n<meta property=\"og:title\" content=\"Moraes concede liberdade provis\u00f3ria a Valdemar Costa Neto - Brasil not\u00edcias\" \/>\n<meta property=\"og:description\" content=\"Presidente do PL foi solto na noite do s\u00e1bado (10), ap\u00f3s ter sido preso na \u00faltima quinta-feira (8) O ministro\" \/>\n<meta property=\"og:url\" content=\"https:\/\/brasilnoticias.org\/site\/moraes-concede-liberdade-provisoria-a-valdemar-costa-neto\/\" \/>\n<meta property=\"og:site_name\" content=\"Brasil not\u00edcias\" \/>\n<meta property=\"article:published_time\" content=\"2024-02-11T11:17:14+00:00\" \/>\n<meta property=\"og:image\" content=\"https:\/\/brasilnoticias.org\/site\/wp-content\/uploads\/2024\/02\/146064moraes-concede-liberdade-provisoria-a-valdemar-costa-neto-3-1.jpg\" \/>\n\t<meta property=\"og:image:width\" content=\"1600\" \/>\n\t<meta property=\"og:image:height\" content=\"752\" \/>\n\t<meta property=\"og:image:type\" content=\"image\/jpeg\" \/>\n<meta name=\"author\" content=\"Reda\u00e7\u00e3o\" \/>\n<meta name=\"twitter:card\" content=\"summary_large_image\" \/>\n<meta name=\"twitter:label1\" content=\"Escrito por\" \/>\n\t<meta name=\"twitter:data1\" content=\"Reda\u00e7\u00e3o\" \/>\n\t<meta name=\"twitter:label2\" content=\"Tempo estimado de leitura\" \/>\n\t<meta name=\"twitter:data2\" content=\"1 minuto\" \/>\n<script type=\"application\/ld+json\" class=\"yoast-schema-graph\">{\"@context\":\"https:\/\/schema.org\",\"@graph\":[{\"@type\":\"Article\",\"@id\":\"https:\/\/brasilnoticias.org\/site\/moraes-concede-liberdade-provisoria-a-valdemar-costa-neto\/#article\",\"isPartOf\":{\"@id\":\"https:\/\/brasilnoticias.org\/site\/moraes-concede-liberdade-provisoria-a-valdemar-costa-neto\/\"},\"author\":{\"name\":\"Reda\u00e7\u00e3o\",\"@id\":\"https:\/\/brasilnoticias.org\/site\/#\/schema\/person\/03bbbfe6c7634ad18c26444ea39049fa\"},\"headline\":\"Moraes concede liberdade provis\u00f3ria a Valdemar Costa Neto\",\"datePublished\":\"2024-02-11T11:17:14+00:00\",\"mainEntityOfPage\":{\"@id\":\"https:\/\/brasilnoticias.org\/site\/moraes-concede-liberdade-provisoria-a-valdemar-costa-neto\/\"},\"wordCount\":284,\"commentCount\":0,\"publisher\":{\"@id\":\"https:\/\/brasilnoticias.org\/site\/#organization\"},\"image\":{\"@id\":\"https:\/\/brasilnoticias.org\/site\/moraes-concede-liberdade-provisoria-a-valdemar-costa-neto\/#primaryimage\"},\"thumbnailUrl\":\"https:\/\/brasilnoticias.org\/site\/wp-content\/uploads\/2024\/02\/146064moraes-concede-liberdade-provisoria-a-valdemar-costa-neto-3-1.jpg\",\"articleSection\":[\"Pol\u00edtica\",\"\u00daltimas\"],\"inLanguage\":\"pt-PT\",\"potentialAction\":[{\"@type\":\"CommentAction\",\"name\":\"Comment\",\"target\":[\"https:\/\/brasilnoticias.org\/site\/moraes-concede-liberdade-provisoria-a-valdemar-costa-neto\/#respond\"]}]},{\"@type\":\"WebPage\",\"@id\":\"https:\/\/brasilnoticias.org\/site\/moraes-concede-liberdade-provisoria-a-valdemar-costa-neto\/\",\"url\":\"https:\/\/brasilnoticias.org\/site\/moraes-concede-liberdade-provisoria-a-valdemar-costa-neto\/\",\"name\":\"Moraes concede liberdade provis\u00f3ria a Valdemar Costa Neto - Brasil not\u00edcias\",\"isPartOf\":{\"@id\":\"https:\/\/brasilnoticias.org\/site\/#website\"},\"primaryImageOfPage\":{\"@id\":\"https:\/\/brasilnoticias.org\/site\/moraes-concede-liberdade-provisoria-a-valdemar-costa-neto\/#primaryimage\"},\"image\":{\"@id\":\"https:\/\/brasilnoticias.org\/site\/moraes-concede-liberdade-provisoria-a-valdemar-costa-neto\/#primaryimage\"},\"thumbnailUrl\":\"https:\/\/brasilnoticias.org\/site\/wp-content\/uploads\/2024\/02\/146064moraes-concede-liberdade-provisoria-a-valdemar-costa-neto-3-1.jpg\",\"datePublished\":\"2024-02-11T11:17:14+00:00\",\"breadcrumb\":{\"@id\":\"https:\/\/brasilnoticias.org\/site\/moraes-concede-liberdade-provisoria-a-valdemar-costa-neto\/#breadcrumb\"},\"inLanguage\":\"pt-PT\",\"potentialAction\":[{\"@type\":\"ReadAction\",\"target\":[\"https:\/\/brasilnoticias.org\/site\/moraes-concede-liberdade-provisoria-a-valdemar-costa-neto\/\"]}]},{\"@type\":\"ImageObject\",\"inLanguage\":\"pt-PT\",\"@id\":\"https:\/\/brasilnoticias.org\/site\/moraes-concede-liberdade-provisoria-a-valdemar-costa-neto\/#primaryimage\",\"url\":\"https:\/\/brasilnoticias.org\/site\/wp-content\/uploads\/2024\/02\/146064moraes-concede-liberdade-provisoria-a-valdemar-costa-neto-3-1.jpg\",\"contentUrl\":\"https:\/\/brasilnoticias.org\/site\/wp-content\/uploads\/2024\/02\/146064moraes-concede-liberdade-provisoria-a-valdemar-costa-neto-3-1.jpg\",\"width\":1600,\"height\":752},{\"@type\":\"BreadcrumbList\",\"@id\":\"https:\/\/brasilnoticias.org\/site\/moraes-concede-liberdade-provisoria-a-valdemar-costa-neto\/#breadcrumb\",\"itemListElement\":[{\"@type\":\"ListItem\",\"position\":1,\"name\":\"In\u00edcio\",\"item\":\"https:\/\/brasilnoticias.org\/site\/\"},{\"@type\":\"ListItem\",\"position\":2,\"name\":\"Moraes concede liberdade provis\u00f3ria a Valdemar Costa Neto\"}]},{\"@type\":\"WebSite\",\"@id\":\"https:\/\/brasilnoticias.org\/site\/#website\",\"url\":\"https:\/\/brasilnoticias.org\/site\/\",\"name\":\"Brasil not\u00edcias\",\"description\":\"Brasil not\u00edcias\",\"publisher\":{\"@id\":\"https:\/\/brasilnoticias.org\/site\/#organization\"},\"potentialAction\":[{\"@type\":\"SearchAction\",\"target\":{\"@type\":\"EntryPoint\",\"urlTemplate\":\"https:\/\/brasilnoticias.org\/site\/?s={search_term_string}\"},\"query-input\":{\"@type\":\"PropertyValueSpecification\",\"valueRequired\":true,\"valueName\":\"search_term_string\"}}],\"inLanguage\":\"pt-PT\"},{\"@type\":\"Organization\",\"@id\":\"https:\/\/brasilnoticias.org\/site\/#organization\",\"name\":\"Brasil not\u00edcias\",\"url\":\"https:\/\/brasilnoticias.org\/site\/\",\"logo\":{\"@type\":\"ImageObject\",\"inLanguage\":\"pt-PT\",\"@id\":\"https:\/\/brasilnoticias.org\/site\/#\/schema\/logo\/image\/\",\"url\":\"https:\/\/brasilnoticias.org\/site\/wp-content\/uploads\/2022\/05\/cropped-brasilnoticias-mini.jpg\",\"contentUrl\":\"https:\/\/brasilnoticias.org\/site\/wp-content\/uploads\/2022\/05\/cropped-brasilnoticias-mini.jpg\",\"width\":314,\"height\":86,\"caption\":\"Brasil not\u00edcias\"},\"image\":{\"@id\":\"https:\/\/brasilnoticias.org\/site\/#\/schema\/logo\/image\/\"}},{\"@type\":\"Person\",\"@id\":\"https:\/\/brasilnoticias.org\/site\/#\/schema\/person\/03bbbfe6c7634ad18c26444ea39049fa\",\"name\":\"Reda\u00e7\u00e3o\",\"image\":{\"@type\":\"ImageObject\",\"inLanguage\":\"pt-PT\",\"@id\":\"https:\/\/brasilnoticias.org\/site\/#\/schema\/person\/image\/\",\"url\":\"https:\/\/secure.gravatar.com\/avatar\/9ecaf7327a696cb23ad926fedded5f1f04d7049de9e445375d55b48c001a6e42?s=96&d=mm&r=g\",\"contentUrl\":\"https:\/\/secure.gravatar.com\/avatar\/9ecaf7327a696cb23ad926fedded5f1f04d7049de9e445375d55b48c001a6e42?s=96&d=mm&r=g\",\"caption\":\"Reda\u00e7\u00e3o\"},\"url\":\"https:\/\/brasilnoticias.org\/site\/author\/henrique\/\"}]}<\/script>\n<!-- \/ Yoast SEO plugin. -->","yoast_head_json":{"title":"Moraes concede liberdade provis\u00f3ria a Valdemar Costa Neto - Brasil not\u00edcias","robots":{"index":"index","follow":"follow","max-snippet":"max-snippet:-1","max-image-preview":"max-image-preview:large","max-video-preview":"max-video-preview:-1"},"canonical":"https:\/\/brasilnoticias.org\/site\/moraes-concede-liberdade-provisoria-a-valdemar-costa-neto\/","og_locale":"pt_PT","og_type":"article","og_title":"Moraes concede liberdade provis\u00f3ria a Valdemar Costa Neto - Brasil not\u00edcias","og_description":"Presidente do PL foi solto na noite do s\u00e1bado (10), ap\u00f3s ter sido preso na \u00faltima quinta-feira (8) O ministro","og_url":"https:\/\/brasilnoticias.org\/site\/moraes-concede-liberdade-provisoria-a-valdemar-costa-neto\/","og_site_name":"Brasil not\u00edcias","article_published_time":"2024-02-11T11:17:14+00:00","og_image":[{"width":1600,"height":752,"url":"https:\/\/brasilnoticias.org\/site\/wp-content\/uploads\/2024\/02\/146064moraes-concede-liberdade-provisoria-a-valdemar-costa-neto-3-1.jpg","type":"image\/jpeg"}],"author":"Reda\u00e7\u00e3o","twitter_card":"summary_large_image","twitter_misc":{"Escrito por":"Reda\u00e7\u00e3o","Tempo estimado de leitura":"1 minuto"},"schema":{"@context":"https:\/\/schema.org","@graph":[{"@type":"Article","@id":"https:\/\/brasilnoticias.org\/site\/moraes-concede-liberdade-provisoria-a-valdemar-costa-neto\/#article","isPartOf":{"@id":"https:\/\/brasilnoticias.org\/site\/moraes-concede-liberdade-provisoria-a-valdemar-costa-neto\/"},"author":{"name":"Reda\u00e7\u00e3o","@id":"https:\/\/brasilnoticias.org\/site\/#\/schema\/person\/03bbbfe6c7634ad18c26444ea39049fa"},"headline":"Moraes concede liberdade provis\u00f3ria a Valdemar Costa Neto","datePublished":"2024-02-11T11:17:14+00:00","mainEntityOfPage":{"@id":"https:\/\/brasilnoticias.org\/site\/moraes-concede-liberdade-provisoria-a-valdemar-costa-neto\/"},"wordCount":284,"commentCount":0,"publisher":{"@id":"https:\/\/brasilnoticias.org\/site\/#organization"},"image":{"@id":"https:\/\/brasilnoticias.org\/site\/moraes-concede-liberdade-provisoria-a-valdemar-costa-neto\/#primaryimage"},"thumbnailUrl":"https:\/\/brasilnoticias.org\/site\/wp-content\/uploads\/2024\/02\/146064moraes-concede-liberdade-provisoria-a-valdemar-costa-neto-3-1.jpg","articleSection":["Pol\u00edtica","\u00daltimas"],"inLanguage":"pt-PT","potentialAction":[{"@type":"CommentAction","name":"Comment","target":["https:\/\/brasilnoticias.org\/site\/moraes-concede-liberdade-provisoria-a-valdemar-costa-neto\/#respond"]}]},{"@type":"WebPage","@id":"https:\/\/brasilnoticias.org\/site\/moraes-concede-liberdade-provisoria-a-valdemar-costa-neto\/","url":"https:\/\/brasilnoticias.org\/site\/moraes-concede-liberdade-provisoria-a-valdemar-costa-neto\/","name":"Moraes concede liberdade provis\u00f3ria a Valdemar Costa Neto - Brasil not\u00edcias","isPartOf":{"@id":"https:\/\/brasilnoticias.org\/site\/#website"},"primaryImageOfPage":{"@id":"https:\/\/brasilnoticias.org\/site\/moraes-concede-liberdade-provisoria-a-valdemar-costa-neto\/#primaryimage"},"image":{"@id":"https:\/\/brasilnoticias.org\/site\/moraes-concede-liberdade-provisoria-a-valdemar-costa-neto\/#primaryimage"},"thumbnailUrl":"https:\/\/brasilnoticias.org\/site\/wp-content\/uploads\/2024\/02\/146064moraes-concede-liberdade-provisoria-a-valdemar-costa-neto-3-1.jpg","datePublished":"2024-02-11T11:17:14+00:00","breadcrumb":{"@id":"https:\/\/brasilnoticias.org\/site\/moraes-concede-liberdade-provisoria-a-valdemar-costa-neto\/#breadcrumb"},"inLanguage":"pt-PT","potentialAction":[{"@type":"ReadAction","target":["https:\/\/brasilnoticias.org\/site\/moraes-concede-liberdade-provisoria-a-valdemar-costa-neto\/"]}]},{"@type":"ImageObject","inLanguage":"pt-PT","@id":"https:\/\/brasilnoticias.org\/site\/moraes-concede-liberdade-provisoria-a-valdemar-costa-neto\/#primaryimage","url":"https:\/\/brasilnoticias.org\/site\/wp-content\/uploads\/2024\/02\/146064moraes-concede-liberdade-provisoria-a-valdemar-costa-neto-3-1.jpg","contentUrl":"https:\/\/brasilnoticias.org\/site\/wp-content\/uploads\/2024\/02\/146064moraes-concede-liberdade-provisoria-a-valdemar-costa-neto-3-1.jpg","width":1600,"height":752},{"@type":"BreadcrumbList","@id":"https:\/\/brasilnoticias.org\/site\/moraes-concede-liberdade-provisoria-a-valdemar-costa-neto\/#breadcrumb","itemListElement":[{"@type":"ListItem","position":1,"name":"In\u00edcio","item":"https:\/\/brasilnoticias.org\/site\/"},{"@type":"ListItem","position":2,"name":"Moraes concede liberdade provis\u00f3ria a Valdemar Costa Neto"}]},{"@type":"WebSite","@id":"https:\/\/brasilnoticias.org\/site\/#website","url":"https:\/\/brasilnoticias.org\/site\/","name":"Brasil not\u00edcias","description":"Brasil not\u00edcias","publisher":{"@id":"https:\/\/brasilnoticias.org\/site\/#organization"},"potentialAction":[{"@type":"SearchAction","target":{"@type":"EntryPoint","urlTemplate":"https:\/\/brasilnoticias.org\/site\/?s={search_term_string}"},"query-input":{"@type":"PropertyValueSpecification","valueRequired":true,"valueName":"search_term_string"}}],"inLanguage":"pt-PT"},{"@type":"Organization","@id":"https:\/\/brasilnoticias.org\/site\/#organization","name":"Brasil not\u00edcias","url":"https:\/\/brasilnoticias.org\/site\/","logo":{"@type":"ImageObject","inLanguage":"pt-PT","@id":"https:\/\/brasilnoticias.org\/site\/#\/schema\/logo\/image\/","url":"https:\/\/brasilnoticias.org\/site\/wp-content\/uploads\/2022\/05\/cropped-brasilnoticias-mini.jpg","contentUrl":"https:\/\/brasilnoticias.org\/site\/wp-content\/uploads\/2022\/05\/cropped-brasilnoticias-mini.jpg","width":314,"height":86,"caption":"Brasil not\u00edcias"},"image":{"@id":"https:\/\/brasilnoticias.org\/site\/#\/schema\/logo\/image\/"}},{"@type":"Person","@id":"https:\/\/brasilnoticias.org\/site\/#\/schema\/person\/03bbbfe6c7634ad18c26444ea39049fa","name":"Reda\u00e7\u00e3o","image":{"@type":"ImageObject","inLanguage":"pt-PT","@id":"https:\/\/brasilnoticias.org\/site\/#\/schema\/person\/image\/","url":"https:\/\/secure.gravatar.com\/avatar\/9ecaf7327a696cb23ad926fedded5f1f04d7049de9e445375d55b48c001a6e42?s=96&d=mm&r=g","contentUrl":"https:\/\/secure.gravatar.com\/avatar\/9ecaf7327a696cb23ad926fedded5f1f04d7049de9e445375d55b48c001a6e42?s=96&d=mm&r=g","caption":"Reda\u00e7\u00e3o"},"url":"https:\/\/brasilnoticias.org\/site\/author\/henrique\/"}]}},"_links":{"self":[{"href":"https:\/\/brasilnoticias.org\/site\/wp-json\/wp\/v2\/posts\/12667","targetHints":{"allow":["GET"]}}],"collection":[{"href":"https:\/\/brasilnoticias.org\/site\/wp-json\/wp\/v2\/posts"}],"about":[{"href":"https:\/\/brasilnoticias.org\/site\/wp-json\/wp\/v2\/types\/post"}],"author":[{"embeddable":true,"href":"https:\/\/brasilnoticias.org\/site\/wp-json\/wp\/v2\/users\/4"}],"replies":[{"embeddable":true,"href":"https:\/\/brasilnoticias.org\/site\/wp-json\/wp\/v2\/comments?post=12667"}],"version-history":[{"count":1,"href":"https:\/\/brasilnoticias.org\/site\/wp-json\/wp\/v2\/posts\/12667\/revisions"}],"predecessor-version":[{"id":12669,"href":"https:\/\/brasilnoticias.org\/site\/wp-json\/wp\/v2\/posts\/12667\/revisions\/12669"}],"wp:featuredmedia":[{"embeddable":true,"href":"https:\/\/brasilnoticias.org\/site\/wp-json\/wp\/v2\/media\/12668"}],"wp:attachment":[{"href":"https:\/\/brasilnoticias.org\/site\/wp-json\/wp\/v2\/media?parent=12667"}],"wp:term":[{"taxonomy":"category","embeddable":true,"href":"https:\/\/brasilnoticias.org\/site\/wp-json\/wp\/v2\/categories?post=12667"},{"taxonomy":"post_tag","embeddable":true,"href":"https:\/\/brasilnoticias.org\/site\/wp-json\/wp\/v2\/tags?post=12667"}],"curies":[{"name":"wp","href":"https:\/\/api.w.org\/{rel}","templated":true}]}}