{"id":12682,"date":"2024-02-12T19:43:19","date_gmt":"2024-02-12T22:43:19","guid":{"rendered":"https:\/\/brasilnoticias.org\/site\/?p=12682"},"modified":"2024-02-12T19:43:19","modified_gmt":"2024-02-12T22:43:19","slug":"exercito-so-aplicara-punicoes-a-militares-apos-julgamento-do-stf","status":"publish","type":"post","link":"https:\/\/brasilnoticias.org\/site\/exercito-so-aplicara-punicoes-a-militares-apos-julgamento-do-stf\/","title":{"rendered":"Ex\u00e9rcito s\u00f3 aplicar\u00e1 puni\u00e7\u00f5es a militares ap\u00f3s julgamento do STF"},"content":{"rendered":"<p>Pris\u00f5es, buscas e apreens\u00f5es n\u00e3o implicam em perda de patente ou outros benef\u00edcios neste momento<\/p>\n<p>Apesar da pris\u00e3o de militares pela acusa\u00e7\u00e3o de tentativa de golpe de Estado, o Ex\u00e9rcito Brasileiro ir\u00e1 aplicar poss\u00edveis puni\u00e7\u00f5es disciplinares somente depois que os oficiais forem julgados pelo Supremo Tribunal Federal (STF).<\/p>\n<p>Das quatro pris\u00f5es autorizadas na semana passada no \u00e2mbito da Opera\u00e7\u00e3o Tempus Veritatis, tr\u00eas foram de militares. Al\u00e9m disso, militares de alta patente foram alvos de busca e apreens\u00e3o, entre eles os ex-ministros e generais Augusto Heleno e Walter Braga Netto. Eles devem ser chamados para depor na Pol\u00edcia Federal.<\/p>\n<p>Para o Comando do Ex\u00e9rcito, eventuais perdas de patente e outros benef\u00edcios, como a manuten\u00e7\u00e3o de remunera\u00e7\u00f5es e aposentadorias, s\u00f3 ocorrer\u00e3o ap\u00f3s decis\u00e3o judicial que determine se os militares s\u00e3o culpados e qual o n\u00edvel de envolvimento nos crimes. N\u00e3o h\u00e1 previs\u00e3o de quando o STF marcar\u00e1 o julgamento criminal.<\/p>\n<p>Se a condena\u00e7\u00e3o no STF for superior a dois anos de reclus\u00e3o \u2013 o que \u00e9 esperado \u2013 o Minist\u00e9rio P\u00fablico Militar (MPM) poder\u00e1 representar contra o oficial em um processo chamado de Representa\u00e7\u00e3o para Declara\u00e7\u00e3o de Indignidade e Incompatibilidade para com o Oficialato. Por se tratar de crime militar, a decis\u00e3o final ser\u00e1 do Superior Tribunal Militar (STM).<\/p>\n<p>Ap\u00f3s as senten\u00e7as, o Ex\u00e9rcito dever\u00e1 formar um Tribunal de Honra, uma inst\u00e2ncia do meio militar composta por oficiais de patentes superiores ou semelhantes \u00e0 do julgado. A defesa do militar ser\u00e1 ouvida nesta etapa.<\/p>\n<p>Foto: Ant\u00f4nio Cruz\/Ag\u00eancia Brasil<br \/>\nPor: Metro1 <\/p>\n","protected":false},"excerpt":{"rendered":"<p>Pris\u00f5es, buscas e apreens\u00f5es n\u00e3o implicam em perda de patente ou outros benef\u00edcios neste momento Apesar da pris\u00e3o de militares<\/p>\n","protected":false},"author":4,"featured_media":12683,"comment_status":"open","ping_status":"open","sticky":false,"template":"","format":"standard","meta":{"colormag_page_container_layout":"default_layout","colormag_page_sidebar_layout":"default_layout","_FSMCFIC_featured_image_caption":"","_FSMCFIC_featured_image_nocaption":"","_FSMCFIC_featured_image_hide":"","footnotes":""},"categories":[7,1],"tags":[],"class_list":["post-12682","post","type-post","status-publish","format-standard","has-post-thumbnail","hentry","category-justica","category-ultimas"],"yoast_head":"<!-- This site is optimized with the Yoast SEO plugin v27.1.1 - https:\/\/yoast.com\/product\/yoast-seo-wordpress\/ -->\n<title>Ex\u00e9rcito s\u00f3 aplicar\u00e1 puni\u00e7\u00f5es a militares ap\u00f3s julgamento do STF - Brasil not\u00edcias<\/title>\n<meta name=\"robots\" content=\"index, follow, max-snippet:-1, max-image-preview:large, max-video-preview:-1\" \/>\n<link rel=\"canonical\" href=\"https:\/\/brasilnoticias.org\/site\/exercito-so-aplicara-punicoes-a-militares-apos-julgamento-do-stf\/\" \/>\n<meta property=\"og:locale\" content=\"pt_PT\" \/>\n<meta property=\"og:type\" content=\"article\" \/>\n<meta property=\"og:title\" content=\"Ex\u00e9rcito s\u00f3 aplicar\u00e1 puni\u00e7\u00f5es a militares ap\u00f3s julgamento do STF - Brasil not\u00edcias\" \/>\n<meta property=\"og:description\" content=\"Pris\u00f5es, buscas e apreens\u00f5es n\u00e3o implicam em perda de patente ou outros benef\u00edcios neste momento Apesar da pris\u00e3o de militares\" \/>\n<meta property=\"og:url\" content=\"https:\/\/brasilnoticias.org\/site\/exercito-so-aplicara-punicoes-a-militares-apos-julgamento-do-stf\/\" \/>\n<meta property=\"og:site_name\" content=\"Brasil not\u00edcias\" \/>\n<meta property=\"article:published_time\" content=\"2024-02-12T22:43:19+00:00\" \/>\n<meta property=\"og:image\" content=\"https:\/\/brasilnoticias.org\/site\/wp-content\/uploads\/2024\/02\/146099exercito-so-aplicara-punicoes-a-militares-apos-julgamento-do-stf-3.jpg\" \/>\n\t<meta property=\"og:image:width\" content=\"1600\" \/>\n\t<meta property=\"og:image:height\" content=\"752\" \/>\n\t<meta property=\"og:image:type\" content=\"image\/jpeg\" \/>\n<meta name=\"author\" content=\"Reda\u00e7\u00e3o\" \/>\n<meta name=\"twitter:card\" content=\"summary_large_image\" \/>\n<meta name=\"twitter:label1\" content=\"Escrito por\" \/>\n\t<meta name=\"twitter:data1\" content=\"Reda\u00e7\u00e3o\" \/>\n\t<meta name=\"twitter:label2\" content=\"Tempo estimado de leitura\" \/>\n\t<meta name=\"twitter:data2\" content=\"1 minuto\" \/>\n<script type=\"application\/ld+json\" class=\"yoast-schema-graph\">{\"@context\":\"https:\/\/schema.org\",\"@graph\":[{\"@type\":\"Article\",\"@id\":\"https:\/\/brasilnoticias.org\/site\/exercito-so-aplicara-punicoes-a-militares-apos-julgamento-do-stf\/#article\",\"isPartOf\":{\"@id\":\"https:\/\/brasilnoticias.org\/site\/exercito-so-aplicara-punicoes-a-militares-apos-julgamento-do-stf\/\"},\"author\":{\"name\":\"Reda\u00e7\u00e3o\",\"@id\":\"https:\/\/brasilnoticias.org\/site\/#\/schema\/person\/03bbbfe6c7634ad18c26444ea39049fa\"},\"headline\":\"Ex\u00e9rcito s\u00f3 aplicar\u00e1 puni\u00e7\u00f5es a militares ap\u00f3s julgamento do STF\",\"datePublished\":\"2024-02-12T22:43:19+00:00\",\"mainEntityOfPage\":{\"@id\":\"https:\/\/brasilnoticias.org\/site\/exercito-so-aplicara-punicoes-a-militares-apos-julgamento-do-stf\/\"},\"wordCount\":297,\"commentCount\":0,\"publisher\":{\"@id\":\"https:\/\/brasilnoticias.org\/site\/#organization\"},\"image\":{\"@id\":\"https:\/\/brasilnoticias.org\/site\/exercito-so-aplicara-punicoes-a-militares-apos-julgamento-do-stf\/#primaryimage\"},\"thumbnailUrl\":\"https:\/\/brasilnoticias.org\/site\/wp-content\/uploads\/2024\/02\/146099exercito-so-aplicara-punicoes-a-militares-apos-julgamento-do-stf-3.jpg\",\"articleSection\":[\"Justi\u00e7a\",\"\u00daltimas\"],\"inLanguage\":\"pt-PT\",\"potentialAction\":[{\"@type\":\"CommentAction\",\"name\":\"Comment\",\"target\":[\"https:\/\/brasilnoticias.org\/site\/exercito-so-aplicara-punicoes-a-militares-apos-julgamento-do-stf\/#respond\"]}]},{\"@type\":\"WebPage\",\"@id\":\"https:\/\/brasilnoticias.org\/site\/exercito-so-aplicara-punicoes-a-militares-apos-julgamento-do-stf\/\",\"url\":\"https:\/\/brasilnoticias.org\/site\/exercito-so-aplicara-punicoes-a-militares-apos-julgamento-do-stf\/\",\"name\":\"Ex\u00e9rcito s\u00f3 aplicar\u00e1 puni\u00e7\u00f5es a militares ap\u00f3s julgamento do STF - Brasil not\u00edcias\",\"isPartOf\":{\"@id\":\"https:\/\/brasilnoticias.org\/site\/#website\"},\"primaryImageOfPage\":{\"@id\":\"https:\/\/brasilnoticias.org\/site\/exercito-so-aplicara-punicoes-a-militares-apos-julgamento-do-stf\/#primaryimage\"},\"image\":{\"@id\":\"https:\/\/brasilnoticias.org\/site\/exercito-so-aplicara-punicoes-a-militares-apos-julgamento-do-stf\/#primaryimage\"},\"thumbnailUrl\":\"https:\/\/brasilnoticias.org\/site\/wp-content\/uploads\/2024\/02\/146099exercito-so-aplicara-punicoes-a-militares-apos-julgamento-do-stf-3.jpg\",\"datePublished\":\"2024-02-12T22:43:19+00:00\",\"breadcrumb\":{\"@id\":\"https:\/\/brasilnoticias.org\/site\/exercito-so-aplicara-punicoes-a-militares-apos-julgamento-do-stf\/#breadcrumb\"},\"inLanguage\":\"pt-PT\",\"potentialAction\":[{\"@type\":\"ReadAction\",\"target\":[\"https:\/\/brasilnoticias.org\/site\/exercito-so-aplicara-punicoes-a-militares-apos-julgamento-do-stf\/\"]}]},{\"@type\":\"ImageObject\",\"inLanguage\":\"pt-PT\",\"@id\":\"https:\/\/brasilnoticias.org\/site\/exercito-so-aplicara-punicoes-a-militares-apos-julgamento-do-stf\/#primaryimage\",\"url\":\"https:\/\/brasilnoticias.org\/site\/wp-content\/uploads\/2024\/02\/146099exercito-so-aplicara-punicoes-a-militares-apos-julgamento-do-stf-3.jpg\",\"contentUrl\":\"https:\/\/brasilnoticias.org\/site\/wp-content\/uploads\/2024\/02\/146099exercito-so-aplicara-punicoes-a-militares-apos-julgamento-do-stf-3.jpg\",\"width\":1600,\"height\":752},{\"@type\":\"BreadcrumbList\",\"@id\":\"https:\/\/brasilnoticias.org\/site\/exercito-so-aplicara-punicoes-a-militares-apos-julgamento-do-stf\/#breadcrumb\",\"itemListElement\":[{\"@type\":\"ListItem\",\"position\":1,\"name\":\"In\u00edcio\",\"item\":\"https:\/\/brasilnoticias.org\/site\/\"},{\"@type\":\"ListItem\",\"position\":2,\"name\":\"Ex\u00e9rcito s\u00f3 aplicar\u00e1 puni\u00e7\u00f5es a militares ap\u00f3s julgamento do STF\"}]},{\"@type\":\"WebSite\",\"@id\":\"https:\/\/brasilnoticias.org\/site\/#website\",\"url\":\"https:\/\/brasilnoticias.org\/site\/\",\"name\":\"Brasil not\u00edcias\",\"description\":\"Brasil not\u00edcias\",\"publisher\":{\"@id\":\"https:\/\/brasilnoticias.org\/site\/#organization\"},\"potentialAction\":[{\"@type\":\"SearchAction\",\"target\":{\"@type\":\"EntryPoint\",\"urlTemplate\":\"https:\/\/brasilnoticias.org\/site\/?s={search_term_string}\"},\"query-input\":{\"@type\":\"PropertyValueSpecification\",\"valueRequired\":true,\"valueName\":\"search_term_string\"}}],\"inLanguage\":\"pt-PT\"},{\"@type\":\"Organization\",\"@id\":\"https:\/\/brasilnoticias.org\/site\/#organization\",\"name\":\"Brasil not\u00edcias\",\"url\":\"https:\/\/brasilnoticias.org\/site\/\",\"logo\":{\"@type\":\"ImageObject\",\"inLanguage\":\"pt-PT\",\"@id\":\"https:\/\/brasilnoticias.org\/site\/#\/schema\/logo\/image\/\",\"url\":\"https:\/\/brasilnoticias.org\/site\/wp-content\/uploads\/2022\/05\/cropped-brasilnoticias-mini.jpg\",\"contentUrl\":\"https:\/\/brasilnoticias.org\/site\/wp-content\/uploads\/2022\/05\/cropped-brasilnoticias-mini.jpg\",\"width\":314,\"height\":86,\"caption\":\"Brasil not\u00edcias\"},\"image\":{\"@id\":\"https:\/\/brasilnoticias.org\/site\/#\/schema\/logo\/image\/\"}},{\"@type\":\"Person\",\"@id\":\"https:\/\/brasilnoticias.org\/site\/#\/schema\/person\/03bbbfe6c7634ad18c26444ea39049fa\",\"name\":\"Reda\u00e7\u00e3o\",\"image\":{\"@type\":\"ImageObject\",\"inLanguage\":\"pt-PT\",\"@id\":\"https:\/\/brasilnoticias.org\/site\/#\/schema\/person\/image\/\",\"url\":\"https:\/\/secure.gravatar.com\/avatar\/9ecaf7327a696cb23ad926fedded5f1f04d7049de9e445375d55b48c001a6e42?s=96&d=mm&r=g\",\"contentUrl\":\"https:\/\/secure.gravatar.com\/avatar\/9ecaf7327a696cb23ad926fedded5f1f04d7049de9e445375d55b48c001a6e42?s=96&d=mm&r=g\",\"caption\":\"Reda\u00e7\u00e3o\"},\"url\":\"https:\/\/brasilnoticias.org\/site\/author\/henrique\/\"}]}<\/script>\n<!-- \/ Yoast SEO plugin. -->","yoast_head_json":{"title":"Ex\u00e9rcito s\u00f3 aplicar\u00e1 puni\u00e7\u00f5es a militares ap\u00f3s julgamento do STF - Brasil not\u00edcias","robots":{"index":"index","follow":"follow","max-snippet":"max-snippet:-1","max-image-preview":"max-image-preview:large","max-video-preview":"max-video-preview:-1"},"canonical":"https:\/\/brasilnoticias.org\/site\/exercito-so-aplicara-punicoes-a-militares-apos-julgamento-do-stf\/","og_locale":"pt_PT","og_type":"article","og_title":"Ex\u00e9rcito s\u00f3 aplicar\u00e1 puni\u00e7\u00f5es a militares ap\u00f3s julgamento do STF - Brasil not\u00edcias","og_description":"Pris\u00f5es, buscas e apreens\u00f5es n\u00e3o implicam em perda de patente ou outros benef\u00edcios neste momento Apesar da pris\u00e3o de militares","og_url":"https:\/\/brasilnoticias.org\/site\/exercito-so-aplicara-punicoes-a-militares-apos-julgamento-do-stf\/","og_site_name":"Brasil not\u00edcias","article_published_time":"2024-02-12T22:43:19+00:00","og_image":[{"width":1600,"height":752,"url":"https:\/\/brasilnoticias.org\/site\/wp-content\/uploads\/2024\/02\/146099exercito-so-aplicara-punicoes-a-militares-apos-julgamento-do-stf-3.jpg","type":"image\/jpeg"}],"author":"Reda\u00e7\u00e3o","twitter_card":"summary_large_image","twitter_misc":{"Escrito por":"Reda\u00e7\u00e3o","Tempo estimado de leitura":"1 minuto"},"schema":{"@context":"https:\/\/schema.org","@graph":[{"@type":"Article","@id":"https:\/\/brasilnoticias.org\/site\/exercito-so-aplicara-punicoes-a-militares-apos-julgamento-do-stf\/#article","isPartOf":{"@id":"https:\/\/brasilnoticias.org\/site\/exercito-so-aplicara-punicoes-a-militares-apos-julgamento-do-stf\/"},"author":{"name":"Reda\u00e7\u00e3o","@id":"https:\/\/brasilnoticias.org\/site\/#\/schema\/person\/03bbbfe6c7634ad18c26444ea39049fa"},"headline":"Ex\u00e9rcito s\u00f3 aplicar\u00e1 puni\u00e7\u00f5es a militares ap\u00f3s julgamento do STF","datePublished":"2024-02-12T22:43:19+00:00","mainEntityOfPage":{"@id":"https:\/\/brasilnoticias.org\/site\/exercito-so-aplicara-punicoes-a-militares-apos-julgamento-do-stf\/"},"wordCount":297,"commentCount":0,"publisher":{"@id":"https:\/\/brasilnoticias.org\/site\/#organization"},"image":{"@id":"https:\/\/brasilnoticias.org\/site\/exercito-so-aplicara-punicoes-a-militares-apos-julgamento-do-stf\/#primaryimage"},"thumbnailUrl":"https:\/\/brasilnoticias.org\/site\/wp-content\/uploads\/2024\/02\/146099exercito-so-aplicara-punicoes-a-militares-apos-julgamento-do-stf-3.jpg","articleSection":["Justi\u00e7a","\u00daltimas"],"inLanguage":"pt-PT","potentialAction":[{"@type":"CommentAction","name":"Comment","target":["https:\/\/brasilnoticias.org\/site\/exercito-so-aplicara-punicoes-a-militares-apos-julgamento-do-stf\/#respond"]}]},{"@type":"WebPage","@id":"https:\/\/brasilnoticias.org\/site\/exercito-so-aplicara-punicoes-a-militares-apos-julgamento-do-stf\/","url":"https:\/\/brasilnoticias.org\/site\/exercito-so-aplicara-punicoes-a-militares-apos-julgamento-do-stf\/","name":"Ex\u00e9rcito s\u00f3 aplicar\u00e1 puni\u00e7\u00f5es a militares ap\u00f3s julgamento do STF - Brasil not\u00edcias","isPartOf":{"@id":"https:\/\/brasilnoticias.org\/site\/#website"},"primaryImageOfPage":{"@id":"https:\/\/brasilnoticias.org\/site\/exercito-so-aplicara-punicoes-a-militares-apos-julgamento-do-stf\/#primaryimage"},"image":{"@id":"https:\/\/brasilnoticias.org\/site\/exercito-so-aplicara-punicoes-a-militares-apos-julgamento-do-stf\/#primaryimage"},"thumbnailUrl":"https:\/\/brasilnoticias.org\/site\/wp-content\/uploads\/2024\/02\/146099exercito-so-aplicara-punicoes-a-militares-apos-julgamento-do-stf-3.jpg","datePublished":"2024-02-12T22:43:19+00:00","breadcrumb":{"@id":"https:\/\/brasilnoticias.org\/site\/exercito-so-aplicara-punicoes-a-militares-apos-julgamento-do-stf\/#breadcrumb"},"inLanguage":"pt-PT","potentialAction":[{"@type":"ReadAction","target":["https:\/\/brasilnoticias.org\/site\/exercito-so-aplicara-punicoes-a-militares-apos-julgamento-do-stf\/"]}]},{"@type":"ImageObject","inLanguage":"pt-PT","@id":"https:\/\/brasilnoticias.org\/site\/exercito-so-aplicara-punicoes-a-militares-apos-julgamento-do-stf\/#primaryimage","url":"https:\/\/brasilnoticias.org\/site\/wp-content\/uploads\/2024\/02\/146099exercito-so-aplicara-punicoes-a-militares-apos-julgamento-do-stf-3.jpg","contentUrl":"https:\/\/brasilnoticias.org\/site\/wp-content\/uploads\/2024\/02\/146099exercito-so-aplicara-punicoes-a-militares-apos-julgamento-do-stf-3.jpg","width":1600,"height":752},{"@type":"BreadcrumbList","@id":"https:\/\/brasilnoticias.org\/site\/exercito-so-aplicara-punicoes-a-militares-apos-julgamento-do-stf\/#breadcrumb","itemListElement":[{"@type":"ListItem","position":1,"name":"In\u00edcio","item":"https:\/\/brasilnoticias.org\/site\/"},{"@type":"ListItem","position":2,"name":"Ex\u00e9rcito s\u00f3 aplicar\u00e1 puni\u00e7\u00f5es a militares ap\u00f3s julgamento do STF"}]},{"@type":"WebSite","@id":"https:\/\/brasilnoticias.org\/site\/#website","url":"https:\/\/brasilnoticias.org\/site\/","name":"Brasil not\u00edcias","description":"Brasil not\u00edcias","publisher":{"@id":"https:\/\/brasilnoticias.org\/site\/#organization"},"potentialAction":[{"@type":"SearchAction","target":{"@type":"EntryPoint","urlTemplate":"https:\/\/brasilnoticias.org\/site\/?s={search_term_string}"},"query-input":{"@type":"PropertyValueSpecification","valueRequired":true,"valueName":"search_term_string"}}],"inLanguage":"pt-PT"},{"@type":"Organization","@id":"https:\/\/brasilnoticias.org\/site\/#organization","name":"Brasil not\u00edcias","url":"https:\/\/brasilnoticias.org\/site\/","logo":{"@type":"ImageObject","inLanguage":"pt-PT","@id":"https:\/\/brasilnoticias.org\/site\/#\/schema\/logo\/image\/","url":"https:\/\/brasilnoticias.org\/site\/wp-content\/uploads\/2022\/05\/cropped-brasilnoticias-mini.jpg","contentUrl":"https:\/\/brasilnoticias.org\/site\/wp-content\/uploads\/2022\/05\/cropped-brasilnoticias-mini.jpg","width":314,"height":86,"caption":"Brasil not\u00edcias"},"image":{"@id":"https:\/\/brasilnoticias.org\/site\/#\/schema\/logo\/image\/"}},{"@type":"Person","@id":"https:\/\/brasilnoticias.org\/site\/#\/schema\/person\/03bbbfe6c7634ad18c26444ea39049fa","name":"Reda\u00e7\u00e3o","image":{"@type":"ImageObject","inLanguage":"pt-PT","@id":"https:\/\/brasilnoticias.org\/site\/#\/schema\/person\/image\/","url":"https:\/\/secure.gravatar.com\/avatar\/9ecaf7327a696cb23ad926fedded5f1f04d7049de9e445375d55b48c001a6e42?s=96&d=mm&r=g","contentUrl":"https:\/\/secure.gravatar.com\/avatar\/9ecaf7327a696cb23ad926fedded5f1f04d7049de9e445375d55b48c001a6e42?s=96&d=mm&r=g","caption":"Reda\u00e7\u00e3o"},"url":"https:\/\/brasilnoticias.org\/site\/author\/henrique\/"}]}},"_links":{"self":[{"href":"https:\/\/brasilnoticias.org\/site\/wp-json\/wp\/v2\/posts\/12682","targetHints":{"allow":["GET"]}}],"collection":[{"href":"https:\/\/brasilnoticias.org\/site\/wp-json\/wp\/v2\/posts"}],"about":[{"href":"https:\/\/brasilnoticias.org\/site\/wp-json\/wp\/v2\/types\/post"}],"author":[{"embeddable":true,"href":"https:\/\/brasilnoticias.org\/site\/wp-json\/wp\/v2\/users\/4"}],"replies":[{"embeddable":true,"href":"https:\/\/brasilnoticias.org\/site\/wp-json\/wp\/v2\/comments?post=12682"}],"version-history":[{"count":1,"href":"https:\/\/brasilnoticias.org\/site\/wp-json\/wp\/v2\/posts\/12682\/revisions"}],"predecessor-version":[{"id":12684,"href":"https:\/\/brasilnoticias.org\/site\/wp-json\/wp\/v2\/posts\/12682\/revisions\/12684"}],"wp:featuredmedia":[{"embeddable":true,"href":"https:\/\/brasilnoticias.org\/site\/wp-json\/wp\/v2\/media\/12683"}],"wp:attachment":[{"href":"https:\/\/brasilnoticias.org\/site\/wp-json\/wp\/v2\/media?parent=12682"}],"wp:term":[{"taxonomy":"category","embeddable":true,"href":"https:\/\/brasilnoticias.org\/site\/wp-json\/wp\/v2\/categories?post=12682"},{"taxonomy":"post_tag","embeddable":true,"href":"https:\/\/brasilnoticias.org\/site\/wp-json\/wp\/v2\/tags?post=12682"}],"curies":[{"name":"wp","href":"https:\/\/api.w.org\/{rel}","templated":true}]}}