{"id":12688,"date":"2024-02-12T19:49:15","date_gmt":"2024-02-12T22:49:15","guid":{"rendered":"https:\/\/brasilnoticias.org\/site\/?p=12688"},"modified":"2024-02-12T19:49:15","modified_gmt":"2024-02-12T22:49:15","slug":"camarote-na-sapucai-guarda-alimentos-em-banheiro-e-responsavel-e-presa","status":"publish","type":"post","link":"https:\/\/brasilnoticias.org\/site\/camarote-na-sapucai-guarda-alimentos-em-banheiro-e-responsavel-e-presa\/","title":{"rendered":"Camarote na Sapuca\u00ed guarda alimentos em banheiro e respons\u00e1vel \u00e9 presa"},"content":{"rendered":"<p>Alimentos eram armazenados em um banheiro masculino e n\u00e3o havia nenhum refrigerador para guardar os produtos<\/p>\n<p>Ap\u00f3s uma vistoria da Vigil\u00e2ncia Sanit\u00e1ria e do Minist\u00e9rio P\u00fablico do Rio de Janeiro, a respons\u00e1vel pelo camarote Lounge Sapuca\u00ed, do carnaval carioca, foi presa na noite deste domingo (11). Os agentes descobriram que os alimentos servidos para o p\u00fablico eram preparados em um banheiro masculino ao lado de outros itens. As informa\u00e7\u00f5es s\u00e3o do G1.<\/p>\n<p>No banheiro e no camarote, foram encontrados cerca de 500kg de alimentos, os quais foram descartados pelo grupo de vistoria.  Segundo a promotora de Justi\u00e7a Rosemery Duarte Viana n\u00e3o havia nenhum refrigerador para armazenar os alimentos.<\/p>\n<p>Atrav\u00e9s do X, o perfil do Rio Carnaval reconheceu o ocorrido. &#8220;Reconhecemos que o espa\u00e7o conhecido como Louge Sapuca\u00ed teve seu buffet interditado hoje pela Vigil\u00e2ncia Sanit\u00e1ria durante os desfiles na Marqu\u00eas de Sapuca\u00ed. Este espa\u00e7o est\u00e1 localizado no setor 13 e n\u00e3o possu\u00eda a devida autoriza\u00e7\u00e3o da Liesa para instalar uma cozinha&#8221;, publicou.<\/p>\n<p>Outros camarotes tamb\u00e9m foram vistoriados por agentes do MP-RJ, Instituto Municipal de Vigil\u00e2ncia Sanit\u00e1ria, Vigil\u00e2ncia de Zoonoses e de Inspe\u00e7\u00e3o Agropecu\u00e1ria da Prefeitura do Rio (IVISA-Rio) e da Pol\u00edcia Civil.<\/p>\n<p>Foto: Divulga\u00e7\u00e3o<br \/>\nPor: Metro1 <\/p>\n","protected":false},"excerpt":{"rendered":"<p>Alimentos eram armazenados em um banheiro masculino e n\u00e3o havia nenhum refrigerador para guardar os produtos Ap\u00f3s uma vistoria da<\/p>\n","protected":false},"author":4,"featured_media":12689,"comment_status":"open","ping_status":"open","sticky":false,"template":"","format":"standard","meta":{"colormag_page_container_layout":"default_layout","colormag_page_sidebar_layout":"default_layout","_FSMCFIC_featured_image_caption":"","_FSMCFIC_featured_image_nocaption":"","_FSMCFIC_featured_image_hide":"","footnotes":""},"categories":[2,1],"tags":[],"class_list":["post-12688","post","type-post","status-publish","format-standard","has-post-thumbnail","hentry","category-noticias","category-ultimas"],"yoast_head":"<!-- This site is optimized with the Yoast SEO plugin v27.1.1 - https:\/\/yoast.com\/product\/yoast-seo-wordpress\/ -->\n<title>Camarote na Sapuca\u00ed guarda alimentos em banheiro e respons\u00e1vel \u00e9 presa - Brasil not\u00edcias<\/title>\n<meta name=\"robots\" content=\"index, follow, max-snippet:-1, max-image-preview:large, max-video-preview:-1\" \/>\n<link rel=\"canonical\" href=\"https:\/\/brasilnoticias.org\/site\/camarote-na-sapucai-guarda-alimentos-em-banheiro-e-responsavel-e-presa\/\" \/>\n<meta property=\"og:locale\" content=\"pt_PT\" \/>\n<meta property=\"og:type\" content=\"article\" \/>\n<meta property=\"og:title\" content=\"Camarote na Sapuca\u00ed guarda alimentos em banheiro e respons\u00e1vel \u00e9 presa - Brasil not\u00edcias\" \/>\n<meta property=\"og:description\" content=\"Alimentos eram armazenados em um banheiro masculino e n\u00e3o havia nenhum refrigerador para guardar os produtos Ap\u00f3s uma vistoria da\" \/>\n<meta property=\"og:url\" content=\"https:\/\/brasilnoticias.org\/site\/camarote-na-sapucai-guarda-alimentos-em-banheiro-e-responsavel-e-presa\/\" \/>\n<meta property=\"og:site_name\" content=\"Brasil not\u00edcias\" \/>\n<meta property=\"article:published_time\" content=\"2024-02-12T22:49:15+00:00\" \/>\n<meta property=\"og:image\" content=\"https:\/\/brasilnoticias.org\/site\/wp-content\/uploads\/2024\/02\/146086camarote-na-sapucai-guarda-alimentos-em-banheiro-e-responsavel-e-presa-3.jpg\" \/>\n\t<meta property=\"og:image:width\" content=\"1600\" \/>\n\t<meta property=\"og:image:height\" content=\"752\" \/>\n\t<meta property=\"og:image:type\" content=\"image\/jpeg\" \/>\n<meta name=\"author\" content=\"Reda\u00e7\u00e3o\" \/>\n<meta name=\"twitter:card\" content=\"summary_large_image\" \/>\n<meta name=\"twitter:label1\" content=\"Escrito por\" \/>\n\t<meta name=\"twitter:data1\" content=\"Reda\u00e7\u00e3o\" \/>\n\t<meta name=\"twitter:label2\" content=\"Tempo estimado de leitura\" \/>\n\t<meta name=\"twitter:data2\" content=\"1 minuto\" \/>\n<script type=\"application\/ld+json\" class=\"yoast-schema-graph\">{\"@context\":\"https:\/\/schema.org\",\"@graph\":[{\"@type\":\"Article\",\"@id\":\"https:\/\/brasilnoticias.org\/site\/camarote-na-sapucai-guarda-alimentos-em-banheiro-e-responsavel-e-presa\/#article\",\"isPartOf\":{\"@id\":\"https:\/\/brasilnoticias.org\/site\/camarote-na-sapucai-guarda-alimentos-em-banheiro-e-responsavel-e-presa\/\"},\"author\":{\"name\":\"Reda\u00e7\u00e3o\",\"@id\":\"https:\/\/brasilnoticias.org\/site\/#\/schema\/person\/03bbbfe6c7634ad18c26444ea39049fa\"},\"headline\":\"Camarote na Sapuca\u00ed guarda alimentos em banheiro e respons\u00e1vel \u00e9 presa\",\"datePublished\":\"2024-02-12T22:49:15+00:00\",\"mainEntityOfPage\":{\"@id\":\"https:\/\/brasilnoticias.org\/site\/camarote-na-sapucai-guarda-alimentos-em-banheiro-e-responsavel-e-presa\/\"},\"wordCount\":234,\"commentCount\":0,\"publisher\":{\"@id\":\"https:\/\/brasilnoticias.org\/site\/#organization\"},\"image\":{\"@id\":\"https:\/\/brasilnoticias.org\/site\/camarote-na-sapucai-guarda-alimentos-em-banheiro-e-responsavel-e-presa\/#primaryimage\"},\"thumbnailUrl\":\"https:\/\/brasilnoticias.org\/site\/wp-content\/uploads\/2024\/02\/146086camarote-na-sapucai-guarda-alimentos-em-banheiro-e-responsavel-e-presa-3.jpg\",\"articleSection\":[\"Not\u00edcias\",\"\u00daltimas\"],\"inLanguage\":\"pt-PT\",\"potentialAction\":[{\"@type\":\"CommentAction\",\"name\":\"Comment\",\"target\":[\"https:\/\/brasilnoticias.org\/site\/camarote-na-sapucai-guarda-alimentos-em-banheiro-e-responsavel-e-presa\/#respond\"]}]},{\"@type\":\"WebPage\",\"@id\":\"https:\/\/brasilnoticias.org\/site\/camarote-na-sapucai-guarda-alimentos-em-banheiro-e-responsavel-e-presa\/\",\"url\":\"https:\/\/brasilnoticias.org\/site\/camarote-na-sapucai-guarda-alimentos-em-banheiro-e-responsavel-e-presa\/\",\"name\":\"Camarote na Sapuca\u00ed guarda alimentos em banheiro e respons\u00e1vel \u00e9 presa - Brasil not\u00edcias\",\"isPartOf\":{\"@id\":\"https:\/\/brasilnoticias.org\/site\/#website\"},\"primaryImageOfPage\":{\"@id\":\"https:\/\/brasilnoticias.org\/site\/camarote-na-sapucai-guarda-alimentos-em-banheiro-e-responsavel-e-presa\/#primaryimage\"},\"image\":{\"@id\":\"https:\/\/brasilnoticias.org\/site\/camarote-na-sapucai-guarda-alimentos-em-banheiro-e-responsavel-e-presa\/#primaryimage\"},\"thumbnailUrl\":\"https:\/\/brasilnoticias.org\/site\/wp-content\/uploads\/2024\/02\/146086camarote-na-sapucai-guarda-alimentos-em-banheiro-e-responsavel-e-presa-3.jpg\",\"datePublished\":\"2024-02-12T22:49:15+00:00\",\"breadcrumb\":{\"@id\":\"https:\/\/brasilnoticias.org\/site\/camarote-na-sapucai-guarda-alimentos-em-banheiro-e-responsavel-e-presa\/#breadcrumb\"},\"inLanguage\":\"pt-PT\",\"potentialAction\":[{\"@type\":\"ReadAction\",\"target\":[\"https:\/\/brasilnoticias.org\/site\/camarote-na-sapucai-guarda-alimentos-em-banheiro-e-responsavel-e-presa\/\"]}]},{\"@type\":\"ImageObject\",\"inLanguage\":\"pt-PT\",\"@id\":\"https:\/\/brasilnoticias.org\/site\/camarote-na-sapucai-guarda-alimentos-em-banheiro-e-responsavel-e-presa\/#primaryimage\",\"url\":\"https:\/\/brasilnoticias.org\/site\/wp-content\/uploads\/2024\/02\/146086camarote-na-sapucai-guarda-alimentos-em-banheiro-e-responsavel-e-presa-3.jpg\",\"contentUrl\":\"https:\/\/brasilnoticias.org\/site\/wp-content\/uploads\/2024\/02\/146086camarote-na-sapucai-guarda-alimentos-em-banheiro-e-responsavel-e-presa-3.jpg\",\"width\":1600,\"height\":752},{\"@type\":\"BreadcrumbList\",\"@id\":\"https:\/\/brasilnoticias.org\/site\/camarote-na-sapucai-guarda-alimentos-em-banheiro-e-responsavel-e-presa\/#breadcrumb\",\"itemListElement\":[{\"@type\":\"ListItem\",\"position\":1,\"name\":\"In\u00edcio\",\"item\":\"https:\/\/brasilnoticias.org\/site\/\"},{\"@type\":\"ListItem\",\"position\":2,\"name\":\"Camarote na Sapuca\u00ed guarda alimentos em banheiro e respons\u00e1vel \u00e9 presa\"}]},{\"@type\":\"WebSite\",\"@id\":\"https:\/\/brasilnoticias.org\/site\/#website\",\"url\":\"https:\/\/brasilnoticias.org\/site\/\",\"name\":\"Brasil not\u00edcias\",\"description\":\"Brasil not\u00edcias\",\"publisher\":{\"@id\":\"https:\/\/brasilnoticias.org\/site\/#organization\"},\"potentialAction\":[{\"@type\":\"SearchAction\",\"target\":{\"@type\":\"EntryPoint\",\"urlTemplate\":\"https:\/\/brasilnoticias.org\/site\/?s={search_term_string}\"},\"query-input\":{\"@type\":\"PropertyValueSpecification\",\"valueRequired\":true,\"valueName\":\"search_term_string\"}}],\"inLanguage\":\"pt-PT\"},{\"@type\":\"Organization\",\"@id\":\"https:\/\/brasilnoticias.org\/site\/#organization\",\"name\":\"Brasil not\u00edcias\",\"url\":\"https:\/\/brasilnoticias.org\/site\/\",\"logo\":{\"@type\":\"ImageObject\",\"inLanguage\":\"pt-PT\",\"@id\":\"https:\/\/brasilnoticias.org\/site\/#\/schema\/logo\/image\/\",\"url\":\"https:\/\/brasilnoticias.org\/site\/wp-content\/uploads\/2022\/05\/cropped-brasilnoticias-mini.jpg\",\"contentUrl\":\"https:\/\/brasilnoticias.org\/site\/wp-content\/uploads\/2022\/05\/cropped-brasilnoticias-mini.jpg\",\"width\":314,\"height\":86,\"caption\":\"Brasil not\u00edcias\"},\"image\":{\"@id\":\"https:\/\/brasilnoticias.org\/site\/#\/schema\/logo\/image\/\"}},{\"@type\":\"Person\",\"@id\":\"https:\/\/brasilnoticias.org\/site\/#\/schema\/person\/03bbbfe6c7634ad18c26444ea39049fa\",\"name\":\"Reda\u00e7\u00e3o\",\"image\":{\"@type\":\"ImageObject\",\"inLanguage\":\"pt-PT\",\"@id\":\"https:\/\/brasilnoticias.org\/site\/#\/schema\/person\/image\/\",\"url\":\"https:\/\/secure.gravatar.com\/avatar\/9ecaf7327a696cb23ad926fedded5f1f04d7049de9e445375d55b48c001a6e42?s=96&d=mm&r=g\",\"contentUrl\":\"https:\/\/secure.gravatar.com\/avatar\/9ecaf7327a696cb23ad926fedded5f1f04d7049de9e445375d55b48c001a6e42?s=96&d=mm&r=g\",\"caption\":\"Reda\u00e7\u00e3o\"},\"url\":\"https:\/\/brasilnoticias.org\/site\/author\/henrique\/\"}]}<\/script>\n<!-- \/ Yoast SEO plugin. -->","yoast_head_json":{"title":"Camarote na Sapuca\u00ed guarda alimentos em banheiro e respons\u00e1vel \u00e9 presa - Brasil not\u00edcias","robots":{"index":"index","follow":"follow","max-snippet":"max-snippet:-1","max-image-preview":"max-image-preview:large","max-video-preview":"max-video-preview:-1"},"canonical":"https:\/\/brasilnoticias.org\/site\/camarote-na-sapucai-guarda-alimentos-em-banheiro-e-responsavel-e-presa\/","og_locale":"pt_PT","og_type":"article","og_title":"Camarote na Sapuca\u00ed guarda alimentos em banheiro e respons\u00e1vel \u00e9 presa - Brasil not\u00edcias","og_description":"Alimentos eram armazenados em um banheiro masculino e n\u00e3o havia nenhum refrigerador para guardar os produtos Ap\u00f3s uma vistoria da","og_url":"https:\/\/brasilnoticias.org\/site\/camarote-na-sapucai-guarda-alimentos-em-banheiro-e-responsavel-e-presa\/","og_site_name":"Brasil not\u00edcias","article_published_time":"2024-02-12T22:49:15+00:00","og_image":[{"width":1600,"height":752,"url":"https:\/\/brasilnoticias.org\/site\/wp-content\/uploads\/2024\/02\/146086camarote-na-sapucai-guarda-alimentos-em-banheiro-e-responsavel-e-presa-3.jpg","type":"image\/jpeg"}],"author":"Reda\u00e7\u00e3o","twitter_card":"summary_large_image","twitter_misc":{"Escrito por":"Reda\u00e7\u00e3o","Tempo estimado de leitura":"1 minuto"},"schema":{"@context":"https:\/\/schema.org","@graph":[{"@type":"Article","@id":"https:\/\/brasilnoticias.org\/site\/camarote-na-sapucai-guarda-alimentos-em-banheiro-e-responsavel-e-presa\/#article","isPartOf":{"@id":"https:\/\/brasilnoticias.org\/site\/camarote-na-sapucai-guarda-alimentos-em-banheiro-e-responsavel-e-presa\/"},"author":{"name":"Reda\u00e7\u00e3o","@id":"https:\/\/brasilnoticias.org\/site\/#\/schema\/person\/03bbbfe6c7634ad18c26444ea39049fa"},"headline":"Camarote na Sapuca\u00ed guarda alimentos em banheiro e respons\u00e1vel \u00e9 presa","datePublished":"2024-02-12T22:49:15+00:00","mainEntityOfPage":{"@id":"https:\/\/brasilnoticias.org\/site\/camarote-na-sapucai-guarda-alimentos-em-banheiro-e-responsavel-e-presa\/"},"wordCount":234,"commentCount":0,"publisher":{"@id":"https:\/\/brasilnoticias.org\/site\/#organization"},"image":{"@id":"https:\/\/brasilnoticias.org\/site\/camarote-na-sapucai-guarda-alimentos-em-banheiro-e-responsavel-e-presa\/#primaryimage"},"thumbnailUrl":"https:\/\/brasilnoticias.org\/site\/wp-content\/uploads\/2024\/02\/146086camarote-na-sapucai-guarda-alimentos-em-banheiro-e-responsavel-e-presa-3.jpg","articleSection":["Not\u00edcias","\u00daltimas"],"inLanguage":"pt-PT","potentialAction":[{"@type":"CommentAction","name":"Comment","target":["https:\/\/brasilnoticias.org\/site\/camarote-na-sapucai-guarda-alimentos-em-banheiro-e-responsavel-e-presa\/#respond"]}]},{"@type":"WebPage","@id":"https:\/\/brasilnoticias.org\/site\/camarote-na-sapucai-guarda-alimentos-em-banheiro-e-responsavel-e-presa\/","url":"https:\/\/brasilnoticias.org\/site\/camarote-na-sapucai-guarda-alimentos-em-banheiro-e-responsavel-e-presa\/","name":"Camarote na Sapuca\u00ed guarda alimentos em banheiro e respons\u00e1vel \u00e9 presa - Brasil not\u00edcias","isPartOf":{"@id":"https:\/\/brasilnoticias.org\/site\/#website"},"primaryImageOfPage":{"@id":"https:\/\/brasilnoticias.org\/site\/camarote-na-sapucai-guarda-alimentos-em-banheiro-e-responsavel-e-presa\/#primaryimage"},"image":{"@id":"https:\/\/brasilnoticias.org\/site\/camarote-na-sapucai-guarda-alimentos-em-banheiro-e-responsavel-e-presa\/#primaryimage"},"thumbnailUrl":"https:\/\/brasilnoticias.org\/site\/wp-content\/uploads\/2024\/02\/146086camarote-na-sapucai-guarda-alimentos-em-banheiro-e-responsavel-e-presa-3.jpg","datePublished":"2024-02-12T22:49:15+00:00","breadcrumb":{"@id":"https:\/\/brasilnoticias.org\/site\/camarote-na-sapucai-guarda-alimentos-em-banheiro-e-responsavel-e-presa\/#breadcrumb"},"inLanguage":"pt-PT","potentialAction":[{"@type":"ReadAction","target":["https:\/\/brasilnoticias.org\/site\/camarote-na-sapucai-guarda-alimentos-em-banheiro-e-responsavel-e-presa\/"]}]},{"@type":"ImageObject","inLanguage":"pt-PT","@id":"https:\/\/brasilnoticias.org\/site\/camarote-na-sapucai-guarda-alimentos-em-banheiro-e-responsavel-e-presa\/#primaryimage","url":"https:\/\/brasilnoticias.org\/site\/wp-content\/uploads\/2024\/02\/146086camarote-na-sapucai-guarda-alimentos-em-banheiro-e-responsavel-e-presa-3.jpg","contentUrl":"https:\/\/brasilnoticias.org\/site\/wp-content\/uploads\/2024\/02\/146086camarote-na-sapucai-guarda-alimentos-em-banheiro-e-responsavel-e-presa-3.jpg","width":1600,"height":752},{"@type":"BreadcrumbList","@id":"https:\/\/brasilnoticias.org\/site\/camarote-na-sapucai-guarda-alimentos-em-banheiro-e-responsavel-e-presa\/#breadcrumb","itemListElement":[{"@type":"ListItem","position":1,"name":"In\u00edcio","item":"https:\/\/brasilnoticias.org\/site\/"},{"@type":"ListItem","position":2,"name":"Camarote na Sapuca\u00ed guarda alimentos em banheiro e respons\u00e1vel \u00e9 presa"}]},{"@type":"WebSite","@id":"https:\/\/brasilnoticias.org\/site\/#website","url":"https:\/\/brasilnoticias.org\/site\/","name":"Brasil not\u00edcias","description":"Brasil not\u00edcias","publisher":{"@id":"https:\/\/brasilnoticias.org\/site\/#organization"},"potentialAction":[{"@type":"SearchAction","target":{"@type":"EntryPoint","urlTemplate":"https:\/\/brasilnoticias.org\/site\/?s={search_term_string}"},"query-input":{"@type":"PropertyValueSpecification","valueRequired":true,"valueName":"search_term_string"}}],"inLanguage":"pt-PT"},{"@type":"Organization","@id":"https:\/\/brasilnoticias.org\/site\/#organization","name":"Brasil not\u00edcias","url":"https:\/\/brasilnoticias.org\/site\/","logo":{"@type":"ImageObject","inLanguage":"pt-PT","@id":"https:\/\/brasilnoticias.org\/site\/#\/schema\/logo\/image\/","url":"https:\/\/brasilnoticias.org\/site\/wp-content\/uploads\/2022\/05\/cropped-brasilnoticias-mini.jpg","contentUrl":"https:\/\/brasilnoticias.org\/site\/wp-content\/uploads\/2022\/05\/cropped-brasilnoticias-mini.jpg","width":314,"height":86,"caption":"Brasil not\u00edcias"},"image":{"@id":"https:\/\/brasilnoticias.org\/site\/#\/schema\/logo\/image\/"}},{"@type":"Person","@id":"https:\/\/brasilnoticias.org\/site\/#\/schema\/person\/03bbbfe6c7634ad18c26444ea39049fa","name":"Reda\u00e7\u00e3o","image":{"@type":"ImageObject","inLanguage":"pt-PT","@id":"https:\/\/brasilnoticias.org\/site\/#\/schema\/person\/image\/","url":"https:\/\/secure.gravatar.com\/avatar\/9ecaf7327a696cb23ad926fedded5f1f04d7049de9e445375d55b48c001a6e42?s=96&d=mm&r=g","contentUrl":"https:\/\/secure.gravatar.com\/avatar\/9ecaf7327a696cb23ad926fedded5f1f04d7049de9e445375d55b48c001a6e42?s=96&d=mm&r=g","caption":"Reda\u00e7\u00e3o"},"url":"https:\/\/brasilnoticias.org\/site\/author\/henrique\/"}]}},"_links":{"self":[{"href":"https:\/\/brasilnoticias.org\/site\/wp-json\/wp\/v2\/posts\/12688","targetHints":{"allow":["GET"]}}],"collection":[{"href":"https:\/\/brasilnoticias.org\/site\/wp-json\/wp\/v2\/posts"}],"about":[{"href":"https:\/\/brasilnoticias.org\/site\/wp-json\/wp\/v2\/types\/post"}],"author":[{"embeddable":true,"href":"https:\/\/brasilnoticias.org\/site\/wp-json\/wp\/v2\/users\/4"}],"replies":[{"embeddable":true,"href":"https:\/\/brasilnoticias.org\/site\/wp-json\/wp\/v2\/comments?post=12688"}],"version-history":[{"count":1,"href":"https:\/\/brasilnoticias.org\/site\/wp-json\/wp\/v2\/posts\/12688\/revisions"}],"predecessor-version":[{"id":12690,"href":"https:\/\/brasilnoticias.org\/site\/wp-json\/wp\/v2\/posts\/12688\/revisions\/12690"}],"wp:featuredmedia":[{"embeddable":true,"href":"https:\/\/brasilnoticias.org\/site\/wp-json\/wp\/v2\/media\/12689"}],"wp:attachment":[{"href":"https:\/\/brasilnoticias.org\/site\/wp-json\/wp\/v2\/media?parent=12688"}],"wp:term":[{"taxonomy":"category","embeddable":true,"href":"https:\/\/brasilnoticias.org\/site\/wp-json\/wp\/v2\/categories?post=12688"},{"taxonomy":"post_tag","embeddable":true,"href":"https:\/\/brasilnoticias.org\/site\/wp-json\/wp\/v2\/tags?post=12688"}],"curies":[{"name":"wp","href":"https:\/\/api.w.org\/{rel}","templated":true}]}}