{"id":12698,"date":"2024-02-12T20:01:55","date_gmt":"2024-02-12T23:01:55","guid":{"rendered":"https:\/\/brasilnoticias.org\/site\/?p=12698"},"modified":"2024-02-12T20:01:55","modified_gmt":"2024-02-12T23:01:55","slug":"bruno-reis-destaca-investimentos-no-carnaval-do-centro-o-intuito-e-tornar-esse-circuito-ainda-mais-desejado","status":"publish","type":"post","link":"https:\/\/brasilnoticias.org\/site\/bruno-reis-destaca-investimentos-no-carnaval-do-centro-o-intuito-e-tornar-esse-circuito-ainda-mais-desejado\/","title":{"rendered":"Bruno Reis destaca investimentos no Carnaval do Centro: &#8220;O intuito \u00e9 tornar esse circuito ainda mais desejado&#8221;"},"content":{"rendered":"<p>O prefeito de Salvador, Bruno Reis, destacou nesta segunda-feira (12), o grande investimento feito pela gest\u00e3o municipal nos \u00faltimos dois anos para o fortalecimento do Carnaval no Centro da cidade. Al\u00e9m de valorizar o circuito mais tradicional da festa, o movimento tamb\u00e9m pretende promover uma descentraliza\u00e7\u00e3o da festa, evitando superlota\u00e7\u00e3o de outras \u00e1reas, como ocorreu no s\u00e1bado (10) no circuito Dod\u00f4 (Barra-Ondina).<\/p>\n<p>&#8220;Nossa estrat\u00e9gia em 2023 foi fortalecer o Carnaval aqui do Centro. Em 2024, fortalecemos mais ainda. Fazendo isso, a curto prazo vai deixando de existir a necessidade de remanejar [o Carnaval] para outras \u00e1reas&#8221;, disse o prefeito, ao ser questionado sobre a possibilidade de um novo circuito para a festa.<\/p>\n<p>Al\u00e9m das grandes atra\u00e7\u00f5es contratadas para se apresentar no circuito Osmar e dos novos palcos montados pela Prefeitura na regi\u00e3o, o chefe do Executivo municipal lembrou das recentes obras de requalifica\u00e7\u00e3o no Campo Grande, incluindo a Rua Forte de S\u00e3o Pedro e o Passeio P\u00fablico. A obra ser\u00e1 oficialmente entregue depois do Carnaval, mas j\u00e1 passou por um teste na festa, sem problemas de drenagem em meio \u00e0s fortes chuvas dos \u00faltimos dias. &#8220;O intuito \u00e9 tornar esse circuito ainda mais desejado. Al\u00e9m disso, estamos contratando fortes atra\u00e7\u00f5es. Colocamos cinco palcos no Centro&#8221;, apontou.<\/p>\n<p>O gestor municipal lembrou que, segundo os n\u00fameros da seguran\u00e7a p\u00fablica, mais de 1 milh\u00e3o de pessoas passaram pelos portais de acesso ao circuito Barra-Ondina no s\u00e1bado. &#8220;O s\u00e1bado de Carnaval \u00e9 um dia em que as pessoas j\u00e1 n\u00e3o trabalham mais, muita gente chega em Salvador. Por conta dos trios, dos blocos, foram 13 atra\u00e7\u00f5es de peso na Barra nesse dia&#8221;, disse.<\/p>\n<p>Para o pr\u00f3ximo ano, o prefeito voltou a sugerir um &#8220;super s\u00e1bado&#8221; tamb\u00e9m no Centro da cidade.<\/p>\n<p>Chuva &#8211; Com a melhoria das condi\u00e7\u00f5es clim\u00e1ticas em Salvador, o prefeito previu um movimento maior nos circuitos do Carnaval nesta segunda, em compara\u00e7\u00e3o com o domingo (11). &#8220;Ontem, aqui no Campo Grande, em especial por causa da chuva, o in\u00edcio do desfile acabou n\u00e3o tendo a quantidade de pessoas que n\u00f3s esper\u00e1vamos. Hoje vamos superar isso e amanh\u00e3 ser\u00e1 melhor ainda, at\u00e9 por conta do peso dos artistas que v\u00e3o se apresentar aqui&#8221;, disse.<\/p>\n<p>O movimento no circuito Dod\u00f4 tamb\u00e9m diminuiu no domingo devido \u00e0 chuva. Segundo os n\u00fameros da Seguran\u00e7a P\u00fablica, cerca de 910 mil pessoas passaram pelos portais de acesso ao circuito Barra-Ondina no domingo, aproximadamente 160 mil a menos em rela\u00e7\u00e3o ao s\u00e1bado.<\/p>\n<p>Apesar da chuva, a opera\u00e7\u00e3o funcionou melhor no domingo, pontuou o prefeito. &#8220;Se no s\u00e1bado n\u00f3s tivemos sucessivos imprevistos, ontem, gra\u00e7as a Deus, n\u00e3o ocorreu nenhum, nada que n\u00e3o estivesse sob o nosso controle. Sempre h\u00e1 problemas durante a opera\u00e7\u00e3o dessa festa, pela sua magnitude, mas problemas que a gente corrige de imediato e n\u00e3o comprometem o evento como um todo&#8221;, disse o chefe do Executivo municipal.<\/p>\n<p>Foto: Betto Jr. \/ Secom PMS<\/p>\n","protected":false},"excerpt":{"rendered":"<p>O prefeito de Salvador, Bruno Reis, destacou nesta segunda-feira (12), o grande investimento feito pela gest\u00e3o municipal nos \u00faltimos dois<\/p>\n","protected":false},"author":4,"featured_media":12699,"comment_status":"open","ping_status":"open","sticky":false,"template":"","format":"standard","meta":{"colormag_page_container_layout":"default_layout","colormag_page_sidebar_layout":"default_layout","_FSMCFIC_featured_image_caption":"","_FSMCFIC_featured_image_nocaption":"","_FSMCFIC_featured_image_hide":"","footnotes":""},"categories":[5,1],"tags":[],"class_list":["post-12698","post","type-post","status-publish","format-standard","has-post-thumbnail","hentry","category-politica","category-ultimas"],"yoast_head":"<!-- This site is optimized with the Yoast SEO plugin v27.1.1 - https:\/\/yoast.com\/product\/yoast-seo-wordpress\/ -->\n<title>Bruno Reis destaca investimentos no Carnaval do Centro: &quot;O intuito \u00e9 tornar esse circuito ainda mais desejado&quot; - Brasil not\u00edcias<\/title>\n<meta name=\"robots\" content=\"index, follow, max-snippet:-1, max-image-preview:large, max-video-preview:-1\" \/>\n<link rel=\"canonical\" href=\"https:\/\/brasilnoticias.org\/site\/bruno-reis-destaca-investimentos-no-carnaval-do-centro-o-intuito-e-tornar-esse-circuito-ainda-mais-desejado\/\" \/>\n<meta property=\"og:locale\" content=\"pt_PT\" \/>\n<meta property=\"og:type\" content=\"article\" \/>\n<meta property=\"og:title\" content=\"Bruno Reis destaca investimentos no Carnaval do Centro: &quot;O intuito \u00e9 tornar esse circuito ainda mais desejado&quot; - Brasil not\u00edcias\" \/>\n<meta property=\"og:description\" content=\"O prefeito de Salvador, Bruno Reis, destacou nesta segunda-feira (12), o grande investimento feito pela gest\u00e3o municipal nos \u00faltimos dois\" \/>\n<meta property=\"og:url\" content=\"https:\/\/brasilnoticias.org\/site\/bruno-reis-destaca-investimentos-no-carnaval-do-centro-o-intuito-e-tornar-esse-circuito-ainda-mais-desejado\/\" \/>\n<meta property=\"og:site_name\" content=\"Brasil not\u00edcias\" \/>\n<meta property=\"article:published_time\" content=\"2024-02-12T23:01:55+00:00\" \/>\n<meta property=\"og:image\" content=\"https:\/\/brasilnoticias.org\/site\/wp-content\/uploads\/2024\/02\/Bruno_Reis_Reuniao_Balanco_Carnaval__Foto__Betto_Jr__Secom_PMS-4.webp\" \/>\n\t<meta property=\"og:image:width\" content=\"1050\" \/>\n\t<meta property=\"og:image:height\" content=\"525\" \/>\n\t<meta property=\"og:image:type\" content=\"image\/webp\" \/>\n<meta name=\"author\" content=\"Reda\u00e7\u00e3o\" \/>\n<meta name=\"twitter:card\" content=\"summary_large_image\" \/>\n<meta name=\"twitter:label1\" content=\"Escrito por\" \/>\n\t<meta name=\"twitter:data1\" content=\"Reda\u00e7\u00e3o\" \/>\n\t<meta name=\"twitter:label2\" content=\"Tempo estimado de leitura\" \/>\n\t<meta name=\"twitter:data2\" content=\"1 minuto\" \/>\n<script type=\"application\/ld+json\" class=\"yoast-schema-graph\">{\"@context\":\"https:\/\/schema.org\",\"@graph\":[{\"@type\":\"Article\",\"@id\":\"https:\/\/brasilnoticias.org\/site\/bruno-reis-destaca-investimentos-no-carnaval-do-centro-o-intuito-e-tornar-esse-circuito-ainda-mais-desejado\/#article\",\"isPartOf\":{\"@id\":\"https:\/\/brasilnoticias.org\/site\/bruno-reis-destaca-investimentos-no-carnaval-do-centro-o-intuito-e-tornar-esse-circuito-ainda-mais-desejado\/\"},\"author\":{\"name\":\"Reda\u00e7\u00e3o\",\"@id\":\"https:\/\/brasilnoticias.org\/site\/#\/schema\/person\/03bbbfe6c7634ad18c26444ea39049fa\"},\"headline\":\"Bruno Reis destaca investimentos no Carnaval do Centro: &#8220;O intuito \u00e9 tornar esse circuito ainda mais desejado&#8221;\",\"datePublished\":\"2024-02-12T23:01:55+00:00\",\"mainEntityOfPage\":{\"@id\":\"https:\/\/brasilnoticias.org\/site\/bruno-reis-destaca-investimentos-no-carnaval-do-centro-o-intuito-e-tornar-esse-circuito-ainda-mais-desejado\/\"},\"wordCount\":527,\"commentCount\":0,\"publisher\":{\"@id\":\"https:\/\/brasilnoticias.org\/site\/#organization\"},\"image\":{\"@id\":\"https:\/\/brasilnoticias.org\/site\/bruno-reis-destaca-investimentos-no-carnaval-do-centro-o-intuito-e-tornar-esse-circuito-ainda-mais-desejado\/#primaryimage\"},\"thumbnailUrl\":\"https:\/\/brasilnoticias.org\/site\/wp-content\/uploads\/2024\/02\/Bruno_Reis_Reuniao_Balanco_Carnaval__Foto__Betto_Jr__Secom_PMS-4.webp\",\"articleSection\":[\"Pol\u00edtica\",\"\u00daltimas\"],\"inLanguage\":\"pt-PT\",\"potentialAction\":[{\"@type\":\"CommentAction\",\"name\":\"Comment\",\"target\":[\"https:\/\/brasilnoticias.org\/site\/bruno-reis-destaca-investimentos-no-carnaval-do-centro-o-intuito-e-tornar-esse-circuito-ainda-mais-desejado\/#respond\"]}]},{\"@type\":\"WebPage\",\"@id\":\"https:\/\/brasilnoticias.org\/site\/bruno-reis-destaca-investimentos-no-carnaval-do-centro-o-intuito-e-tornar-esse-circuito-ainda-mais-desejado\/\",\"url\":\"https:\/\/brasilnoticias.org\/site\/bruno-reis-destaca-investimentos-no-carnaval-do-centro-o-intuito-e-tornar-esse-circuito-ainda-mais-desejado\/\",\"name\":\"Bruno Reis destaca investimentos no Carnaval do Centro: \\\"O intuito \u00e9 tornar esse circuito ainda mais desejado\\\" - Brasil not\u00edcias\",\"isPartOf\":{\"@id\":\"https:\/\/brasilnoticias.org\/site\/#website\"},\"primaryImageOfPage\":{\"@id\":\"https:\/\/brasilnoticias.org\/site\/bruno-reis-destaca-investimentos-no-carnaval-do-centro-o-intuito-e-tornar-esse-circuito-ainda-mais-desejado\/#primaryimage\"},\"image\":{\"@id\":\"https:\/\/brasilnoticias.org\/site\/bruno-reis-destaca-investimentos-no-carnaval-do-centro-o-intuito-e-tornar-esse-circuito-ainda-mais-desejado\/#primaryimage\"},\"thumbnailUrl\":\"https:\/\/brasilnoticias.org\/site\/wp-content\/uploads\/2024\/02\/Bruno_Reis_Reuniao_Balanco_Carnaval__Foto__Betto_Jr__Secom_PMS-4.webp\",\"datePublished\":\"2024-02-12T23:01:55+00:00\",\"breadcrumb\":{\"@id\":\"https:\/\/brasilnoticias.org\/site\/bruno-reis-destaca-investimentos-no-carnaval-do-centro-o-intuito-e-tornar-esse-circuito-ainda-mais-desejado\/#breadcrumb\"},\"inLanguage\":\"pt-PT\",\"potentialAction\":[{\"@type\":\"ReadAction\",\"target\":[\"https:\/\/brasilnoticias.org\/site\/bruno-reis-destaca-investimentos-no-carnaval-do-centro-o-intuito-e-tornar-esse-circuito-ainda-mais-desejado\/\"]}]},{\"@type\":\"ImageObject\",\"inLanguage\":\"pt-PT\",\"@id\":\"https:\/\/brasilnoticias.org\/site\/bruno-reis-destaca-investimentos-no-carnaval-do-centro-o-intuito-e-tornar-esse-circuito-ainda-mais-desejado\/#primaryimage\",\"url\":\"https:\/\/brasilnoticias.org\/site\/wp-content\/uploads\/2024\/02\/Bruno_Reis_Reuniao_Balanco_Carnaval__Foto__Betto_Jr__Secom_PMS-4.webp\",\"contentUrl\":\"https:\/\/brasilnoticias.org\/site\/wp-content\/uploads\/2024\/02\/Bruno_Reis_Reuniao_Balanco_Carnaval__Foto__Betto_Jr__Secom_PMS-4.webp\",\"width\":1050,\"height\":525},{\"@type\":\"BreadcrumbList\",\"@id\":\"https:\/\/brasilnoticias.org\/site\/bruno-reis-destaca-investimentos-no-carnaval-do-centro-o-intuito-e-tornar-esse-circuito-ainda-mais-desejado\/#breadcrumb\",\"itemListElement\":[{\"@type\":\"ListItem\",\"position\":1,\"name\":\"In\u00edcio\",\"item\":\"https:\/\/brasilnoticias.org\/site\/\"},{\"@type\":\"ListItem\",\"position\":2,\"name\":\"Bruno Reis destaca investimentos no Carnaval do Centro: &#8220;O intuito \u00e9 tornar esse circuito ainda mais desejado&#8221;\"}]},{\"@type\":\"WebSite\",\"@id\":\"https:\/\/brasilnoticias.org\/site\/#website\",\"url\":\"https:\/\/brasilnoticias.org\/site\/\",\"name\":\"Brasil not\u00edcias\",\"description\":\"Brasil not\u00edcias\",\"publisher\":{\"@id\":\"https:\/\/brasilnoticias.org\/site\/#organization\"},\"potentialAction\":[{\"@type\":\"SearchAction\",\"target\":{\"@type\":\"EntryPoint\",\"urlTemplate\":\"https:\/\/brasilnoticias.org\/site\/?s={search_term_string}\"},\"query-input\":{\"@type\":\"PropertyValueSpecification\",\"valueRequired\":true,\"valueName\":\"search_term_string\"}}],\"inLanguage\":\"pt-PT\"},{\"@type\":\"Organization\",\"@id\":\"https:\/\/brasilnoticias.org\/site\/#organization\",\"name\":\"Brasil not\u00edcias\",\"url\":\"https:\/\/brasilnoticias.org\/site\/\",\"logo\":{\"@type\":\"ImageObject\",\"inLanguage\":\"pt-PT\",\"@id\":\"https:\/\/brasilnoticias.org\/site\/#\/schema\/logo\/image\/\",\"url\":\"https:\/\/brasilnoticias.org\/site\/wp-content\/uploads\/2022\/05\/cropped-brasilnoticias-mini.jpg\",\"contentUrl\":\"https:\/\/brasilnoticias.org\/site\/wp-content\/uploads\/2022\/05\/cropped-brasilnoticias-mini.jpg\",\"width\":314,\"height\":86,\"caption\":\"Brasil not\u00edcias\"},\"image\":{\"@id\":\"https:\/\/brasilnoticias.org\/site\/#\/schema\/logo\/image\/\"}},{\"@type\":\"Person\",\"@id\":\"https:\/\/brasilnoticias.org\/site\/#\/schema\/person\/03bbbfe6c7634ad18c26444ea39049fa\",\"name\":\"Reda\u00e7\u00e3o\",\"image\":{\"@type\":\"ImageObject\",\"inLanguage\":\"pt-PT\",\"@id\":\"https:\/\/brasilnoticias.org\/site\/#\/schema\/person\/image\/\",\"url\":\"https:\/\/secure.gravatar.com\/avatar\/9ecaf7327a696cb23ad926fedded5f1f04d7049de9e445375d55b48c001a6e42?s=96&d=mm&r=g\",\"contentUrl\":\"https:\/\/secure.gravatar.com\/avatar\/9ecaf7327a696cb23ad926fedded5f1f04d7049de9e445375d55b48c001a6e42?s=96&d=mm&r=g\",\"caption\":\"Reda\u00e7\u00e3o\"},\"url\":\"https:\/\/brasilnoticias.org\/site\/author\/henrique\/\"}]}<\/script>\n<!-- \/ Yoast SEO plugin. -->","yoast_head_json":{"title":"Bruno Reis destaca investimentos no Carnaval do Centro: \"O intuito \u00e9 tornar esse circuito ainda mais desejado\" - Brasil not\u00edcias","robots":{"index":"index","follow":"follow","max-snippet":"max-snippet:-1","max-image-preview":"max-image-preview:large","max-video-preview":"max-video-preview:-1"},"canonical":"https:\/\/brasilnoticias.org\/site\/bruno-reis-destaca-investimentos-no-carnaval-do-centro-o-intuito-e-tornar-esse-circuito-ainda-mais-desejado\/","og_locale":"pt_PT","og_type":"article","og_title":"Bruno Reis destaca investimentos no Carnaval do Centro: \"O intuito \u00e9 tornar esse circuito ainda mais desejado\" - Brasil not\u00edcias","og_description":"O prefeito de Salvador, Bruno Reis, destacou nesta segunda-feira (12), o grande investimento feito pela gest\u00e3o municipal nos \u00faltimos dois","og_url":"https:\/\/brasilnoticias.org\/site\/bruno-reis-destaca-investimentos-no-carnaval-do-centro-o-intuito-e-tornar-esse-circuito-ainda-mais-desejado\/","og_site_name":"Brasil not\u00edcias","article_published_time":"2024-02-12T23:01:55+00:00","og_image":[{"width":1050,"height":525,"url":"https:\/\/brasilnoticias.org\/site\/wp-content\/uploads\/2024\/02\/Bruno_Reis_Reuniao_Balanco_Carnaval__Foto__Betto_Jr__Secom_PMS-4.webp","type":"image\/webp"}],"author":"Reda\u00e7\u00e3o","twitter_card":"summary_large_image","twitter_misc":{"Escrito por":"Reda\u00e7\u00e3o","Tempo estimado de leitura":"1 minuto"},"schema":{"@context":"https:\/\/schema.org","@graph":[{"@type":"Article","@id":"https:\/\/brasilnoticias.org\/site\/bruno-reis-destaca-investimentos-no-carnaval-do-centro-o-intuito-e-tornar-esse-circuito-ainda-mais-desejado\/#article","isPartOf":{"@id":"https:\/\/brasilnoticias.org\/site\/bruno-reis-destaca-investimentos-no-carnaval-do-centro-o-intuito-e-tornar-esse-circuito-ainda-mais-desejado\/"},"author":{"name":"Reda\u00e7\u00e3o","@id":"https:\/\/brasilnoticias.org\/site\/#\/schema\/person\/03bbbfe6c7634ad18c26444ea39049fa"},"headline":"Bruno Reis destaca investimentos no Carnaval do Centro: &#8220;O intuito \u00e9 tornar esse circuito ainda mais desejado&#8221;","datePublished":"2024-02-12T23:01:55+00:00","mainEntityOfPage":{"@id":"https:\/\/brasilnoticias.org\/site\/bruno-reis-destaca-investimentos-no-carnaval-do-centro-o-intuito-e-tornar-esse-circuito-ainda-mais-desejado\/"},"wordCount":527,"commentCount":0,"publisher":{"@id":"https:\/\/brasilnoticias.org\/site\/#organization"},"image":{"@id":"https:\/\/brasilnoticias.org\/site\/bruno-reis-destaca-investimentos-no-carnaval-do-centro-o-intuito-e-tornar-esse-circuito-ainda-mais-desejado\/#primaryimage"},"thumbnailUrl":"https:\/\/brasilnoticias.org\/site\/wp-content\/uploads\/2024\/02\/Bruno_Reis_Reuniao_Balanco_Carnaval__Foto__Betto_Jr__Secom_PMS-4.webp","articleSection":["Pol\u00edtica","\u00daltimas"],"inLanguage":"pt-PT","potentialAction":[{"@type":"CommentAction","name":"Comment","target":["https:\/\/brasilnoticias.org\/site\/bruno-reis-destaca-investimentos-no-carnaval-do-centro-o-intuito-e-tornar-esse-circuito-ainda-mais-desejado\/#respond"]}]},{"@type":"WebPage","@id":"https:\/\/brasilnoticias.org\/site\/bruno-reis-destaca-investimentos-no-carnaval-do-centro-o-intuito-e-tornar-esse-circuito-ainda-mais-desejado\/","url":"https:\/\/brasilnoticias.org\/site\/bruno-reis-destaca-investimentos-no-carnaval-do-centro-o-intuito-e-tornar-esse-circuito-ainda-mais-desejado\/","name":"Bruno Reis destaca investimentos no Carnaval do Centro: \"O intuito \u00e9 tornar esse circuito ainda mais desejado\" - Brasil not\u00edcias","isPartOf":{"@id":"https:\/\/brasilnoticias.org\/site\/#website"},"primaryImageOfPage":{"@id":"https:\/\/brasilnoticias.org\/site\/bruno-reis-destaca-investimentos-no-carnaval-do-centro-o-intuito-e-tornar-esse-circuito-ainda-mais-desejado\/#primaryimage"},"image":{"@id":"https:\/\/brasilnoticias.org\/site\/bruno-reis-destaca-investimentos-no-carnaval-do-centro-o-intuito-e-tornar-esse-circuito-ainda-mais-desejado\/#primaryimage"},"thumbnailUrl":"https:\/\/brasilnoticias.org\/site\/wp-content\/uploads\/2024\/02\/Bruno_Reis_Reuniao_Balanco_Carnaval__Foto__Betto_Jr__Secom_PMS-4.webp","datePublished":"2024-02-12T23:01:55+00:00","breadcrumb":{"@id":"https:\/\/brasilnoticias.org\/site\/bruno-reis-destaca-investimentos-no-carnaval-do-centro-o-intuito-e-tornar-esse-circuito-ainda-mais-desejado\/#breadcrumb"},"inLanguage":"pt-PT","potentialAction":[{"@type":"ReadAction","target":["https:\/\/brasilnoticias.org\/site\/bruno-reis-destaca-investimentos-no-carnaval-do-centro-o-intuito-e-tornar-esse-circuito-ainda-mais-desejado\/"]}]},{"@type":"ImageObject","inLanguage":"pt-PT","@id":"https:\/\/brasilnoticias.org\/site\/bruno-reis-destaca-investimentos-no-carnaval-do-centro-o-intuito-e-tornar-esse-circuito-ainda-mais-desejado\/#primaryimage","url":"https:\/\/brasilnoticias.org\/site\/wp-content\/uploads\/2024\/02\/Bruno_Reis_Reuniao_Balanco_Carnaval__Foto__Betto_Jr__Secom_PMS-4.webp","contentUrl":"https:\/\/brasilnoticias.org\/site\/wp-content\/uploads\/2024\/02\/Bruno_Reis_Reuniao_Balanco_Carnaval__Foto__Betto_Jr__Secom_PMS-4.webp","width":1050,"height":525},{"@type":"BreadcrumbList","@id":"https:\/\/brasilnoticias.org\/site\/bruno-reis-destaca-investimentos-no-carnaval-do-centro-o-intuito-e-tornar-esse-circuito-ainda-mais-desejado\/#breadcrumb","itemListElement":[{"@type":"ListItem","position":1,"name":"In\u00edcio","item":"https:\/\/brasilnoticias.org\/site\/"},{"@type":"ListItem","position":2,"name":"Bruno Reis destaca investimentos no Carnaval do Centro: &#8220;O intuito \u00e9 tornar esse circuito ainda mais desejado&#8221;"}]},{"@type":"WebSite","@id":"https:\/\/brasilnoticias.org\/site\/#website","url":"https:\/\/brasilnoticias.org\/site\/","name":"Brasil not\u00edcias","description":"Brasil not\u00edcias","publisher":{"@id":"https:\/\/brasilnoticias.org\/site\/#organization"},"potentialAction":[{"@type":"SearchAction","target":{"@type":"EntryPoint","urlTemplate":"https:\/\/brasilnoticias.org\/site\/?s={search_term_string}"},"query-input":{"@type":"PropertyValueSpecification","valueRequired":true,"valueName":"search_term_string"}}],"inLanguage":"pt-PT"},{"@type":"Organization","@id":"https:\/\/brasilnoticias.org\/site\/#organization","name":"Brasil not\u00edcias","url":"https:\/\/brasilnoticias.org\/site\/","logo":{"@type":"ImageObject","inLanguage":"pt-PT","@id":"https:\/\/brasilnoticias.org\/site\/#\/schema\/logo\/image\/","url":"https:\/\/brasilnoticias.org\/site\/wp-content\/uploads\/2022\/05\/cropped-brasilnoticias-mini.jpg","contentUrl":"https:\/\/brasilnoticias.org\/site\/wp-content\/uploads\/2022\/05\/cropped-brasilnoticias-mini.jpg","width":314,"height":86,"caption":"Brasil not\u00edcias"},"image":{"@id":"https:\/\/brasilnoticias.org\/site\/#\/schema\/logo\/image\/"}},{"@type":"Person","@id":"https:\/\/brasilnoticias.org\/site\/#\/schema\/person\/03bbbfe6c7634ad18c26444ea39049fa","name":"Reda\u00e7\u00e3o","image":{"@type":"ImageObject","inLanguage":"pt-PT","@id":"https:\/\/brasilnoticias.org\/site\/#\/schema\/person\/image\/","url":"https:\/\/secure.gravatar.com\/avatar\/9ecaf7327a696cb23ad926fedded5f1f04d7049de9e445375d55b48c001a6e42?s=96&d=mm&r=g","contentUrl":"https:\/\/secure.gravatar.com\/avatar\/9ecaf7327a696cb23ad926fedded5f1f04d7049de9e445375d55b48c001a6e42?s=96&d=mm&r=g","caption":"Reda\u00e7\u00e3o"},"url":"https:\/\/brasilnoticias.org\/site\/author\/henrique\/"}]}},"_links":{"self":[{"href":"https:\/\/brasilnoticias.org\/site\/wp-json\/wp\/v2\/posts\/12698","targetHints":{"allow":["GET"]}}],"collection":[{"href":"https:\/\/brasilnoticias.org\/site\/wp-json\/wp\/v2\/posts"}],"about":[{"href":"https:\/\/brasilnoticias.org\/site\/wp-json\/wp\/v2\/types\/post"}],"author":[{"embeddable":true,"href":"https:\/\/brasilnoticias.org\/site\/wp-json\/wp\/v2\/users\/4"}],"replies":[{"embeddable":true,"href":"https:\/\/brasilnoticias.org\/site\/wp-json\/wp\/v2\/comments?post=12698"}],"version-history":[{"count":1,"href":"https:\/\/brasilnoticias.org\/site\/wp-json\/wp\/v2\/posts\/12698\/revisions"}],"predecessor-version":[{"id":12700,"href":"https:\/\/brasilnoticias.org\/site\/wp-json\/wp\/v2\/posts\/12698\/revisions\/12700"}],"wp:featuredmedia":[{"embeddable":true,"href":"https:\/\/brasilnoticias.org\/site\/wp-json\/wp\/v2\/media\/12699"}],"wp:attachment":[{"href":"https:\/\/brasilnoticias.org\/site\/wp-json\/wp\/v2\/media?parent=12698"}],"wp:term":[{"taxonomy":"category","embeddable":true,"href":"https:\/\/brasilnoticias.org\/site\/wp-json\/wp\/v2\/categories?post=12698"},{"taxonomy":"post_tag","embeddable":true,"href":"https:\/\/brasilnoticias.org\/site\/wp-json\/wp\/v2\/tags?post=12698"}],"curies":[{"name":"wp","href":"https:\/\/api.w.org\/{rel}","templated":true}]}}