{"id":12701,"date":"2024-02-12T20:03:40","date_gmt":"2024-02-12T23:03:40","guid":{"rendered":"https:\/\/brasilnoticias.org\/site\/?p=12701"},"modified":"2024-02-12T20:03:40","modified_gmt":"2024-02-12T23:03:40","slug":"tradicional-e-irreverente-mudanca-do-garcia-leva-milhares-de-folioes-as-ruas-nesta-segunda-feira-12","status":"publish","type":"post","link":"https:\/\/brasilnoticias.org\/site\/tradicional-e-irreverente-mudanca-do-garcia-leva-milhares-de-folioes-as-ruas-nesta-segunda-feira-12\/","title":{"rendered":"Tradicional e irreverente Mudan\u00e7a do Garcia leva milhares de foli\u00f5es \u00e0s ruas nesta segunda-feira (12)"},"content":{"rendered":"<p>Chegou a segunda-feira de Carnaval em Salvador e, com ela, como de costume, a Mudan\u00e7a do Garcia. Com quase um s\u00e9culo de exist\u00eancia, o tradicional e irreverente movimento voltou \u00e0s ruas, neste dia 12, levando muito samba e protesto para o Circuito Riach\u00e3o, do final de linha do Garcia at\u00e9 a Passarela Nelson Maleiro, no Campo Grande. O tema escolhido para a folia deste ano \u00e9 &#8220;Patrim\u00f4nio Imaterial da Bahia&#8221;.<\/p>\n<p>Moradores do Garcia, turistas e soteropolitanos de todas as regi\u00f5es da cidade se juntaram ao bloco. Fanfarras, trios independentes, grupos de samba e movimentos sociais desfilaram pelo percurso levantando bandeiras como a valoriza\u00e7\u00e3o \u00e0 educa\u00e7\u00e3o p\u00fablica, combate ao racismo e a promo\u00e7\u00e3o da paz e cultura.<\/p>\n<p>Jos\u00e9 L\u00e1zaro Peixoto, morador do tradicional bairro soteropolitano, conta que participa da Mudan\u00e7a do Garcia h\u00e1 mais de 30 anos. &#8220;Para n\u00f3s, moradores aqui da comunidade, a Mudan\u00e7a \u00e9 motivo de muito orgulho. Al\u00e9m da alegria que o movimento traz, podemos nos manifestar e protestar em rela\u00e7\u00e3o \u00e0 pol\u00edtica e tudo que est\u00e1 acontecendo. Aqui voc\u00ea v\u00ea moradores, estudantes universit\u00e1rios, m\u00fasicos, todas as classes sociais, todos juntos fazendo a caminhada. Sou apaixonado pelo movimento e, para mim, o melhor dia do Carnaval \u00e9 o da Mudan\u00e7a do Garcia&#8221;.<\/p>\n<p>&#8220;\u00c9 bonito ver o poder p\u00fablico apoiando movimentos como a Mudan\u00e7a do Garcia. Temos que fortalecer esse movimento cada vez mais por ele representar uma boa parte da hist\u00f3ria da nossa cidade. Voc\u00ea n\u00e3o v\u00ea uma briga, uma confus\u00e3o, \u00e9 gostoso demais participar deste ato&#8221;, completou Jos\u00e9.<\/p>\n<p>O bloco surgiu em 1926 com o nome Arranca-Tocos, criado por ex-policiais. Na d\u00e9cada de 1950, o movimento ganhou o nome de Mudan\u00e7a do Garcia. Para o advogado Richard Lacrose de Almeida, o investimento por parte do poder p\u00fablico se faz necess\u00e1rio para fortalecer ainda mais a tradi\u00e7\u00e3o do ato nos pr\u00f3ximos carnavais.<\/p>\n<p>&#8220;A mudan\u00e7a \u00e9 important\u00edssima para a nossa folia. Vimos hoje muitas manifesta\u00e7\u00f5es populares necess\u00e1rias para a sociedade, com pautas extremamente importantes. \u00c9 uma festa cultural popular e por isso se faz necess\u00e1rio o envolvimento dos entes p\u00fablicos neste cuidado com a tradi\u00e7\u00e3o&#8221;, avaliou.<\/p>\n<p>Foto: Joka Gueiros\/ Secom PMS<\/p>\n","protected":false},"excerpt":{"rendered":"<p>Chegou a segunda-feira de Carnaval em Salvador e, com ela, como de costume, a Mudan\u00e7a do Garcia. Com quase um<\/p>\n","protected":false},"author":4,"featured_media":12702,"comment_status":"open","ping_status":"open","sticky":false,"template":"","format":"standard","meta":{"colormag_page_container_layout":"default_layout","colormag_page_sidebar_layout":"default_layout","_FSMCFIC_featured_image_caption":"","_FSMCFIC_featured_image_nocaption":"","_FSMCFIC_featured_image_hide":"","footnotes":""},"categories":[2,1],"tags":[],"class_list":["post-12701","post","type-post","status-publish","format-standard","has-post-thumbnail","hentry","category-noticias","category-ultimas"],"yoast_head":"<!-- This site is optimized with the Yoast SEO plugin v27.1.1 - https:\/\/yoast.com\/product\/yoast-seo-wordpress\/ -->\n<title>Tradicional e irreverente Mudan\u00e7a do Garcia leva milhares de foli\u00f5es \u00e0s ruas nesta segunda-feira (12) - Brasil not\u00edcias<\/title>\n<meta name=\"robots\" content=\"index, follow, max-snippet:-1, max-image-preview:large, max-video-preview:-1\" \/>\n<link rel=\"canonical\" href=\"https:\/\/brasilnoticias.org\/site\/tradicional-e-irreverente-mudanca-do-garcia-leva-milhares-de-folioes-as-ruas-nesta-segunda-feira-12\/\" \/>\n<meta property=\"og:locale\" content=\"pt_PT\" \/>\n<meta property=\"og:type\" content=\"article\" \/>\n<meta property=\"og:title\" content=\"Tradicional e irreverente Mudan\u00e7a do Garcia leva milhares de foli\u00f5es \u00e0s ruas nesta segunda-feira (12) - Brasil not\u00edcias\" \/>\n<meta property=\"og:description\" content=\"Chegou a segunda-feira de Carnaval em Salvador e, com ela, como de costume, a Mudan\u00e7a do Garcia. Com quase um\" \/>\n<meta property=\"og:url\" content=\"https:\/\/brasilnoticias.org\/site\/tradicional-e-irreverente-mudanca-do-garcia-leva-milhares-de-folioes-as-ruas-nesta-segunda-feira-12\/\" \/>\n<meta property=\"og:site_name\" content=\"Brasil not\u00edcias\" \/>\n<meta property=\"article:published_time\" content=\"2024-02-12T23:03:40+00:00\" \/>\n<meta property=\"og:image\" content=\"https:\/\/brasilnoticias.org\/site\/wp-content\/uploads\/2024\/02\/IMAGEM_NOTICIA_0.jpg\" \/>\n\t<meta property=\"og:image:width\" content=\"850\" \/>\n\t<meta property=\"og:image:height\" content=\"400\" \/>\n\t<meta property=\"og:image:type\" content=\"image\/jpeg\" \/>\n<meta name=\"author\" content=\"Reda\u00e7\u00e3o\" \/>\n<meta name=\"twitter:card\" content=\"summary_large_image\" \/>\n<meta name=\"twitter:label1\" content=\"Escrito por\" \/>\n\t<meta name=\"twitter:data1\" content=\"Reda\u00e7\u00e3o\" \/>\n\t<meta name=\"twitter:label2\" content=\"Tempo estimado de leitura\" \/>\n\t<meta name=\"twitter:data2\" content=\"1 minuto\" \/>\n<script type=\"application\/ld+json\" class=\"yoast-schema-graph\">{\"@context\":\"https:\/\/schema.org\",\"@graph\":[{\"@type\":\"Article\",\"@id\":\"https:\/\/brasilnoticias.org\/site\/tradicional-e-irreverente-mudanca-do-garcia-leva-milhares-de-folioes-as-ruas-nesta-segunda-feira-12\/#article\",\"isPartOf\":{\"@id\":\"https:\/\/brasilnoticias.org\/site\/tradicional-e-irreverente-mudanca-do-garcia-leva-milhares-de-folioes-as-ruas-nesta-segunda-feira-12\/\"},\"author\":{\"name\":\"Reda\u00e7\u00e3o\",\"@id\":\"https:\/\/brasilnoticias.org\/site\/#\/schema\/person\/03bbbfe6c7634ad18c26444ea39049fa\"},\"headline\":\"Tradicional e irreverente Mudan\u00e7a do Garcia leva milhares de foli\u00f5es \u00e0s ruas nesta segunda-feira (12)\",\"datePublished\":\"2024-02-12T23:03:40+00:00\",\"mainEntityOfPage\":{\"@id\":\"https:\/\/brasilnoticias.org\/site\/tradicional-e-irreverente-mudanca-do-garcia-leva-milhares-de-folioes-as-ruas-nesta-segunda-feira-12\/\"},\"wordCount\":393,\"commentCount\":0,\"publisher\":{\"@id\":\"https:\/\/brasilnoticias.org\/site\/#organization\"},\"image\":{\"@id\":\"https:\/\/brasilnoticias.org\/site\/tradicional-e-irreverente-mudanca-do-garcia-leva-milhares-de-folioes-as-ruas-nesta-segunda-feira-12\/#primaryimage\"},\"thumbnailUrl\":\"https:\/\/brasilnoticias.org\/site\/wp-content\/uploads\/2024\/02\/IMAGEM_NOTICIA_0.jpg\",\"articleSection\":[\"Not\u00edcias\",\"\u00daltimas\"],\"inLanguage\":\"pt-PT\",\"potentialAction\":[{\"@type\":\"CommentAction\",\"name\":\"Comment\",\"target\":[\"https:\/\/brasilnoticias.org\/site\/tradicional-e-irreverente-mudanca-do-garcia-leva-milhares-de-folioes-as-ruas-nesta-segunda-feira-12\/#respond\"]}]},{\"@type\":\"WebPage\",\"@id\":\"https:\/\/brasilnoticias.org\/site\/tradicional-e-irreverente-mudanca-do-garcia-leva-milhares-de-folioes-as-ruas-nesta-segunda-feira-12\/\",\"url\":\"https:\/\/brasilnoticias.org\/site\/tradicional-e-irreverente-mudanca-do-garcia-leva-milhares-de-folioes-as-ruas-nesta-segunda-feira-12\/\",\"name\":\"Tradicional e irreverente Mudan\u00e7a do Garcia leva milhares de foli\u00f5es \u00e0s ruas nesta segunda-feira (12) - Brasil not\u00edcias\",\"isPartOf\":{\"@id\":\"https:\/\/brasilnoticias.org\/site\/#website\"},\"primaryImageOfPage\":{\"@id\":\"https:\/\/brasilnoticias.org\/site\/tradicional-e-irreverente-mudanca-do-garcia-leva-milhares-de-folioes-as-ruas-nesta-segunda-feira-12\/#primaryimage\"},\"image\":{\"@id\":\"https:\/\/brasilnoticias.org\/site\/tradicional-e-irreverente-mudanca-do-garcia-leva-milhares-de-folioes-as-ruas-nesta-segunda-feira-12\/#primaryimage\"},\"thumbnailUrl\":\"https:\/\/brasilnoticias.org\/site\/wp-content\/uploads\/2024\/02\/IMAGEM_NOTICIA_0.jpg\",\"datePublished\":\"2024-02-12T23:03:40+00:00\",\"breadcrumb\":{\"@id\":\"https:\/\/brasilnoticias.org\/site\/tradicional-e-irreverente-mudanca-do-garcia-leva-milhares-de-folioes-as-ruas-nesta-segunda-feira-12\/#breadcrumb\"},\"inLanguage\":\"pt-PT\",\"potentialAction\":[{\"@type\":\"ReadAction\",\"target\":[\"https:\/\/brasilnoticias.org\/site\/tradicional-e-irreverente-mudanca-do-garcia-leva-milhares-de-folioes-as-ruas-nesta-segunda-feira-12\/\"]}]},{\"@type\":\"ImageObject\",\"inLanguage\":\"pt-PT\",\"@id\":\"https:\/\/brasilnoticias.org\/site\/tradicional-e-irreverente-mudanca-do-garcia-leva-milhares-de-folioes-as-ruas-nesta-segunda-feira-12\/#primaryimage\",\"url\":\"https:\/\/brasilnoticias.org\/site\/wp-content\/uploads\/2024\/02\/IMAGEM_NOTICIA_0.jpg\",\"contentUrl\":\"https:\/\/brasilnoticias.org\/site\/wp-content\/uploads\/2024\/02\/IMAGEM_NOTICIA_0.jpg\",\"width\":850,\"height\":400},{\"@type\":\"BreadcrumbList\",\"@id\":\"https:\/\/brasilnoticias.org\/site\/tradicional-e-irreverente-mudanca-do-garcia-leva-milhares-de-folioes-as-ruas-nesta-segunda-feira-12\/#breadcrumb\",\"itemListElement\":[{\"@type\":\"ListItem\",\"position\":1,\"name\":\"In\u00edcio\",\"item\":\"https:\/\/brasilnoticias.org\/site\/\"},{\"@type\":\"ListItem\",\"position\":2,\"name\":\"Tradicional e irreverente Mudan\u00e7a do Garcia leva milhares de foli\u00f5es \u00e0s ruas nesta segunda-feira (12)\"}]},{\"@type\":\"WebSite\",\"@id\":\"https:\/\/brasilnoticias.org\/site\/#website\",\"url\":\"https:\/\/brasilnoticias.org\/site\/\",\"name\":\"Brasil not\u00edcias\",\"description\":\"Brasil not\u00edcias\",\"publisher\":{\"@id\":\"https:\/\/brasilnoticias.org\/site\/#organization\"},\"potentialAction\":[{\"@type\":\"SearchAction\",\"target\":{\"@type\":\"EntryPoint\",\"urlTemplate\":\"https:\/\/brasilnoticias.org\/site\/?s={search_term_string}\"},\"query-input\":{\"@type\":\"PropertyValueSpecification\",\"valueRequired\":true,\"valueName\":\"search_term_string\"}}],\"inLanguage\":\"pt-PT\"},{\"@type\":\"Organization\",\"@id\":\"https:\/\/brasilnoticias.org\/site\/#organization\",\"name\":\"Brasil not\u00edcias\",\"url\":\"https:\/\/brasilnoticias.org\/site\/\",\"logo\":{\"@type\":\"ImageObject\",\"inLanguage\":\"pt-PT\",\"@id\":\"https:\/\/brasilnoticias.org\/site\/#\/schema\/logo\/image\/\",\"url\":\"https:\/\/brasilnoticias.org\/site\/wp-content\/uploads\/2022\/05\/cropped-brasilnoticias-mini.jpg\",\"contentUrl\":\"https:\/\/brasilnoticias.org\/site\/wp-content\/uploads\/2022\/05\/cropped-brasilnoticias-mini.jpg\",\"width\":314,\"height\":86,\"caption\":\"Brasil not\u00edcias\"},\"image\":{\"@id\":\"https:\/\/brasilnoticias.org\/site\/#\/schema\/logo\/image\/\"}},{\"@type\":\"Person\",\"@id\":\"https:\/\/brasilnoticias.org\/site\/#\/schema\/person\/03bbbfe6c7634ad18c26444ea39049fa\",\"name\":\"Reda\u00e7\u00e3o\",\"image\":{\"@type\":\"ImageObject\",\"inLanguage\":\"pt-PT\",\"@id\":\"https:\/\/brasilnoticias.org\/site\/#\/schema\/person\/image\/\",\"url\":\"https:\/\/secure.gravatar.com\/avatar\/9ecaf7327a696cb23ad926fedded5f1f04d7049de9e445375d55b48c001a6e42?s=96&d=mm&r=g\",\"contentUrl\":\"https:\/\/secure.gravatar.com\/avatar\/9ecaf7327a696cb23ad926fedded5f1f04d7049de9e445375d55b48c001a6e42?s=96&d=mm&r=g\",\"caption\":\"Reda\u00e7\u00e3o\"},\"url\":\"https:\/\/brasilnoticias.org\/site\/author\/henrique\/\"}]}<\/script>\n<!-- \/ Yoast SEO plugin. -->","yoast_head_json":{"title":"Tradicional e irreverente Mudan\u00e7a do Garcia leva milhares de foli\u00f5es \u00e0s ruas nesta segunda-feira (12) - Brasil not\u00edcias","robots":{"index":"index","follow":"follow","max-snippet":"max-snippet:-1","max-image-preview":"max-image-preview:large","max-video-preview":"max-video-preview:-1"},"canonical":"https:\/\/brasilnoticias.org\/site\/tradicional-e-irreverente-mudanca-do-garcia-leva-milhares-de-folioes-as-ruas-nesta-segunda-feira-12\/","og_locale":"pt_PT","og_type":"article","og_title":"Tradicional e irreverente Mudan\u00e7a do Garcia leva milhares de foli\u00f5es \u00e0s ruas nesta segunda-feira (12) - Brasil not\u00edcias","og_description":"Chegou a segunda-feira de Carnaval em Salvador e, com ela, como de costume, a Mudan\u00e7a do Garcia. Com quase um","og_url":"https:\/\/brasilnoticias.org\/site\/tradicional-e-irreverente-mudanca-do-garcia-leva-milhares-de-folioes-as-ruas-nesta-segunda-feira-12\/","og_site_name":"Brasil not\u00edcias","article_published_time":"2024-02-12T23:03:40+00:00","og_image":[{"width":850,"height":400,"url":"https:\/\/brasilnoticias.org\/site\/wp-content\/uploads\/2024\/02\/IMAGEM_NOTICIA_0.jpg","type":"image\/jpeg"}],"author":"Reda\u00e7\u00e3o","twitter_card":"summary_large_image","twitter_misc":{"Escrito por":"Reda\u00e7\u00e3o","Tempo estimado de leitura":"1 minuto"},"schema":{"@context":"https:\/\/schema.org","@graph":[{"@type":"Article","@id":"https:\/\/brasilnoticias.org\/site\/tradicional-e-irreverente-mudanca-do-garcia-leva-milhares-de-folioes-as-ruas-nesta-segunda-feira-12\/#article","isPartOf":{"@id":"https:\/\/brasilnoticias.org\/site\/tradicional-e-irreverente-mudanca-do-garcia-leva-milhares-de-folioes-as-ruas-nesta-segunda-feira-12\/"},"author":{"name":"Reda\u00e7\u00e3o","@id":"https:\/\/brasilnoticias.org\/site\/#\/schema\/person\/03bbbfe6c7634ad18c26444ea39049fa"},"headline":"Tradicional e irreverente Mudan\u00e7a do Garcia leva milhares de foli\u00f5es \u00e0s ruas nesta segunda-feira (12)","datePublished":"2024-02-12T23:03:40+00:00","mainEntityOfPage":{"@id":"https:\/\/brasilnoticias.org\/site\/tradicional-e-irreverente-mudanca-do-garcia-leva-milhares-de-folioes-as-ruas-nesta-segunda-feira-12\/"},"wordCount":393,"commentCount":0,"publisher":{"@id":"https:\/\/brasilnoticias.org\/site\/#organization"},"image":{"@id":"https:\/\/brasilnoticias.org\/site\/tradicional-e-irreverente-mudanca-do-garcia-leva-milhares-de-folioes-as-ruas-nesta-segunda-feira-12\/#primaryimage"},"thumbnailUrl":"https:\/\/brasilnoticias.org\/site\/wp-content\/uploads\/2024\/02\/IMAGEM_NOTICIA_0.jpg","articleSection":["Not\u00edcias","\u00daltimas"],"inLanguage":"pt-PT","potentialAction":[{"@type":"CommentAction","name":"Comment","target":["https:\/\/brasilnoticias.org\/site\/tradicional-e-irreverente-mudanca-do-garcia-leva-milhares-de-folioes-as-ruas-nesta-segunda-feira-12\/#respond"]}]},{"@type":"WebPage","@id":"https:\/\/brasilnoticias.org\/site\/tradicional-e-irreverente-mudanca-do-garcia-leva-milhares-de-folioes-as-ruas-nesta-segunda-feira-12\/","url":"https:\/\/brasilnoticias.org\/site\/tradicional-e-irreverente-mudanca-do-garcia-leva-milhares-de-folioes-as-ruas-nesta-segunda-feira-12\/","name":"Tradicional e irreverente Mudan\u00e7a do Garcia leva milhares de foli\u00f5es \u00e0s ruas nesta segunda-feira (12) - Brasil not\u00edcias","isPartOf":{"@id":"https:\/\/brasilnoticias.org\/site\/#website"},"primaryImageOfPage":{"@id":"https:\/\/brasilnoticias.org\/site\/tradicional-e-irreverente-mudanca-do-garcia-leva-milhares-de-folioes-as-ruas-nesta-segunda-feira-12\/#primaryimage"},"image":{"@id":"https:\/\/brasilnoticias.org\/site\/tradicional-e-irreverente-mudanca-do-garcia-leva-milhares-de-folioes-as-ruas-nesta-segunda-feira-12\/#primaryimage"},"thumbnailUrl":"https:\/\/brasilnoticias.org\/site\/wp-content\/uploads\/2024\/02\/IMAGEM_NOTICIA_0.jpg","datePublished":"2024-02-12T23:03:40+00:00","breadcrumb":{"@id":"https:\/\/brasilnoticias.org\/site\/tradicional-e-irreverente-mudanca-do-garcia-leva-milhares-de-folioes-as-ruas-nesta-segunda-feira-12\/#breadcrumb"},"inLanguage":"pt-PT","potentialAction":[{"@type":"ReadAction","target":["https:\/\/brasilnoticias.org\/site\/tradicional-e-irreverente-mudanca-do-garcia-leva-milhares-de-folioes-as-ruas-nesta-segunda-feira-12\/"]}]},{"@type":"ImageObject","inLanguage":"pt-PT","@id":"https:\/\/brasilnoticias.org\/site\/tradicional-e-irreverente-mudanca-do-garcia-leva-milhares-de-folioes-as-ruas-nesta-segunda-feira-12\/#primaryimage","url":"https:\/\/brasilnoticias.org\/site\/wp-content\/uploads\/2024\/02\/IMAGEM_NOTICIA_0.jpg","contentUrl":"https:\/\/brasilnoticias.org\/site\/wp-content\/uploads\/2024\/02\/IMAGEM_NOTICIA_0.jpg","width":850,"height":400},{"@type":"BreadcrumbList","@id":"https:\/\/brasilnoticias.org\/site\/tradicional-e-irreverente-mudanca-do-garcia-leva-milhares-de-folioes-as-ruas-nesta-segunda-feira-12\/#breadcrumb","itemListElement":[{"@type":"ListItem","position":1,"name":"In\u00edcio","item":"https:\/\/brasilnoticias.org\/site\/"},{"@type":"ListItem","position":2,"name":"Tradicional e irreverente Mudan\u00e7a do Garcia leva milhares de foli\u00f5es \u00e0s ruas nesta segunda-feira (12)"}]},{"@type":"WebSite","@id":"https:\/\/brasilnoticias.org\/site\/#website","url":"https:\/\/brasilnoticias.org\/site\/","name":"Brasil not\u00edcias","description":"Brasil not\u00edcias","publisher":{"@id":"https:\/\/brasilnoticias.org\/site\/#organization"},"potentialAction":[{"@type":"SearchAction","target":{"@type":"EntryPoint","urlTemplate":"https:\/\/brasilnoticias.org\/site\/?s={search_term_string}"},"query-input":{"@type":"PropertyValueSpecification","valueRequired":true,"valueName":"search_term_string"}}],"inLanguage":"pt-PT"},{"@type":"Organization","@id":"https:\/\/brasilnoticias.org\/site\/#organization","name":"Brasil not\u00edcias","url":"https:\/\/brasilnoticias.org\/site\/","logo":{"@type":"ImageObject","inLanguage":"pt-PT","@id":"https:\/\/brasilnoticias.org\/site\/#\/schema\/logo\/image\/","url":"https:\/\/brasilnoticias.org\/site\/wp-content\/uploads\/2022\/05\/cropped-brasilnoticias-mini.jpg","contentUrl":"https:\/\/brasilnoticias.org\/site\/wp-content\/uploads\/2022\/05\/cropped-brasilnoticias-mini.jpg","width":314,"height":86,"caption":"Brasil not\u00edcias"},"image":{"@id":"https:\/\/brasilnoticias.org\/site\/#\/schema\/logo\/image\/"}},{"@type":"Person","@id":"https:\/\/brasilnoticias.org\/site\/#\/schema\/person\/03bbbfe6c7634ad18c26444ea39049fa","name":"Reda\u00e7\u00e3o","image":{"@type":"ImageObject","inLanguage":"pt-PT","@id":"https:\/\/brasilnoticias.org\/site\/#\/schema\/person\/image\/","url":"https:\/\/secure.gravatar.com\/avatar\/9ecaf7327a696cb23ad926fedded5f1f04d7049de9e445375d55b48c001a6e42?s=96&d=mm&r=g","contentUrl":"https:\/\/secure.gravatar.com\/avatar\/9ecaf7327a696cb23ad926fedded5f1f04d7049de9e445375d55b48c001a6e42?s=96&d=mm&r=g","caption":"Reda\u00e7\u00e3o"},"url":"https:\/\/brasilnoticias.org\/site\/author\/henrique\/"}]}},"_links":{"self":[{"href":"https:\/\/brasilnoticias.org\/site\/wp-json\/wp\/v2\/posts\/12701","targetHints":{"allow":["GET"]}}],"collection":[{"href":"https:\/\/brasilnoticias.org\/site\/wp-json\/wp\/v2\/posts"}],"about":[{"href":"https:\/\/brasilnoticias.org\/site\/wp-json\/wp\/v2\/types\/post"}],"author":[{"embeddable":true,"href":"https:\/\/brasilnoticias.org\/site\/wp-json\/wp\/v2\/users\/4"}],"replies":[{"embeddable":true,"href":"https:\/\/brasilnoticias.org\/site\/wp-json\/wp\/v2\/comments?post=12701"}],"version-history":[{"count":1,"href":"https:\/\/brasilnoticias.org\/site\/wp-json\/wp\/v2\/posts\/12701\/revisions"}],"predecessor-version":[{"id":12703,"href":"https:\/\/brasilnoticias.org\/site\/wp-json\/wp\/v2\/posts\/12701\/revisions\/12703"}],"wp:featuredmedia":[{"embeddable":true,"href":"https:\/\/brasilnoticias.org\/site\/wp-json\/wp\/v2\/media\/12702"}],"wp:attachment":[{"href":"https:\/\/brasilnoticias.org\/site\/wp-json\/wp\/v2\/media?parent=12701"}],"wp:term":[{"taxonomy":"category","embeddable":true,"href":"https:\/\/brasilnoticias.org\/site\/wp-json\/wp\/v2\/categories?post=12701"},{"taxonomy":"post_tag","embeddable":true,"href":"https:\/\/brasilnoticias.org\/site\/wp-json\/wp\/v2\/tags?post=12701"}],"curies":[{"name":"wp","href":"https:\/\/api.w.org\/{rel}","templated":true}]}}