{"id":12709,"date":"2024-02-14T15:54:00","date_gmt":"2024-02-14T18:54:00","guid":{"rendered":"https:\/\/brasilnoticias.org\/site\/?p=12709"},"modified":"2024-02-14T15:54:00","modified_gmt":"2024-02-14T18:54:00","slug":"aniversario-de-salvador-tera-blocos-afros-e-show-de-bell-marques-com-duracao-de-10-horas-diz-bruno-reis","status":"publish","type":"post","link":"https:\/\/brasilnoticias.org\/site\/aniversario-de-salvador-tera-blocos-afros-e-show-de-bell-marques-com-duracao-de-10-horas-diz-bruno-reis\/","title":{"rendered":"Anivers\u00e1rio de Salvador ter\u00e1 blocos afros e show de Bell Marques com dura\u00e7\u00e3o de 10 horas, diz Bruno Reis"},"content":{"rendered":"<p>O prefeito Bruno Reis (Uni\u00e3o) divulgou, nesta quarta-feira (14), detalhes da programa\u00e7\u00e3o do anivers\u00e1rio de Salvador, que contar\u00e1 com a participa\u00e7\u00e3o de blocos afros e um show de 10 horas conduzido por Bell Marques. O an\u00fancio foi feito pelo gestor municipal durante coletiva de imprensa.<\/p>\n<p>Os festejos est\u00e3o previstos para ocorrer nos dias 6 e 7 de abril, uma semana ap\u00f3s a cidade completar 475 anos, j\u00e1 que o anivers\u00e1rio da capital baiana \u00e9 dia 29 de abril. A decis\u00e3o foi tomada porque, em 2024, ser\u00e1 comemorado no dia 29 a Sexta-Feira Santa.<\/p>\n<p>\u201cNo s\u00e1bado, dia 6 de abril, vamos ter um evento que ter\u00e1 cobertura nacional, com apresenta\u00e7\u00e3o dos blocos afro, com contrata\u00e7\u00e3o de artistas negros locais. Ent\u00e3o, ser\u00e1 uma festa \u2018Salvador no Capital\u2019 Afro, no dia 6. E no dia 7, que \u00e9 no domingo, Bell completa 10 anos de carreira solo, 50 anos de carreira. Ele queria fazer um show de dura\u00e7\u00e3o de 10 horas. Imagine, com 72 anos, \u00e9 realmente um fen\u00f4meno\u201d, afirmou Bruno Reis. <\/p>\n<p>O prefeito tamb\u00e9m explicou que o momento tem a inten\u00e7\u00e3o de atrair a aten\u00e7\u00e3o do pa\u00eds para Salvador, como estrat\u00e9gia para demonstrar a pot\u00eancia da capital. \u201cA gente ainda vai definir os detalhes, as atra\u00e7\u00f5es, a programa\u00e7\u00e3o toda. Vai ser tamb\u00e9m mais um momento em que Salvador vai estar projetada para o Brasil. Ent\u00e3o, \u00e9 muito importante valorizar ainda mais a nossa cidade\u201d, acrescentou.<\/p>\n<p>Foto: Valter Pontes\/Secom\/PMS<br \/>\nPor: Metro1<\/p>\n","protected":false},"excerpt":{"rendered":"<p>O prefeito Bruno Reis (Uni\u00e3o) divulgou, nesta quarta-feira (14), detalhes da programa\u00e7\u00e3o do anivers\u00e1rio de Salvador, que contar\u00e1 com a<\/p>\n","protected":false},"author":4,"featured_media":12710,"comment_status":"open","ping_status":"open","sticky":false,"template":"","format":"standard","meta":{"colormag_page_container_layout":"default_layout","colormag_page_sidebar_layout":"default_layout","_FSMCFIC_featured_image_caption":"","_FSMCFIC_featured_image_nocaption":"","_FSMCFIC_featured_image_hide":"","footnotes":""},"categories":[2,1],"tags":[],"class_list":["post-12709","post","type-post","status-publish","format-standard","has-post-thumbnail","hentry","category-noticias","category-ultimas"],"yoast_head":"<!-- This site is optimized with the Yoast SEO plugin v27.1.1 - https:\/\/yoast.com\/product\/yoast-seo-wordpress\/ -->\n<title>Anivers\u00e1rio de Salvador ter\u00e1 blocos afros e show de Bell Marques com dura\u00e7\u00e3o de 10 horas, diz Bruno Reis - Brasil not\u00edcias<\/title>\n<meta name=\"robots\" content=\"index, follow, max-snippet:-1, max-image-preview:large, max-video-preview:-1\" \/>\n<link rel=\"canonical\" href=\"https:\/\/brasilnoticias.org\/site\/aniversario-de-salvador-tera-blocos-afros-e-show-de-bell-marques-com-duracao-de-10-horas-diz-bruno-reis\/\" \/>\n<meta property=\"og:locale\" content=\"pt_PT\" \/>\n<meta property=\"og:type\" content=\"article\" \/>\n<meta property=\"og:title\" content=\"Anivers\u00e1rio de Salvador ter\u00e1 blocos afros e show de Bell Marques com dura\u00e7\u00e3o de 10 horas, diz Bruno Reis - Brasil not\u00edcias\" \/>\n<meta property=\"og:description\" content=\"O prefeito Bruno Reis (Uni\u00e3o) divulgou, nesta quarta-feira (14), detalhes da programa\u00e7\u00e3o do anivers\u00e1rio de Salvador, que contar\u00e1 com a\" \/>\n<meta property=\"og:url\" content=\"https:\/\/brasilnoticias.org\/site\/aniversario-de-salvador-tera-blocos-afros-e-show-de-bell-marques-com-duracao-de-10-horas-diz-bruno-reis\/\" \/>\n<meta property=\"og:site_name\" content=\"Brasil not\u00edcias\" \/>\n<meta property=\"article:published_time\" content=\"2024-02-14T18:54:00+00:00\" \/>\n<meta property=\"og:image\" content=\"https:\/\/brasilnoticias.org\/site\/wp-content\/uploads\/2024\/02\/146162aniversario-de-salvador-tera-blocos-afros-e-show-de-bell-marques-com-duracao-de-10-horas-diz-bruno-reis-3.jpg\" \/>\n\t<meta property=\"og:image:width\" content=\"1600\" \/>\n\t<meta property=\"og:image:height\" content=\"752\" \/>\n\t<meta property=\"og:image:type\" content=\"image\/jpeg\" \/>\n<meta name=\"author\" content=\"Reda\u00e7\u00e3o\" \/>\n<meta name=\"twitter:card\" content=\"summary_large_image\" \/>\n<meta name=\"twitter:label1\" content=\"Escrito por\" \/>\n\t<meta name=\"twitter:data1\" content=\"Reda\u00e7\u00e3o\" \/>\n\t<meta name=\"twitter:label2\" content=\"Tempo estimado de leitura\" \/>\n\t<meta name=\"twitter:data2\" content=\"1 minuto\" \/>\n<script type=\"application\/ld+json\" class=\"yoast-schema-graph\">{\"@context\":\"https:\/\/schema.org\",\"@graph\":[{\"@type\":\"Article\",\"@id\":\"https:\/\/brasilnoticias.org\/site\/aniversario-de-salvador-tera-blocos-afros-e-show-de-bell-marques-com-duracao-de-10-horas-diz-bruno-reis\/#article\",\"isPartOf\":{\"@id\":\"https:\/\/brasilnoticias.org\/site\/aniversario-de-salvador-tera-blocos-afros-e-show-de-bell-marques-com-duracao-de-10-horas-diz-bruno-reis\/\"},\"author\":{\"name\":\"Reda\u00e7\u00e3o\",\"@id\":\"https:\/\/brasilnoticias.org\/site\/#\/schema\/person\/03bbbfe6c7634ad18c26444ea39049fa\"},\"headline\":\"Anivers\u00e1rio de Salvador ter\u00e1 blocos afros e show de Bell Marques com dura\u00e7\u00e3o de 10 horas, diz Bruno Reis\",\"datePublished\":\"2024-02-14T18:54:00+00:00\",\"mainEntityOfPage\":{\"@id\":\"https:\/\/brasilnoticias.org\/site\/aniversario-de-salvador-tera-blocos-afros-e-show-de-bell-marques-com-duracao-de-10-horas-diz-bruno-reis\/\"},\"wordCount\":266,\"commentCount\":0,\"publisher\":{\"@id\":\"https:\/\/brasilnoticias.org\/site\/#organization\"},\"image\":{\"@id\":\"https:\/\/brasilnoticias.org\/site\/aniversario-de-salvador-tera-blocos-afros-e-show-de-bell-marques-com-duracao-de-10-horas-diz-bruno-reis\/#primaryimage\"},\"thumbnailUrl\":\"https:\/\/brasilnoticias.org\/site\/wp-content\/uploads\/2024\/02\/146162aniversario-de-salvador-tera-blocos-afros-e-show-de-bell-marques-com-duracao-de-10-horas-diz-bruno-reis-3.jpg\",\"articleSection\":[\"Not\u00edcias\",\"\u00daltimas\"],\"inLanguage\":\"pt-PT\",\"potentialAction\":[{\"@type\":\"CommentAction\",\"name\":\"Comment\",\"target\":[\"https:\/\/brasilnoticias.org\/site\/aniversario-de-salvador-tera-blocos-afros-e-show-de-bell-marques-com-duracao-de-10-horas-diz-bruno-reis\/#respond\"]}]},{\"@type\":\"WebPage\",\"@id\":\"https:\/\/brasilnoticias.org\/site\/aniversario-de-salvador-tera-blocos-afros-e-show-de-bell-marques-com-duracao-de-10-horas-diz-bruno-reis\/\",\"url\":\"https:\/\/brasilnoticias.org\/site\/aniversario-de-salvador-tera-blocos-afros-e-show-de-bell-marques-com-duracao-de-10-horas-diz-bruno-reis\/\",\"name\":\"Anivers\u00e1rio de Salvador ter\u00e1 blocos afros e show de Bell Marques com dura\u00e7\u00e3o de 10 horas, diz Bruno Reis - Brasil not\u00edcias\",\"isPartOf\":{\"@id\":\"https:\/\/brasilnoticias.org\/site\/#website\"},\"primaryImageOfPage\":{\"@id\":\"https:\/\/brasilnoticias.org\/site\/aniversario-de-salvador-tera-blocos-afros-e-show-de-bell-marques-com-duracao-de-10-horas-diz-bruno-reis\/#primaryimage\"},\"image\":{\"@id\":\"https:\/\/brasilnoticias.org\/site\/aniversario-de-salvador-tera-blocos-afros-e-show-de-bell-marques-com-duracao-de-10-horas-diz-bruno-reis\/#primaryimage\"},\"thumbnailUrl\":\"https:\/\/brasilnoticias.org\/site\/wp-content\/uploads\/2024\/02\/146162aniversario-de-salvador-tera-blocos-afros-e-show-de-bell-marques-com-duracao-de-10-horas-diz-bruno-reis-3.jpg\",\"datePublished\":\"2024-02-14T18:54:00+00:00\",\"breadcrumb\":{\"@id\":\"https:\/\/brasilnoticias.org\/site\/aniversario-de-salvador-tera-blocos-afros-e-show-de-bell-marques-com-duracao-de-10-horas-diz-bruno-reis\/#breadcrumb\"},\"inLanguage\":\"pt-PT\",\"potentialAction\":[{\"@type\":\"ReadAction\",\"target\":[\"https:\/\/brasilnoticias.org\/site\/aniversario-de-salvador-tera-blocos-afros-e-show-de-bell-marques-com-duracao-de-10-horas-diz-bruno-reis\/\"]}]},{\"@type\":\"ImageObject\",\"inLanguage\":\"pt-PT\",\"@id\":\"https:\/\/brasilnoticias.org\/site\/aniversario-de-salvador-tera-blocos-afros-e-show-de-bell-marques-com-duracao-de-10-horas-diz-bruno-reis\/#primaryimage\",\"url\":\"https:\/\/brasilnoticias.org\/site\/wp-content\/uploads\/2024\/02\/146162aniversario-de-salvador-tera-blocos-afros-e-show-de-bell-marques-com-duracao-de-10-horas-diz-bruno-reis-3.jpg\",\"contentUrl\":\"https:\/\/brasilnoticias.org\/site\/wp-content\/uploads\/2024\/02\/146162aniversario-de-salvador-tera-blocos-afros-e-show-de-bell-marques-com-duracao-de-10-horas-diz-bruno-reis-3.jpg\",\"width\":1600,\"height\":752},{\"@type\":\"BreadcrumbList\",\"@id\":\"https:\/\/brasilnoticias.org\/site\/aniversario-de-salvador-tera-blocos-afros-e-show-de-bell-marques-com-duracao-de-10-horas-diz-bruno-reis\/#breadcrumb\",\"itemListElement\":[{\"@type\":\"ListItem\",\"position\":1,\"name\":\"In\u00edcio\",\"item\":\"https:\/\/brasilnoticias.org\/site\/\"},{\"@type\":\"ListItem\",\"position\":2,\"name\":\"Anivers\u00e1rio de Salvador ter\u00e1 blocos afros e show de Bell Marques com dura\u00e7\u00e3o de 10 horas, diz Bruno Reis\"}]},{\"@type\":\"WebSite\",\"@id\":\"https:\/\/brasilnoticias.org\/site\/#website\",\"url\":\"https:\/\/brasilnoticias.org\/site\/\",\"name\":\"Brasil not\u00edcias\",\"description\":\"Brasil not\u00edcias\",\"publisher\":{\"@id\":\"https:\/\/brasilnoticias.org\/site\/#organization\"},\"potentialAction\":[{\"@type\":\"SearchAction\",\"target\":{\"@type\":\"EntryPoint\",\"urlTemplate\":\"https:\/\/brasilnoticias.org\/site\/?s={search_term_string}\"},\"query-input\":{\"@type\":\"PropertyValueSpecification\",\"valueRequired\":true,\"valueName\":\"search_term_string\"}}],\"inLanguage\":\"pt-PT\"},{\"@type\":\"Organization\",\"@id\":\"https:\/\/brasilnoticias.org\/site\/#organization\",\"name\":\"Brasil not\u00edcias\",\"url\":\"https:\/\/brasilnoticias.org\/site\/\",\"logo\":{\"@type\":\"ImageObject\",\"inLanguage\":\"pt-PT\",\"@id\":\"https:\/\/brasilnoticias.org\/site\/#\/schema\/logo\/image\/\",\"url\":\"https:\/\/brasilnoticias.org\/site\/wp-content\/uploads\/2022\/05\/cropped-brasilnoticias-mini.jpg\",\"contentUrl\":\"https:\/\/brasilnoticias.org\/site\/wp-content\/uploads\/2022\/05\/cropped-brasilnoticias-mini.jpg\",\"width\":314,\"height\":86,\"caption\":\"Brasil not\u00edcias\"},\"image\":{\"@id\":\"https:\/\/brasilnoticias.org\/site\/#\/schema\/logo\/image\/\"}},{\"@type\":\"Person\",\"@id\":\"https:\/\/brasilnoticias.org\/site\/#\/schema\/person\/03bbbfe6c7634ad18c26444ea39049fa\",\"name\":\"Reda\u00e7\u00e3o\",\"image\":{\"@type\":\"ImageObject\",\"inLanguage\":\"pt-PT\",\"@id\":\"https:\/\/brasilnoticias.org\/site\/#\/schema\/person\/image\/\",\"url\":\"https:\/\/secure.gravatar.com\/avatar\/9ecaf7327a696cb23ad926fedded5f1f04d7049de9e445375d55b48c001a6e42?s=96&d=mm&r=g\",\"contentUrl\":\"https:\/\/secure.gravatar.com\/avatar\/9ecaf7327a696cb23ad926fedded5f1f04d7049de9e445375d55b48c001a6e42?s=96&d=mm&r=g\",\"caption\":\"Reda\u00e7\u00e3o\"},\"url\":\"https:\/\/brasilnoticias.org\/site\/author\/henrique\/\"}]}<\/script>\n<!-- \/ Yoast SEO plugin. -->","yoast_head_json":{"title":"Anivers\u00e1rio de Salvador ter\u00e1 blocos afros e show de Bell Marques com dura\u00e7\u00e3o de 10 horas, diz Bruno Reis - Brasil not\u00edcias","robots":{"index":"index","follow":"follow","max-snippet":"max-snippet:-1","max-image-preview":"max-image-preview:large","max-video-preview":"max-video-preview:-1"},"canonical":"https:\/\/brasilnoticias.org\/site\/aniversario-de-salvador-tera-blocos-afros-e-show-de-bell-marques-com-duracao-de-10-horas-diz-bruno-reis\/","og_locale":"pt_PT","og_type":"article","og_title":"Anivers\u00e1rio de Salvador ter\u00e1 blocos afros e show de Bell Marques com dura\u00e7\u00e3o de 10 horas, diz Bruno Reis - Brasil not\u00edcias","og_description":"O prefeito Bruno Reis (Uni\u00e3o) divulgou, nesta quarta-feira (14), detalhes da programa\u00e7\u00e3o do anivers\u00e1rio de Salvador, que contar\u00e1 com a","og_url":"https:\/\/brasilnoticias.org\/site\/aniversario-de-salvador-tera-blocos-afros-e-show-de-bell-marques-com-duracao-de-10-horas-diz-bruno-reis\/","og_site_name":"Brasil not\u00edcias","article_published_time":"2024-02-14T18:54:00+00:00","og_image":[{"width":1600,"height":752,"url":"https:\/\/brasilnoticias.org\/site\/wp-content\/uploads\/2024\/02\/146162aniversario-de-salvador-tera-blocos-afros-e-show-de-bell-marques-com-duracao-de-10-horas-diz-bruno-reis-3.jpg","type":"image\/jpeg"}],"author":"Reda\u00e7\u00e3o","twitter_card":"summary_large_image","twitter_misc":{"Escrito por":"Reda\u00e7\u00e3o","Tempo estimado de leitura":"1 minuto"},"schema":{"@context":"https:\/\/schema.org","@graph":[{"@type":"Article","@id":"https:\/\/brasilnoticias.org\/site\/aniversario-de-salvador-tera-blocos-afros-e-show-de-bell-marques-com-duracao-de-10-horas-diz-bruno-reis\/#article","isPartOf":{"@id":"https:\/\/brasilnoticias.org\/site\/aniversario-de-salvador-tera-blocos-afros-e-show-de-bell-marques-com-duracao-de-10-horas-diz-bruno-reis\/"},"author":{"name":"Reda\u00e7\u00e3o","@id":"https:\/\/brasilnoticias.org\/site\/#\/schema\/person\/03bbbfe6c7634ad18c26444ea39049fa"},"headline":"Anivers\u00e1rio de Salvador ter\u00e1 blocos afros e show de Bell Marques com dura\u00e7\u00e3o de 10 horas, diz Bruno Reis","datePublished":"2024-02-14T18:54:00+00:00","mainEntityOfPage":{"@id":"https:\/\/brasilnoticias.org\/site\/aniversario-de-salvador-tera-blocos-afros-e-show-de-bell-marques-com-duracao-de-10-horas-diz-bruno-reis\/"},"wordCount":266,"commentCount":0,"publisher":{"@id":"https:\/\/brasilnoticias.org\/site\/#organization"},"image":{"@id":"https:\/\/brasilnoticias.org\/site\/aniversario-de-salvador-tera-blocos-afros-e-show-de-bell-marques-com-duracao-de-10-horas-diz-bruno-reis\/#primaryimage"},"thumbnailUrl":"https:\/\/brasilnoticias.org\/site\/wp-content\/uploads\/2024\/02\/146162aniversario-de-salvador-tera-blocos-afros-e-show-de-bell-marques-com-duracao-de-10-horas-diz-bruno-reis-3.jpg","articleSection":["Not\u00edcias","\u00daltimas"],"inLanguage":"pt-PT","potentialAction":[{"@type":"CommentAction","name":"Comment","target":["https:\/\/brasilnoticias.org\/site\/aniversario-de-salvador-tera-blocos-afros-e-show-de-bell-marques-com-duracao-de-10-horas-diz-bruno-reis\/#respond"]}]},{"@type":"WebPage","@id":"https:\/\/brasilnoticias.org\/site\/aniversario-de-salvador-tera-blocos-afros-e-show-de-bell-marques-com-duracao-de-10-horas-diz-bruno-reis\/","url":"https:\/\/brasilnoticias.org\/site\/aniversario-de-salvador-tera-blocos-afros-e-show-de-bell-marques-com-duracao-de-10-horas-diz-bruno-reis\/","name":"Anivers\u00e1rio de Salvador ter\u00e1 blocos afros e show de Bell Marques com dura\u00e7\u00e3o de 10 horas, diz Bruno Reis - Brasil not\u00edcias","isPartOf":{"@id":"https:\/\/brasilnoticias.org\/site\/#website"},"primaryImageOfPage":{"@id":"https:\/\/brasilnoticias.org\/site\/aniversario-de-salvador-tera-blocos-afros-e-show-de-bell-marques-com-duracao-de-10-horas-diz-bruno-reis\/#primaryimage"},"image":{"@id":"https:\/\/brasilnoticias.org\/site\/aniversario-de-salvador-tera-blocos-afros-e-show-de-bell-marques-com-duracao-de-10-horas-diz-bruno-reis\/#primaryimage"},"thumbnailUrl":"https:\/\/brasilnoticias.org\/site\/wp-content\/uploads\/2024\/02\/146162aniversario-de-salvador-tera-blocos-afros-e-show-de-bell-marques-com-duracao-de-10-horas-diz-bruno-reis-3.jpg","datePublished":"2024-02-14T18:54:00+00:00","breadcrumb":{"@id":"https:\/\/brasilnoticias.org\/site\/aniversario-de-salvador-tera-blocos-afros-e-show-de-bell-marques-com-duracao-de-10-horas-diz-bruno-reis\/#breadcrumb"},"inLanguage":"pt-PT","potentialAction":[{"@type":"ReadAction","target":["https:\/\/brasilnoticias.org\/site\/aniversario-de-salvador-tera-blocos-afros-e-show-de-bell-marques-com-duracao-de-10-horas-diz-bruno-reis\/"]}]},{"@type":"ImageObject","inLanguage":"pt-PT","@id":"https:\/\/brasilnoticias.org\/site\/aniversario-de-salvador-tera-blocos-afros-e-show-de-bell-marques-com-duracao-de-10-horas-diz-bruno-reis\/#primaryimage","url":"https:\/\/brasilnoticias.org\/site\/wp-content\/uploads\/2024\/02\/146162aniversario-de-salvador-tera-blocos-afros-e-show-de-bell-marques-com-duracao-de-10-horas-diz-bruno-reis-3.jpg","contentUrl":"https:\/\/brasilnoticias.org\/site\/wp-content\/uploads\/2024\/02\/146162aniversario-de-salvador-tera-blocos-afros-e-show-de-bell-marques-com-duracao-de-10-horas-diz-bruno-reis-3.jpg","width":1600,"height":752},{"@type":"BreadcrumbList","@id":"https:\/\/brasilnoticias.org\/site\/aniversario-de-salvador-tera-blocos-afros-e-show-de-bell-marques-com-duracao-de-10-horas-diz-bruno-reis\/#breadcrumb","itemListElement":[{"@type":"ListItem","position":1,"name":"In\u00edcio","item":"https:\/\/brasilnoticias.org\/site\/"},{"@type":"ListItem","position":2,"name":"Anivers\u00e1rio de Salvador ter\u00e1 blocos afros e show de Bell Marques com dura\u00e7\u00e3o de 10 horas, diz Bruno Reis"}]},{"@type":"WebSite","@id":"https:\/\/brasilnoticias.org\/site\/#website","url":"https:\/\/brasilnoticias.org\/site\/","name":"Brasil not\u00edcias","description":"Brasil not\u00edcias","publisher":{"@id":"https:\/\/brasilnoticias.org\/site\/#organization"},"potentialAction":[{"@type":"SearchAction","target":{"@type":"EntryPoint","urlTemplate":"https:\/\/brasilnoticias.org\/site\/?s={search_term_string}"},"query-input":{"@type":"PropertyValueSpecification","valueRequired":true,"valueName":"search_term_string"}}],"inLanguage":"pt-PT"},{"@type":"Organization","@id":"https:\/\/brasilnoticias.org\/site\/#organization","name":"Brasil not\u00edcias","url":"https:\/\/brasilnoticias.org\/site\/","logo":{"@type":"ImageObject","inLanguage":"pt-PT","@id":"https:\/\/brasilnoticias.org\/site\/#\/schema\/logo\/image\/","url":"https:\/\/brasilnoticias.org\/site\/wp-content\/uploads\/2022\/05\/cropped-brasilnoticias-mini.jpg","contentUrl":"https:\/\/brasilnoticias.org\/site\/wp-content\/uploads\/2022\/05\/cropped-brasilnoticias-mini.jpg","width":314,"height":86,"caption":"Brasil not\u00edcias"},"image":{"@id":"https:\/\/brasilnoticias.org\/site\/#\/schema\/logo\/image\/"}},{"@type":"Person","@id":"https:\/\/brasilnoticias.org\/site\/#\/schema\/person\/03bbbfe6c7634ad18c26444ea39049fa","name":"Reda\u00e7\u00e3o","image":{"@type":"ImageObject","inLanguage":"pt-PT","@id":"https:\/\/brasilnoticias.org\/site\/#\/schema\/person\/image\/","url":"https:\/\/secure.gravatar.com\/avatar\/9ecaf7327a696cb23ad926fedded5f1f04d7049de9e445375d55b48c001a6e42?s=96&d=mm&r=g","contentUrl":"https:\/\/secure.gravatar.com\/avatar\/9ecaf7327a696cb23ad926fedded5f1f04d7049de9e445375d55b48c001a6e42?s=96&d=mm&r=g","caption":"Reda\u00e7\u00e3o"},"url":"https:\/\/brasilnoticias.org\/site\/author\/henrique\/"}]}},"_links":{"self":[{"href":"https:\/\/brasilnoticias.org\/site\/wp-json\/wp\/v2\/posts\/12709","targetHints":{"allow":["GET"]}}],"collection":[{"href":"https:\/\/brasilnoticias.org\/site\/wp-json\/wp\/v2\/posts"}],"about":[{"href":"https:\/\/brasilnoticias.org\/site\/wp-json\/wp\/v2\/types\/post"}],"author":[{"embeddable":true,"href":"https:\/\/brasilnoticias.org\/site\/wp-json\/wp\/v2\/users\/4"}],"replies":[{"embeddable":true,"href":"https:\/\/brasilnoticias.org\/site\/wp-json\/wp\/v2\/comments?post=12709"}],"version-history":[{"count":1,"href":"https:\/\/brasilnoticias.org\/site\/wp-json\/wp\/v2\/posts\/12709\/revisions"}],"predecessor-version":[{"id":12711,"href":"https:\/\/brasilnoticias.org\/site\/wp-json\/wp\/v2\/posts\/12709\/revisions\/12711"}],"wp:featuredmedia":[{"embeddable":true,"href":"https:\/\/brasilnoticias.org\/site\/wp-json\/wp\/v2\/media\/12710"}],"wp:attachment":[{"href":"https:\/\/brasilnoticias.org\/site\/wp-json\/wp\/v2\/media?parent=12709"}],"wp:term":[{"taxonomy":"category","embeddable":true,"href":"https:\/\/brasilnoticias.org\/site\/wp-json\/wp\/v2\/categories?post=12709"},{"taxonomy":"post_tag","embeddable":true,"href":"https:\/\/brasilnoticias.org\/site\/wp-json\/wp\/v2\/tags?post=12709"}],"curies":[{"name":"wp","href":"https:\/\/api.w.org\/{rel}","templated":true}]}}