{"id":12718,"date":"2024-02-14T16:00:26","date_gmt":"2024-02-14T19:00:26","guid":{"rendered":"https:\/\/brasilnoticias.org\/site\/?p=12718"},"modified":"2024-02-14T16:00:26","modified_gmt":"2024-02-14T19:00:26","slug":"de-olho-na-lideranca-do-grupo-a-vitoria-visita-a-juazeirense-nesta-quarta-pelo-nordestao","status":"publish","type":"post","link":"https:\/\/brasilnoticias.org\/site\/de-olho-na-lideranca-do-grupo-a-vitoria-visita-a-juazeirense-nesta-quarta-pelo-nordestao\/","title":{"rendered":"De olho na lideran\u00e7a do Grupo A, Vit\u00f3ria visita a Juazeirense nesta quarta pelo Nordest\u00e3o"},"content":{"rendered":"<p>Equipes se enfrentam \u00e0s 21h30, no Est\u00e1dio Adauto Moraes (BA), pela terceira rodada do campeonato<\/p>\n<p>Equipes se enfrentam \u00e0s 21h30, no Est\u00e1dio Adauto Moraes (BA), pela terceira rodada do campeonato<\/p>\n<p>Com a chance de assumir a lideran\u00e7a do Grupo A na Copa do Nordeste, o Vit\u00f3ria encara a Juazeirense nesta quarta-feira (14). A bola rola no Est\u00e1dio Adauto Moraes (BA) \u00e0s 21h30, pela terceira rodada do Regional.<\/p>\n<p>Para o confronto, o lateral Lucas Esteves e o volante Dudu, que volta ao time ap\u00f3s ter sido afastado no \u00faltimo jogo, foram os \u00fanicos titulares relacionados. O treinador L\u00e9o Cond\u00e9 vai mandar a campo um time alternativo e tamb\u00e9m convocou seis jogadores da base. De fora, o atacante Everaldo se lesionou e n\u00e3o estar\u00e1 dispon\u00edvel.<\/p>\n<p>O Le\u00e3o \u00e9 o terceiro colocado do Grupo A com quatro pontos. J\u00e1 o Canc\u00e3o de Fogo \u00e9 o lanterna do Grupo B e ainda n\u00e3o pontuou na competi\u00e7\u00e3o.<\/p>\n<p>Foto: Divulga\u00e7\u00e3o\/EC Vit\u00f3ria<br \/>\nPor: Metro1<\/p>\n","protected":false},"excerpt":{"rendered":"<p>Equipes se enfrentam \u00e0s 21h30, no Est\u00e1dio Adauto Moraes (BA), pela terceira rodada do campeonato Equipes se enfrentam \u00e0s 21h30,<\/p>\n","protected":false},"author":4,"featured_media":12719,"comment_status":"open","ping_status":"open","sticky":false,"template":"","format":"standard","meta":{"colormag_page_container_layout":"default_layout","colormag_page_sidebar_layout":"default_layout","_FSMCFIC_featured_image_caption":"","_FSMCFIC_featured_image_nocaption":"","_FSMCFIC_featured_image_hide":"","footnotes":""},"categories":[4,1],"tags":[],"class_list":["post-12718","post","type-post","status-publish","format-standard","has-post-thumbnail","hentry","category-esporte","category-ultimas"],"yoast_head":"<!-- This site is optimized with the Yoast SEO plugin v27.1.1 - https:\/\/yoast.com\/product\/yoast-seo-wordpress\/ -->\n<title>De olho na lideran\u00e7a do Grupo A, Vit\u00f3ria visita a Juazeirense nesta quarta pelo Nordest\u00e3o - Brasil not\u00edcias<\/title>\n<meta name=\"robots\" content=\"index, follow, max-snippet:-1, max-image-preview:large, max-video-preview:-1\" \/>\n<link rel=\"canonical\" href=\"https:\/\/brasilnoticias.org\/site\/de-olho-na-lideranca-do-grupo-a-vitoria-visita-a-juazeirense-nesta-quarta-pelo-nordestao\/\" \/>\n<meta property=\"og:locale\" content=\"pt_PT\" \/>\n<meta property=\"og:type\" content=\"article\" \/>\n<meta property=\"og:title\" content=\"De olho na lideran\u00e7a do Grupo A, Vit\u00f3ria visita a Juazeirense nesta quarta pelo Nordest\u00e3o - Brasil not\u00edcias\" \/>\n<meta property=\"og:description\" content=\"Equipes se enfrentam \u00e0s 21h30, no Est\u00e1dio Adauto Moraes (BA), pela terceira rodada do campeonato Equipes se enfrentam \u00e0s 21h30,\" \/>\n<meta property=\"og:url\" content=\"https:\/\/brasilnoticias.org\/site\/de-olho-na-lideranca-do-grupo-a-vitoria-visita-a-juazeirense-nesta-quarta-pelo-nordestao\/\" \/>\n<meta property=\"og:site_name\" content=\"Brasil not\u00edcias\" \/>\n<meta property=\"article:published_time\" content=\"2024-02-14T19:00:26+00:00\" \/>\n<meta property=\"og:image\" content=\"https:\/\/brasilnoticias.org\/site\/wp-content\/uploads\/2024\/02\/146147de-olho-na-lideranca-do-grupo-a-vitoria-visita-a-juazeirense-nesta-quarta-pelo-nordestao-3.jpg\" \/>\n\t<meta property=\"og:image:width\" content=\"1600\" \/>\n\t<meta property=\"og:image:height\" content=\"752\" \/>\n\t<meta property=\"og:image:type\" content=\"image\/jpeg\" \/>\n<meta name=\"author\" content=\"Reda\u00e7\u00e3o\" \/>\n<meta name=\"twitter:card\" content=\"summary_large_image\" \/>\n<meta name=\"twitter:label1\" content=\"Escrito por\" \/>\n\t<meta name=\"twitter:data1\" content=\"Reda\u00e7\u00e3o\" \/>\n\t<meta name=\"twitter:label2\" content=\"Tempo estimado de leitura\" \/>\n\t<meta name=\"twitter:data2\" content=\"1 minuto\" \/>\n<script type=\"application\/ld+json\" class=\"yoast-schema-graph\">{\"@context\":\"https:\/\/schema.org\",\"@graph\":[{\"@type\":\"Article\",\"@id\":\"https:\/\/brasilnoticias.org\/site\/de-olho-na-lideranca-do-grupo-a-vitoria-visita-a-juazeirense-nesta-quarta-pelo-nordestao\/#article\",\"isPartOf\":{\"@id\":\"https:\/\/brasilnoticias.org\/site\/de-olho-na-lideranca-do-grupo-a-vitoria-visita-a-juazeirense-nesta-quarta-pelo-nordestao\/\"},\"author\":{\"name\":\"Reda\u00e7\u00e3o\",\"@id\":\"https:\/\/brasilnoticias.org\/site\/#\/schema\/person\/03bbbfe6c7634ad18c26444ea39049fa\"},\"headline\":\"De olho na lideran\u00e7a do Grupo A, Vit\u00f3ria visita a Juazeirense nesta quarta pelo Nordest\u00e3o\",\"datePublished\":\"2024-02-14T19:00:26+00:00\",\"mainEntityOfPage\":{\"@id\":\"https:\/\/brasilnoticias.org\/site\/de-olho-na-lideranca-do-grupo-a-vitoria-visita-a-juazeirense-nesta-quarta-pelo-nordestao\/\"},\"wordCount\":189,\"commentCount\":0,\"publisher\":{\"@id\":\"https:\/\/brasilnoticias.org\/site\/#organization\"},\"image\":{\"@id\":\"https:\/\/brasilnoticias.org\/site\/de-olho-na-lideranca-do-grupo-a-vitoria-visita-a-juazeirense-nesta-quarta-pelo-nordestao\/#primaryimage\"},\"thumbnailUrl\":\"https:\/\/brasilnoticias.org\/site\/wp-content\/uploads\/2024\/02\/146147de-olho-na-lideranca-do-grupo-a-vitoria-visita-a-juazeirense-nesta-quarta-pelo-nordestao-3.jpg\",\"articleSection\":[\"Esporte\",\"\u00daltimas\"],\"inLanguage\":\"pt-PT\",\"potentialAction\":[{\"@type\":\"CommentAction\",\"name\":\"Comment\",\"target\":[\"https:\/\/brasilnoticias.org\/site\/de-olho-na-lideranca-do-grupo-a-vitoria-visita-a-juazeirense-nesta-quarta-pelo-nordestao\/#respond\"]}]},{\"@type\":\"WebPage\",\"@id\":\"https:\/\/brasilnoticias.org\/site\/de-olho-na-lideranca-do-grupo-a-vitoria-visita-a-juazeirense-nesta-quarta-pelo-nordestao\/\",\"url\":\"https:\/\/brasilnoticias.org\/site\/de-olho-na-lideranca-do-grupo-a-vitoria-visita-a-juazeirense-nesta-quarta-pelo-nordestao\/\",\"name\":\"De olho na lideran\u00e7a do Grupo A, Vit\u00f3ria visita a Juazeirense nesta quarta pelo Nordest\u00e3o - Brasil not\u00edcias\",\"isPartOf\":{\"@id\":\"https:\/\/brasilnoticias.org\/site\/#website\"},\"primaryImageOfPage\":{\"@id\":\"https:\/\/brasilnoticias.org\/site\/de-olho-na-lideranca-do-grupo-a-vitoria-visita-a-juazeirense-nesta-quarta-pelo-nordestao\/#primaryimage\"},\"image\":{\"@id\":\"https:\/\/brasilnoticias.org\/site\/de-olho-na-lideranca-do-grupo-a-vitoria-visita-a-juazeirense-nesta-quarta-pelo-nordestao\/#primaryimage\"},\"thumbnailUrl\":\"https:\/\/brasilnoticias.org\/site\/wp-content\/uploads\/2024\/02\/146147de-olho-na-lideranca-do-grupo-a-vitoria-visita-a-juazeirense-nesta-quarta-pelo-nordestao-3.jpg\",\"datePublished\":\"2024-02-14T19:00:26+00:00\",\"breadcrumb\":{\"@id\":\"https:\/\/brasilnoticias.org\/site\/de-olho-na-lideranca-do-grupo-a-vitoria-visita-a-juazeirense-nesta-quarta-pelo-nordestao\/#breadcrumb\"},\"inLanguage\":\"pt-PT\",\"potentialAction\":[{\"@type\":\"ReadAction\",\"target\":[\"https:\/\/brasilnoticias.org\/site\/de-olho-na-lideranca-do-grupo-a-vitoria-visita-a-juazeirense-nesta-quarta-pelo-nordestao\/\"]}]},{\"@type\":\"ImageObject\",\"inLanguage\":\"pt-PT\",\"@id\":\"https:\/\/brasilnoticias.org\/site\/de-olho-na-lideranca-do-grupo-a-vitoria-visita-a-juazeirense-nesta-quarta-pelo-nordestao\/#primaryimage\",\"url\":\"https:\/\/brasilnoticias.org\/site\/wp-content\/uploads\/2024\/02\/146147de-olho-na-lideranca-do-grupo-a-vitoria-visita-a-juazeirense-nesta-quarta-pelo-nordestao-3.jpg\",\"contentUrl\":\"https:\/\/brasilnoticias.org\/site\/wp-content\/uploads\/2024\/02\/146147de-olho-na-lideranca-do-grupo-a-vitoria-visita-a-juazeirense-nesta-quarta-pelo-nordestao-3.jpg\",\"width\":1600,\"height\":752},{\"@type\":\"BreadcrumbList\",\"@id\":\"https:\/\/brasilnoticias.org\/site\/de-olho-na-lideranca-do-grupo-a-vitoria-visita-a-juazeirense-nesta-quarta-pelo-nordestao\/#breadcrumb\",\"itemListElement\":[{\"@type\":\"ListItem\",\"position\":1,\"name\":\"In\u00edcio\",\"item\":\"https:\/\/brasilnoticias.org\/site\/\"},{\"@type\":\"ListItem\",\"position\":2,\"name\":\"De olho na lideran\u00e7a do Grupo A, Vit\u00f3ria visita a Juazeirense nesta quarta pelo Nordest\u00e3o\"}]},{\"@type\":\"WebSite\",\"@id\":\"https:\/\/brasilnoticias.org\/site\/#website\",\"url\":\"https:\/\/brasilnoticias.org\/site\/\",\"name\":\"Brasil not\u00edcias\",\"description\":\"Brasil not\u00edcias\",\"publisher\":{\"@id\":\"https:\/\/brasilnoticias.org\/site\/#organization\"},\"potentialAction\":[{\"@type\":\"SearchAction\",\"target\":{\"@type\":\"EntryPoint\",\"urlTemplate\":\"https:\/\/brasilnoticias.org\/site\/?s={search_term_string}\"},\"query-input\":{\"@type\":\"PropertyValueSpecification\",\"valueRequired\":true,\"valueName\":\"search_term_string\"}}],\"inLanguage\":\"pt-PT\"},{\"@type\":\"Organization\",\"@id\":\"https:\/\/brasilnoticias.org\/site\/#organization\",\"name\":\"Brasil not\u00edcias\",\"url\":\"https:\/\/brasilnoticias.org\/site\/\",\"logo\":{\"@type\":\"ImageObject\",\"inLanguage\":\"pt-PT\",\"@id\":\"https:\/\/brasilnoticias.org\/site\/#\/schema\/logo\/image\/\",\"url\":\"https:\/\/brasilnoticias.org\/site\/wp-content\/uploads\/2022\/05\/cropped-brasilnoticias-mini.jpg\",\"contentUrl\":\"https:\/\/brasilnoticias.org\/site\/wp-content\/uploads\/2022\/05\/cropped-brasilnoticias-mini.jpg\",\"width\":314,\"height\":86,\"caption\":\"Brasil not\u00edcias\"},\"image\":{\"@id\":\"https:\/\/brasilnoticias.org\/site\/#\/schema\/logo\/image\/\"}},{\"@type\":\"Person\",\"@id\":\"https:\/\/brasilnoticias.org\/site\/#\/schema\/person\/03bbbfe6c7634ad18c26444ea39049fa\",\"name\":\"Reda\u00e7\u00e3o\",\"image\":{\"@type\":\"ImageObject\",\"inLanguage\":\"pt-PT\",\"@id\":\"https:\/\/brasilnoticias.org\/site\/#\/schema\/person\/image\/\",\"url\":\"https:\/\/secure.gravatar.com\/avatar\/9ecaf7327a696cb23ad926fedded5f1f04d7049de9e445375d55b48c001a6e42?s=96&d=mm&r=g\",\"contentUrl\":\"https:\/\/secure.gravatar.com\/avatar\/9ecaf7327a696cb23ad926fedded5f1f04d7049de9e445375d55b48c001a6e42?s=96&d=mm&r=g\",\"caption\":\"Reda\u00e7\u00e3o\"},\"url\":\"https:\/\/brasilnoticias.org\/site\/author\/henrique\/\"}]}<\/script>\n<!-- \/ Yoast SEO plugin. -->","yoast_head_json":{"title":"De olho na lideran\u00e7a do Grupo A, Vit\u00f3ria visita a Juazeirense nesta quarta pelo Nordest\u00e3o - Brasil not\u00edcias","robots":{"index":"index","follow":"follow","max-snippet":"max-snippet:-1","max-image-preview":"max-image-preview:large","max-video-preview":"max-video-preview:-1"},"canonical":"https:\/\/brasilnoticias.org\/site\/de-olho-na-lideranca-do-grupo-a-vitoria-visita-a-juazeirense-nesta-quarta-pelo-nordestao\/","og_locale":"pt_PT","og_type":"article","og_title":"De olho na lideran\u00e7a do Grupo A, Vit\u00f3ria visita a Juazeirense nesta quarta pelo Nordest\u00e3o - Brasil not\u00edcias","og_description":"Equipes se enfrentam \u00e0s 21h30, no Est\u00e1dio Adauto Moraes (BA), pela terceira rodada do campeonato Equipes se enfrentam \u00e0s 21h30,","og_url":"https:\/\/brasilnoticias.org\/site\/de-olho-na-lideranca-do-grupo-a-vitoria-visita-a-juazeirense-nesta-quarta-pelo-nordestao\/","og_site_name":"Brasil not\u00edcias","article_published_time":"2024-02-14T19:00:26+00:00","og_image":[{"width":1600,"height":752,"url":"https:\/\/brasilnoticias.org\/site\/wp-content\/uploads\/2024\/02\/146147de-olho-na-lideranca-do-grupo-a-vitoria-visita-a-juazeirense-nesta-quarta-pelo-nordestao-3.jpg","type":"image\/jpeg"}],"author":"Reda\u00e7\u00e3o","twitter_card":"summary_large_image","twitter_misc":{"Escrito por":"Reda\u00e7\u00e3o","Tempo estimado de leitura":"1 minuto"},"schema":{"@context":"https:\/\/schema.org","@graph":[{"@type":"Article","@id":"https:\/\/brasilnoticias.org\/site\/de-olho-na-lideranca-do-grupo-a-vitoria-visita-a-juazeirense-nesta-quarta-pelo-nordestao\/#article","isPartOf":{"@id":"https:\/\/brasilnoticias.org\/site\/de-olho-na-lideranca-do-grupo-a-vitoria-visita-a-juazeirense-nesta-quarta-pelo-nordestao\/"},"author":{"name":"Reda\u00e7\u00e3o","@id":"https:\/\/brasilnoticias.org\/site\/#\/schema\/person\/03bbbfe6c7634ad18c26444ea39049fa"},"headline":"De olho na lideran\u00e7a do Grupo A, Vit\u00f3ria visita a Juazeirense nesta quarta pelo Nordest\u00e3o","datePublished":"2024-02-14T19:00:26+00:00","mainEntityOfPage":{"@id":"https:\/\/brasilnoticias.org\/site\/de-olho-na-lideranca-do-grupo-a-vitoria-visita-a-juazeirense-nesta-quarta-pelo-nordestao\/"},"wordCount":189,"commentCount":0,"publisher":{"@id":"https:\/\/brasilnoticias.org\/site\/#organization"},"image":{"@id":"https:\/\/brasilnoticias.org\/site\/de-olho-na-lideranca-do-grupo-a-vitoria-visita-a-juazeirense-nesta-quarta-pelo-nordestao\/#primaryimage"},"thumbnailUrl":"https:\/\/brasilnoticias.org\/site\/wp-content\/uploads\/2024\/02\/146147de-olho-na-lideranca-do-grupo-a-vitoria-visita-a-juazeirense-nesta-quarta-pelo-nordestao-3.jpg","articleSection":["Esporte","\u00daltimas"],"inLanguage":"pt-PT","potentialAction":[{"@type":"CommentAction","name":"Comment","target":["https:\/\/brasilnoticias.org\/site\/de-olho-na-lideranca-do-grupo-a-vitoria-visita-a-juazeirense-nesta-quarta-pelo-nordestao\/#respond"]}]},{"@type":"WebPage","@id":"https:\/\/brasilnoticias.org\/site\/de-olho-na-lideranca-do-grupo-a-vitoria-visita-a-juazeirense-nesta-quarta-pelo-nordestao\/","url":"https:\/\/brasilnoticias.org\/site\/de-olho-na-lideranca-do-grupo-a-vitoria-visita-a-juazeirense-nesta-quarta-pelo-nordestao\/","name":"De olho na lideran\u00e7a do Grupo A, Vit\u00f3ria visita a Juazeirense nesta quarta pelo Nordest\u00e3o - Brasil not\u00edcias","isPartOf":{"@id":"https:\/\/brasilnoticias.org\/site\/#website"},"primaryImageOfPage":{"@id":"https:\/\/brasilnoticias.org\/site\/de-olho-na-lideranca-do-grupo-a-vitoria-visita-a-juazeirense-nesta-quarta-pelo-nordestao\/#primaryimage"},"image":{"@id":"https:\/\/brasilnoticias.org\/site\/de-olho-na-lideranca-do-grupo-a-vitoria-visita-a-juazeirense-nesta-quarta-pelo-nordestao\/#primaryimage"},"thumbnailUrl":"https:\/\/brasilnoticias.org\/site\/wp-content\/uploads\/2024\/02\/146147de-olho-na-lideranca-do-grupo-a-vitoria-visita-a-juazeirense-nesta-quarta-pelo-nordestao-3.jpg","datePublished":"2024-02-14T19:00:26+00:00","breadcrumb":{"@id":"https:\/\/brasilnoticias.org\/site\/de-olho-na-lideranca-do-grupo-a-vitoria-visita-a-juazeirense-nesta-quarta-pelo-nordestao\/#breadcrumb"},"inLanguage":"pt-PT","potentialAction":[{"@type":"ReadAction","target":["https:\/\/brasilnoticias.org\/site\/de-olho-na-lideranca-do-grupo-a-vitoria-visita-a-juazeirense-nesta-quarta-pelo-nordestao\/"]}]},{"@type":"ImageObject","inLanguage":"pt-PT","@id":"https:\/\/brasilnoticias.org\/site\/de-olho-na-lideranca-do-grupo-a-vitoria-visita-a-juazeirense-nesta-quarta-pelo-nordestao\/#primaryimage","url":"https:\/\/brasilnoticias.org\/site\/wp-content\/uploads\/2024\/02\/146147de-olho-na-lideranca-do-grupo-a-vitoria-visita-a-juazeirense-nesta-quarta-pelo-nordestao-3.jpg","contentUrl":"https:\/\/brasilnoticias.org\/site\/wp-content\/uploads\/2024\/02\/146147de-olho-na-lideranca-do-grupo-a-vitoria-visita-a-juazeirense-nesta-quarta-pelo-nordestao-3.jpg","width":1600,"height":752},{"@type":"BreadcrumbList","@id":"https:\/\/brasilnoticias.org\/site\/de-olho-na-lideranca-do-grupo-a-vitoria-visita-a-juazeirense-nesta-quarta-pelo-nordestao\/#breadcrumb","itemListElement":[{"@type":"ListItem","position":1,"name":"In\u00edcio","item":"https:\/\/brasilnoticias.org\/site\/"},{"@type":"ListItem","position":2,"name":"De olho na lideran\u00e7a do Grupo A, Vit\u00f3ria visita a Juazeirense nesta quarta pelo Nordest\u00e3o"}]},{"@type":"WebSite","@id":"https:\/\/brasilnoticias.org\/site\/#website","url":"https:\/\/brasilnoticias.org\/site\/","name":"Brasil not\u00edcias","description":"Brasil not\u00edcias","publisher":{"@id":"https:\/\/brasilnoticias.org\/site\/#organization"},"potentialAction":[{"@type":"SearchAction","target":{"@type":"EntryPoint","urlTemplate":"https:\/\/brasilnoticias.org\/site\/?s={search_term_string}"},"query-input":{"@type":"PropertyValueSpecification","valueRequired":true,"valueName":"search_term_string"}}],"inLanguage":"pt-PT"},{"@type":"Organization","@id":"https:\/\/brasilnoticias.org\/site\/#organization","name":"Brasil not\u00edcias","url":"https:\/\/brasilnoticias.org\/site\/","logo":{"@type":"ImageObject","inLanguage":"pt-PT","@id":"https:\/\/brasilnoticias.org\/site\/#\/schema\/logo\/image\/","url":"https:\/\/brasilnoticias.org\/site\/wp-content\/uploads\/2022\/05\/cropped-brasilnoticias-mini.jpg","contentUrl":"https:\/\/brasilnoticias.org\/site\/wp-content\/uploads\/2022\/05\/cropped-brasilnoticias-mini.jpg","width":314,"height":86,"caption":"Brasil not\u00edcias"},"image":{"@id":"https:\/\/brasilnoticias.org\/site\/#\/schema\/logo\/image\/"}},{"@type":"Person","@id":"https:\/\/brasilnoticias.org\/site\/#\/schema\/person\/03bbbfe6c7634ad18c26444ea39049fa","name":"Reda\u00e7\u00e3o","image":{"@type":"ImageObject","inLanguage":"pt-PT","@id":"https:\/\/brasilnoticias.org\/site\/#\/schema\/person\/image\/","url":"https:\/\/secure.gravatar.com\/avatar\/9ecaf7327a696cb23ad926fedded5f1f04d7049de9e445375d55b48c001a6e42?s=96&d=mm&r=g","contentUrl":"https:\/\/secure.gravatar.com\/avatar\/9ecaf7327a696cb23ad926fedded5f1f04d7049de9e445375d55b48c001a6e42?s=96&d=mm&r=g","caption":"Reda\u00e7\u00e3o"},"url":"https:\/\/brasilnoticias.org\/site\/author\/henrique\/"}]}},"_links":{"self":[{"href":"https:\/\/brasilnoticias.org\/site\/wp-json\/wp\/v2\/posts\/12718","targetHints":{"allow":["GET"]}}],"collection":[{"href":"https:\/\/brasilnoticias.org\/site\/wp-json\/wp\/v2\/posts"}],"about":[{"href":"https:\/\/brasilnoticias.org\/site\/wp-json\/wp\/v2\/types\/post"}],"author":[{"embeddable":true,"href":"https:\/\/brasilnoticias.org\/site\/wp-json\/wp\/v2\/users\/4"}],"replies":[{"embeddable":true,"href":"https:\/\/brasilnoticias.org\/site\/wp-json\/wp\/v2\/comments?post=12718"}],"version-history":[{"count":1,"href":"https:\/\/brasilnoticias.org\/site\/wp-json\/wp\/v2\/posts\/12718\/revisions"}],"predecessor-version":[{"id":12720,"href":"https:\/\/brasilnoticias.org\/site\/wp-json\/wp\/v2\/posts\/12718\/revisions\/12720"}],"wp:featuredmedia":[{"embeddable":true,"href":"https:\/\/brasilnoticias.org\/site\/wp-json\/wp\/v2\/media\/12719"}],"wp:attachment":[{"href":"https:\/\/brasilnoticias.org\/site\/wp-json\/wp\/v2\/media?parent=12718"}],"wp:term":[{"taxonomy":"category","embeddable":true,"href":"https:\/\/brasilnoticias.org\/site\/wp-json\/wp\/v2\/categories?post=12718"},{"taxonomy":"post_tag","embeddable":true,"href":"https:\/\/brasilnoticias.org\/site\/wp-json\/wp\/v2\/tags?post=12718"}],"curies":[{"name":"wp","href":"https:\/\/api.w.org\/{rel}","templated":true}]}}