{"id":12727,"date":"2024-02-14T16:08:35","date_gmt":"2024-02-14T19:08:35","guid":{"rendered":"https:\/\/brasilnoticias.org\/site\/?p=12727"},"modified":"2024-02-14T16:08:35","modified_gmt":"2024-02-14T19:08:35","slug":"salvador-feira-de-santana-e-camacari-devem-receber-120-mil-doses-de-vacina-contra-a-dengue","status":"publish","type":"post","link":"https:\/\/brasilnoticias.org\/site\/salvador-feira-de-santana-e-camacari-devem-receber-120-mil-doses-de-vacina-contra-a-dengue\/","title":{"rendered":"Salvador, Feira de Santana e Cama\u00e7ari devem receber 120 mil doses de vacina contra a dengue"},"content":{"rendered":"<p>Segundo a Sesab, a vacina\u00e7\u00e3o ser\u00e1 voltada para o p\u00fablico entre 10 e 14 anos<\/p>\n<p>Ap\u00f3s a confirma\u00e7\u00e3o de duas mortes ap\u00f3s consequ\u00eancias dengue na Bahia, a secret\u00e1ria estadual da Sa\u00fade, Roberta Santana, anunciou nesta quarta-feira (14\/2) que as cidades de Salvador, Feira de Santana e Cama\u00e7ari ir\u00e3o receber doses do imunizante contra a doen\u00e7a.<\/p>\n<p>Segundo a titular da pasta, ser\u00e3o 120 mil doses distribu\u00eddas para imuniza\u00e7\u00e3o. Na \u00faltima sexta-feira (9\/2), a Bahia recebeu o primeiro lote de vacinas enviado pelo Minist\u00e9rio da Sa\u00fade. Segundo a Sesab, a vacina\u00e7\u00e3o ser\u00e1 voltada para o p\u00fablico entre 10 e 14 anos, faixa et\u00e1ria em que h\u00e1 o maior n\u00famero de hospitaliza\u00e7\u00f5es por dengue.<\/p>\n<p>Mais que a vacina\u00e7\u00e3o, a secret\u00e1ria que o enfrentamento \u00e0 doen\u00e7a passa tamb\u00e9m pelo cuidado com o mosquito Aedes aegypti. \u201c\u00c9 preciso destacar que a vacina da dengue n\u00e3o \u00e9 solu\u00e7\u00e3o imediata. N\u00f3s temos que trabalhar na preven\u00e7\u00e3o, lembrando que mais de 80% dos focos de dengue est\u00e3o nas resid\u00eancias. O enfrentamento \u00e0 dengue tamb\u00e9m est\u00e1 dentro de casa\u201d, afirmou.<\/p>\n<p>Desde o come\u00e7o de 2024 foram registrados 512.353 casos prov\u00e1veis de dengue, com 75 \u00f3bitos confirmados e 340 mortes investigadas. O coeficiente de incid\u00eancia da dengue no pa\u00eds, neste momento, \u00e9 252,3 casos para cada grupo de 100 mil habitantes. Os dados constam no painel de monitoramento de arboviroses do Minist\u00e9rio da Sa\u00fade.<\/p>\n<p>Foto: ilustrativa\/Pexels<br \/>\nAratu On<\/p>\n","protected":false},"excerpt":{"rendered":"<p>Segundo a Sesab, a vacina\u00e7\u00e3o ser\u00e1 voltada para o p\u00fablico entre 10 e 14 anos Ap\u00f3s a confirma\u00e7\u00e3o de duas<\/p>\n","protected":false},"author":4,"featured_media":12728,"comment_status":"open","ping_status":"open","sticky":false,"template":"","format":"standard","meta":{"colormag_page_container_layout":"default_layout","colormag_page_sidebar_layout":"default_layout","_FSMCFIC_featured_image_caption":"","_FSMCFIC_featured_image_nocaption":"","_FSMCFIC_featured_image_hide":"","footnotes":""},"categories":[2,1],"tags":[],"class_list":["post-12727","post","type-post","status-publish","format-standard","has-post-thumbnail","hentry","category-noticias","category-ultimas"],"yoast_head":"<!-- This site is optimized with the Yoast SEO plugin v27.1.1 - https:\/\/yoast.com\/product\/yoast-seo-wordpress\/ -->\n<title>Salvador, Feira de Santana e Cama\u00e7ari devem receber 120 mil doses de vacina contra a dengue - Brasil not\u00edcias<\/title>\n<meta name=\"robots\" content=\"index, follow, max-snippet:-1, max-image-preview:large, max-video-preview:-1\" \/>\n<link rel=\"canonical\" href=\"https:\/\/brasilnoticias.org\/site\/salvador-feira-de-santana-e-camacari-devem-receber-120-mil-doses-de-vacina-contra-a-dengue\/\" \/>\n<meta property=\"og:locale\" content=\"pt_PT\" \/>\n<meta property=\"og:type\" content=\"article\" \/>\n<meta property=\"og:title\" content=\"Salvador, Feira de Santana e Cama\u00e7ari devem receber 120 mil doses de vacina contra a dengue - Brasil not\u00edcias\" \/>\n<meta property=\"og:description\" content=\"Segundo a Sesab, a vacina\u00e7\u00e3o ser\u00e1 voltada para o p\u00fablico entre 10 e 14 anos Ap\u00f3s a confirma\u00e7\u00e3o de duas\" \/>\n<meta property=\"og:url\" content=\"https:\/\/brasilnoticias.org\/site\/salvador-feira-de-santana-e-camacari-devem-receber-120-mil-doses-de-vacina-contra-a-dengue\/\" \/>\n<meta property=\"og:site_name\" content=\"Brasil not\u00edcias\" \/>\n<meta property=\"article:published_time\" content=\"2024-02-14T19:08:35+00:00\" \/>\n<meta property=\"og:image\" content=\"https:\/\/brasilnoticias.org\/site\/wp-content\/uploads\/2024\/02\/imagem-destacada-cepa-da-dengue-mais-disseminada-no-mundo-e-encontrada-no-brasil-960x500-1.jpg\" \/>\n\t<meta property=\"og:image:width\" content=\"960\" \/>\n\t<meta property=\"og:image:height\" content=\"500\" \/>\n\t<meta property=\"og:image:type\" content=\"image\/jpeg\" \/>\n<meta name=\"author\" content=\"Reda\u00e7\u00e3o\" \/>\n<meta name=\"twitter:card\" content=\"summary_large_image\" \/>\n<meta name=\"twitter:label1\" content=\"Escrito por\" \/>\n\t<meta name=\"twitter:data1\" content=\"Reda\u00e7\u00e3o\" \/>\n\t<meta name=\"twitter:label2\" content=\"Tempo estimado de leitura\" \/>\n\t<meta name=\"twitter:data2\" content=\"1 minuto\" \/>\n<script type=\"application\/ld+json\" class=\"yoast-schema-graph\">{\"@context\":\"https:\/\/schema.org\",\"@graph\":[{\"@type\":\"Article\",\"@id\":\"https:\/\/brasilnoticias.org\/site\/salvador-feira-de-santana-e-camacari-devem-receber-120-mil-doses-de-vacina-contra-a-dengue\/#article\",\"isPartOf\":{\"@id\":\"https:\/\/brasilnoticias.org\/site\/salvador-feira-de-santana-e-camacari-devem-receber-120-mil-doses-de-vacina-contra-a-dengue\/\"},\"author\":{\"name\":\"Reda\u00e7\u00e3o\",\"@id\":\"https:\/\/brasilnoticias.org\/site\/#\/schema\/person\/03bbbfe6c7634ad18c26444ea39049fa\"},\"headline\":\"Salvador, Feira de Santana e Cama\u00e7ari devem receber 120 mil doses de vacina contra a dengue\",\"datePublished\":\"2024-02-14T19:08:35+00:00\",\"mainEntityOfPage\":{\"@id\":\"https:\/\/brasilnoticias.org\/site\/salvador-feira-de-santana-e-camacari-devem-receber-120-mil-doses-de-vacina-contra-a-dengue\/\"},\"wordCount\":264,\"commentCount\":0,\"publisher\":{\"@id\":\"https:\/\/brasilnoticias.org\/site\/#organization\"},\"image\":{\"@id\":\"https:\/\/brasilnoticias.org\/site\/salvador-feira-de-santana-e-camacari-devem-receber-120-mil-doses-de-vacina-contra-a-dengue\/#primaryimage\"},\"thumbnailUrl\":\"https:\/\/brasilnoticias.org\/site\/wp-content\/uploads\/2024\/02\/imagem-destacada-cepa-da-dengue-mais-disseminada-no-mundo-e-encontrada-no-brasil-960x500-1.jpg\",\"articleSection\":[\"Not\u00edcias\",\"\u00daltimas\"],\"inLanguage\":\"pt-PT\",\"potentialAction\":[{\"@type\":\"CommentAction\",\"name\":\"Comment\",\"target\":[\"https:\/\/brasilnoticias.org\/site\/salvador-feira-de-santana-e-camacari-devem-receber-120-mil-doses-de-vacina-contra-a-dengue\/#respond\"]}]},{\"@type\":\"WebPage\",\"@id\":\"https:\/\/brasilnoticias.org\/site\/salvador-feira-de-santana-e-camacari-devem-receber-120-mil-doses-de-vacina-contra-a-dengue\/\",\"url\":\"https:\/\/brasilnoticias.org\/site\/salvador-feira-de-santana-e-camacari-devem-receber-120-mil-doses-de-vacina-contra-a-dengue\/\",\"name\":\"Salvador, Feira de Santana e Cama\u00e7ari devem receber 120 mil doses de vacina contra a dengue - Brasil not\u00edcias\",\"isPartOf\":{\"@id\":\"https:\/\/brasilnoticias.org\/site\/#website\"},\"primaryImageOfPage\":{\"@id\":\"https:\/\/brasilnoticias.org\/site\/salvador-feira-de-santana-e-camacari-devem-receber-120-mil-doses-de-vacina-contra-a-dengue\/#primaryimage\"},\"image\":{\"@id\":\"https:\/\/brasilnoticias.org\/site\/salvador-feira-de-santana-e-camacari-devem-receber-120-mil-doses-de-vacina-contra-a-dengue\/#primaryimage\"},\"thumbnailUrl\":\"https:\/\/brasilnoticias.org\/site\/wp-content\/uploads\/2024\/02\/imagem-destacada-cepa-da-dengue-mais-disseminada-no-mundo-e-encontrada-no-brasil-960x500-1.jpg\",\"datePublished\":\"2024-02-14T19:08:35+00:00\",\"breadcrumb\":{\"@id\":\"https:\/\/brasilnoticias.org\/site\/salvador-feira-de-santana-e-camacari-devem-receber-120-mil-doses-de-vacina-contra-a-dengue\/#breadcrumb\"},\"inLanguage\":\"pt-PT\",\"potentialAction\":[{\"@type\":\"ReadAction\",\"target\":[\"https:\/\/brasilnoticias.org\/site\/salvador-feira-de-santana-e-camacari-devem-receber-120-mil-doses-de-vacina-contra-a-dengue\/\"]}]},{\"@type\":\"ImageObject\",\"inLanguage\":\"pt-PT\",\"@id\":\"https:\/\/brasilnoticias.org\/site\/salvador-feira-de-santana-e-camacari-devem-receber-120-mil-doses-de-vacina-contra-a-dengue\/#primaryimage\",\"url\":\"https:\/\/brasilnoticias.org\/site\/wp-content\/uploads\/2024\/02\/imagem-destacada-cepa-da-dengue-mais-disseminada-no-mundo-e-encontrada-no-brasil-960x500-1.jpg\",\"contentUrl\":\"https:\/\/brasilnoticias.org\/site\/wp-content\/uploads\/2024\/02\/imagem-destacada-cepa-da-dengue-mais-disseminada-no-mundo-e-encontrada-no-brasil-960x500-1.jpg\",\"width\":960,\"height\":500},{\"@type\":\"BreadcrumbList\",\"@id\":\"https:\/\/brasilnoticias.org\/site\/salvador-feira-de-santana-e-camacari-devem-receber-120-mil-doses-de-vacina-contra-a-dengue\/#breadcrumb\",\"itemListElement\":[{\"@type\":\"ListItem\",\"position\":1,\"name\":\"In\u00edcio\",\"item\":\"https:\/\/brasilnoticias.org\/site\/\"},{\"@type\":\"ListItem\",\"position\":2,\"name\":\"Salvador, Feira de Santana e Cama\u00e7ari devem receber 120 mil doses de vacina contra a dengue\"}]},{\"@type\":\"WebSite\",\"@id\":\"https:\/\/brasilnoticias.org\/site\/#website\",\"url\":\"https:\/\/brasilnoticias.org\/site\/\",\"name\":\"Brasil not\u00edcias\",\"description\":\"Brasil not\u00edcias\",\"publisher\":{\"@id\":\"https:\/\/brasilnoticias.org\/site\/#organization\"},\"potentialAction\":[{\"@type\":\"SearchAction\",\"target\":{\"@type\":\"EntryPoint\",\"urlTemplate\":\"https:\/\/brasilnoticias.org\/site\/?s={search_term_string}\"},\"query-input\":{\"@type\":\"PropertyValueSpecification\",\"valueRequired\":true,\"valueName\":\"search_term_string\"}}],\"inLanguage\":\"pt-PT\"},{\"@type\":\"Organization\",\"@id\":\"https:\/\/brasilnoticias.org\/site\/#organization\",\"name\":\"Brasil not\u00edcias\",\"url\":\"https:\/\/brasilnoticias.org\/site\/\",\"logo\":{\"@type\":\"ImageObject\",\"inLanguage\":\"pt-PT\",\"@id\":\"https:\/\/brasilnoticias.org\/site\/#\/schema\/logo\/image\/\",\"url\":\"https:\/\/brasilnoticias.org\/site\/wp-content\/uploads\/2022\/05\/cropped-brasilnoticias-mini.jpg\",\"contentUrl\":\"https:\/\/brasilnoticias.org\/site\/wp-content\/uploads\/2022\/05\/cropped-brasilnoticias-mini.jpg\",\"width\":314,\"height\":86,\"caption\":\"Brasil not\u00edcias\"},\"image\":{\"@id\":\"https:\/\/brasilnoticias.org\/site\/#\/schema\/logo\/image\/\"}},{\"@type\":\"Person\",\"@id\":\"https:\/\/brasilnoticias.org\/site\/#\/schema\/person\/03bbbfe6c7634ad18c26444ea39049fa\",\"name\":\"Reda\u00e7\u00e3o\",\"image\":{\"@type\":\"ImageObject\",\"inLanguage\":\"pt-PT\",\"@id\":\"https:\/\/brasilnoticias.org\/site\/#\/schema\/person\/image\/\",\"url\":\"https:\/\/secure.gravatar.com\/avatar\/9ecaf7327a696cb23ad926fedded5f1f04d7049de9e445375d55b48c001a6e42?s=96&d=mm&r=g\",\"contentUrl\":\"https:\/\/secure.gravatar.com\/avatar\/9ecaf7327a696cb23ad926fedded5f1f04d7049de9e445375d55b48c001a6e42?s=96&d=mm&r=g\",\"caption\":\"Reda\u00e7\u00e3o\"},\"url\":\"https:\/\/brasilnoticias.org\/site\/author\/henrique\/\"}]}<\/script>\n<!-- \/ Yoast SEO plugin. -->","yoast_head_json":{"title":"Salvador, Feira de Santana e Cama\u00e7ari devem receber 120 mil doses de vacina contra a dengue - Brasil not\u00edcias","robots":{"index":"index","follow":"follow","max-snippet":"max-snippet:-1","max-image-preview":"max-image-preview:large","max-video-preview":"max-video-preview:-1"},"canonical":"https:\/\/brasilnoticias.org\/site\/salvador-feira-de-santana-e-camacari-devem-receber-120-mil-doses-de-vacina-contra-a-dengue\/","og_locale":"pt_PT","og_type":"article","og_title":"Salvador, Feira de Santana e Cama\u00e7ari devem receber 120 mil doses de vacina contra a dengue - Brasil not\u00edcias","og_description":"Segundo a Sesab, a vacina\u00e7\u00e3o ser\u00e1 voltada para o p\u00fablico entre 10 e 14 anos Ap\u00f3s a confirma\u00e7\u00e3o de duas","og_url":"https:\/\/brasilnoticias.org\/site\/salvador-feira-de-santana-e-camacari-devem-receber-120-mil-doses-de-vacina-contra-a-dengue\/","og_site_name":"Brasil not\u00edcias","article_published_time":"2024-02-14T19:08:35+00:00","og_image":[{"width":960,"height":500,"url":"https:\/\/brasilnoticias.org\/site\/wp-content\/uploads\/2024\/02\/imagem-destacada-cepa-da-dengue-mais-disseminada-no-mundo-e-encontrada-no-brasil-960x500-1.jpg","type":"image\/jpeg"}],"author":"Reda\u00e7\u00e3o","twitter_card":"summary_large_image","twitter_misc":{"Escrito por":"Reda\u00e7\u00e3o","Tempo estimado de leitura":"1 minuto"},"schema":{"@context":"https:\/\/schema.org","@graph":[{"@type":"Article","@id":"https:\/\/brasilnoticias.org\/site\/salvador-feira-de-santana-e-camacari-devem-receber-120-mil-doses-de-vacina-contra-a-dengue\/#article","isPartOf":{"@id":"https:\/\/brasilnoticias.org\/site\/salvador-feira-de-santana-e-camacari-devem-receber-120-mil-doses-de-vacina-contra-a-dengue\/"},"author":{"name":"Reda\u00e7\u00e3o","@id":"https:\/\/brasilnoticias.org\/site\/#\/schema\/person\/03bbbfe6c7634ad18c26444ea39049fa"},"headline":"Salvador, Feira de Santana e Cama\u00e7ari devem receber 120 mil doses de vacina contra a dengue","datePublished":"2024-02-14T19:08:35+00:00","mainEntityOfPage":{"@id":"https:\/\/brasilnoticias.org\/site\/salvador-feira-de-santana-e-camacari-devem-receber-120-mil-doses-de-vacina-contra-a-dengue\/"},"wordCount":264,"commentCount":0,"publisher":{"@id":"https:\/\/brasilnoticias.org\/site\/#organization"},"image":{"@id":"https:\/\/brasilnoticias.org\/site\/salvador-feira-de-santana-e-camacari-devem-receber-120-mil-doses-de-vacina-contra-a-dengue\/#primaryimage"},"thumbnailUrl":"https:\/\/brasilnoticias.org\/site\/wp-content\/uploads\/2024\/02\/imagem-destacada-cepa-da-dengue-mais-disseminada-no-mundo-e-encontrada-no-brasil-960x500-1.jpg","articleSection":["Not\u00edcias","\u00daltimas"],"inLanguage":"pt-PT","potentialAction":[{"@type":"CommentAction","name":"Comment","target":["https:\/\/brasilnoticias.org\/site\/salvador-feira-de-santana-e-camacari-devem-receber-120-mil-doses-de-vacina-contra-a-dengue\/#respond"]}]},{"@type":"WebPage","@id":"https:\/\/brasilnoticias.org\/site\/salvador-feira-de-santana-e-camacari-devem-receber-120-mil-doses-de-vacina-contra-a-dengue\/","url":"https:\/\/brasilnoticias.org\/site\/salvador-feira-de-santana-e-camacari-devem-receber-120-mil-doses-de-vacina-contra-a-dengue\/","name":"Salvador, Feira de Santana e Cama\u00e7ari devem receber 120 mil doses de vacina contra a dengue - Brasil not\u00edcias","isPartOf":{"@id":"https:\/\/brasilnoticias.org\/site\/#website"},"primaryImageOfPage":{"@id":"https:\/\/brasilnoticias.org\/site\/salvador-feira-de-santana-e-camacari-devem-receber-120-mil-doses-de-vacina-contra-a-dengue\/#primaryimage"},"image":{"@id":"https:\/\/brasilnoticias.org\/site\/salvador-feira-de-santana-e-camacari-devem-receber-120-mil-doses-de-vacina-contra-a-dengue\/#primaryimage"},"thumbnailUrl":"https:\/\/brasilnoticias.org\/site\/wp-content\/uploads\/2024\/02\/imagem-destacada-cepa-da-dengue-mais-disseminada-no-mundo-e-encontrada-no-brasil-960x500-1.jpg","datePublished":"2024-02-14T19:08:35+00:00","breadcrumb":{"@id":"https:\/\/brasilnoticias.org\/site\/salvador-feira-de-santana-e-camacari-devem-receber-120-mil-doses-de-vacina-contra-a-dengue\/#breadcrumb"},"inLanguage":"pt-PT","potentialAction":[{"@type":"ReadAction","target":["https:\/\/brasilnoticias.org\/site\/salvador-feira-de-santana-e-camacari-devem-receber-120-mil-doses-de-vacina-contra-a-dengue\/"]}]},{"@type":"ImageObject","inLanguage":"pt-PT","@id":"https:\/\/brasilnoticias.org\/site\/salvador-feira-de-santana-e-camacari-devem-receber-120-mil-doses-de-vacina-contra-a-dengue\/#primaryimage","url":"https:\/\/brasilnoticias.org\/site\/wp-content\/uploads\/2024\/02\/imagem-destacada-cepa-da-dengue-mais-disseminada-no-mundo-e-encontrada-no-brasil-960x500-1.jpg","contentUrl":"https:\/\/brasilnoticias.org\/site\/wp-content\/uploads\/2024\/02\/imagem-destacada-cepa-da-dengue-mais-disseminada-no-mundo-e-encontrada-no-brasil-960x500-1.jpg","width":960,"height":500},{"@type":"BreadcrumbList","@id":"https:\/\/brasilnoticias.org\/site\/salvador-feira-de-santana-e-camacari-devem-receber-120-mil-doses-de-vacina-contra-a-dengue\/#breadcrumb","itemListElement":[{"@type":"ListItem","position":1,"name":"In\u00edcio","item":"https:\/\/brasilnoticias.org\/site\/"},{"@type":"ListItem","position":2,"name":"Salvador, Feira de Santana e Cama\u00e7ari devem receber 120 mil doses de vacina contra a dengue"}]},{"@type":"WebSite","@id":"https:\/\/brasilnoticias.org\/site\/#website","url":"https:\/\/brasilnoticias.org\/site\/","name":"Brasil not\u00edcias","description":"Brasil not\u00edcias","publisher":{"@id":"https:\/\/brasilnoticias.org\/site\/#organization"},"potentialAction":[{"@type":"SearchAction","target":{"@type":"EntryPoint","urlTemplate":"https:\/\/brasilnoticias.org\/site\/?s={search_term_string}"},"query-input":{"@type":"PropertyValueSpecification","valueRequired":true,"valueName":"search_term_string"}}],"inLanguage":"pt-PT"},{"@type":"Organization","@id":"https:\/\/brasilnoticias.org\/site\/#organization","name":"Brasil not\u00edcias","url":"https:\/\/brasilnoticias.org\/site\/","logo":{"@type":"ImageObject","inLanguage":"pt-PT","@id":"https:\/\/brasilnoticias.org\/site\/#\/schema\/logo\/image\/","url":"https:\/\/brasilnoticias.org\/site\/wp-content\/uploads\/2022\/05\/cropped-brasilnoticias-mini.jpg","contentUrl":"https:\/\/brasilnoticias.org\/site\/wp-content\/uploads\/2022\/05\/cropped-brasilnoticias-mini.jpg","width":314,"height":86,"caption":"Brasil not\u00edcias"},"image":{"@id":"https:\/\/brasilnoticias.org\/site\/#\/schema\/logo\/image\/"}},{"@type":"Person","@id":"https:\/\/brasilnoticias.org\/site\/#\/schema\/person\/03bbbfe6c7634ad18c26444ea39049fa","name":"Reda\u00e7\u00e3o","image":{"@type":"ImageObject","inLanguage":"pt-PT","@id":"https:\/\/brasilnoticias.org\/site\/#\/schema\/person\/image\/","url":"https:\/\/secure.gravatar.com\/avatar\/9ecaf7327a696cb23ad926fedded5f1f04d7049de9e445375d55b48c001a6e42?s=96&d=mm&r=g","contentUrl":"https:\/\/secure.gravatar.com\/avatar\/9ecaf7327a696cb23ad926fedded5f1f04d7049de9e445375d55b48c001a6e42?s=96&d=mm&r=g","caption":"Reda\u00e7\u00e3o"},"url":"https:\/\/brasilnoticias.org\/site\/author\/henrique\/"}]}},"_links":{"self":[{"href":"https:\/\/brasilnoticias.org\/site\/wp-json\/wp\/v2\/posts\/12727","targetHints":{"allow":["GET"]}}],"collection":[{"href":"https:\/\/brasilnoticias.org\/site\/wp-json\/wp\/v2\/posts"}],"about":[{"href":"https:\/\/brasilnoticias.org\/site\/wp-json\/wp\/v2\/types\/post"}],"author":[{"embeddable":true,"href":"https:\/\/brasilnoticias.org\/site\/wp-json\/wp\/v2\/users\/4"}],"replies":[{"embeddable":true,"href":"https:\/\/brasilnoticias.org\/site\/wp-json\/wp\/v2\/comments?post=12727"}],"version-history":[{"count":1,"href":"https:\/\/brasilnoticias.org\/site\/wp-json\/wp\/v2\/posts\/12727\/revisions"}],"predecessor-version":[{"id":12729,"href":"https:\/\/brasilnoticias.org\/site\/wp-json\/wp\/v2\/posts\/12727\/revisions\/12729"}],"wp:featuredmedia":[{"embeddable":true,"href":"https:\/\/brasilnoticias.org\/site\/wp-json\/wp\/v2\/media\/12728"}],"wp:attachment":[{"href":"https:\/\/brasilnoticias.org\/site\/wp-json\/wp\/v2\/media?parent=12727"}],"wp:term":[{"taxonomy":"category","embeddable":true,"href":"https:\/\/brasilnoticias.org\/site\/wp-json\/wp\/v2\/categories?post=12727"},{"taxonomy":"post_tag","embeddable":true,"href":"https:\/\/brasilnoticias.org\/site\/wp-json\/wp\/v2\/tags?post=12727"}],"curies":[{"name":"wp","href":"https:\/\/api.w.org\/{rel}","templated":true}]}}