{"id":12732,"date":"2024-02-15T17:37:02","date_gmt":"2024-02-15T20:37:02","guid":{"rendered":"https:\/\/brasilnoticias.org\/site\/?p=12732"},"modified":"2024-02-15T17:37:02","modified_gmt":"2024-02-15T20:37:02","slug":"deputado-quer-proibir-uso-do-nome-elevador-social-e-de-servico-em-edificios-da-bahia","status":"publish","type":"post","link":"https:\/\/brasilnoticias.org\/site\/deputado-quer-proibir-uso-do-nome-elevador-social-e-de-servico-em-edificios-da-bahia\/","title":{"rendered":"Deputado quer proibir uso do nome &#8216;elevador social e de servi\u00e7o&#8217; em edif\u00edcios da Bahia"},"content":{"rendered":"<p>O deputado estadual Manuel Rocha (Uni\u00e3o Brasil) apresentou um projeto de lei que pro\u00edbe o uso das express\u00f5es &#8220;elevador social&#8221; e &#8220;elevador de servi\u00e7os&#8221; nos edif\u00edcios privados em toda a Bahia. De acordo com a proposta, publicada na edi\u00e7\u00e3o de ontem do Di\u00e1rio Oficial do Poder Legislativo, est\u00e3o previstas exce\u00e7\u00f5es a equipamentos destinados exclusivamente ao transporte de carga, servi\u00e7os de obras e reparos em im\u00f3veis, pessoas em trajes de banhos ou animais dom\u00e9sticos de qualquer esp\u00e9cie.<\/p>\n<p>Ao justificar a necessidade da lei, o parlamentar, que \u00e9 filho do deputado federal Jos\u00e9 Rocha (Uni\u00e3o Brasil), destacou a import\u00e2ncia de coibir &#8220;qualquer tipo de discrimina\u00e7\u00e3o&#8221; e de proporcionar o dinamismo para o acesso a estabelecimentos privados&#8221;. O projeto estabelece ainda dois tipos de penalidades para quem descumprir a regra: advert\u00eancia para o condom\u00ednio ou pr\u00e9dio que for atuado pela primeira vez e multa de R$ 1.500 a cada nova infra\u00e7\u00e3o detectada. <\/p>\n<p>&#8220;Denominar um elevador como de servi\u00e7o \u00e9 racismo institucional, que n\u00e3o pode existir em uma sociedade democr\u00e1tica de direito sem que, para tanto, seja assegurada uma efetiva igualdade diante dos princ\u00edpios b\u00e1sicos da dignidade humana. Nesse compasso, todas as pessoas entrar\u00e3o nos elevadores existentes e dispon\u00edveis sem qualquer discrimina\u00e7\u00e3o, cabendo apenas em casos pontuais o direcionamento a determinado elevador&#8221;, destacou Rocha em mensagem encaminhada \u00e0 presid\u00eancia da Assembleia Legislativa da Bahia (Alba). <\/p>\n<p>Foto: Reprodu\u00e7\u00e3o<br \/>\nPor: Jairo Costa Jr.<\/p>\n","protected":false},"excerpt":{"rendered":"<p>O deputado estadual Manuel Rocha (Uni\u00e3o Brasil) apresentou um projeto de lei que pro\u00edbe o uso das express\u00f5es &#8220;elevador social&#8221;<\/p>\n","protected":false},"author":4,"featured_media":12733,"comment_status":"open","ping_status":"open","sticky":false,"template":"","format":"standard","meta":{"colormag_page_container_layout":"default_layout","colormag_page_sidebar_layout":"default_layout","_FSMCFIC_featured_image_caption":"","_FSMCFIC_featured_image_nocaption":"","_FSMCFIC_featured_image_hide":"","footnotes":""},"categories":[5,1],"tags":[],"class_list":["post-12732","post","type-post","status-publish","format-standard","has-post-thumbnail","hentry","category-politica","category-ultimas"],"yoast_head":"<!-- This site is optimized with the Yoast SEO plugin v27.1.1 - https:\/\/yoast.com\/product\/yoast-seo-wordpress\/ -->\n<title>Deputado quer proibir uso do nome &#039;elevador social e de servi\u00e7o&#039; em edif\u00edcios da Bahia - Brasil not\u00edcias<\/title>\n<meta name=\"robots\" content=\"index, follow, max-snippet:-1, max-image-preview:large, max-video-preview:-1\" \/>\n<link rel=\"canonical\" href=\"https:\/\/brasilnoticias.org\/site\/deputado-quer-proibir-uso-do-nome-elevador-social-e-de-servico-em-edificios-da-bahia\/\" \/>\n<meta property=\"og:locale\" content=\"pt_PT\" \/>\n<meta property=\"og:type\" content=\"article\" \/>\n<meta property=\"og:title\" content=\"Deputado quer proibir uso do nome &#039;elevador social e de servi\u00e7o&#039; em edif\u00edcios da Bahia - Brasil not\u00edcias\" \/>\n<meta property=\"og:description\" content=\"O deputado estadual Manuel Rocha (Uni\u00e3o Brasil) apresentou um projeto de lei que pro\u00edbe o uso das express\u00f5es &#8220;elevador social&#8221;\" \/>\n<meta property=\"og:url\" content=\"https:\/\/brasilnoticias.org\/site\/deputado-quer-proibir-uso-do-nome-elevador-social-e-de-servico-em-edificios-da-bahia\/\" \/>\n<meta property=\"og:site_name\" content=\"Brasil not\u00edcias\" \/>\n<meta property=\"article:published_time\" content=\"2024-02-15T20:37:02+00:00\" \/>\n<meta property=\"og:image\" content=\"https:\/\/brasilnoticias.org\/site\/wp-content\/uploads\/2024\/02\/146209deputado-quer-proibir-uso-do-nome-elevador-social-e-de-servico-em-edificios-da-bahia-3.jpg\" \/>\n\t<meta property=\"og:image:width\" content=\"1600\" \/>\n\t<meta property=\"og:image:height\" content=\"752\" \/>\n\t<meta property=\"og:image:type\" content=\"image\/jpeg\" \/>\n<meta name=\"author\" content=\"Reda\u00e7\u00e3o\" \/>\n<meta name=\"twitter:card\" content=\"summary_large_image\" \/>\n<meta name=\"twitter:label1\" content=\"Escrito por\" \/>\n\t<meta name=\"twitter:data1\" content=\"Reda\u00e7\u00e3o\" \/>\n\t<meta name=\"twitter:label2\" content=\"Tempo estimado de leitura\" \/>\n\t<meta name=\"twitter:data2\" content=\"1 minuto\" \/>\n<script type=\"application\/ld+json\" class=\"yoast-schema-graph\">{\"@context\":\"https:\/\/schema.org\",\"@graph\":[{\"@type\":\"Article\",\"@id\":\"https:\/\/brasilnoticias.org\/site\/deputado-quer-proibir-uso-do-nome-elevador-social-e-de-servico-em-edificios-da-bahia\/#article\",\"isPartOf\":{\"@id\":\"https:\/\/brasilnoticias.org\/site\/deputado-quer-proibir-uso-do-nome-elevador-social-e-de-servico-em-edificios-da-bahia\/\"},\"author\":{\"name\":\"Reda\u00e7\u00e3o\",\"@id\":\"https:\/\/brasilnoticias.org\/site\/#\/schema\/person\/03bbbfe6c7634ad18c26444ea39049fa\"},\"headline\":\"Deputado quer proibir uso do nome &#8216;elevador social e de servi\u00e7o&#8217; em edif\u00edcios da Bahia\",\"datePublished\":\"2024-02-15T20:37:02+00:00\",\"mainEntityOfPage\":{\"@id\":\"https:\/\/brasilnoticias.org\/site\/deputado-quer-proibir-uso-do-nome-elevador-social-e-de-servico-em-edificios-da-bahia\/\"},\"wordCount\":270,\"commentCount\":0,\"publisher\":{\"@id\":\"https:\/\/brasilnoticias.org\/site\/#organization\"},\"image\":{\"@id\":\"https:\/\/brasilnoticias.org\/site\/deputado-quer-proibir-uso-do-nome-elevador-social-e-de-servico-em-edificios-da-bahia\/#primaryimage\"},\"thumbnailUrl\":\"https:\/\/brasilnoticias.org\/site\/wp-content\/uploads\/2024\/02\/146209deputado-quer-proibir-uso-do-nome-elevador-social-e-de-servico-em-edificios-da-bahia-3.jpg\",\"articleSection\":[\"Pol\u00edtica\",\"\u00daltimas\"],\"inLanguage\":\"pt-PT\",\"potentialAction\":[{\"@type\":\"CommentAction\",\"name\":\"Comment\",\"target\":[\"https:\/\/brasilnoticias.org\/site\/deputado-quer-proibir-uso-do-nome-elevador-social-e-de-servico-em-edificios-da-bahia\/#respond\"]}]},{\"@type\":\"WebPage\",\"@id\":\"https:\/\/brasilnoticias.org\/site\/deputado-quer-proibir-uso-do-nome-elevador-social-e-de-servico-em-edificios-da-bahia\/\",\"url\":\"https:\/\/brasilnoticias.org\/site\/deputado-quer-proibir-uso-do-nome-elevador-social-e-de-servico-em-edificios-da-bahia\/\",\"name\":\"Deputado quer proibir uso do nome 'elevador social e de servi\u00e7o' em edif\u00edcios da Bahia - Brasil not\u00edcias\",\"isPartOf\":{\"@id\":\"https:\/\/brasilnoticias.org\/site\/#website\"},\"primaryImageOfPage\":{\"@id\":\"https:\/\/brasilnoticias.org\/site\/deputado-quer-proibir-uso-do-nome-elevador-social-e-de-servico-em-edificios-da-bahia\/#primaryimage\"},\"image\":{\"@id\":\"https:\/\/brasilnoticias.org\/site\/deputado-quer-proibir-uso-do-nome-elevador-social-e-de-servico-em-edificios-da-bahia\/#primaryimage\"},\"thumbnailUrl\":\"https:\/\/brasilnoticias.org\/site\/wp-content\/uploads\/2024\/02\/146209deputado-quer-proibir-uso-do-nome-elevador-social-e-de-servico-em-edificios-da-bahia-3.jpg\",\"datePublished\":\"2024-02-15T20:37:02+00:00\",\"breadcrumb\":{\"@id\":\"https:\/\/brasilnoticias.org\/site\/deputado-quer-proibir-uso-do-nome-elevador-social-e-de-servico-em-edificios-da-bahia\/#breadcrumb\"},\"inLanguage\":\"pt-PT\",\"potentialAction\":[{\"@type\":\"ReadAction\",\"target\":[\"https:\/\/brasilnoticias.org\/site\/deputado-quer-proibir-uso-do-nome-elevador-social-e-de-servico-em-edificios-da-bahia\/\"]}]},{\"@type\":\"ImageObject\",\"inLanguage\":\"pt-PT\",\"@id\":\"https:\/\/brasilnoticias.org\/site\/deputado-quer-proibir-uso-do-nome-elevador-social-e-de-servico-em-edificios-da-bahia\/#primaryimage\",\"url\":\"https:\/\/brasilnoticias.org\/site\/wp-content\/uploads\/2024\/02\/146209deputado-quer-proibir-uso-do-nome-elevador-social-e-de-servico-em-edificios-da-bahia-3.jpg\",\"contentUrl\":\"https:\/\/brasilnoticias.org\/site\/wp-content\/uploads\/2024\/02\/146209deputado-quer-proibir-uso-do-nome-elevador-social-e-de-servico-em-edificios-da-bahia-3.jpg\",\"width\":1600,\"height\":752},{\"@type\":\"BreadcrumbList\",\"@id\":\"https:\/\/brasilnoticias.org\/site\/deputado-quer-proibir-uso-do-nome-elevador-social-e-de-servico-em-edificios-da-bahia\/#breadcrumb\",\"itemListElement\":[{\"@type\":\"ListItem\",\"position\":1,\"name\":\"In\u00edcio\",\"item\":\"https:\/\/brasilnoticias.org\/site\/\"},{\"@type\":\"ListItem\",\"position\":2,\"name\":\"Deputado quer proibir uso do nome &#8216;elevador social e de servi\u00e7o&#8217; em edif\u00edcios da Bahia\"}]},{\"@type\":\"WebSite\",\"@id\":\"https:\/\/brasilnoticias.org\/site\/#website\",\"url\":\"https:\/\/brasilnoticias.org\/site\/\",\"name\":\"Brasil not\u00edcias\",\"description\":\"Brasil not\u00edcias\",\"publisher\":{\"@id\":\"https:\/\/brasilnoticias.org\/site\/#organization\"},\"potentialAction\":[{\"@type\":\"SearchAction\",\"target\":{\"@type\":\"EntryPoint\",\"urlTemplate\":\"https:\/\/brasilnoticias.org\/site\/?s={search_term_string}\"},\"query-input\":{\"@type\":\"PropertyValueSpecification\",\"valueRequired\":true,\"valueName\":\"search_term_string\"}}],\"inLanguage\":\"pt-PT\"},{\"@type\":\"Organization\",\"@id\":\"https:\/\/brasilnoticias.org\/site\/#organization\",\"name\":\"Brasil not\u00edcias\",\"url\":\"https:\/\/brasilnoticias.org\/site\/\",\"logo\":{\"@type\":\"ImageObject\",\"inLanguage\":\"pt-PT\",\"@id\":\"https:\/\/brasilnoticias.org\/site\/#\/schema\/logo\/image\/\",\"url\":\"https:\/\/brasilnoticias.org\/site\/wp-content\/uploads\/2022\/05\/cropped-brasilnoticias-mini.jpg\",\"contentUrl\":\"https:\/\/brasilnoticias.org\/site\/wp-content\/uploads\/2022\/05\/cropped-brasilnoticias-mini.jpg\",\"width\":314,\"height\":86,\"caption\":\"Brasil not\u00edcias\"},\"image\":{\"@id\":\"https:\/\/brasilnoticias.org\/site\/#\/schema\/logo\/image\/\"}},{\"@type\":\"Person\",\"@id\":\"https:\/\/brasilnoticias.org\/site\/#\/schema\/person\/03bbbfe6c7634ad18c26444ea39049fa\",\"name\":\"Reda\u00e7\u00e3o\",\"image\":{\"@type\":\"ImageObject\",\"inLanguage\":\"pt-PT\",\"@id\":\"https:\/\/brasilnoticias.org\/site\/#\/schema\/person\/image\/\",\"url\":\"https:\/\/secure.gravatar.com\/avatar\/9ecaf7327a696cb23ad926fedded5f1f04d7049de9e445375d55b48c001a6e42?s=96&d=mm&r=g\",\"contentUrl\":\"https:\/\/secure.gravatar.com\/avatar\/9ecaf7327a696cb23ad926fedded5f1f04d7049de9e445375d55b48c001a6e42?s=96&d=mm&r=g\",\"caption\":\"Reda\u00e7\u00e3o\"},\"url\":\"https:\/\/brasilnoticias.org\/site\/author\/henrique\/\"}]}<\/script>\n<!-- \/ Yoast SEO plugin. -->","yoast_head_json":{"title":"Deputado quer proibir uso do nome 'elevador social e de servi\u00e7o' em edif\u00edcios da Bahia - Brasil not\u00edcias","robots":{"index":"index","follow":"follow","max-snippet":"max-snippet:-1","max-image-preview":"max-image-preview:large","max-video-preview":"max-video-preview:-1"},"canonical":"https:\/\/brasilnoticias.org\/site\/deputado-quer-proibir-uso-do-nome-elevador-social-e-de-servico-em-edificios-da-bahia\/","og_locale":"pt_PT","og_type":"article","og_title":"Deputado quer proibir uso do nome 'elevador social e de servi\u00e7o' em edif\u00edcios da Bahia - Brasil not\u00edcias","og_description":"O deputado estadual Manuel Rocha (Uni\u00e3o Brasil) apresentou um projeto de lei que pro\u00edbe o uso das express\u00f5es &#8220;elevador social&#8221;","og_url":"https:\/\/brasilnoticias.org\/site\/deputado-quer-proibir-uso-do-nome-elevador-social-e-de-servico-em-edificios-da-bahia\/","og_site_name":"Brasil not\u00edcias","article_published_time":"2024-02-15T20:37:02+00:00","og_image":[{"width":1600,"height":752,"url":"https:\/\/brasilnoticias.org\/site\/wp-content\/uploads\/2024\/02\/146209deputado-quer-proibir-uso-do-nome-elevador-social-e-de-servico-em-edificios-da-bahia-3.jpg","type":"image\/jpeg"}],"author":"Reda\u00e7\u00e3o","twitter_card":"summary_large_image","twitter_misc":{"Escrito por":"Reda\u00e7\u00e3o","Tempo estimado de leitura":"1 minuto"},"schema":{"@context":"https:\/\/schema.org","@graph":[{"@type":"Article","@id":"https:\/\/brasilnoticias.org\/site\/deputado-quer-proibir-uso-do-nome-elevador-social-e-de-servico-em-edificios-da-bahia\/#article","isPartOf":{"@id":"https:\/\/brasilnoticias.org\/site\/deputado-quer-proibir-uso-do-nome-elevador-social-e-de-servico-em-edificios-da-bahia\/"},"author":{"name":"Reda\u00e7\u00e3o","@id":"https:\/\/brasilnoticias.org\/site\/#\/schema\/person\/03bbbfe6c7634ad18c26444ea39049fa"},"headline":"Deputado quer proibir uso do nome &#8216;elevador social e de servi\u00e7o&#8217; em edif\u00edcios da Bahia","datePublished":"2024-02-15T20:37:02+00:00","mainEntityOfPage":{"@id":"https:\/\/brasilnoticias.org\/site\/deputado-quer-proibir-uso-do-nome-elevador-social-e-de-servico-em-edificios-da-bahia\/"},"wordCount":270,"commentCount":0,"publisher":{"@id":"https:\/\/brasilnoticias.org\/site\/#organization"},"image":{"@id":"https:\/\/brasilnoticias.org\/site\/deputado-quer-proibir-uso-do-nome-elevador-social-e-de-servico-em-edificios-da-bahia\/#primaryimage"},"thumbnailUrl":"https:\/\/brasilnoticias.org\/site\/wp-content\/uploads\/2024\/02\/146209deputado-quer-proibir-uso-do-nome-elevador-social-e-de-servico-em-edificios-da-bahia-3.jpg","articleSection":["Pol\u00edtica","\u00daltimas"],"inLanguage":"pt-PT","potentialAction":[{"@type":"CommentAction","name":"Comment","target":["https:\/\/brasilnoticias.org\/site\/deputado-quer-proibir-uso-do-nome-elevador-social-e-de-servico-em-edificios-da-bahia\/#respond"]}]},{"@type":"WebPage","@id":"https:\/\/brasilnoticias.org\/site\/deputado-quer-proibir-uso-do-nome-elevador-social-e-de-servico-em-edificios-da-bahia\/","url":"https:\/\/brasilnoticias.org\/site\/deputado-quer-proibir-uso-do-nome-elevador-social-e-de-servico-em-edificios-da-bahia\/","name":"Deputado quer proibir uso do nome 'elevador social e de servi\u00e7o' em edif\u00edcios da Bahia - Brasil not\u00edcias","isPartOf":{"@id":"https:\/\/brasilnoticias.org\/site\/#website"},"primaryImageOfPage":{"@id":"https:\/\/brasilnoticias.org\/site\/deputado-quer-proibir-uso-do-nome-elevador-social-e-de-servico-em-edificios-da-bahia\/#primaryimage"},"image":{"@id":"https:\/\/brasilnoticias.org\/site\/deputado-quer-proibir-uso-do-nome-elevador-social-e-de-servico-em-edificios-da-bahia\/#primaryimage"},"thumbnailUrl":"https:\/\/brasilnoticias.org\/site\/wp-content\/uploads\/2024\/02\/146209deputado-quer-proibir-uso-do-nome-elevador-social-e-de-servico-em-edificios-da-bahia-3.jpg","datePublished":"2024-02-15T20:37:02+00:00","breadcrumb":{"@id":"https:\/\/brasilnoticias.org\/site\/deputado-quer-proibir-uso-do-nome-elevador-social-e-de-servico-em-edificios-da-bahia\/#breadcrumb"},"inLanguage":"pt-PT","potentialAction":[{"@type":"ReadAction","target":["https:\/\/brasilnoticias.org\/site\/deputado-quer-proibir-uso-do-nome-elevador-social-e-de-servico-em-edificios-da-bahia\/"]}]},{"@type":"ImageObject","inLanguage":"pt-PT","@id":"https:\/\/brasilnoticias.org\/site\/deputado-quer-proibir-uso-do-nome-elevador-social-e-de-servico-em-edificios-da-bahia\/#primaryimage","url":"https:\/\/brasilnoticias.org\/site\/wp-content\/uploads\/2024\/02\/146209deputado-quer-proibir-uso-do-nome-elevador-social-e-de-servico-em-edificios-da-bahia-3.jpg","contentUrl":"https:\/\/brasilnoticias.org\/site\/wp-content\/uploads\/2024\/02\/146209deputado-quer-proibir-uso-do-nome-elevador-social-e-de-servico-em-edificios-da-bahia-3.jpg","width":1600,"height":752},{"@type":"BreadcrumbList","@id":"https:\/\/brasilnoticias.org\/site\/deputado-quer-proibir-uso-do-nome-elevador-social-e-de-servico-em-edificios-da-bahia\/#breadcrumb","itemListElement":[{"@type":"ListItem","position":1,"name":"In\u00edcio","item":"https:\/\/brasilnoticias.org\/site\/"},{"@type":"ListItem","position":2,"name":"Deputado quer proibir uso do nome &#8216;elevador social e de servi\u00e7o&#8217; em edif\u00edcios da Bahia"}]},{"@type":"WebSite","@id":"https:\/\/brasilnoticias.org\/site\/#website","url":"https:\/\/brasilnoticias.org\/site\/","name":"Brasil not\u00edcias","description":"Brasil not\u00edcias","publisher":{"@id":"https:\/\/brasilnoticias.org\/site\/#organization"},"potentialAction":[{"@type":"SearchAction","target":{"@type":"EntryPoint","urlTemplate":"https:\/\/brasilnoticias.org\/site\/?s={search_term_string}"},"query-input":{"@type":"PropertyValueSpecification","valueRequired":true,"valueName":"search_term_string"}}],"inLanguage":"pt-PT"},{"@type":"Organization","@id":"https:\/\/brasilnoticias.org\/site\/#organization","name":"Brasil not\u00edcias","url":"https:\/\/brasilnoticias.org\/site\/","logo":{"@type":"ImageObject","inLanguage":"pt-PT","@id":"https:\/\/brasilnoticias.org\/site\/#\/schema\/logo\/image\/","url":"https:\/\/brasilnoticias.org\/site\/wp-content\/uploads\/2022\/05\/cropped-brasilnoticias-mini.jpg","contentUrl":"https:\/\/brasilnoticias.org\/site\/wp-content\/uploads\/2022\/05\/cropped-brasilnoticias-mini.jpg","width":314,"height":86,"caption":"Brasil not\u00edcias"},"image":{"@id":"https:\/\/brasilnoticias.org\/site\/#\/schema\/logo\/image\/"}},{"@type":"Person","@id":"https:\/\/brasilnoticias.org\/site\/#\/schema\/person\/03bbbfe6c7634ad18c26444ea39049fa","name":"Reda\u00e7\u00e3o","image":{"@type":"ImageObject","inLanguage":"pt-PT","@id":"https:\/\/brasilnoticias.org\/site\/#\/schema\/person\/image\/","url":"https:\/\/secure.gravatar.com\/avatar\/9ecaf7327a696cb23ad926fedded5f1f04d7049de9e445375d55b48c001a6e42?s=96&d=mm&r=g","contentUrl":"https:\/\/secure.gravatar.com\/avatar\/9ecaf7327a696cb23ad926fedded5f1f04d7049de9e445375d55b48c001a6e42?s=96&d=mm&r=g","caption":"Reda\u00e7\u00e3o"},"url":"https:\/\/brasilnoticias.org\/site\/author\/henrique\/"}]}},"_links":{"self":[{"href":"https:\/\/brasilnoticias.org\/site\/wp-json\/wp\/v2\/posts\/12732","targetHints":{"allow":["GET"]}}],"collection":[{"href":"https:\/\/brasilnoticias.org\/site\/wp-json\/wp\/v2\/posts"}],"about":[{"href":"https:\/\/brasilnoticias.org\/site\/wp-json\/wp\/v2\/types\/post"}],"author":[{"embeddable":true,"href":"https:\/\/brasilnoticias.org\/site\/wp-json\/wp\/v2\/users\/4"}],"replies":[{"embeddable":true,"href":"https:\/\/brasilnoticias.org\/site\/wp-json\/wp\/v2\/comments?post=12732"}],"version-history":[{"count":1,"href":"https:\/\/brasilnoticias.org\/site\/wp-json\/wp\/v2\/posts\/12732\/revisions"}],"predecessor-version":[{"id":12734,"href":"https:\/\/brasilnoticias.org\/site\/wp-json\/wp\/v2\/posts\/12732\/revisions\/12734"}],"wp:featuredmedia":[{"embeddable":true,"href":"https:\/\/brasilnoticias.org\/site\/wp-json\/wp\/v2\/media\/12733"}],"wp:attachment":[{"href":"https:\/\/brasilnoticias.org\/site\/wp-json\/wp\/v2\/media?parent=12732"}],"wp:term":[{"taxonomy":"category","embeddable":true,"href":"https:\/\/brasilnoticias.org\/site\/wp-json\/wp\/v2\/categories?post=12732"},{"taxonomy":"post_tag","embeddable":true,"href":"https:\/\/brasilnoticias.org\/site\/wp-json\/wp\/v2\/tags?post=12732"}],"curies":[{"name":"wp","href":"https:\/\/api.w.org\/{rel}","templated":true}]}}