{"id":12750,"date":"2024-02-17T19:39:04","date_gmt":"2024-02-17T22:39:04","guid":{"rendered":"https:\/\/brasilnoticias.org\/site\/?p=12750"},"modified":"2024-02-17T19:39:04","modified_gmt":"2024-02-17T22:39:04","slug":"lewandowski-viaja-a-mossoro-neste-domingo-para-acompanhar-busca-a-fugitivos","status":"publish","type":"post","link":"https:\/\/brasilnoticias.org\/site\/lewandowski-viaja-a-mossoro-neste-domingo-para-acompanhar-busca-a-fugitivos\/","title":{"rendered":"Lewandowski viaja a Mossor\u00f3 neste domingo para acompanhar busca a fugitivos"},"content":{"rendered":"<p>Ministro da Justi\u00e7a se reunir\u00e1 com chefes das equipes que procuram detentos que fugiram de penitenci\u00e1ria federal; ele estar\u00e1 acompanhado do diretor-geral em exerc\u00edcio da Pol\u00edcia Federal, Gustavo Souza<\/p>\n<p>O ministro da Justi\u00e7a e Seguran\u00e7a P\u00fablica, Ricardo Lewandowski, ir\u00e1 neste domingo (18) a Mossor\u00f3 (RN) para acompanhar as buscas por dois detentos que fugiram da penitenci\u00e1ria federal. O ministro estar\u00e1 acompanhado do diretor-geral em exerc\u00edcio da Pol\u00edcia Federal, Gustavo Souza.<\/p>\n<p>Segundo o Minist\u00e9rio da Justi\u00e7a, h\u00e1 300 agentes mobilizados na recaptura dos detentos, entre eles policiais federais, policiais rodovi\u00e1rios federais e policiais estaduais. Lewandowski deve se reunir com os chefes das equipes de buscas.<\/p>\n<p>O Minist\u00e9rio da Justi\u00e7a afirma que h\u00e1 duas investiga\u00e7\u00f5es em curso a respeito da fuga. Uma delas, que \u00e9 de car\u00e1ter administrativo e apura quem s\u00e3o os respons\u00e1veis pela fuga, pode render um processo administrativo. J\u00e1 a Pol\u00edcia Federal investiga eventuais responsabilidades criminais de quem teria facilitado a fuga dos dois detentos.<\/p>\n<p>O secret\u00e1rio nacional de Pol\u00edticas Penais, Andr\u00e9 Garcia, afirmou que \u201cpodemos classificar uma situa\u00e7\u00e3o dessa como crise no sistema prisional, porque \u00e9 um caso inusitado\u201d, durante uma entrevista coletiva concedida em Mossor\u00f3. Garcia disse \u00e0 imprensa que a recaptura dos fugitivos \u00e9 a prioridade no momento. \u201cTemos v\u00e1rias equipes e v\u00e1rios recursos 24 horas por dia empenhados nessa busca\u201d, pontuou. <\/p>\n<p>Foto: Tom Costa\/MJSP<br \/>\nPor: Metro1<\/p>\n","protected":false},"excerpt":{"rendered":"<p>Ministro da Justi\u00e7a se reunir\u00e1 com chefes das equipes que procuram detentos que fugiram de penitenci\u00e1ria federal; ele estar\u00e1 acompanhado<\/p>\n","protected":false},"author":4,"featured_media":12751,"comment_status":"open","ping_status":"open","sticky":false,"template":"","format":"standard","meta":{"colormag_page_container_layout":"default_layout","colormag_page_sidebar_layout":"default_layout","_FSMCFIC_featured_image_caption":"","_FSMCFIC_featured_image_nocaption":"","_FSMCFIC_featured_image_hide":"","footnotes":""},"categories":[2,1],"tags":[],"class_list":["post-12750","post","type-post","status-publish","format-standard","has-post-thumbnail","hentry","category-noticias","category-ultimas"],"yoast_head":"<!-- This site is optimized with the Yoast SEO plugin v27.1.1 - https:\/\/yoast.com\/product\/yoast-seo-wordpress\/ -->\n<title>Lewandowski viaja a Mossor\u00f3 neste domingo para acompanhar busca a fugitivos - Brasil not\u00edcias<\/title>\n<meta name=\"robots\" content=\"index, follow, max-snippet:-1, max-image-preview:large, max-video-preview:-1\" \/>\n<link rel=\"canonical\" href=\"https:\/\/brasilnoticias.org\/site\/lewandowski-viaja-a-mossoro-neste-domingo-para-acompanhar-busca-a-fugitivos\/\" \/>\n<meta property=\"og:locale\" content=\"pt_PT\" \/>\n<meta property=\"og:type\" content=\"article\" \/>\n<meta property=\"og:title\" content=\"Lewandowski viaja a Mossor\u00f3 neste domingo para acompanhar busca a fugitivos - Brasil not\u00edcias\" \/>\n<meta property=\"og:description\" content=\"Ministro da Justi\u00e7a se reunir\u00e1 com chefes das equipes que procuram detentos que fugiram de penitenci\u00e1ria federal; ele estar\u00e1 acompanhado\" \/>\n<meta property=\"og:url\" content=\"https:\/\/brasilnoticias.org\/site\/lewandowski-viaja-a-mossoro-neste-domingo-para-acompanhar-busca-a-fugitivos\/\" \/>\n<meta property=\"og:site_name\" content=\"Brasil not\u00edcias\" \/>\n<meta property=\"article:published_time\" content=\"2024-02-17T22:39:04+00:00\" \/>\n<meta property=\"og:image\" content=\"https:\/\/brasilnoticias.org\/site\/wp-content\/uploads\/2024\/02\/146294lewandowski-viaja-a-mossoro-neste-domingo-para-acompanhar-busca-a-fugitivos-3.jpg\" \/>\n\t<meta property=\"og:image:width\" content=\"1600\" \/>\n\t<meta property=\"og:image:height\" content=\"752\" \/>\n\t<meta property=\"og:image:type\" content=\"image\/jpeg\" \/>\n<meta name=\"author\" content=\"Reda\u00e7\u00e3o\" \/>\n<meta name=\"twitter:card\" content=\"summary_large_image\" \/>\n<meta name=\"twitter:label1\" content=\"Escrito por\" \/>\n\t<meta name=\"twitter:data1\" content=\"Reda\u00e7\u00e3o\" \/>\n\t<meta name=\"twitter:label2\" content=\"Tempo estimado de leitura\" \/>\n\t<meta name=\"twitter:data2\" content=\"1 minuto\" \/>\n<script type=\"application\/ld+json\" class=\"yoast-schema-graph\">{\"@context\":\"https:\/\/schema.org\",\"@graph\":[{\"@type\":\"Article\",\"@id\":\"https:\/\/brasilnoticias.org\/site\/lewandowski-viaja-a-mossoro-neste-domingo-para-acompanhar-busca-a-fugitivos\/#article\",\"isPartOf\":{\"@id\":\"https:\/\/brasilnoticias.org\/site\/lewandowski-viaja-a-mossoro-neste-domingo-para-acompanhar-busca-a-fugitivos\/\"},\"author\":{\"name\":\"Reda\u00e7\u00e3o\",\"@id\":\"https:\/\/brasilnoticias.org\/site\/#\/schema\/person\/03bbbfe6c7634ad18c26444ea39049fa\"},\"headline\":\"Lewandowski viaja a Mossor\u00f3 neste domingo para acompanhar busca a fugitivos\",\"datePublished\":\"2024-02-17T22:39:04+00:00\",\"mainEntityOfPage\":{\"@id\":\"https:\/\/brasilnoticias.org\/site\/lewandowski-viaja-a-mossoro-neste-domingo-para-acompanhar-busca-a-fugitivos\/\"},\"wordCount\":251,\"commentCount\":0,\"publisher\":{\"@id\":\"https:\/\/brasilnoticias.org\/site\/#organization\"},\"image\":{\"@id\":\"https:\/\/brasilnoticias.org\/site\/lewandowski-viaja-a-mossoro-neste-domingo-para-acompanhar-busca-a-fugitivos\/#primaryimage\"},\"thumbnailUrl\":\"https:\/\/brasilnoticias.org\/site\/wp-content\/uploads\/2024\/02\/146294lewandowski-viaja-a-mossoro-neste-domingo-para-acompanhar-busca-a-fugitivos-3.jpg\",\"articleSection\":[\"Not\u00edcias\",\"\u00daltimas\"],\"inLanguage\":\"pt-PT\",\"potentialAction\":[{\"@type\":\"CommentAction\",\"name\":\"Comment\",\"target\":[\"https:\/\/brasilnoticias.org\/site\/lewandowski-viaja-a-mossoro-neste-domingo-para-acompanhar-busca-a-fugitivos\/#respond\"]}]},{\"@type\":\"WebPage\",\"@id\":\"https:\/\/brasilnoticias.org\/site\/lewandowski-viaja-a-mossoro-neste-domingo-para-acompanhar-busca-a-fugitivos\/\",\"url\":\"https:\/\/brasilnoticias.org\/site\/lewandowski-viaja-a-mossoro-neste-domingo-para-acompanhar-busca-a-fugitivos\/\",\"name\":\"Lewandowski viaja a Mossor\u00f3 neste domingo para acompanhar busca a fugitivos - Brasil not\u00edcias\",\"isPartOf\":{\"@id\":\"https:\/\/brasilnoticias.org\/site\/#website\"},\"primaryImageOfPage\":{\"@id\":\"https:\/\/brasilnoticias.org\/site\/lewandowski-viaja-a-mossoro-neste-domingo-para-acompanhar-busca-a-fugitivos\/#primaryimage\"},\"image\":{\"@id\":\"https:\/\/brasilnoticias.org\/site\/lewandowski-viaja-a-mossoro-neste-domingo-para-acompanhar-busca-a-fugitivos\/#primaryimage\"},\"thumbnailUrl\":\"https:\/\/brasilnoticias.org\/site\/wp-content\/uploads\/2024\/02\/146294lewandowski-viaja-a-mossoro-neste-domingo-para-acompanhar-busca-a-fugitivos-3.jpg\",\"datePublished\":\"2024-02-17T22:39:04+00:00\",\"breadcrumb\":{\"@id\":\"https:\/\/brasilnoticias.org\/site\/lewandowski-viaja-a-mossoro-neste-domingo-para-acompanhar-busca-a-fugitivos\/#breadcrumb\"},\"inLanguage\":\"pt-PT\",\"potentialAction\":[{\"@type\":\"ReadAction\",\"target\":[\"https:\/\/brasilnoticias.org\/site\/lewandowski-viaja-a-mossoro-neste-domingo-para-acompanhar-busca-a-fugitivos\/\"]}]},{\"@type\":\"ImageObject\",\"inLanguage\":\"pt-PT\",\"@id\":\"https:\/\/brasilnoticias.org\/site\/lewandowski-viaja-a-mossoro-neste-domingo-para-acompanhar-busca-a-fugitivos\/#primaryimage\",\"url\":\"https:\/\/brasilnoticias.org\/site\/wp-content\/uploads\/2024\/02\/146294lewandowski-viaja-a-mossoro-neste-domingo-para-acompanhar-busca-a-fugitivos-3.jpg\",\"contentUrl\":\"https:\/\/brasilnoticias.org\/site\/wp-content\/uploads\/2024\/02\/146294lewandowski-viaja-a-mossoro-neste-domingo-para-acompanhar-busca-a-fugitivos-3.jpg\",\"width\":1600,\"height\":752},{\"@type\":\"BreadcrumbList\",\"@id\":\"https:\/\/brasilnoticias.org\/site\/lewandowski-viaja-a-mossoro-neste-domingo-para-acompanhar-busca-a-fugitivos\/#breadcrumb\",\"itemListElement\":[{\"@type\":\"ListItem\",\"position\":1,\"name\":\"In\u00edcio\",\"item\":\"https:\/\/brasilnoticias.org\/site\/\"},{\"@type\":\"ListItem\",\"position\":2,\"name\":\"Lewandowski viaja a Mossor\u00f3 neste domingo para acompanhar busca a fugitivos\"}]},{\"@type\":\"WebSite\",\"@id\":\"https:\/\/brasilnoticias.org\/site\/#website\",\"url\":\"https:\/\/brasilnoticias.org\/site\/\",\"name\":\"Brasil not\u00edcias\",\"description\":\"Brasil not\u00edcias\",\"publisher\":{\"@id\":\"https:\/\/brasilnoticias.org\/site\/#organization\"},\"potentialAction\":[{\"@type\":\"SearchAction\",\"target\":{\"@type\":\"EntryPoint\",\"urlTemplate\":\"https:\/\/brasilnoticias.org\/site\/?s={search_term_string}\"},\"query-input\":{\"@type\":\"PropertyValueSpecification\",\"valueRequired\":true,\"valueName\":\"search_term_string\"}}],\"inLanguage\":\"pt-PT\"},{\"@type\":\"Organization\",\"@id\":\"https:\/\/brasilnoticias.org\/site\/#organization\",\"name\":\"Brasil not\u00edcias\",\"url\":\"https:\/\/brasilnoticias.org\/site\/\",\"logo\":{\"@type\":\"ImageObject\",\"inLanguage\":\"pt-PT\",\"@id\":\"https:\/\/brasilnoticias.org\/site\/#\/schema\/logo\/image\/\",\"url\":\"https:\/\/brasilnoticias.org\/site\/wp-content\/uploads\/2022\/05\/cropped-brasilnoticias-mini.jpg\",\"contentUrl\":\"https:\/\/brasilnoticias.org\/site\/wp-content\/uploads\/2022\/05\/cropped-brasilnoticias-mini.jpg\",\"width\":314,\"height\":86,\"caption\":\"Brasil not\u00edcias\"},\"image\":{\"@id\":\"https:\/\/brasilnoticias.org\/site\/#\/schema\/logo\/image\/\"}},{\"@type\":\"Person\",\"@id\":\"https:\/\/brasilnoticias.org\/site\/#\/schema\/person\/03bbbfe6c7634ad18c26444ea39049fa\",\"name\":\"Reda\u00e7\u00e3o\",\"image\":{\"@type\":\"ImageObject\",\"inLanguage\":\"pt-PT\",\"@id\":\"https:\/\/brasilnoticias.org\/site\/#\/schema\/person\/image\/\",\"url\":\"https:\/\/secure.gravatar.com\/avatar\/9ecaf7327a696cb23ad926fedded5f1f04d7049de9e445375d55b48c001a6e42?s=96&d=mm&r=g\",\"contentUrl\":\"https:\/\/secure.gravatar.com\/avatar\/9ecaf7327a696cb23ad926fedded5f1f04d7049de9e445375d55b48c001a6e42?s=96&d=mm&r=g\",\"caption\":\"Reda\u00e7\u00e3o\"},\"url\":\"https:\/\/brasilnoticias.org\/site\/author\/henrique\/\"}]}<\/script>\n<!-- \/ Yoast SEO plugin. -->","yoast_head_json":{"title":"Lewandowski viaja a Mossor\u00f3 neste domingo para acompanhar busca a fugitivos - Brasil not\u00edcias","robots":{"index":"index","follow":"follow","max-snippet":"max-snippet:-1","max-image-preview":"max-image-preview:large","max-video-preview":"max-video-preview:-1"},"canonical":"https:\/\/brasilnoticias.org\/site\/lewandowski-viaja-a-mossoro-neste-domingo-para-acompanhar-busca-a-fugitivos\/","og_locale":"pt_PT","og_type":"article","og_title":"Lewandowski viaja a Mossor\u00f3 neste domingo para acompanhar busca a fugitivos - Brasil not\u00edcias","og_description":"Ministro da Justi\u00e7a se reunir\u00e1 com chefes das equipes que procuram detentos que fugiram de penitenci\u00e1ria federal; ele estar\u00e1 acompanhado","og_url":"https:\/\/brasilnoticias.org\/site\/lewandowski-viaja-a-mossoro-neste-domingo-para-acompanhar-busca-a-fugitivos\/","og_site_name":"Brasil not\u00edcias","article_published_time":"2024-02-17T22:39:04+00:00","og_image":[{"width":1600,"height":752,"url":"https:\/\/brasilnoticias.org\/site\/wp-content\/uploads\/2024\/02\/146294lewandowski-viaja-a-mossoro-neste-domingo-para-acompanhar-busca-a-fugitivos-3.jpg","type":"image\/jpeg"}],"author":"Reda\u00e7\u00e3o","twitter_card":"summary_large_image","twitter_misc":{"Escrito por":"Reda\u00e7\u00e3o","Tempo estimado de leitura":"1 minuto"},"schema":{"@context":"https:\/\/schema.org","@graph":[{"@type":"Article","@id":"https:\/\/brasilnoticias.org\/site\/lewandowski-viaja-a-mossoro-neste-domingo-para-acompanhar-busca-a-fugitivos\/#article","isPartOf":{"@id":"https:\/\/brasilnoticias.org\/site\/lewandowski-viaja-a-mossoro-neste-domingo-para-acompanhar-busca-a-fugitivos\/"},"author":{"name":"Reda\u00e7\u00e3o","@id":"https:\/\/brasilnoticias.org\/site\/#\/schema\/person\/03bbbfe6c7634ad18c26444ea39049fa"},"headline":"Lewandowski viaja a Mossor\u00f3 neste domingo para acompanhar busca a fugitivos","datePublished":"2024-02-17T22:39:04+00:00","mainEntityOfPage":{"@id":"https:\/\/brasilnoticias.org\/site\/lewandowski-viaja-a-mossoro-neste-domingo-para-acompanhar-busca-a-fugitivos\/"},"wordCount":251,"commentCount":0,"publisher":{"@id":"https:\/\/brasilnoticias.org\/site\/#organization"},"image":{"@id":"https:\/\/brasilnoticias.org\/site\/lewandowski-viaja-a-mossoro-neste-domingo-para-acompanhar-busca-a-fugitivos\/#primaryimage"},"thumbnailUrl":"https:\/\/brasilnoticias.org\/site\/wp-content\/uploads\/2024\/02\/146294lewandowski-viaja-a-mossoro-neste-domingo-para-acompanhar-busca-a-fugitivos-3.jpg","articleSection":["Not\u00edcias","\u00daltimas"],"inLanguage":"pt-PT","potentialAction":[{"@type":"CommentAction","name":"Comment","target":["https:\/\/brasilnoticias.org\/site\/lewandowski-viaja-a-mossoro-neste-domingo-para-acompanhar-busca-a-fugitivos\/#respond"]}]},{"@type":"WebPage","@id":"https:\/\/brasilnoticias.org\/site\/lewandowski-viaja-a-mossoro-neste-domingo-para-acompanhar-busca-a-fugitivos\/","url":"https:\/\/brasilnoticias.org\/site\/lewandowski-viaja-a-mossoro-neste-domingo-para-acompanhar-busca-a-fugitivos\/","name":"Lewandowski viaja a Mossor\u00f3 neste domingo para acompanhar busca a fugitivos - Brasil not\u00edcias","isPartOf":{"@id":"https:\/\/brasilnoticias.org\/site\/#website"},"primaryImageOfPage":{"@id":"https:\/\/brasilnoticias.org\/site\/lewandowski-viaja-a-mossoro-neste-domingo-para-acompanhar-busca-a-fugitivos\/#primaryimage"},"image":{"@id":"https:\/\/brasilnoticias.org\/site\/lewandowski-viaja-a-mossoro-neste-domingo-para-acompanhar-busca-a-fugitivos\/#primaryimage"},"thumbnailUrl":"https:\/\/brasilnoticias.org\/site\/wp-content\/uploads\/2024\/02\/146294lewandowski-viaja-a-mossoro-neste-domingo-para-acompanhar-busca-a-fugitivos-3.jpg","datePublished":"2024-02-17T22:39:04+00:00","breadcrumb":{"@id":"https:\/\/brasilnoticias.org\/site\/lewandowski-viaja-a-mossoro-neste-domingo-para-acompanhar-busca-a-fugitivos\/#breadcrumb"},"inLanguage":"pt-PT","potentialAction":[{"@type":"ReadAction","target":["https:\/\/brasilnoticias.org\/site\/lewandowski-viaja-a-mossoro-neste-domingo-para-acompanhar-busca-a-fugitivos\/"]}]},{"@type":"ImageObject","inLanguage":"pt-PT","@id":"https:\/\/brasilnoticias.org\/site\/lewandowski-viaja-a-mossoro-neste-domingo-para-acompanhar-busca-a-fugitivos\/#primaryimage","url":"https:\/\/brasilnoticias.org\/site\/wp-content\/uploads\/2024\/02\/146294lewandowski-viaja-a-mossoro-neste-domingo-para-acompanhar-busca-a-fugitivos-3.jpg","contentUrl":"https:\/\/brasilnoticias.org\/site\/wp-content\/uploads\/2024\/02\/146294lewandowski-viaja-a-mossoro-neste-domingo-para-acompanhar-busca-a-fugitivos-3.jpg","width":1600,"height":752},{"@type":"BreadcrumbList","@id":"https:\/\/brasilnoticias.org\/site\/lewandowski-viaja-a-mossoro-neste-domingo-para-acompanhar-busca-a-fugitivos\/#breadcrumb","itemListElement":[{"@type":"ListItem","position":1,"name":"In\u00edcio","item":"https:\/\/brasilnoticias.org\/site\/"},{"@type":"ListItem","position":2,"name":"Lewandowski viaja a Mossor\u00f3 neste domingo para acompanhar busca a fugitivos"}]},{"@type":"WebSite","@id":"https:\/\/brasilnoticias.org\/site\/#website","url":"https:\/\/brasilnoticias.org\/site\/","name":"Brasil not\u00edcias","description":"Brasil not\u00edcias","publisher":{"@id":"https:\/\/brasilnoticias.org\/site\/#organization"},"potentialAction":[{"@type":"SearchAction","target":{"@type":"EntryPoint","urlTemplate":"https:\/\/brasilnoticias.org\/site\/?s={search_term_string}"},"query-input":{"@type":"PropertyValueSpecification","valueRequired":true,"valueName":"search_term_string"}}],"inLanguage":"pt-PT"},{"@type":"Organization","@id":"https:\/\/brasilnoticias.org\/site\/#organization","name":"Brasil not\u00edcias","url":"https:\/\/brasilnoticias.org\/site\/","logo":{"@type":"ImageObject","inLanguage":"pt-PT","@id":"https:\/\/brasilnoticias.org\/site\/#\/schema\/logo\/image\/","url":"https:\/\/brasilnoticias.org\/site\/wp-content\/uploads\/2022\/05\/cropped-brasilnoticias-mini.jpg","contentUrl":"https:\/\/brasilnoticias.org\/site\/wp-content\/uploads\/2022\/05\/cropped-brasilnoticias-mini.jpg","width":314,"height":86,"caption":"Brasil not\u00edcias"},"image":{"@id":"https:\/\/brasilnoticias.org\/site\/#\/schema\/logo\/image\/"}},{"@type":"Person","@id":"https:\/\/brasilnoticias.org\/site\/#\/schema\/person\/03bbbfe6c7634ad18c26444ea39049fa","name":"Reda\u00e7\u00e3o","image":{"@type":"ImageObject","inLanguage":"pt-PT","@id":"https:\/\/brasilnoticias.org\/site\/#\/schema\/person\/image\/","url":"https:\/\/secure.gravatar.com\/avatar\/9ecaf7327a696cb23ad926fedded5f1f04d7049de9e445375d55b48c001a6e42?s=96&d=mm&r=g","contentUrl":"https:\/\/secure.gravatar.com\/avatar\/9ecaf7327a696cb23ad926fedded5f1f04d7049de9e445375d55b48c001a6e42?s=96&d=mm&r=g","caption":"Reda\u00e7\u00e3o"},"url":"https:\/\/brasilnoticias.org\/site\/author\/henrique\/"}]}},"_links":{"self":[{"href":"https:\/\/brasilnoticias.org\/site\/wp-json\/wp\/v2\/posts\/12750","targetHints":{"allow":["GET"]}}],"collection":[{"href":"https:\/\/brasilnoticias.org\/site\/wp-json\/wp\/v2\/posts"}],"about":[{"href":"https:\/\/brasilnoticias.org\/site\/wp-json\/wp\/v2\/types\/post"}],"author":[{"embeddable":true,"href":"https:\/\/brasilnoticias.org\/site\/wp-json\/wp\/v2\/users\/4"}],"replies":[{"embeddable":true,"href":"https:\/\/brasilnoticias.org\/site\/wp-json\/wp\/v2\/comments?post=12750"}],"version-history":[{"count":1,"href":"https:\/\/brasilnoticias.org\/site\/wp-json\/wp\/v2\/posts\/12750\/revisions"}],"predecessor-version":[{"id":12752,"href":"https:\/\/brasilnoticias.org\/site\/wp-json\/wp\/v2\/posts\/12750\/revisions\/12752"}],"wp:featuredmedia":[{"embeddable":true,"href":"https:\/\/brasilnoticias.org\/site\/wp-json\/wp\/v2\/media\/12751"}],"wp:attachment":[{"href":"https:\/\/brasilnoticias.org\/site\/wp-json\/wp\/v2\/media?parent=12750"}],"wp:term":[{"taxonomy":"category","embeddable":true,"href":"https:\/\/brasilnoticias.org\/site\/wp-json\/wp\/v2\/categories?post=12750"},{"taxonomy":"post_tag","embeddable":true,"href":"https:\/\/brasilnoticias.org\/site\/wp-json\/wp\/v2\/tags?post=12750"}],"curies":[{"name":"wp","href":"https:\/\/api.w.org\/{rel}","templated":true}]}}