{"id":12753,"date":"2024-02-17T19:40:02","date_gmt":"2024-02-17T22:40:02","guid":{"rendered":"https:\/\/brasilnoticias.org\/site\/?p=12753"},"modified":"2024-02-17T19:40:02","modified_gmt":"2024-02-17T22:40:02","slug":"mae-de-alexei-navalny-e-informada-que-filho-teve-sindrome-da-morte-subita","status":"publish","type":"post","link":"https:\/\/brasilnoticias.org\/site\/mae-de-alexei-navalny-e-informada-que-filho-teve-sindrome-da-morte-subita\/","title":{"rendered":"M\u00e3e de Alexei Navalny \u00e9 informada que filho teve \u201cs\u00edndrome da morte s\u00fabita\u201d"},"content":{"rendered":"<p>Governo russo diz que n\u00e3o entregar\u00e1 o corpo at\u00e9 concluir investiga\u00e7\u00e3o; Navalny, de 47 anos, estava preso na Sib\u00e9ria.<\/p>\n<p>A m\u00e3e de Alexei Navalny, opositor russo que morreu na sexta-feira (16), foi informada que Navalny foi acometido pela \u201cs\u00edndrome da morte s\u00fabita\u201d e que seu corpo n\u00e3o seria entregue \u00e0 fam\u00edlia at\u00e9 que uma investiga\u00e7\u00e3o seja conclu\u00edda.<\/p>\n<p>Navalny ficou inconsciente e morreu ap\u00f3s uma caminhada na penitenci\u00e1ria de Yamalo-Nenets, na regi\u00e3o \u00e1rtica da R\u00fassia. A m\u00e3e do opositor recebeu um aviso oficial de falecimento informando a hora da morte como 14h17, hor\u00e1rio local (6h17, no hor\u00e1rio de Bras\u00edlia), do dia 16 de fevereiro, disse a porta-voz de Navalny, Kira Yarmysh, \u00e0 Reuters. <\/p>\n<p>Ivan Zhdanov, que dirige a Funda\u00e7\u00e3o Anticorrup\u00e7\u00e3o de Navalny, publicou na rede social X (antigo Twitter): \u201cQuando o advogado e a m\u00e3e de Alexei chegaram \u00e0 pris\u00e3o esta manh\u00e3, foram informados de que a causa da morte de Navalny foi a \u2018s\u00edndrome da morte s\u00fabita'&#8221;.<\/p>\n<p>Protestos<\/p>\n<p>Mais de 350 pessoas foram presas em dezenas de cidades russas durante manifesta\u00e7\u00f5es motivadas pela morte de Alexei Navalny. A informa\u00e7\u00e3o \u00e9 de uma das maiores ONGs de direitos humanos da R\u00fassia, a OVD-Info. Al\u00e9m disso, os Estados Unidos e a Uni\u00e3o Europeia culparam o governo Putin pela morte. O secret\u00e1rio-geral da Otan, Jens Stoltenberg, afirmou estar &#8220;profundamente entristecido e perturbado&#8221; pela morte e exigiu que a R\u00fassia esclare\u00e7a as circunst\u00e2ncias do ocorrido.<\/p>\n<p>Foto: Reprodu\u00e7\u00e3o \/Redes sociais<br \/>\nPor: Metro1 <\/p>\n","protected":false},"excerpt":{"rendered":"<p>Governo russo diz que n\u00e3o entregar\u00e1 o corpo at\u00e9 concluir investiga\u00e7\u00e3o; Navalny, de 47 anos, estava preso na Sib\u00e9ria. A<\/p>\n","protected":false},"author":4,"featured_media":12754,"comment_status":"open","ping_status":"open","sticky":false,"template":"","format":"standard","meta":{"colormag_page_container_layout":"default_layout","colormag_page_sidebar_layout":"default_layout","_FSMCFIC_featured_image_caption":"","_FSMCFIC_featured_image_nocaption":"","_FSMCFIC_featured_image_hide":"","footnotes":""},"categories":[6,1],"tags":[],"class_list":["post-12753","post","type-post","status-publish","format-standard","has-post-thumbnail","hentry","category-mundo","category-ultimas"],"yoast_head":"<!-- This site is optimized with the Yoast SEO plugin v27.1.1 - https:\/\/yoast.com\/product\/yoast-seo-wordpress\/ -->\n<title>M\u00e3e de Alexei Navalny \u00e9 informada que filho teve \u201cs\u00edndrome da morte s\u00fabita\u201d - Brasil not\u00edcias<\/title>\n<meta name=\"robots\" content=\"index, follow, max-snippet:-1, max-image-preview:large, max-video-preview:-1\" \/>\n<link rel=\"canonical\" href=\"https:\/\/brasilnoticias.org\/site\/mae-de-alexei-navalny-e-informada-que-filho-teve-sindrome-da-morte-subita\/\" \/>\n<meta property=\"og:locale\" content=\"pt_PT\" \/>\n<meta property=\"og:type\" content=\"article\" \/>\n<meta property=\"og:title\" content=\"M\u00e3e de Alexei Navalny \u00e9 informada que filho teve \u201cs\u00edndrome da morte s\u00fabita\u201d - Brasil not\u00edcias\" \/>\n<meta property=\"og:description\" content=\"Governo russo diz que n\u00e3o entregar\u00e1 o corpo at\u00e9 concluir investiga\u00e7\u00e3o; Navalny, de 47 anos, estava preso na Sib\u00e9ria. A\" \/>\n<meta property=\"og:url\" content=\"https:\/\/brasilnoticias.org\/site\/mae-de-alexei-navalny-e-informada-que-filho-teve-sindrome-da-morte-subita\/\" \/>\n<meta property=\"og:site_name\" content=\"Brasil not\u00edcias\" \/>\n<meta property=\"article:published_time\" content=\"2024-02-17T22:40:02+00:00\" \/>\n<meta property=\"og:image\" content=\"https:\/\/brasilnoticias.org\/site\/wp-content\/uploads\/2024\/02\/146293mae-de-alexei-navalny-e-informada-que-filho-teve-sindrome-da-morte-subita-3.jpg\" \/>\n\t<meta property=\"og:image:width\" content=\"1600\" \/>\n\t<meta property=\"og:image:height\" content=\"752\" \/>\n\t<meta property=\"og:image:type\" content=\"image\/jpeg\" \/>\n<meta name=\"author\" content=\"Reda\u00e7\u00e3o\" \/>\n<meta name=\"twitter:card\" content=\"summary_large_image\" \/>\n<meta name=\"twitter:label1\" content=\"Escrito por\" \/>\n\t<meta name=\"twitter:data1\" content=\"Reda\u00e7\u00e3o\" \/>\n<script type=\"application\/ld+json\" class=\"yoast-schema-graph\">{\"@context\":\"https:\/\/schema.org\",\"@graph\":[{\"@type\":\"Article\",\"@id\":\"https:\/\/brasilnoticias.org\/site\/mae-de-alexei-navalny-e-informada-que-filho-teve-sindrome-da-morte-subita\/#article\",\"isPartOf\":{\"@id\":\"https:\/\/brasilnoticias.org\/site\/mae-de-alexei-navalny-e-informada-que-filho-teve-sindrome-da-morte-subita\/\"},\"author\":{\"name\":\"Reda\u00e7\u00e3o\",\"@id\":\"https:\/\/brasilnoticias.org\/site\/#\/schema\/person\/03bbbfe6c7634ad18c26444ea39049fa\"},\"headline\":\"M\u00e3e de Alexei Navalny \u00e9 informada que filho teve \u201cs\u00edndrome da morte s\u00fabita\u201d\",\"datePublished\":\"2024-02-17T22:40:02+00:00\",\"mainEntityOfPage\":{\"@id\":\"https:\/\/brasilnoticias.org\/site\/mae-de-alexei-navalny-e-informada-que-filho-teve-sindrome-da-morte-subita\/\"},\"wordCount\":278,\"commentCount\":0,\"publisher\":{\"@id\":\"https:\/\/brasilnoticias.org\/site\/#organization\"},\"image\":{\"@id\":\"https:\/\/brasilnoticias.org\/site\/mae-de-alexei-navalny-e-informada-que-filho-teve-sindrome-da-morte-subita\/#primaryimage\"},\"thumbnailUrl\":\"https:\/\/brasilnoticias.org\/site\/wp-content\/uploads\/2024\/02\/146293mae-de-alexei-navalny-e-informada-que-filho-teve-sindrome-da-morte-subita-3.jpg\",\"articleSection\":[\"Mundo\",\"\u00daltimas\"],\"inLanguage\":\"pt-PT\",\"potentialAction\":[{\"@type\":\"CommentAction\",\"name\":\"Comment\",\"target\":[\"https:\/\/brasilnoticias.org\/site\/mae-de-alexei-navalny-e-informada-que-filho-teve-sindrome-da-morte-subita\/#respond\"]}]},{\"@type\":\"WebPage\",\"@id\":\"https:\/\/brasilnoticias.org\/site\/mae-de-alexei-navalny-e-informada-que-filho-teve-sindrome-da-morte-subita\/\",\"url\":\"https:\/\/brasilnoticias.org\/site\/mae-de-alexei-navalny-e-informada-que-filho-teve-sindrome-da-morte-subita\/\",\"name\":\"M\u00e3e de Alexei Navalny \u00e9 informada que filho teve \u201cs\u00edndrome da morte s\u00fabita\u201d - Brasil not\u00edcias\",\"isPartOf\":{\"@id\":\"https:\/\/brasilnoticias.org\/site\/#website\"},\"primaryImageOfPage\":{\"@id\":\"https:\/\/brasilnoticias.org\/site\/mae-de-alexei-navalny-e-informada-que-filho-teve-sindrome-da-morte-subita\/#primaryimage\"},\"image\":{\"@id\":\"https:\/\/brasilnoticias.org\/site\/mae-de-alexei-navalny-e-informada-que-filho-teve-sindrome-da-morte-subita\/#primaryimage\"},\"thumbnailUrl\":\"https:\/\/brasilnoticias.org\/site\/wp-content\/uploads\/2024\/02\/146293mae-de-alexei-navalny-e-informada-que-filho-teve-sindrome-da-morte-subita-3.jpg\",\"datePublished\":\"2024-02-17T22:40:02+00:00\",\"breadcrumb\":{\"@id\":\"https:\/\/brasilnoticias.org\/site\/mae-de-alexei-navalny-e-informada-que-filho-teve-sindrome-da-morte-subita\/#breadcrumb\"},\"inLanguage\":\"pt-PT\",\"potentialAction\":[{\"@type\":\"ReadAction\",\"target\":[\"https:\/\/brasilnoticias.org\/site\/mae-de-alexei-navalny-e-informada-que-filho-teve-sindrome-da-morte-subita\/\"]}]},{\"@type\":\"ImageObject\",\"inLanguage\":\"pt-PT\",\"@id\":\"https:\/\/brasilnoticias.org\/site\/mae-de-alexei-navalny-e-informada-que-filho-teve-sindrome-da-morte-subita\/#primaryimage\",\"url\":\"https:\/\/brasilnoticias.org\/site\/wp-content\/uploads\/2024\/02\/146293mae-de-alexei-navalny-e-informada-que-filho-teve-sindrome-da-morte-subita-3.jpg\",\"contentUrl\":\"https:\/\/brasilnoticias.org\/site\/wp-content\/uploads\/2024\/02\/146293mae-de-alexei-navalny-e-informada-que-filho-teve-sindrome-da-morte-subita-3.jpg\",\"width\":1600,\"height\":752},{\"@type\":\"BreadcrumbList\",\"@id\":\"https:\/\/brasilnoticias.org\/site\/mae-de-alexei-navalny-e-informada-que-filho-teve-sindrome-da-morte-subita\/#breadcrumb\",\"itemListElement\":[{\"@type\":\"ListItem\",\"position\":1,\"name\":\"In\u00edcio\",\"item\":\"https:\/\/brasilnoticias.org\/site\/\"},{\"@type\":\"ListItem\",\"position\":2,\"name\":\"M\u00e3e de Alexei Navalny \u00e9 informada que filho teve \u201cs\u00edndrome da morte s\u00fabita\u201d\"}]},{\"@type\":\"WebSite\",\"@id\":\"https:\/\/brasilnoticias.org\/site\/#website\",\"url\":\"https:\/\/brasilnoticias.org\/site\/\",\"name\":\"Brasil not\u00edcias\",\"description\":\"Brasil not\u00edcias\",\"publisher\":{\"@id\":\"https:\/\/brasilnoticias.org\/site\/#organization\"},\"potentialAction\":[{\"@type\":\"SearchAction\",\"target\":{\"@type\":\"EntryPoint\",\"urlTemplate\":\"https:\/\/brasilnoticias.org\/site\/?s={search_term_string}\"},\"query-input\":{\"@type\":\"PropertyValueSpecification\",\"valueRequired\":true,\"valueName\":\"search_term_string\"}}],\"inLanguage\":\"pt-PT\"},{\"@type\":\"Organization\",\"@id\":\"https:\/\/brasilnoticias.org\/site\/#organization\",\"name\":\"Brasil not\u00edcias\",\"url\":\"https:\/\/brasilnoticias.org\/site\/\",\"logo\":{\"@type\":\"ImageObject\",\"inLanguage\":\"pt-PT\",\"@id\":\"https:\/\/brasilnoticias.org\/site\/#\/schema\/logo\/image\/\",\"url\":\"https:\/\/brasilnoticias.org\/site\/wp-content\/uploads\/2022\/05\/cropped-brasilnoticias-mini.jpg\",\"contentUrl\":\"https:\/\/brasilnoticias.org\/site\/wp-content\/uploads\/2022\/05\/cropped-brasilnoticias-mini.jpg\",\"width\":314,\"height\":86,\"caption\":\"Brasil not\u00edcias\"},\"image\":{\"@id\":\"https:\/\/brasilnoticias.org\/site\/#\/schema\/logo\/image\/\"}},{\"@type\":\"Person\",\"@id\":\"https:\/\/brasilnoticias.org\/site\/#\/schema\/person\/03bbbfe6c7634ad18c26444ea39049fa\",\"name\":\"Reda\u00e7\u00e3o\",\"image\":{\"@type\":\"ImageObject\",\"inLanguage\":\"pt-PT\",\"@id\":\"https:\/\/brasilnoticias.org\/site\/#\/schema\/person\/image\/\",\"url\":\"https:\/\/secure.gravatar.com\/avatar\/9ecaf7327a696cb23ad926fedded5f1f04d7049de9e445375d55b48c001a6e42?s=96&d=mm&r=g\",\"contentUrl\":\"https:\/\/secure.gravatar.com\/avatar\/9ecaf7327a696cb23ad926fedded5f1f04d7049de9e445375d55b48c001a6e42?s=96&d=mm&r=g\",\"caption\":\"Reda\u00e7\u00e3o\"},\"url\":\"https:\/\/brasilnoticias.org\/site\/author\/henrique\/\"}]}<\/script>\n<!-- \/ Yoast SEO plugin. -->","yoast_head_json":{"title":"M\u00e3e de Alexei Navalny \u00e9 informada que filho teve \u201cs\u00edndrome da morte s\u00fabita\u201d - Brasil not\u00edcias","robots":{"index":"index","follow":"follow","max-snippet":"max-snippet:-1","max-image-preview":"max-image-preview:large","max-video-preview":"max-video-preview:-1"},"canonical":"https:\/\/brasilnoticias.org\/site\/mae-de-alexei-navalny-e-informada-que-filho-teve-sindrome-da-morte-subita\/","og_locale":"pt_PT","og_type":"article","og_title":"M\u00e3e de Alexei Navalny \u00e9 informada que filho teve \u201cs\u00edndrome da morte s\u00fabita\u201d - Brasil not\u00edcias","og_description":"Governo russo diz que n\u00e3o entregar\u00e1 o corpo at\u00e9 concluir investiga\u00e7\u00e3o; Navalny, de 47 anos, estava preso na Sib\u00e9ria. A","og_url":"https:\/\/brasilnoticias.org\/site\/mae-de-alexei-navalny-e-informada-que-filho-teve-sindrome-da-morte-subita\/","og_site_name":"Brasil not\u00edcias","article_published_time":"2024-02-17T22:40:02+00:00","og_image":[{"width":1600,"height":752,"url":"https:\/\/brasilnoticias.org\/site\/wp-content\/uploads\/2024\/02\/146293mae-de-alexei-navalny-e-informada-que-filho-teve-sindrome-da-morte-subita-3.jpg","type":"image\/jpeg"}],"author":"Reda\u00e7\u00e3o","twitter_card":"summary_large_image","twitter_misc":{"Escrito por":"Reda\u00e7\u00e3o"},"schema":{"@context":"https:\/\/schema.org","@graph":[{"@type":"Article","@id":"https:\/\/brasilnoticias.org\/site\/mae-de-alexei-navalny-e-informada-que-filho-teve-sindrome-da-morte-subita\/#article","isPartOf":{"@id":"https:\/\/brasilnoticias.org\/site\/mae-de-alexei-navalny-e-informada-que-filho-teve-sindrome-da-morte-subita\/"},"author":{"name":"Reda\u00e7\u00e3o","@id":"https:\/\/brasilnoticias.org\/site\/#\/schema\/person\/03bbbfe6c7634ad18c26444ea39049fa"},"headline":"M\u00e3e de Alexei Navalny \u00e9 informada que filho teve \u201cs\u00edndrome da morte s\u00fabita\u201d","datePublished":"2024-02-17T22:40:02+00:00","mainEntityOfPage":{"@id":"https:\/\/brasilnoticias.org\/site\/mae-de-alexei-navalny-e-informada-que-filho-teve-sindrome-da-morte-subita\/"},"wordCount":278,"commentCount":0,"publisher":{"@id":"https:\/\/brasilnoticias.org\/site\/#organization"},"image":{"@id":"https:\/\/brasilnoticias.org\/site\/mae-de-alexei-navalny-e-informada-que-filho-teve-sindrome-da-morte-subita\/#primaryimage"},"thumbnailUrl":"https:\/\/brasilnoticias.org\/site\/wp-content\/uploads\/2024\/02\/146293mae-de-alexei-navalny-e-informada-que-filho-teve-sindrome-da-morte-subita-3.jpg","articleSection":["Mundo","\u00daltimas"],"inLanguage":"pt-PT","potentialAction":[{"@type":"CommentAction","name":"Comment","target":["https:\/\/brasilnoticias.org\/site\/mae-de-alexei-navalny-e-informada-que-filho-teve-sindrome-da-morte-subita\/#respond"]}]},{"@type":"WebPage","@id":"https:\/\/brasilnoticias.org\/site\/mae-de-alexei-navalny-e-informada-que-filho-teve-sindrome-da-morte-subita\/","url":"https:\/\/brasilnoticias.org\/site\/mae-de-alexei-navalny-e-informada-que-filho-teve-sindrome-da-morte-subita\/","name":"M\u00e3e de Alexei Navalny \u00e9 informada que filho teve \u201cs\u00edndrome da morte s\u00fabita\u201d - Brasil not\u00edcias","isPartOf":{"@id":"https:\/\/brasilnoticias.org\/site\/#website"},"primaryImageOfPage":{"@id":"https:\/\/brasilnoticias.org\/site\/mae-de-alexei-navalny-e-informada-que-filho-teve-sindrome-da-morte-subita\/#primaryimage"},"image":{"@id":"https:\/\/brasilnoticias.org\/site\/mae-de-alexei-navalny-e-informada-que-filho-teve-sindrome-da-morte-subita\/#primaryimage"},"thumbnailUrl":"https:\/\/brasilnoticias.org\/site\/wp-content\/uploads\/2024\/02\/146293mae-de-alexei-navalny-e-informada-que-filho-teve-sindrome-da-morte-subita-3.jpg","datePublished":"2024-02-17T22:40:02+00:00","breadcrumb":{"@id":"https:\/\/brasilnoticias.org\/site\/mae-de-alexei-navalny-e-informada-que-filho-teve-sindrome-da-morte-subita\/#breadcrumb"},"inLanguage":"pt-PT","potentialAction":[{"@type":"ReadAction","target":["https:\/\/brasilnoticias.org\/site\/mae-de-alexei-navalny-e-informada-que-filho-teve-sindrome-da-morte-subita\/"]}]},{"@type":"ImageObject","inLanguage":"pt-PT","@id":"https:\/\/brasilnoticias.org\/site\/mae-de-alexei-navalny-e-informada-que-filho-teve-sindrome-da-morte-subita\/#primaryimage","url":"https:\/\/brasilnoticias.org\/site\/wp-content\/uploads\/2024\/02\/146293mae-de-alexei-navalny-e-informada-que-filho-teve-sindrome-da-morte-subita-3.jpg","contentUrl":"https:\/\/brasilnoticias.org\/site\/wp-content\/uploads\/2024\/02\/146293mae-de-alexei-navalny-e-informada-que-filho-teve-sindrome-da-morte-subita-3.jpg","width":1600,"height":752},{"@type":"BreadcrumbList","@id":"https:\/\/brasilnoticias.org\/site\/mae-de-alexei-navalny-e-informada-que-filho-teve-sindrome-da-morte-subita\/#breadcrumb","itemListElement":[{"@type":"ListItem","position":1,"name":"In\u00edcio","item":"https:\/\/brasilnoticias.org\/site\/"},{"@type":"ListItem","position":2,"name":"M\u00e3e de Alexei Navalny \u00e9 informada que filho teve \u201cs\u00edndrome da morte s\u00fabita\u201d"}]},{"@type":"WebSite","@id":"https:\/\/brasilnoticias.org\/site\/#website","url":"https:\/\/brasilnoticias.org\/site\/","name":"Brasil not\u00edcias","description":"Brasil not\u00edcias","publisher":{"@id":"https:\/\/brasilnoticias.org\/site\/#organization"},"potentialAction":[{"@type":"SearchAction","target":{"@type":"EntryPoint","urlTemplate":"https:\/\/brasilnoticias.org\/site\/?s={search_term_string}"},"query-input":{"@type":"PropertyValueSpecification","valueRequired":true,"valueName":"search_term_string"}}],"inLanguage":"pt-PT"},{"@type":"Organization","@id":"https:\/\/brasilnoticias.org\/site\/#organization","name":"Brasil not\u00edcias","url":"https:\/\/brasilnoticias.org\/site\/","logo":{"@type":"ImageObject","inLanguage":"pt-PT","@id":"https:\/\/brasilnoticias.org\/site\/#\/schema\/logo\/image\/","url":"https:\/\/brasilnoticias.org\/site\/wp-content\/uploads\/2022\/05\/cropped-brasilnoticias-mini.jpg","contentUrl":"https:\/\/brasilnoticias.org\/site\/wp-content\/uploads\/2022\/05\/cropped-brasilnoticias-mini.jpg","width":314,"height":86,"caption":"Brasil not\u00edcias"},"image":{"@id":"https:\/\/brasilnoticias.org\/site\/#\/schema\/logo\/image\/"}},{"@type":"Person","@id":"https:\/\/brasilnoticias.org\/site\/#\/schema\/person\/03bbbfe6c7634ad18c26444ea39049fa","name":"Reda\u00e7\u00e3o","image":{"@type":"ImageObject","inLanguage":"pt-PT","@id":"https:\/\/brasilnoticias.org\/site\/#\/schema\/person\/image\/","url":"https:\/\/secure.gravatar.com\/avatar\/9ecaf7327a696cb23ad926fedded5f1f04d7049de9e445375d55b48c001a6e42?s=96&d=mm&r=g","contentUrl":"https:\/\/secure.gravatar.com\/avatar\/9ecaf7327a696cb23ad926fedded5f1f04d7049de9e445375d55b48c001a6e42?s=96&d=mm&r=g","caption":"Reda\u00e7\u00e3o"},"url":"https:\/\/brasilnoticias.org\/site\/author\/henrique\/"}]}},"_links":{"self":[{"href":"https:\/\/brasilnoticias.org\/site\/wp-json\/wp\/v2\/posts\/12753","targetHints":{"allow":["GET"]}}],"collection":[{"href":"https:\/\/brasilnoticias.org\/site\/wp-json\/wp\/v2\/posts"}],"about":[{"href":"https:\/\/brasilnoticias.org\/site\/wp-json\/wp\/v2\/types\/post"}],"author":[{"embeddable":true,"href":"https:\/\/brasilnoticias.org\/site\/wp-json\/wp\/v2\/users\/4"}],"replies":[{"embeddable":true,"href":"https:\/\/brasilnoticias.org\/site\/wp-json\/wp\/v2\/comments?post=12753"}],"version-history":[{"count":1,"href":"https:\/\/brasilnoticias.org\/site\/wp-json\/wp\/v2\/posts\/12753\/revisions"}],"predecessor-version":[{"id":12755,"href":"https:\/\/brasilnoticias.org\/site\/wp-json\/wp\/v2\/posts\/12753\/revisions\/12755"}],"wp:featuredmedia":[{"embeddable":true,"href":"https:\/\/brasilnoticias.org\/site\/wp-json\/wp\/v2\/media\/12754"}],"wp:attachment":[{"href":"https:\/\/brasilnoticias.org\/site\/wp-json\/wp\/v2\/media?parent=12753"}],"wp:term":[{"taxonomy":"category","embeddable":true,"href":"https:\/\/brasilnoticias.org\/site\/wp-json\/wp\/v2\/categories?post=12753"},{"taxonomy":"post_tag","embeddable":true,"href":"https:\/\/brasilnoticias.org\/site\/wp-json\/wp\/v2\/tags?post=12753"}],"curies":[{"name":"wp","href":"https:\/\/api.w.org\/{rel}","templated":true}]}}