{"id":12759,"date":"2024-02-17T19:42:12","date_gmt":"2024-02-17T22:42:12","guid":{"rendered":"https:\/\/brasilnoticias.org\/site\/?p=12759"},"modified":"2024-02-17T19:42:12","modified_gmt":"2024-02-17T22:42:12","slug":"justica-de-sp-condena-ex-presidente-do-metro-e-construtoras-por-acidente-em-obra-que-deixou-7-mortos","status":"publish","type":"post","link":"https:\/\/brasilnoticias.org\/site\/justica-de-sp-condena-ex-presidente-do-metro-e-construtoras-por-acidente-em-obra-que-deixou-7-mortos\/","title":{"rendered":"Justi\u00e7a de SP condena ex-presidente do Metr\u00f4 e construtoras por acidente em obra que deixou 7 mortos"},"content":{"rendered":"<p>A decis\u00e3o \u00e9 de sexta-feira (16) e cabe recurso; as v\u00edtimas morreram soterradas e mais de 90 im\u00f3veis tiveram que ser demolidos por causa dos danos estruturais causados pelo colapso<\/p>\n<p>A Justi\u00e7a de S\u00e3o Paulo condenou Luiz Carlos Frayze David, ex-presidente do Metr\u00f4, e mais cinco pessoas e seis empresas pelo acidente na obra da Linha 4-Amarela na Esta\u00e7\u00e3o Pinheiros, na Zona Oeste da capital, que provocou a morte de sete pessoas, em janeiro de 2007. <\/p>\n<p>A 5\u00aa Vara da Fazenda P\u00fablica dae SP entendeu que cabem danos morais coletivos e patrimoniais. Considerou que as perfura\u00e7\u00f5es foram executadas em local j\u00e1 fragilizado e que n\u00e3o foram colocados suportes de sustenta\u00e7\u00e3o em tempo h\u00e1bil. Sete pessoas morreram soterradas e mais de 90 im\u00f3veis tiveram que ser demolidos por causa dos danos estruturais causados pelo colapso.<\/p>\n<p>A decis\u00e3o, que ocorreu neste sexta-feira (16), constou que &#8220;ficou configurado que as perfura\u00e7\u00f5es foram decorrentes de uma tentativa de adiantar o processo da obra, o que afasta a alega\u00e7\u00e3o de falta de conhecimento dos requeridos e a imprevisibilidade do incidente&#8221;. <\/p>\n<p>As indeniza\u00e7\u00f5es definidas pela Justi\u00e7a s\u00e3o de R$ 232 milh\u00f5es por danos morais coletivos, de R$ 1,2 milh\u00e3o por danos patrimoniais difusos, e de R$ 6,5 milh\u00f5es a serem ressarcidos ao Metr\u00f4. Para as pessoas f\u00edsicas condenadas, al\u00e9m do pagamento das indeniza\u00e7\u00f5es, tamb\u00e9m foi determinada a perda da fun\u00e7\u00e3o p\u00fablica que eventualmente estiverem ocupando e a suspens\u00e3o dos direitos pol\u00edticos por cinco anos.<\/p>\n<p>Foto: Assembleia Legislativa de SP\/Divulga\u00e7\u00e3o<br \/>\nPor: Metro1<\/p>\n","protected":false},"excerpt":{"rendered":"<p>A decis\u00e3o \u00e9 de sexta-feira (16) e cabe recurso; as v\u00edtimas morreram soterradas e mais de 90 im\u00f3veis tiveram que<\/p>\n","protected":false},"author":4,"featured_media":12760,"comment_status":"open","ping_status":"open","sticky":false,"template":"","format":"standard","meta":{"colormag_page_container_layout":"default_layout","colormag_page_sidebar_layout":"default_layout","_FSMCFIC_featured_image_caption":"","_FSMCFIC_featured_image_nocaption":"","_FSMCFIC_featured_image_hide":"","footnotes":""},"categories":[7,1],"tags":[],"class_list":["post-12759","post","type-post","status-publish","format-standard","has-post-thumbnail","hentry","category-justica","category-ultimas"],"yoast_head":"<!-- This site is optimized with the Yoast SEO plugin v27.1.1 - https:\/\/yoast.com\/product\/yoast-seo-wordpress\/ -->\n<title>Justi\u00e7a de SP condena ex-presidente do Metr\u00f4 e construtoras por acidente em obra que deixou 7 mortos - Brasil not\u00edcias<\/title>\n<meta name=\"robots\" content=\"index, follow, max-snippet:-1, max-image-preview:large, max-video-preview:-1\" \/>\n<link rel=\"canonical\" href=\"https:\/\/brasilnoticias.org\/site\/justica-de-sp-condena-ex-presidente-do-metro-e-construtoras-por-acidente-em-obra-que-deixou-7-mortos\/\" \/>\n<meta property=\"og:locale\" content=\"pt_PT\" \/>\n<meta property=\"og:type\" content=\"article\" \/>\n<meta property=\"og:title\" content=\"Justi\u00e7a de SP condena ex-presidente do Metr\u00f4 e construtoras por acidente em obra que deixou 7 mortos - Brasil not\u00edcias\" \/>\n<meta property=\"og:description\" content=\"A decis\u00e3o \u00e9 de sexta-feira (16) e cabe recurso; as v\u00edtimas morreram soterradas e mais de 90 im\u00f3veis tiveram que\" \/>\n<meta property=\"og:url\" content=\"https:\/\/brasilnoticias.org\/site\/justica-de-sp-condena-ex-presidente-do-metro-e-construtoras-por-acidente-em-obra-que-deixou-7-mortos\/\" \/>\n<meta property=\"og:site_name\" content=\"Brasil not\u00edcias\" \/>\n<meta property=\"article:published_time\" content=\"2024-02-17T22:42:12+00:00\" \/>\n<meta property=\"og:image\" content=\"https:\/\/brasilnoticias.org\/site\/wp-content\/uploads\/2024\/02\/146289justica-de-sp-condena-ex-presidente-do-metro-e-construtoras-por-acidente-em-obra-que-deixou-7-mortos-3.jpg\" \/>\n\t<meta property=\"og:image:width\" content=\"1600\" \/>\n\t<meta property=\"og:image:height\" content=\"752\" \/>\n\t<meta property=\"og:image:type\" content=\"image\/jpeg\" \/>\n<meta name=\"author\" content=\"Reda\u00e7\u00e3o\" \/>\n<meta name=\"twitter:card\" content=\"summary_large_image\" \/>\n<meta name=\"twitter:label1\" content=\"Escrito por\" \/>\n\t<meta name=\"twitter:data1\" content=\"Reda\u00e7\u00e3o\" \/>\n<script type=\"application\/ld+json\" class=\"yoast-schema-graph\">{\"@context\":\"https:\/\/schema.org\",\"@graph\":[{\"@type\":\"Article\",\"@id\":\"https:\/\/brasilnoticias.org\/site\/justica-de-sp-condena-ex-presidente-do-metro-e-construtoras-por-acidente-em-obra-que-deixou-7-mortos\/#article\",\"isPartOf\":{\"@id\":\"https:\/\/brasilnoticias.org\/site\/justica-de-sp-condena-ex-presidente-do-metro-e-construtoras-por-acidente-em-obra-que-deixou-7-mortos\/\"},\"author\":{\"name\":\"Reda\u00e7\u00e3o\",\"@id\":\"https:\/\/brasilnoticias.org\/site\/#\/schema\/person\/03bbbfe6c7634ad18c26444ea39049fa\"},\"headline\":\"Justi\u00e7a de SP condena ex-presidente do Metr\u00f4 e construtoras por acidente em obra que deixou 7 mortos\",\"datePublished\":\"2024-02-17T22:42:12+00:00\",\"mainEntityOfPage\":{\"@id\":\"https:\/\/brasilnoticias.org\/site\/justica-de-sp-condena-ex-presidente-do-metro-e-construtoras-por-acidente-em-obra-que-deixou-7-mortos\/\"},\"wordCount\":283,\"commentCount\":0,\"publisher\":{\"@id\":\"https:\/\/brasilnoticias.org\/site\/#organization\"},\"image\":{\"@id\":\"https:\/\/brasilnoticias.org\/site\/justica-de-sp-condena-ex-presidente-do-metro-e-construtoras-por-acidente-em-obra-que-deixou-7-mortos\/#primaryimage\"},\"thumbnailUrl\":\"https:\/\/brasilnoticias.org\/site\/wp-content\/uploads\/2024\/02\/146289justica-de-sp-condena-ex-presidente-do-metro-e-construtoras-por-acidente-em-obra-que-deixou-7-mortos-3.jpg\",\"articleSection\":[\"Justi\u00e7a\",\"\u00daltimas\"],\"inLanguage\":\"pt-PT\",\"potentialAction\":[{\"@type\":\"CommentAction\",\"name\":\"Comment\",\"target\":[\"https:\/\/brasilnoticias.org\/site\/justica-de-sp-condena-ex-presidente-do-metro-e-construtoras-por-acidente-em-obra-que-deixou-7-mortos\/#respond\"]}]},{\"@type\":\"WebPage\",\"@id\":\"https:\/\/brasilnoticias.org\/site\/justica-de-sp-condena-ex-presidente-do-metro-e-construtoras-por-acidente-em-obra-que-deixou-7-mortos\/\",\"url\":\"https:\/\/brasilnoticias.org\/site\/justica-de-sp-condena-ex-presidente-do-metro-e-construtoras-por-acidente-em-obra-que-deixou-7-mortos\/\",\"name\":\"Justi\u00e7a de SP condena ex-presidente do Metr\u00f4 e construtoras por acidente em obra que deixou 7 mortos - Brasil not\u00edcias\",\"isPartOf\":{\"@id\":\"https:\/\/brasilnoticias.org\/site\/#website\"},\"primaryImageOfPage\":{\"@id\":\"https:\/\/brasilnoticias.org\/site\/justica-de-sp-condena-ex-presidente-do-metro-e-construtoras-por-acidente-em-obra-que-deixou-7-mortos\/#primaryimage\"},\"image\":{\"@id\":\"https:\/\/brasilnoticias.org\/site\/justica-de-sp-condena-ex-presidente-do-metro-e-construtoras-por-acidente-em-obra-que-deixou-7-mortos\/#primaryimage\"},\"thumbnailUrl\":\"https:\/\/brasilnoticias.org\/site\/wp-content\/uploads\/2024\/02\/146289justica-de-sp-condena-ex-presidente-do-metro-e-construtoras-por-acidente-em-obra-que-deixou-7-mortos-3.jpg\",\"datePublished\":\"2024-02-17T22:42:12+00:00\",\"breadcrumb\":{\"@id\":\"https:\/\/brasilnoticias.org\/site\/justica-de-sp-condena-ex-presidente-do-metro-e-construtoras-por-acidente-em-obra-que-deixou-7-mortos\/#breadcrumb\"},\"inLanguage\":\"pt-PT\",\"potentialAction\":[{\"@type\":\"ReadAction\",\"target\":[\"https:\/\/brasilnoticias.org\/site\/justica-de-sp-condena-ex-presidente-do-metro-e-construtoras-por-acidente-em-obra-que-deixou-7-mortos\/\"]}]},{\"@type\":\"ImageObject\",\"inLanguage\":\"pt-PT\",\"@id\":\"https:\/\/brasilnoticias.org\/site\/justica-de-sp-condena-ex-presidente-do-metro-e-construtoras-por-acidente-em-obra-que-deixou-7-mortos\/#primaryimage\",\"url\":\"https:\/\/brasilnoticias.org\/site\/wp-content\/uploads\/2024\/02\/146289justica-de-sp-condena-ex-presidente-do-metro-e-construtoras-por-acidente-em-obra-que-deixou-7-mortos-3.jpg\",\"contentUrl\":\"https:\/\/brasilnoticias.org\/site\/wp-content\/uploads\/2024\/02\/146289justica-de-sp-condena-ex-presidente-do-metro-e-construtoras-por-acidente-em-obra-que-deixou-7-mortos-3.jpg\",\"width\":1600,\"height\":752},{\"@type\":\"BreadcrumbList\",\"@id\":\"https:\/\/brasilnoticias.org\/site\/justica-de-sp-condena-ex-presidente-do-metro-e-construtoras-por-acidente-em-obra-que-deixou-7-mortos\/#breadcrumb\",\"itemListElement\":[{\"@type\":\"ListItem\",\"position\":1,\"name\":\"In\u00edcio\",\"item\":\"https:\/\/brasilnoticias.org\/site\/\"},{\"@type\":\"ListItem\",\"position\":2,\"name\":\"Justi\u00e7a de SP condena ex-presidente do Metr\u00f4 e construtoras por acidente em obra que deixou 7 mortos\"}]},{\"@type\":\"WebSite\",\"@id\":\"https:\/\/brasilnoticias.org\/site\/#website\",\"url\":\"https:\/\/brasilnoticias.org\/site\/\",\"name\":\"Brasil not\u00edcias\",\"description\":\"Brasil not\u00edcias\",\"publisher\":{\"@id\":\"https:\/\/brasilnoticias.org\/site\/#organization\"},\"potentialAction\":[{\"@type\":\"SearchAction\",\"target\":{\"@type\":\"EntryPoint\",\"urlTemplate\":\"https:\/\/brasilnoticias.org\/site\/?s={search_term_string}\"},\"query-input\":{\"@type\":\"PropertyValueSpecification\",\"valueRequired\":true,\"valueName\":\"search_term_string\"}}],\"inLanguage\":\"pt-PT\"},{\"@type\":\"Organization\",\"@id\":\"https:\/\/brasilnoticias.org\/site\/#organization\",\"name\":\"Brasil not\u00edcias\",\"url\":\"https:\/\/brasilnoticias.org\/site\/\",\"logo\":{\"@type\":\"ImageObject\",\"inLanguage\":\"pt-PT\",\"@id\":\"https:\/\/brasilnoticias.org\/site\/#\/schema\/logo\/image\/\",\"url\":\"https:\/\/brasilnoticias.org\/site\/wp-content\/uploads\/2022\/05\/cropped-brasilnoticias-mini.jpg\",\"contentUrl\":\"https:\/\/brasilnoticias.org\/site\/wp-content\/uploads\/2022\/05\/cropped-brasilnoticias-mini.jpg\",\"width\":314,\"height\":86,\"caption\":\"Brasil not\u00edcias\"},\"image\":{\"@id\":\"https:\/\/brasilnoticias.org\/site\/#\/schema\/logo\/image\/\"}},{\"@type\":\"Person\",\"@id\":\"https:\/\/brasilnoticias.org\/site\/#\/schema\/person\/03bbbfe6c7634ad18c26444ea39049fa\",\"name\":\"Reda\u00e7\u00e3o\",\"image\":{\"@type\":\"ImageObject\",\"inLanguage\":\"pt-PT\",\"@id\":\"https:\/\/brasilnoticias.org\/site\/#\/schema\/person\/image\/\",\"url\":\"https:\/\/secure.gravatar.com\/avatar\/9ecaf7327a696cb23ad926fedded5f1f04d7049de9e445375d55b48c001a6e42?s=96&d=mm&r=g\",\"contentUrl\":\"https:\/\/secure.gravatar.com\/avatar\/9ecaf7327a696cb23ad926fedded5f1f04d7049de9e445375d55b48c001a6e42?s=96&d=mm&r=g\",\"caption\":\"Reda\u00e7\u00e3o\"},\"url\":\"https:\/\/brasilnoticias.org\/site\/author\/henrique\/\"}]}<\/script>\n<!-- \/ Yoast SEO plugin. -->","yoast_head_json":{"title":"Justi\u00e7a de SP condena ex-presidente do Metr\u00f4 e construtoras por acidente em obra que deixou 7 mortos - Brasil not\u00edcias","robots":{"index":"index","follow":"follow","max-snippet":"max-snippet:-1","max-image-preview":"max-image-preview:large","max-video-preview":"max-video-preview:-1"},"canonical":"https:\/\/brasilnoticias.org\/site\/justica-de-sp-condena-ex-presidente-do-metro-e-construtoras-por-acidente-em-obra-que-deixou-7-mortos\/","og_locale":"pt_PT","og_type":"article","og_title":"Justi\u00e7a de SP condena ex-presidente do Metr\u00f4 e construtoras por acidente em obra que deixou 7 mortos - Brasil not\u00edcias","og_description":"A decis\u00e3o \u00e9 de sexta-feira (16) e cabe recurso; as v\u00edtimas morreram soterradas e mais de 90 im\u00f3veis tiveram que","og_url":"https:\/\/brasilnoticias.org\/site\/justica-de-sp-condena-ex-presidente-do-metro-e-construtoras-por-acidente-em-obra-que-deixou-7-mortos\/","og_site_name":"Brasil not\u00edcias","article_published_time":"2024-02-17T22:42:12+00:00","og_image":[{"width":1600,"height":752,"url":"https:\/\/brasilnoticias.org\/site\/wp-content\/uploads\/2024\/02\/146289justica-de-sp-condena-ex-presidente-do-metro-e-construtoras-por-acidente-em-obra-que-deixou-7-mortos-3.jpg","type":"image\/jpeg"}],"author":"Reda\u00e7\u00e3o","twitter_card":"summary_large_image","twitter_misc":{"Escrito por":"Reda\u00e7\u00e3o"},"schema":{"@context":"https:\/\/schema.org","@graph":[{"@type":"Article","@id":"https:\/\/brasilnoticias.org\/site\/justica-de-sp-condena-ex-presidente-do-metro-e-construtoras-por-acidente-em-obra-que-deixou-7-mortos\/#article","isPartOf":{"@id":"https:\/\/brasilnoticias.org\/site\/justica-de-sp-condena-ex-presidente-do-metro-e-construtoras-por-acidente-em-obra-que-deixou-7-mortos\/"},"author":{"name":"Reda\u00e7\u00e3o","@id":"https:\/\/brasilnoticias.org\/site\/#\/schema\/person\/03bbbfe6c7634ad18c26444ea39049fa"},"headline":"Justi\u00e7a de SP condena ex-presidente do Metr\u00f4 e construtoras por acidente em obra que deixou 7 mortos","datePublished":"2024-02-17T22:42:12+00:00","mainEntityOfPage":{"@id":"https:\/\/brasilnoticias.org\/site\/justica-de-sp-condena-ex-presidente-do-metro-e-construtoras-por-acidente-em-obra-que-deixou-7-mortos\/"},"wordCount":283,"commentCount":0,"publisher":{"@id":"https:\/\/brasilnoticias.org\/site\/#organization"},"image":{"@id":"https:\/\/brasilnoticias.org\/site\/justica-de-sp-condena-ex-presidente-do-metro-e-construtoras-por-acidente-em-obra-que-deixou-7-mortos\/#primaryimage"},"thumbnailUrl":"https:\/\/brasilnoticias.org\/site\/wp-content\/uploads\/2024\/02\/146289justica-de-sp-condena-ex-presidente-do-metro-e-construtoras-por-acidente-em-obra-que-deixou-7-mortos-3.jpg","articleSection":["Justi\u00e7a","\u00daltimas"],"inLanguage":"pt-PT","potentialAction":[{"@type":"CommentAction","name":"Comment","target":["https:\/\/brasilnoticias.org\/site\/justica-de-sp-condena-ex-presidente-do-metro-e-construtoras-por-acidente-em-obra-que-deixou-7-mortos\/#respond"]}]},{"@type":"WebPage","@id":"https:\/\/brasilnoticias.org\/site\/justica-de-sp-condena-ex-presidente-do-metro-e-construtoras-por-acidente-em-obra-que-deixou-7-mortos\/","url":"https:\/\/brasilnoticias.org\/site\/justica-de-sp-condena-ex-presidente-do-metro-e-construtoras-por-acidente-em-obra-que-deixou-7-mortos\/","name":"Justi\u00e7a de SP condena ex-presidente do Metr\u00f4 e construtoras por acidente em obra que deixou 7 mortos - Brasil not\u00edcias","isPartOf":{"@id":"https:\/\/brasilnoticias.org\/site\/#website"},"primaryImageOfPage":{"@id":"https:\/\/brasilnoticias.org\/site\/justica-de-sp-condena-ex-presidente-do-metro-e-construtoras-por-acidente-em-obra-que-deixou-7-mortos\/#primaryimage"},"image":{"@id":"https:\/\/brasilnoticias.org\/site\/justica-de-sp-condena-ex-presidente-do-metro-e-construtoras-por-acidente-em-obra-que-deixou-7-mortos\/#primaryimage"},"thumbnailUrl":"https:\/\/brasilnoticias.org\/site\/wp-content\/uploads\/2024\/02\/146289justica-de-sp-condena-ex-presidente-do-metro-e-construtoras-por-acidente-em-obra-que-deixou-7-mortos-3.jpg","datePublished":"2024-02-17T22:42:12+00:00","breadcrumb":{"@id":"https:\/\/brasilnoticias.org\/site\/justica-de-sp-condena-ex-presidente-do-metro-e-construtoras-por-acidente-em-obra-que-deixou-7-mortos\/#breadcrumb"},"inLanguage":"pt-PT","potentialAction":[{"@type":"ReadAction","target":["https:\/\/brasilnoticias.org\/site\/justica-de-sp-condena-ex-presidente-do-metro-e-construtoras-por-acidente-em-obra-que-deixou-7-mortos\/"]}]},{"@type":"ImageObject","inLanguage":"pt-PT","@id":"https:\/\/brasilnoticias.org\/site\/justica-de-sp-condena-ex-presidente-do-metro-e-construtoras-por-acidente-em-obra-que-deixou-7-mortos\/#primaryimage","url":"https:\/\/brasilnoticias.org\/site\/wp-content\/uploads\/2024\/02\/146289justica-de-sp-condena-ex-presidente-do-metro-e-construtoras-por-acidente-em-obra-que-deixou-7-mortos-3.jpg","contentUrl":"https:\/\/brasilnoticias.org\/site\/wp-content\/uploads\/2024\/02\/146289justica-de-sp-condena-ex-presidente-do-metro-e-construtoras-por-acidente-em-obra-que-deixou-7-mortos-3.jpg","width":1600,"height":752},{"@type":"BreadcrumbList","@id":"https:\/\/brasilnoticias.org\/site\/justica-de-sp-condena-ex-presidente-do-metro-e-construtoras-por-acidente-em-obra-que-deixou-7-mortos\/#breadcrumb","itemListElement":[{"@type":"ListItem","position":1,"name":"In\u00edcio","item":"https:\/\/brasilnoticias.org\/site\/"},{"@type":"ListItem","position":2,"name":"Justi\u00e7a de SP condena ex-presidente do Metr\u00f4 e construtoras por acidente em obra que deixou 7 mortos"}]},{"@type":"WebSite","@id":"https:\/\/brasilnoticias.org\/site\/#website","url":"https:\/\/brasilnoticias.org\/site\/","name":"Brasil not\u00edcias","description":"Brasil not\u00edcias","publisher":{"@id":"https:\/\/brasilnoticias.org\/site\/#organization"},"potentialAction":[{"@type":"SearchAction","target":{"@type":"EntryPoint","urlTemplate":"https:\/\/brasilnoticias.org\/site\/?s={search_term_string}"},"query-input":{"@type":"PropertyValueSpecification","valueRequired":true,"valueName":"search_term_string"}}],"inLanguage":"pt-PT"},{"@type":"Organization","@id":"https:\/\/brasilnoticias.org\/site\/#organization","name":"Brasil not\u00edcias","url":"https:\/\/brasilnoticias.org\/site\/","logo":{"@type":"ImageObject","inLanguage":"pt-PT","@id":"https:\/\/brasilnoticias.org\/site\/#\/schema\/logo\/image\/","url":"https:\/\/brasilnoticias.org\/site\/wp-content\/uploads\/2022\/05\/cropped-brasilnoticias-mini.jpg","contentUrl":"https:\/\/brasilnoticias.org\/site\/wp-content\/uploads\/2022\/05\/cropped-brasilnoticias-mini.jpg","width":314,"height":86,"caption":"Brasil not\u00edcias"},"image":{"@id":"https:\/\/brasilnoticias.org\/site\/#\/schema\/logo\/image\/"}},{"@type":"Person","@id":"https:\/\/brasilnoticias.org\/site\/#\/schema\/person\/03bbbfe6c7634ad18c26444ea39049fa","name":"Reda\u00e7\u00e3o","image":{"@type":"ImageObject","inLanguage":"pt-PT","@id":"https:\/\/brasilnoticias.org\/site\/#\/schema\/person\/image\/","url":"https:\/\/secure.gravatar.com\/avatar\/9ecaf7327a696cb23ad926fedded5f1f04d7049de9e445375d55b48c001a6e42?s=96&d=mm&r=g","contentUrl":"https:\/\/secure.gravatar.com\/avatar\/9ecaf7327a696cb23ad926fedded5f1f04d7049de9e445375d55b48c001a6e42?s=96&d=mm&r=g","caption":"Reda\u00e7\u00e3o"},"url":"https:\/\/brasilnoticias.org\/site\/author\/henrique\/"}]}},"_links":{"self":[{"href":"https:\/\/brasilnoticias.org\/site\/wp-json\/wp\/v2\/posts\/12759","targetHints":{"allow":["GET"]}}],"collection":[{"href":"https:\/\/brasilnoticias.org\/site\/wp-json\/wp\/v2\/posts"}],"about":[{"href":"https:\/\/brasilnoticias.org\/site\/wp-json\/wp\/v2\/types\/post"}],"author":[{"embeddable":true,"href":"https:\/\/brasilnoticias.org\/site\/wp-json\/wp\/v2\/users\/4"}],"replies":[{"embeddable":true,"href":"https:\/\/brasilnoticias.org\/site\/wp-json\/wp\/v2\/comments?post=12759"}],"version-history":[{"count":1,"href":"https:\/\/brasilnoticias.org\/site\/wp-json\/wp\/v2\/posts\/12759\/revisions"}],"predecessor-version":[{"id":12761,"href":"https:\/\/brasilnoticias.org\/site\/wp-json\/wp\/v2\/posts\/12759\/revisions\/12761"}],"wp:featuredmedia":[{"embeddable":true,"href":"https:\/\/brasilnoticias.org\/site\/wp-json\/wp\/v2\/media\/12760"}],"wp:attachment":[{"href":"https:\/\/brasilnoticias.org\/site\/wp-json\/wp\/v2\/media?parent=12759"}],"wp:term":[{"taxonomy":"category","embeddable":true,"href":"https:\/\/brasilnoticias.org\/site\/wp-json\/wp\/v2\/categories?post=12759"},{"taxonomy":"post_tag","embeddable":true,"href":"https:\/\/brasilnoticias.org\/site\/wp-json\/wp\/v2\/tags?post=12759"}],"curies":[{"name":"wp","href":"https:\/\/api.w.org\/{rel}","templated":true}]}}