{"id":12765,"date":"2024-02-17T19:43:48","date_gmt":"2024-02-17T22:43:48","guid":{"rendered":"https:\/\/brasilnoticias.org\/site\/?p=12765"},"modified":"2024-02-17T19:43:48","modified_gmt":"2024-02-17T22:43:48","slug":"na-africa-lula-volta-a-falar-em-divida-historica-com-o-continente","status":"publish","type":"post","link":"https:\/\/brasilnoticias.org\/site\/na-africa-lula-volta-a-falar-em-divida-historica-com-o-continente\/","title":{"rendered":"Na \u00c1frica, Lula volta a falar em &#8216;d\u00edvida hist\u00f3rica&#8217; com o continente"},"content":{"rendered":"<p>Petista participou de reuni\u00e3o da Uni\u00e3o Africana em Adis Abeba, na Eti\u00f3pia <\/p>\n<p>O presidente Luiz In\u00e1cio Lula da Silva (PT) discursou neste s\u00e1bado (17), durante a 37\u00aa c\u00fapula da Uni\u00e3o Africana, na Eti\u00f3pia. Segundo informa\u00e7\u00f5es do G1, na ocasi\u00e3o, ele criticou a extrema direita, falou sobre amplia\u00e7\u00e3o de parcerias com pa\u00edses africanos e afirmou que o Brasil tem uma &#8220;d\u00edvida hist\u00f3rica&#8221; com o continente em raz\u00e3o dos 300 anos de escravid\u00e3o no pa\u00eds.&#8221;O Brasil sempre olhou o mundo sem enxergar o continente africano. O Brasil, durante muitos s\u00e9culos, foi governado olhando para os Estados Unidos, para a Europa. E o Brasil n\u00e3o via nem a Am\u00e9rica do Sul, muito menos via o continente africano&#8221;, declarou.<\/p>\n<p>Lula discursou ap\u00f3s o representante da Palestina na reuni\u00e3o da Uni\u00e3o Africana. No pronunciamento, o petista voltou a condenar ataques do grupo terrorista Hamas a Israel, mas classificou como &#8220;desproporcional&#8221; a resposta israelense aos ataques, com a morte de milhares de civis. Para Lula, a crise no Oriente M\u00e9dio s\u00f3 ser\u00e1 resolvida com a cria\u00e7\u00e3o de um estado Palestino &#8220;soberano&#8221; e &#8220;membro pleno&#8221; da Organiza\u00e7\u00e3o das Na\u00e7\u00f5es Unidas (ONU).<\/p>\n<p>A Uni\u00e3o Africana re\u00fane 55 pa\u00edses do continente e, em 2023, passou a integrar de forma permanente o G20 \u2013 grupo que re\u00fane as maiores economias do mundo, respons\u00e1veis por mais de 80% da economia global. Antes da participa\u00e7\u00e3o como convidado na c\u00fapula da Uni\u00e3o Africana, Lula se reuniu com o primeiro-ministro da Autoridade Palestina, Mohammad Shtayyeh. Estava previsto um encontro com Ant\u00f3nio Guterres, que n\u00e3o ocorreu porque o secret\u00e1rio-geral da ONU cancelou a viagem \u00e0 Eti\u00f3pia.<\/p>\n<p>Ainda neste s\u00e1bado, Lula ter\u00e1 outras agendas e participar\u00e1 de um jantar oferecido pelo premi\u00ea da Eti\u00f3pia, Abiy Ahmed.<\/p>\n<p>Foto: Ricardo Stuckert\/Presid\u00eancia da Rep\u00fablica<br \/>\nPor: Metro1<\/p>\n","protected":false},"excerpt":{"rendered":"<p>Petista participou de reuni\u00e3o da Uni\u00e3o Africana em Adis Abeba, na Eti\u00f3pia O presidente Luiz In\u00e1cio Lula da Silva (PT)<\/p>\n","protected":false},"author":4,"featured_media":12766,"comment_status":"open","ping_status":"open","sticky":false,"template":"","format":"standard","meta":{"colormag_page_container_layout":"default_layout","colormag_page_sidebar_layout":"default_layout","_FSMCFIC_featured_image_caption":"","_FSMCFIC_featured_image_nocaption":"","_FSMCFIC_featured_image_hide":"","footnotes":""},"categories":[5,1],"tags":[],"class_list":["post-12765","post","type-post","status-publish","format-standard","has-post-thumbnail","hentry","category-politica","category-ultimas"],"yoast_head":"<!-- This site is optimized with the Yoast SEO plugin v27.1.1 - https:\/\/yoast.com\/product\/yoast-seo-wordpress\/ -->\n<title>Na \u00c1frica, Lula volta a falar em &#039;d\u00edvida hist\u00f3rica&#039; com o continente - Brasil not\u00edcias<\/title>\n<meta name=\"robots\" content=\"index, follow, max-snippet:-1, max-image-preview:large, max-video-preview:-1\" \/>\n<link rel=\"canonical\" href=\"https:\/\/brasilnoticias.org\/site\/na-africa-lula-volta-a-falar-em-divida-historica-com-o-continente\/\" \/>\n<meta property=\"og:locale\" content=\"pt_PT\" \/>\n<meta property=\"og:type\" content=\"article\" \/>\n<meta property=\"og:title\" content=\"Na \u00c1frica, Lula volta a falar em &#039;d\u00edvida hist\u00f3rica&#039; com o continente - Brasil not\u00edcias\" \/>\n<meta property=\"og:description\" content=\"Petista participou de reuni\u00e3o da Uni\u00e3o Africana em Adis Abeba, na Eti\u00f3pia O presidente Luiz In\u00e1cio Lula da Silva (PT)\" \/>\n<meta property=\"og:url\" content=\"https:\/\/brasilnoticias.org\/site\/na-africa-lula-volta-a-falar-em-divida-historica-com-o-continente\/\" \/>\n<meta property=\"og:site_name\" content=\"Brasil not\u00edcias\" \/>\n<meta property=\"article:published_time\" content=\"2024-02-17T22:43:48+00:00\" \/>\n<meta property=\"og:image\" content=\"https:\/\/brasilnoticias.org\/site\/wp-content\/uploads\/2024\/02\/146278na-africa-lula-volta-a-falar-em-divida-historica-com-o-continente-3.jpg\" \/>\n\t<meta property=\"og:image:width\" content=\"1600\" \/>\n\t<meta property=\"og:image:height\" content=\"752\" \/>\n\t<meta property=\"og:image:type\" content=\"image\/jpeg\" \/>\n<meta name=\"author\" content=\"Reda\u00e7\u00e3o\" \/>\n<meta name=\"twitter:card\" content=\"summary_large_image\" \/>\n<meta name=\"twitter:label1\" content=\"Escrito por\" \/>\n\t<meta name=\"twitter:data1\" content=\"Reda\u00e7\u00e3o\" \/>\n<script type=\"application\/ld+json\" class=\"yoast-schema-graph\">{\"@context\":\"https:\/\/schema.org\",\"@graph\":[{\"@type\":\"Article\",\"@id\":\"https:\/\/brasilnoticias.org\/site\/na-africa-lula-volta-a-falar-em-divida-historica-com-o-continente\/#article\",\"isPartOf\":{\"@id\":\"https:\/\/brasilnoticias.org\/site\/na-africa-lula-volta-a-falar-em-divida-historica-com-o-continente\/\"},\"author\":{\"name\":\"Reda\u00e7\u00e3o\",\"@id\":\"https:\/\/brasilnoticias.org\/site\/#\/schema\/person\/03bbbfe6c7634ad18c26444ea39049fa\"},\"headline\":\"Na \u00c1frica, Lula volta a falar em &#8216;d\u00edvida hist\u00f3rica&#8217; com o continente\",\"datePublished\":\"2024-02-17T22:43:48+00:00\",\"mainEntityOfPage\":{\"@id\":\"https:\/\/brasilnoticias.org\/site\/na-africa-lula-volta-a-falar-em-divida-historica-com-o-continente\/\"},\"wordCount\":338,\"commentCount\":0,\"publisher\":{\"@id\":\"https:\/\/brasilnoticias.org\/site\/#organization\"},\"image\":{\"@id\":\"https:\/\/brasilnoticias.org\/site\/na-africa-lula-volta-a-falar-em-divida-historica-com-o-continente\/#primaryimage\"},\"thumbnailUrl\":\"https:\/\/brasilnoticias.org\/site\/wp-content\/uploads\/2024\/02\/146278na-africa-lula-volta-a-falar-em-divida-historica-com-o-continente-3.jpg\",\"articleSection\":[\"Pol\u00edtica\",\"\u00daltimas\"],\"inLanguage\":\"pt-PT\",\"potentialAction\":[{\"@type\":\"CommentAction\",\"name\":\"Comment\",\"target\":[\"https:\/\/brasilnoticias.org\/site\/na-africa-lula-volta-a-falar-em-divida-historica-com-o-continente\/#respond\"]}]},{\"@type\":\"WebPage\",\"@id\":\"https:\/\/brasilnoticias.org\/site\/na-africa-lula-volta-a-falar-em-divida-historica-com-o-continente\/\",\"url\":\"https:\/\/brasilnoticias.org\/site\/na-africa-lula-volta-a-falar-em-divida-historica-com-o-continente\/\",\"name\":\"Na \u00c1frica, Lula volta a falar em 'd\u00edvida hist\u00f3rica' com o continente - Brasil not\u00edcias\",\"isPartOf\":{\"@id\":\"https:\/\/brasilnoticias.org\/site\/#website\"},\"primaryImageOfPage\":{\"@id\":\"https:\/\/brasilnoticias.org\/site\/na-africa-lula-volta-a-falar-em-divida-historica-com-o-continente\/#primaryimage\"},\"image\":{\"@id\":\"https:\/\/brasilnoticias.org\/site\/na-africa-lula-volta-a-falar-em-divida-historica-com-o-continente\/#primaryimage\"},\"thumbnailUrl\":\"https:\/\/brasilnoticias.org\/site\/wp-content\/uploads\/2024\/02\/146278na-africa-lula-volta-a-falar-em-divida-historica-com-o-continente-3.jpg\",\"datePublished\":\"2024-02-17T22:43:48+00:00\",\"breadcrumb\":{\"@id\":\"https:\/\/brasilnoticias.org\/site\/na-africa-lula-volta-a-falar-em-divida-historica-com-o-continente\/#breadcrumb\"},\"inLanguage\":\"pt-PT\",\"potentialAction\":[{\"@type\":\"ReadAction\",\"target\":[\"https:\/\/brasilnoticias.org\/site\/na-africa-lula-volta-a-falar-em-divida-historica-com-o-continente\/\"]}]},{\"@type\":\"ImageObject\",\"inLanguage\":\"pt-PT\",\"@id\":\"https:\/\/brasilnoticias.org\/site\/na-africa-lula-volta-a-falar-em-divida-historica-com-o-continente\/#primaryimage\",\"url\":\"https:\/\/brasilnoticias.org\/site\/wp-content\/uploads\/2024\/02\/146278na-africa-lula-volta-a-falar-em-divida-historica-com-o-continente-3.jpg\",\"contentUrl\":\"https:\/\/brasilnoticias.org\/site\/wp-content\/uploads\/2024\/02\/146278na-africa-lula-volta-a-falar-em-divida-historica-com-o-continente-3.jpg\",\"width\":1600,\"height\":752},{\"@type\":\"BreadcrumbList\",\"@id\":\"https:\/\/brasilnoticias.org\/site\/na-africa-lula-volta-a-falar-em-divida-historica-com-o-continente\/#breadcrumb\",\"itemListElement\":[{\"@type\":\"ListItem\",\"position\":1,\"name\":\"In\u00edcio\",\"item\":\"https:\/\/brasilnoticias.org\/site\/\"},{\"@type\":\"ListItem\",\"position\":2,\"name\":\"Na \u00c1frica, Lula volta a falar em &#8216;d\u00edvida hist\u00f3rica&#8217; com o continente\"}]},{\"@type\":\"WebSite\",\"@id\":\"https:\/\/brasilnoticias.org\/site\/#website\",\"url\":\"https:\/\/brasilnoticias.org\/site\/\",\"name\":\"Brasil not\u00edcias\",\"description\":\"Brasil not\u00edcias\",\"publisher\":{\"@id\":\"https:\/\/brasilnoticias.org\/site\/#organization\"},\"potentialAction\":[{\"@type\":\"SearchAction\",\"target\":{\"@type\":\"EntryPoint\",\"urlTemplate\":\"https:\/\/brasilnoticias.org\/site\/?s={search_term_string}\"},\"query-input\":{\"@type\":\"PropertyValueSpecification\",\"valueRequired\":true,\"valueName\":\"search_term_string\"}}],\"inLanguage\":\"pt-PT\"},{\"@type\":\"Organization\",\"@id\":\"https:\/\/brasilnoticias.org\/site\/#organization\",\"name\":\"Brasil not\u00edcias\",\"url\":\"https:\/\/brasilnoticias.org\/site\/\",\"logo\":{\"@type\":\"ImageObject\",\"inLanguage\":\"pt-PT\",\"@id\":\"https:\/\/brasilnoticias.org\/site\/#\/schema\/logo\/image\/\",\"url\":\"https:\/\/brasilnoticias.org\/site\/wp-content\/uploads\/2022\/05\/cropped-brasilnoticias-mini.jpg\",\"contentUrl\":\"https:\/\/brasilnoticias.org\/site\/wp-content\/uploads\/2022\/05\/cropped-brasilnoticias-mini.jpg\",\"width\":314,\"height\":86,\"caption\":\"Brasil not\u00edcias\"},\"image\":{\"@id\":\"https:\/\/brasilnoticias.org\/site\/#\/schema\/logo\/image\/\"}},{\"@type\":\"Person\",\"@id\":\"https:\/\/brasilnoticias.org\/site\/#\/schema\/person\/03bbbfe6c7634ad18c26444ea39049fa\",\"name\":\"Reda\u00e7\u00e3o\",\"image\":{\"@type\":\"ImageObject\",\"inLanguage\":\"pt-PT\",\"@id\":\"https:\/\/brasilnoticias.org\/site\/#\/schema\/person\/image\/\",\"url\":\"https:\/\/secure.gravatar.com\/avatar\/9ecaf7327a696cb23ad926fedded5f1f04d7049de9e445375d55b48c001a6e42?s=96&d=mm&r=g\",\"contentUrl\":\"https:\/\/secure.gravatar.com\/avatar\/9ecaf7327a696cb23ad926fedded5f1f04d7049de9e445375d55b48c001a6e42?s=96&d=mm&r=g\",\"caption\":\"Reda\u00e7\u00e3o\"},\"url\":\"https:\/\/brasilnoticias.org\/site\/author\/henrique\/\"}]}<\/script>\n<!-- \/ Yoast SEO plugin. -->","yoast_head_json":{"title":"Na \u00c1frica, Lula volta a falar em 'd\u00edvida hist\u00f3rica' com o continente - Brasil not\u00edcias","robots":{"index":"index","follow":"follow","max-snippet":"max-snippet:-1","max-image-preview":"max-image-preview:large","max-video-preview":"max-video-preview:-1"},"canonical":"https:\/\/brasilnoticias.org\/site\/na-africa-lula-volta-a-falar-em-divida-historica-com-o-continente\/","og_locale":"pt_PT","og_type":"article","og_title":"Na \u00c1frica, Lula volta a falar em 'd\u00edvida hist\u00f3rica' com o continente - Brasil not\u00edcias","og_description":"Petista participou de reuni\u00e3o da Uni\u00e3o Africana em Adis Abeba, na Eti\u00f3pia O presidente Luiz In\u00e1cio Lula da Silva (PT)","og_url":"https:\/\/brasilnoticias.org\/site\/na-africa-lula-volta-a-falar-em-divida-historica-com-o-continente\/","og_site_name":"Brasil not\u00edcias","article_published_time":"2024-02-17T22:43:48+00:00","og_image":[{"width":1600,"height":752,"url":"https:\/\/brasilnoticias.org\/site\/wp-content\/uploads\/2024\/02\/146278na-africa-lula-volta-a-falar-em-divida-historica-com-o-continente-3.jpg","type":"image\/jpeg"}],"author":"Reda\u00e7\u00e3o","twitter_card":"summary_large_image","twitter_misc":{"Escrito por":"Reda\u00e7\u00e3o"},"schema":{"@context":"https:\/\/schema.org","@graph":[{"@type":"Article","@id":"https:\/\/brasilnoticias.org\/site\/na-africa-lula-volta-a-falar-em-divida-historica-com-o-continente\/#article","isPartOf":{"@id":"https:\/\/brasilnoticias.org\/site\/na-africa-lula-volta-a-falar-em-divida-historica-com-o-continente\/"},"author":{"name":"Reda\u00e7\u00e3o","@id":"https:\/\/brasilnoticias.org\/site\/#\/schema\/person\/03bbbfe6c7634ad18c26444ea39049fa"},"headline":"Na \u00c1frica, Lula volta a falar em &#8216;d\u00edvida hist\u00f3rica&#8217; com o continente","datePublished":"2024-02-17T22:43:48+00:00","mainEntityOfPage":{"@id":"https:\/\/brasilnoticias.org\/site\/na-africa-lula-volta-a-falar-em-divida-historica-com-o-continente\/"},"wordCount":338,"commentCount":0,"publisher":{"@id":"https:\/\/brasilnoticias.org\/site\/#organization"},"image":{"@id":"https:\/\/brasilnoticias.org\/site\/na-africa-lula-volta-a-falar-em-divida-historica-com-o-continente\/#primaryimage"},"thumbnailUrl":"https:\/\/brasilnoticias.org\/site\/wp-content\/uploads\/2024\/02\/146278na-africa-lula-volta-a-falar-em-divida-historica-com-o-continente-3.jpg","articleSection":["Pol\u00edtica","\u00daltimas"],"inLanguage":"pt-PT","potentialAction":[{"@type":"CommentAction","name":"Comment","target":["https:\/\/brasilnoticias.org\/site\/na-africa-lula-volta-a-falar-em-divida-historica-com-o-continente\/#respond"]}]},{"@type":"WebPage","@id":"https:\/\/brasilnoticias.org\/site\/na-africa-lula-volta-a-falar-em-divida-historica-com-o-continente\/","url":"https:\/\/brasilnoticias.org\/site\/na-africa-lula-volta-a-falar-em-divida-historica-com-o-continente\/","name":"Na \u00c1frica, Lula volta a falar em 'd\u00edvida hist\u00f3rica' com o continente - Brasil not\u00edcias","isPartOf":{"@id":"https:\/\/brasilnoticias.org\/site\/#website"},"primaryImageOfPage":{"@id":"https:\/\/brasilnoticias.org\/site\/na-africa-lula-volta-a-falar-em-divida-historica-com-o-continente\/#primaryimage"},"image":{"@id":"https:\/\/brasilnoticias.org\/site\/na-africa-lula-volta-a-falar-em-divida-historica-com-o-continente\/#primaryimage"},"thumbnailUrl":"https:\/\/brasilnoticias.org\/site\/wp-content\/uploads\/2024\/02\/146278na-africa-lula-volta-a-falar-em-divida-historica-com-o-continente-3.jpg","datePublished":"2024-02-17T22:43:48+00:00","breadcrumb":{"@id":"https:\/\/brasilnoticias.org\/site\/na-africa-lula-volta-a-falar-em-divida-historica-com-o-continente\/#breadcrumb"},"inLanguage":"pt-PT","potentialAction":[{"@type":"ReadAction","target":["https:\/\/brasilnoticias.org\/site\/na-africa-lula-volta-a-falar-em-divida-historica-com-o-continente\/"]}]},{"@type":"ImageObject","inLanguage":"pt-PT","@id":"https:\/\/brasilnoticias.org\/site\/na-africa-lula-volta-a-falar-em-divida-historica-com-o-continente\/#primaryimage","url":"https:\/\/brasilnoticias.org\/site\/wp-content\/uploads\/2024\/02\/146278na-africa-lula-volta-a-falar-em-divida-historica-com-o-continente-3.jpg","contentUrl":"https:\/\/brasilnoticias.org\/site\/wp-content\/uploads\/2024\/02\/146278na-africa-lula-volta-a-falar-em-divida-historica-com-o-continente-3.jpg","width":1600,"height":752},{"@type":"BreadcrumbList","@id":"https:\/\/brasilnoticias.org\/site\/na-africa-lula-volta-a-falar-em-divida-historica-com-o-continente\/#breadcrumb","itemListElement":[{"@type":"ListItem","position":1,"name":"In\u00edcio","item":"https:\/\/brasilnoticias.org\/site\/"},{"@type":"ListItem","position":2,"name":"Na \u00c1frica, Lula volta a falar em &#8216;d\u00edvida hist\u00f3rica&#8217; com o continente"}]},{"@type":"WebSite","@id":"https:\/\/brasilnoticias.org\/site\/#website","url":"https:\/\/brasilnoticias.org\/site\/","name":"Brasil not\u00edcias","description":"Brasil not\u00edcias","publisher":{"@id":"https:\/\/brasilnoticias.org\/site\/#organization"},"potentialAction":[{"@type":"SearchAction","target":{"@type":"EntryPoint","urlTemplate":"https:\/\/brasilnoticias.org\/site\/?s={search_term_string}"},"query-input":{"@type":"PropertyValueSpecification","valueRequired":true,"valueName":"search_term_string"}}],"inLanguage":"pt-PT"},{"@type":"Organization","@id":"https:\/\/brasilnoticias.org\/site\/#organization","name":"Brasil not\u00edcias","url":"https:\/\/brasilnoticias.org\/site\/","logo":{"@type":"ImageObject","inLanguage":"pt-PT","@id":"https:\/\/brasilnoticias.org\/site\/#\/schema\/logo\/image\/","url":"https:\/\/brasilnoticias.org\/site\/wp-content\/uploads\/2022\/05\/cropped-brasilnoticias-mini.jpg","contentUrl":"https:\/\/brasilnoticias.org\/site\/wp-content\/uploads\/2022\/05\/cropped-brasilnoticias-mini.jpg","width":314,"height":86,"caption":"Brasil not\u00edcias"},"image":{"@id":"https:\/\/brasilnoticias.org\/site\/#\/schema\/logo\/image\/"}},{"@type":"Person","@id":"https:\/\/brasilnoticias.org\/site\/#\/schema\/person\/03bbbfe6c7634ad18c26444ea39049fa","name":"Reda\u00e7\u00e3o","image":{"@type":"ImageObject","inLanguage":"pt-PT","@id":"https:\/\/brasilnoticias.org\/site\/#\/schema\/person\/image\/","url":"https:\/\/secure.gravatar.com\/avatar\/9ecaf7327a696cb23ad926fedded5f1f04d7049de9e445375d55b48c001a6e42?s=96&d=mm&r=g","contentUrl":"https:\/\/secure.gravatar.com\/avatar\/9ecaf7327a696cb23ad926fedded5f1f04d7049de9e445375d55b48c001a6e42?s=96&d=mm&r=g","caption":"Reda\u00e7\u00e3o"},"url":"https:\/\/brasilnoticias.org\/site\/author\/henrique\/"}]}},"_links":{"self":[{"href":"https:\/\/brasilnoticias.org\/site\/wp-json\/wp\/v2\/posts\/12765","targetHints":{"allow":["GET"]}}],"collection":[{"href":"https:\/\/brasilnoticias.org\/site\/wp-json\/wp\/v2\/posts"}],"about":[{"href":"https:\/\/brasilnoticias.org\/site\/wp-json\/wp\/v2\/types\/post"}],"author":[{"embeddable":true,"href":"https:\/\/brasilnoticias.org\/site\/wp-json\/wp\/v2\/users\/4"}],"replies":[{"embeddable":true,"href":"https:\/\/brasilnoticias.org\/site\/wp-json\/wp\/v2\/comments?post=12765"}],"version-history":[{"count":1,"href":"https:\/\/brasilnoticias.org\/site\/wp-json\/wp\/v2\/posts\/12765\/revisions"}],"predecessor-version":[{"id":12767,"href":"https:\/\/brasilnoticias.org\/site\/wp-json\/wp\/v2\/posts\/12765\/revisions\/12767"}],"wp:featuredmedia":[{"embeddable":true,"href":"https:\/\/brasilnoticias.org\/site\/wp-json\/wp\/v2\/media\/12766"}],"wp:attachment":[{"href":"https:\/\/brasilnoticias.org\/site\/wp-json\/wp\/v2\/media?parent=12765"}],"wp:term":[{"taxonomy":"category","embeddable":true,"href":"https:\/\/brasilnoticias.org\/site\/wp-json\/wp\/v2\/categories?post=12765"},{"taxonomy":"post_tag","embeddable":true,"href":"https:\/\/brasilnoticias.org\/site\/wp-json\/wp\/v2\/tags?post=12765"}],"curies":[{"name":"wp","href":"https:\/\/api.w.org\/{rel}","templated":true}]}}