{"id":12771,"date":"2024-02-17T19:46:17","date_gmt":"2024-02-17T22:46:17","guid":{"rendered":"https:\/\/brasilnoticias.org\/site\/?p=12771"},"modified":"2024-02-17T19:46:17","modified_gmt":"2024-02-17T22:46:17","slug":"homem-com-mandado-de-prisao-em-aberto-e-capturado-pela-pm-em-itabuna","status":"publish","type":"post","link":"https:\/\/brasilnoticias.org\/site\/homem-com-mandado-de-prisao-em-aberto-e-capturado-pela-pm-em-itabuna\/","title":{"rendered":"Homem com mandado de pris\u00e3o em aberto \u00e9 capturado pela PM em Itabuna"},"content":{"rendered":"<p>O suspeito foi preso ap\u00f3s den\u00fancia an\u00f4nima durante a Opera\u00e7\u00e3o Garra de Arquimedes, do 15\u00ba BPM<\/p>\n<p>Na tarde de sexta-feira (16\/2), uma guarni\u00e7\u00e3o do 15\u00ba BPM, durante a opera\u00e7\u00e3o Garra de Arquimedes, capturou um indiv\u00edduo com mandado de pris\u00e3o em aberto no centro da cidade de Itabuna.<\/p>\n<p>Os militares receberam uma den\u00fancia an\u00f4nima informando de um homem foragido da justi\u00e7a na regi\u00e3o. O suspeito foi localizado e, ap\u00f3s abordagem e consulta, foi constado que ele possu\u00eda um mandado de pris\u00e3o em aberto. Com o homem, foi apreendida uma motocicleta.<\/p>\n<p>O suspeito foi encaminhado para a delegacia da cidade, onde foram tomadas as medidas cab\u00edveis.<\/p>\n<p>Foto: Divulga\u00e7\u00e3o<br \/>\nAratu On<\/p>\n","protected":false},"excerpt":{"rendered":"<p>O suspeito foi preso ap\u00f3s den\u00fancia an\u00f4nima durante a Opera\u00e7\u00e3o Garra de Arquimedes, do 15\u00ba BPM Na tarde de sexta-feira<\/p>\n","protected":false},"author":4,"featured_media":12772,"comment_status":"open","ping_status":"open","sticky":false,"template":"","format":"standard","meta":{"colormag_page_container_layout":"default_layout","colormag_page_sidebar_layout":"default_layout","_FSMCFIC_featured_image_caption":"","_FSMCFIC_featured_image_nocaption":"","_FSMCFIC_featured_image_hide":"","footnotes":""},"categories":[3,1],"tags":[],"class_list":["post-12771","post","type-post","status-publish","format-standard","has-post-thumbnail","hentry","category-policia","category-ultimas"],"yoast_head":"<!-- This site is optimized with the Yoast SEO plugin v27.1.1 - https:\/\/yoast.com\/product\/yoast-seo-wordpress\/ -->\n<title>Homem com mandado de pris\u00e3o em aberto \u00e9 capturado pela PM em Itabuna - Brasil not\u00edcias<\/title>\n<meta name=\"robots\" content=\"index, follow, max-snippet:-1, max-image-preview:large, max-video-preview:-1\" \/>\n<link rel=\"canonical\" href=\"https:\/\/brasilnoticias.org\/site\/homem-com-mandado-de-prisao-em-aberto-e-capturado-pela-pm-em-itabuna\/\" \/>\n<meta property=\"og:locale\" content=\"pt_PT\" \/>\n<meta property=\"og:type\" content=\"article\" \/>\n<meta property=\"og:title\" content=\"Homem com mandado de pris\u00e3o em aberto \u00e9 capturado pela PM em Itabuna - Brasil not\u00edcias\" \/>\n<meta property=\"og:description\" content=\"O suspeito foi preso ap\u00f3s den\u00fancia an\u00f4nima durante a Opera\u00e7\u00e3o Garra de Arquimedes, do 15\u00ba BPM Na tarde de sexta-feira\" \/>\n<meta property=\"og:url\" content=\"https:\/\/brasilnoticias.org\/site\/homem-com-mandado-de-prisao-em-aberto-e-capturado-pela-pm-em-itabuna\/\" \/>\n<meta property=\"og:site_name\" content=\"Brasil not\u00edcias\" \/>\n<meta property=\"article:published_time\" content=\"2024-02-17T22:46:17+00:00\" \/>\n<meta property=\"og:image\" content=\"https:\/\/brasilnoticias.org\/site\/wp-content\/uploads\/2024\/02\/policia-militar-foto-e1700243478597.jpg\" \/>\n\t<meta property=\"og:image:width\" content=\"740\" \/>\n\t<meta property=\"og:image:height\" content=\"493\" \/>\n\t<meta property=\"og:image:type\" content=\"image\/jpeg\" \/>\n<meta name=\"author\" content=\"Reda\u00e7\u00e3o\" \/>\n<meta name=\"twitter:card\" content=\"summary_large_image\" \/>\n<meta name=\"twitter:label1\" content=\"Escrito por\" \/>\n\t<meta name=\"twitter:data1\" content=\"Reda\u00e7\u00e3o\" \/>\n<script type=\"application\/ld+json\" class=\"yoast-schema-graph\">{\"@context\":\"https:\/\/schema.org\",\"@graph\":[{\"@type\":\"Article\",\"@id\":\"https:\/\/brasilnoticias.org\/site\/homem-com-mandado-de-prisao-em-aberto-e-capturado-pela-pm-em-itabuna\/#article\",\"isPartOf\":{\"@id\":\"https:\/\/brasilnoticias.org\/site\/homem-com-mandado-de-prisao-em-aberto-e-capturado-pela-pm-em-itabuna\/\"},\"author\":{\"name\":\"Reda\u00e7\u00e3o\",\"@id\":\"https:\/\/brasilnoticias.org\/site\/#\/schema\/person\/03bbbfe6c7634ad18c26444ea39049fa\"},\"headline\":\"Homem com mandado de pris\u00e3o em aberto \u00e9 capturado pela PM em Itabuna\",\"datePublished\":\"2024-02-17T22:46:17+00:00\",\"mainEntityOfPage\":{\"@id\":\"https:\/\/brasilnoticias.org\/site\/homem-com-mandado-de-prisao-em-aberto-e-capturado-pela-pm-em-itabuna\/\"},\"wordCount\":135,\"commentCount\":0,\"publisher\":{\"@id\":\"https:\/\/brasilnoticias.org\/site\/#organization\"},\"image\":{\"@id\":\"https:\/\/brasilnoticias.org\/site\/homem-com-mandado-de-prisao-em-aberto-e-capturado-pela-pm-em-itabuna\/#primaryimage\"},\"thumbnailUrl\":\"https:\/\/brasilnoticias.org\/site\/wp-content\/uploads\/2024\/02\/policia-militar-foto-e1700243478597.jpg\",\"articleSection\":[\"Pol\u00edcia\",\"\u00daltimas\"],\"inLanguage\":\"pt-PT\",\"potentialAction\":[{\"@type\":\"CommentAction\",\"name\":\"Comment\",\"target\":[\"https:\/\/brasilnoticias.org\/site\/homem-com-mandado-de-prisao-em-aberto-e-capturado-pela-pm-em-itabuna\/#respond\"]}]},{\"@type\":\"WebPage\",\"@id\":\"https:\/\/brasilnoticias.org\/site\/homem-com-mandado-de-prisao-em-aberto-e-capturado-pela-pm-em-itabuna\/\",\"url\":\"https:\/\/brasilnoticias.org\/site\/homem-com-mandado-de-prisao-em-aberto-e-capturado-pela-pm-em-itabuna\/\",\"name\":\"Homem com mandado de pris\u00e3o em aberto \u00e9 capturado pela PM em Itabuna - Brasil not\u00edcias\",\"isPartOf\":{\"@id\":\"https:\/\/brasilnoticias.org\/site\/#website\"},\"primaryImageOfPage\":{\"@id\":\"https:\/\/brasilnoticias.org\/site\/homem-com-mandado-de-prisao-em-aberto-e-capturado-pela-pm-em-itabuna\/#primaryimage\"},\"image\":{\"@id\":\"https:\/\/brasilnoticias.org\/site\/homem-com-mandado-de-prisao-em-aberto-e-capturado-pela-pm-em-itabuna\/#primaryimage\"},\"thumbnailUrl\":\"https:\/\/brasilnoticias.org\/site\/wp-content\/uploads\/2024\/02\/policia-militar-foto-e1700243478597.jpg\",\"datePublished\":\"2024-02-17T22:46:17+00:00\",\"breadcrumb\":{\"@id\":\"https:\/\/brasilnoticias.org\/site\/homem-com-mandado-de-prisao-em-aberto-e-capturado-pela-pm-em-itabuna\/#breadcrumb\"},\"inLanguage\":\"pt-PT\",\"potentialAction\":[{\"@type\":\"ReadAction\",\"target\":[\"https:\/\/brasilnoticias.org\/site\/homem-com-mandado-de-prisao-em-aberto-e-capturado-pela-pm-em-itabuna\/\"]}]},{\"@type\":\"ImageObject\",\"inLanguage\":\"pt-PT\",\"@id\":\"https:\/\/brasilnoticias.org\/site\/homem-com-mandado-de-prisao-em-aberto-e-capturado-pela-pm-em-itabuna\/#primaryimage\",\"url\":\"https:\/\/brasilnoticias.org\/site\/wp-content\/uploads\/2024\/02\/policia-militar-foto-e1700243478597.jpg\",\"contentUrl\":\"https:\/\/brasilnoticias.org\/site\/wp-content\/uploads\/2024\/02\/policia-militar-foto-e1700243478597.jpg\",\"width\":740,\"height\":493},{\"@type\":\"BreadcrumbList\",\"@id\":\"https:\/\/brasilnoticias.org\/site\/homem-com-mandado-de-prisao-em-aberto-e-capturado-pela-pm-em-itabuna\/#breadcrumb\",\"itemListElement\":[{\"@type\":\"ListItem\",\"position\":1,\"name\":\"In\u00edcio\",\"item\":\"https:\/\/brasilnoticias.org\/site\/\"},{\"@type\":\"ListItem\",\"position\":2,\"name\":\"Homem com mandado de pris\u00e3o em aberto \u00e9 capturado pela PM em Itabuna\"}]},{\"@type\":\"WebSite\",\"@id\":\"https:\/\/brasilnoticias.org\/site\/#website\",\"url\":\"https:\/\/brasilnoticias.org\/site\/\",\"name\":\"Brasil not\u00edcias\",\"description\":\"Brasil not\u00edcias\",\"publisher\":{\"@id\":\"https:\/\/brasilnoticias.org\/site\/#organization\"},\"potentialAction\":[{\"@type\":\"SearchAction\",\"target\":{\"@type\":\"EntryPoint\",\"urlTemplate\":\"https:\/\/brasilnoticias.org\/site\/?s={search_term_string}\"},\"query-input\":{\"@type\":\"PropertyValueSpecification\",\"valueRequired\":true,\"valueName\":\"search_term_string\"}}],\"inLanguage\":\"pt-PT\"},{\"@type\":\"Organization\",\"@id\":\"https:\/\/brasilnoticias.org\/site\/#organization\",\"name\":\"Brasil not\u00edcias\",\"url\":\"https:\/\/brasilnoticias.org\/site\/\",\"logo\":{\"@type\":\"ImageObject\",\"inLanguage\":\"pt-PT\",\"@id\":\"https:\/\/brasilnoticias.org\/site\/#\/schema\/logo\/image\/\",\"url\":\"https:\/\/brasilnoticias.org\/site\/wp-content\/uploads\/2022\/05\/cropped-brasilnoticias-mini.jpg\",\"contentUrl\":\"https:\/\/brasilnoticias.org\/site\/wp-content\/uploads\/2022\/05\/cropped-brasilnoticias-mini.jpg\",\"width\":314,\"height\":86,\"caption\":\"Brasil not\u00edcias\"},\"image\":{\"@id\":\"https:\/\/brasilnoticias.org\/site\/#\/schema\/logo\/image\/\"}},{\"@type\":\"Person\",\"@id\":\"https:\/\/brasilnoticias.org\/site\/#\/schema\/person\/03bbbfe6c7634ad18c26444ea39049fa\",\"name\":\"Reda\u00e7\u00e3o\",\"image\":{\"@type\":\"ImageObject\",\"inLanguage\":\"pt-PT\",\"@id\":\"https:\/\/brasilnoticias.org\/site\/#\/schema\/person\/image\/\",\"url\":\"https:\/\/secure.gravatar.com\/avatar\/9ecaf7327a696cb23ad926fedded5f1f04d7049de9e445375d55b48c001a6e42?s=96&d=mm&r=g\",\"contentUrl\":\"https:\/\/secure.gravatar.com\/avatar\/9ecaf7327a696cb23ad926fedded5f1f04d7049de9e445375d55b48c001a6e42?s=96&d=mm&r=g\",\"caption\":\"Reda\u00e7\u00e3o\"},\"url\":\"https:\/\/brasilnoticias.org\/site\/author\/henrique\/\"}]}<\/script>\n<!-- \/ Yoast SEO plugin. -->","yoast_head_json":{"title":"Homem com mandado de pris\u00e3o em aberto \u00e9 capturado pela PM em Itabuna - Brasil not\u00edcias","robots":{"index":"index","follow":"follow","max-snippet":"max-snippet:-1","max-image-preview":"max-image-preview:large","max-video-preview":"max-video-preview:-1"},"canonical":"https:\/\/brasilnoticias.org\/site\/homem-com-mandado-de-prisao-em-aberto-e-capturado-pela-pm-em-itabuna\/","og_locale":"pt_PT","og_type":"article","og_title":"Homem com mandado de pris\u00e3o em aberto \u00e9 capturado pela PM em Itabuna - Brasil not\u00edcias","og_description":"O suspeito foi preso ap\u00f3s den\u00fancia an\u00f4nima durante a Opera\u00e7\u00e3o Garra de Arquimedes, do 15\u00ba BPM Na tarde de sexta-feira","og_url":"https:\/\/brasilnoticias.org\/site\/homem-com-mandado-de-prisao-em-aberto-e-capturado-pela-pm-em-itabuna\/","og_site_name":"Brasil not\u00edcias","article_published_time":"2024-02-17T22:46:17+00:00","og_image":[{"width":740,"height":493,"url":"https:\/\/brasilnoticias.org\/site\/wp-content\/uploads\/2024\/02\/policia-militar-foto-e1700243478597.jpg","type":"image\/jpeg"}],"author":"Reda\u00e7\u00e3o","twitter_card":"summary_large_image","twitter_misc":{"Escrito por":"Reda\u00e7\u00e3o"},"schema":{"@context":"https:\/\/schema.org","@graph":[{"@type":"Article","@id":"https:\/\/brasilnoticias.org\/site\/homem-com-mandado-de-prisao-em-aberto-e-capturado-pela-pm-em-itabuna\/#article","isPartOf":{"@id":"https:\/\/brasilnoticias.org\/site\/homem-com-mandado-de-prisao-em-aberto-e-capturado-pela-pm-em-itabuna\/"},"author":{"name":"Reda\u00e7\u00e3o","@id":"https:\/\/brasilnoticias.org\/site\/#\/schema\/person\/03bbbfe6c7634ad18c26444ea39049fa"},"headline":"Homem com mandado de pris\u00e3o em aberto \u00e9 capturado pela PM em Itabuna","datePublished":"2024-02-17T22:46:17+00:00","mainEntityOfPage":{"@id":"https:\/\/brasilnoticias.org\/site\/homem-com-mandado-de-prisao-em-aberto-e-capturado-pela-pm-em-itabuna\/"},"wordCount":135,"commentCount":0,"publisher":{"@id":"https:\/\/brasilnoticias.org\/site\/#organization"},"image":{"@id":"https:\/\/brasilnoticias.org\/site\/homem-com-mandado-de-prisao-em-aberto-e-capturado-pela-pm-em-itabuna\/#primaryimage"},"thumbnailUrl":"https:\/\/brasilnoticias.org\/site\/wp-content\/uploads\/2024\/02\/policia-militar-foto-e1700243478597.jpg","articleSection":["Pol\u00edcia","\u00daltimas"],"inLanguage":"pt-PT","potentialAction":[{"@type":"CommentAction","name":"Comment","target":["https:\/\/brasilnoticias.org\/site\/homem-com-mandado-de-prisao-em-aberto-e-capturado-pela-pm-em-itabuna\/#respond"]}]},{"@type":"WebPage","@id":"https:\/\/brasilnoticias.org\/site\/homem-com-mandado-de-prisao-em-aberto-e-capturado-pela-pm-em-itabuna\/","url":"https:\/\/brasilnoticias.org\/site\/homem-com-mandado-de-prisao-em-aberto-e-capturado-pela-pm-em-itabuna\/","name":"Homem com mandado de pris\u00e3o em aberto \u00e9 capturado pela PM em Itabuna - Brasil not\u00edcias","isPartOf":{"@id":"https:\/\/brasilnoticias.org\/site\/#website"},"primaryImageOfPage":{"@id":"https:\/\/brasilnoticias.org\/site\/homem-com-mandado-de-prisao-em-aberto-e-capturado-pela-pm-em-itabuna\/#primaryimage"},"image":{"@id":"https:\/\/brasilnoticias.org\/site\/homem-com-mandado-de-prisao-em-aberto-e-capturado-pela-pm-em-itabuna\/#primaryimage"},"thumbnailUrl":"https:\/\/brasilnoticias.org\/site\/wp-content\/uploads\/2024\/02\/policia-militar-foto-e1700243478597.jpg","datePublished":"2024-02-17T22:46:17+00:00","breadcrumb":{"@id":"https:\/\/brasilnoticias.org\/site\/homem-com-mandado-de-prisao-em-aberto-e-capturado-pela-pm-em-itabuna\/#breadcrumb"},"inLanguage":"pt-PT","potentialAction":[{"@type":"ReadAction","target":["https:\/\/brasilnoticias.org\/site\/homem-com-mandado-de-prisao-em-aberto-e-capturado-pela-pm-em-itabuna\/"]}]},{"@type":"ImageObject","inLanguage":"pt-PT","@id":"https:\/\/brasilnoticias.org\/site\/homem-com-mandado-de-prisao-em-aberto-e-capturado-pela-pm-em-itabuna\/#primaryimage","url":"https:\/\/brasilnoticias.org\/site\/wp-content\/uploads\/2024\/02\/policia-militar-foto-e1700243478597.jpg","contentUrl":"https:\/\/brasilnoticias.org\/site\/wp-content\/uploads\/2024\/02\/policia-militar-foto-e1700243478597.jpg","width":740,"height":493},{"@type":"BreadcrumbList","@id":"https:\/\/brasilnoticias.org\/site\/homem-com-mandado-de-prisao-em-aberto-e-capturado-pela-pm-em-itabuna\/#breadcrumb","itemListElement":[{"@type":"ListItem","position":1,"name":"In\u00edcio","item":"https:\/\/brasilnoticias.org\/site\/"},{"@type":"ListItem","position":2,"name":"Homem com mandado de pris\u00e3o em aberto \u00e9 capturado pela PM em Itabuna"}]},{"@type":"WebSite","@id":"https:\/\/brasilnoticias.org\/site\/#website","url":"https:\/\/brasilnoticias.org\/site\/","name":"Brasil not\u00edcias","description":"Brasil not\u00edcias","publisher":{"@id":"https:\/\/brasilnoticias.org\/site\/#organization"},"potentialAction":[{"@type":"SearchAction","target":{"@type":"EntryPoint","urlTemplate":"https:\/\/brasilnoticias.org\/site\/?s={search_term_string}"},"query-input":{"@type":"PropertyValueSpecification","valueRequired":true,"valueName":"search_term_string"}}],"inLanguage":"pt-PT"},{"@type":"Organization","@id":"https:\/\/brasilnoticias.org\/site\/#organization","name":"Brasil not\u00edcias","url":"https:\/\/brasilnoticias.org\/site\/","logo":{"@type":"ImageObject","inLanguage":"pt-PT","@id":"https:\/\/brasilnoticias.org\/site\/#\/schema\/logo\/image\/","url":"https:\/\/brasilnoticias.org\/site\/wp-content\/uploads\/2022\/05\/cropped-brasilnoticias-mini.jpg","contentUrl":"https:\/\/brasilnoticias.org\/site\/wp-content\/uploads\/2022\/05\/cropped-brasilnoticias-mini.jpg","width":314,"height":86,"caption":"Brasil not\u00edcias"},"image":{"@id":"https:\/\/brasilnoticias.org\/site\/#\/schema\/logo\/image\/"}},{"@type":"Person","@id":"https:\/\/brasilnoticias.org\/site\/#\/schema\/person\/03bbbfe6c7634ad18c26444ea39049fa","name":"Reda\u00e7\u00e3o","image":{"@type":"ImageObject","inLanguage":"pt-PT","@id":"https:\/\/brasilnoticias.org\/site\/#\/schema\/person\/image\/","url":"https:\/\/secure.gravatar.com\/avatar\/9ecaf7327a696cb23ad926fedded5f1f04d7049de9e445375d55b48c001a6e42?s=96&d=mm&r=g","contentUrl":"https:\/\/secure.gravatar.com\/avatar\/9ecaf7327a696cb23ad926fedded5f1f04d7049de9e445375d55b48c001a6e42?s=96&d=mm&r=g","caption":"Reda\u00e7\u00e3o"},"url":"https:\/\/brasilnoticias.org\/site\/author\/henrique\/"}]}},"_links":{"self":[{"href":"https:\/\/brasilnoticias.org\/site\/wp-json\/wp\/v2\/posts\/12771","targetHints":{"allow":["GET"]}}],"collection":[{"href":"https:\/\/brasilnoticias.org\/site\/wp-json\/wp\/v2\/posts"}],"about":[{"href":"https:\/\/brasilnoticias.org\/site\/wp-json\/wp\/v2\/types\/post"}],"author":[{"embeddable":true,"href":"https:\/\/brasilnoticias.org\/site\/wp-json\/wp\/v2\/users\/4"}],"replies":[{"embeddable":true,"href":"https:\/\/brasilnoticias.org\/site\/wp-json\/wp\/v2\/comments?post=12771"}],"version-history":[{"count":1,"href":"https:\/\/brasilnoticias.org\/site\/wp-json\/wp\/v2\/posts\/12771\/revisions"}],"predecessor-version":[{"id":12773,"href":"https:\/\/brasilnoticias.org\/site\/wp-json\/wp\/v2\/posts\/12771\/revisions\/12773"}],"wp:featuredmedia":[{"embeddable":true,"href":"https:\/\/brasilnoticias.org\/site\/wp-json\/wp\/v2\/media\/12772"}],"wp:attachment":[{"href":"https:\/\/brasilnoticias.org\/site\/wp-json\/wp\/v2\/media?parent=12771"}],"wp:term":[{"taxonomy":"category","embeddable":true,"href":"https:\/\/brasilnoticias.org\/site\/wp-json\/wp\/v2\/categories?post=12771"},{"taxonomy":"post_tag","embeddable":true,"href":"https:\/\/brasilnoticias.org\/site\/wp-json\/wp\/v2\/tags?post=12771"}],"curies":[{"name":"wp","href":"https:\/\/api.w.org\/{rel}","templated":true}]}}