{"id":12777,"date":"2024-02-17T19:49:24","date_gmt":"2024-02-17T22:49:24","guid":{"rendered":"https:\/\/brasilnoticias.org\/site\/?p=12777"},"modified":"2024-02-17T19:49:24","modified_gmt":"2024-02-17T22:49:24","slug":"ameaca-faltara-lugar-no-hge-diz-faixa-de-organizada-antes-de-ba-vi","status":"publish","type":"post","link":"https:\/\/brasilnoticias.org\/site\/ameaca-faltara-lugar-no-hge-diz-faixa-de-organizada-antes-de-ba-vi\/","title":{"rendered":"Amea\u00e7a! &#8220;Faltar\u00e1 lugar no HGE&#8221;, diz faixa de organizada antes de Ba-Vi"},"content":{"rendered":"<p>Faltando um dia para o cl\u00e1ssico, frase \u00e9 estampada no Viaduto dos Rodovi\u00e1rios, em Pernambu\u00e9s<\/p>\n<p>Uma faixa foi colocada no Viaduto dos Rodovi\u00e1rios na madrugada deste s\u00e1bado (17), no bairro de Pernambu\u00e9s, em Salvador, com a frase &#8220;Vai faltar lugar no HGE&#8221;. A amea\u00e7a foi, supostamente, colocada por uma das torcidas organizadas do Vit\u00f3ria, faltando um dia para o cl\u00e1ssico Ba-Vi, que ocorre pela 7\u00aa rodada do Campeonato Baiano de 2024, neste domingo (18), \u00e0s 16h.<\/p>\n<p>A reportagem do MASSA! entrou em contato com a Pol\u00edcia Militar, que informou que 1\u00aa CIPM, unidade respons\u00e1vel pelo patrulhamento da regi\u00e3o, n\u00e3o foi acionada para atender a ocorr\u00eancia.<\/p>\n<p>Com mando do Vit\u00f3ria, o cl\u00e1ssico ser\u00e1 no Barrad\u00e3o e com torcida \u00fanica, por quest\u00f5es de seguran\u00e7a, segundo o Minist\u00e9rio P\u00fablico. A decis\u00e3o est\u00e1 tomada desde o fim do ano passado, quando a Confedera\u00e7\u00e3o Brasileira de Futebol (CBF) e a Federa\u00e7\u00e3o Bahiana de Futebol (FBF) bateram o martelo sobre o cl\u00e1ssico.<\/p>\n<p>Segundo o MP, em 2023, j\u00e1 com aus\u00eancia de torcida mista, houve in\u00fameros casos de viol\u00eancia durante o cl\u00e1ssico, que ocorreu em mar\u00e7o. Entre eles, vandalismo, agress\u00e3o e apreens\u00e3o de armas brancas, como peda\u00e7os de madeira, soqueiras, fogos de artif\u00edcio, facas, m\u00e1quinas de choque el\u00e9trico, entre outros.<\/p>\n<p>Por meio das redes sociais, o Vit\u00f3ria relembrou a ado\u00e7\u00e3o de torcida \u00fanica, pedindo aos torcedores advers\u00e1rios que n\u00e3o compare\u00e7am ao Barrad\u00e3o &#8220;para a seguran\u00e7a de todos&#8221;. Al\u00e9m disso, pediu aos rubro-negros que &#8220;deem o exemplo da paz dentro e fora do est\u00e1dio&#8221;.<\/p>\n<p>Foto: Reprodu\u00e7\u00e3o \/ Redes Sociais<br \/>\nJornal Massa<\/p>\n","protected":false},"excerpt":{"rendered":"<p>Faltando um dia para o cl\u00e1ssico, frase \u00e9 estampada no Viaduto dos Rodovi\u00e1rios, em Pernambu\u00e9s Uma faixa foi colocada no<\/p>\n","protected":false},"author":4,"featured_media":12778,"comment_status":"open","ping_status":"open","sticky":false,"template":"","format":"standard","meta":{"colormag_page_container_layout":"default_layout","colormag_page_sidebar_layout":"default_layout","_FSMCFIC_featured_image_caption":"","_FSMCFIC_featured_image_nocaption":"","_FSMCFIC_featured_image_hide":"","footnotes":""},"categories":[4,1],"tags":[],"class_list":["post-12777","post","type-post","status-publish","format-standard","has-post-thumbnail","hentry","category-esporte","category-ultimas"],"yoast_head":"<!-- This site is optimized with the Yoast SEO plugin v27.1.1 - https:\/\/yoast.com\/product\/yoast-seo-wordpress\/ -->\n<title>Amea\u00e7a! &quot;Faltar\u00e1 lugar no HGE&quot;, diz faixa de organizada antes de Ba-Vi - Brasil not\u00edcias<\/title>\n<meta name=\"robots\" content=\"index, follow, max-snippet:-1, max-image-preview:large, max-video-preview:-1\" \/>\n<link rel=\"canonical\" href=\"https:\/\/brasilnoticias.org\/site\/ameaca-faltara-lugar-no-hge-diz-faixa-de-organizada-antes-de-ba-vi\/\" \/>\n<meta property=\"og:locale\" content=\"pt_PT\" \/>\n<meta property=\"og:type\" content=\"article\" \/>\n<meta property=\"og:title\" content=\"Amea\u00e7a! &quot;Faltar\u00e1 lugar no HGE&quot;, diz faixa de organizada antes de Ba-Vi - Brasil not\u00edcias\" \/>\n<meta property=\"og:description\" content=\"Faltando um dia para o cl\u00e1ssico, frase \u00e9 estampada no Viaduto dos Rodovi\u00e1rios, em Pernambu\u00e9s Uma faixa foi colocada no\" \/>\n<meta property=\"og:url\" content=\"https:\/\/brasilnoticias.org\/site\/ameaca-faltara-lugar-no-hge-diz-faixa-de-organizada-antes-de-ba-vi\/\" \/>\n<meta property=\"og:site_name\" content=\"Brasil not\u00edcias\" \/>\n<meta property=\"article:published_time\" content=\"2024-02-17T22:49:24+00:00\" \/>\n<meta property=\"og:image\" content=\"https:\/\/brasilnoticias.org\/site\/wp-content\/uploads\/2024\/02\/Ameaca-Faltara-lugar-no-HGE-diz-faixa-de-organizad0124878300202402170918-ScaleOutside-1.webp\" \/>\n\t<meta property=\"og:image:width\" content=\"716\" \/>\n\t<meta property=\"og:image:height\" content=\"516\" \/>\n\t<meta property=\"og:image:type\" content=\"image\/webp\" \/>\n<meta name=\"author\" content=\"Reda\u00e7\u00e3o\" \/>\n<meta name=\"twitter:card\" content=\"summary_large_image\" \/>\n<meta name=\"twitter:label1\" content=\"Escrito por\" \/>\n\t<meta name=\"twitter:data1\" content=\"Reda\u00e7\u00e3o\" \/>\n\t<meta name=\"twitter:label2\" content=\"Tempo estimado de leitura\" \/>\n\t<meta name=\"twitter:data2\" content=\"1 minuto\" \/>\n<script type=\"application\/ld+json\" class=\"yoast-schema-graph\">{\"@context\":\"https:\/\/schema.org\",\"@graph\":[{\"@type\":\"Article\",\"@id\":\"https:\/\/brasilnoticias.org\/site\/ameaca-faltara-lugar-no-hge-diz-faixa-de-organizada-antes-de-ba-vi\/#article\",\"isPartOf\":{\"@id\":\"https:\/\/brasilnoticias.org\/site\/ameaca-faltara-lugar-no-hge-diz-faixa-de-organizada-antes-de-ba-vi\/\"},\"author\":{\"name\":\"Reda\u00e7\u00e3o\",\"@id\":\"https:\/\/brasilnoticias.org\/site\/#\/schema\/person\/03bbbfe6c7634ad18c26444ea39049fa\"},\"headline\":\"Amea\u00e7a! &#8220;Faltar\u00e1 lugar no HGE&#8221;, diz faixa de organizada antes de Ba-Vi\",\"datePublished\":\"2024-02-17T22:49:24+00:00\",\"mainEntityOfPage\":{\"@id\":\"https:\/\/brasilnoticias.org\/site\/ameaca-faltara-lugar-no-hge-diz-faixa-de-organizada-antes-de-ba-vi\/\"},\"wordCount\":304,\"commentCount\":0,\"publisher\":{\"@id\":\"https:\/\/brasilnoticias.org\/site\/#organization\"},\"image\":{\"@id\":\"https:\/\/brasilnoticias.org\/site\/ameaca-faltara-lugar-no-hge-diz-faixa-de-organizada-antes-de-ba-vi\/#primaryimage\"},\"thumbnailUrl\":\"https:\/\/brasilnoticias.org\/site\/wp-content\/uploads\/2024\/02\/Ameaca-Faltara-lugar-no-HGE-diz-faixa-de-organizad0124878300202402170918-ScaleOutside-1.webp\",\"articleSection\":[\"Esporte\",\"\u00daltimas\"],\"inLanguage\":\"pt-PT\",\"potentialAction\":[{\"@type\":\"CommentAction\",\"name\":\"Comment\",\"target\":[\"https:\/\/brasilnoticias.org\/site\/ameaca-faltara-lugar-no-hge-diz-faixa-de-organizada-antes-de-ba-vi\/#respond\"]}]},{\"@type\":\"WebPage\",\"@id\":\"https:\/\/brasilnoticias.org\/site\/ameaca-faltara-lugar-no-hge-diz-faixa-de-organizada-antes-de-ba-vi\/\",\"url\":\"https:\/\/brasilnoticias.org\/site\/ameaca-faltara-lugar-no-hge-diz-faixa-de-organizada-antes-de-ba-vi\/\",\"name\":\"Amea\u00e7a! \\\"Faltar\u00e1 lugar no HGE\\\", diz faixa de organizada antes de Ba-Vi - Brasil not\u00edcias\",\"isPartOf\":{\"@id\":\"https:\/\/brasilnoticias.org\/site\/#website\"},\"primaryImageOfPage\":{\"@id\":\"https:\/\/brasilnoticias.org\/site\/ameaca-faltara-lugar-no-hge-diz-faixa-de-organizada-antes-de-ba-vi\/#primaryimage\"},\"image\":{\"@id\":\"https:\/\/brasilnoticias.org\/site\/ameaca-faltara-lugar-no-hge-diz-faixa-de-organizada-antes-de-ba-vi\/#primaryimage\"},\"thumbnailUrl\":\"https:\/\/brasilnoticias.org\/site\/wp-content\/uploads\/2024\/02\/Ameaca-Faltara-lugar-no-HGE-diz-faixa-de-organizad0124878300202402170918-ScaleOutside-1.webp\",\"datePublished\":\"2024-02-17T22:49:24+00:00\",\"breadcrumb\":{\"@id\":\"https:\/\/brasilnoticias.org\/site\/ameaca-faltara-lugar-no-hge-diz-faixa-de-organizada-antes-de-ba-vi\/#breadcrumb\"},\"inLanguage\":\"pt-PT\",\"potentialAction\":[{\"@type\":\"ReadAction\",\"target\":[\"https:\/\/brasilnoticias.org\/site\/ameaca-faltara-lugar-no-hge-diz-faixa-de-organizada-antes-de-ba-vi\/\"]}]},{\"@type\":\"ImageObject\",\"inLanguage\":\"pt-PT\",\"@id\":\"https:\/\/brasilnoticias.org\/site\/ameaca-faltara-lugar-no-hge-diz-faixa-de-organizada-antes-de-ba-vi\/#primaryimage\",\"url\":\"https:\/\/brasilnoticias.org\/site\/wp-content\/uploads\/2024\/02\/Ameaca-Faltara-lugar-no-HGE-diz-faixa-de-organizad0124878300202402170918-ScaleOutside-1.webp\",\"contentUrl\":\"https:\/\/brasilnoticias.org\/site\/wp-content\/uploads\/2024\/02\/Ameaca-Faltara-lugar-no-HGE-diz-faixa-de-organizad0124878300202402170918-ScaleOutside-1.webp\",\"width\":716,\"height\":516},{\"@type\":\"BreadcrumbList\",\"@id\":\"https:\/\/brasilnoticias.org\/site\/ameaca-faltara-lugar-no-hge-diz-faixa-de-organizada-antes-de-ba-vi\/#breadcrumb\",\"itemListElement\":[{\"@type\":\"ListItem\",\"position\":1,\"name\":\"In\u00edcio\",\"item\":\"https:\/\/brasilnoticias.org\/site\/\"},{\"@type\":\"ListItem\",\"position\":2,\"name\":\"Amea\u00e7a! &#8220;Faltar\u00e1 lugar no HGE&#8221;, diz faixa de organizada antes de Ba-Vi\"}]},{\"@type\":\"WebSite\",\"@id\":\"https:\/\/brasilnoticias.org\/site\/#website\",\"url\":\"https:\/\/brasilnoticias.org\/site\/\",\"name\":\"Brasil not\u00edcias\",\"description\":\"Brasil not\u00edcias\",\"publisher\":{\"@id\":\"https:\/\/brasilnoticias.org\/site\/#organization\"},\"potentialAction\":[{\"@type\":\"SearchAction\",\"target\":{\"@type\":\"EntryPoint\",\"urlTemplate\":\"https:\/\/brasilnoticias.org\/site\/?s={search_term_string}\"},\"query-input\":{\"@type\":\"PropertyValueSpecification\",\"valueRequired\":true,\"valueName\":\"search_term_string\"}}],\"inLanguage\":\"pt-PT\"},{\"@type\":\"Organization\",\"@id\":\"https:\/\/brasilnoticias.org\/site\/#organization\",\"name\":\"Brasil not\u00edcias\",\"url\":\"https:\/\/brasilnoticias.org\/site\/\",\"logo\":{\"@type\":\"ImageObject\",\"inLanguage\":\"pt-PT\",\"@id\":\"https:\/\/brasilnoticias.org\/site\/#\/schema\/logo\/image\/\",\"url\":\"https:\/\/brasilnoticias.org\/site\/wp-content\/uploads\/2022\/05\/cropped-brasilnoticias-mini.jpg\",\"contentUrl\":\"https:\/\/brasilnoticias.org\/site\/wp-content\/uploads\/2022\/05\/cropped-brasilnoticias-mini.jpg\",\"width\":314,\"height\":86,\"caption\":\"Brasil not\u00edcias\"},\"image\":{\"@id\":\"https:\/\/brasilnoticias.org\/site\/#\/schema\/logo\/image\/\"}},{\"@type\":\"Person\",\"@id\":\"https:\/\/brasilnoticias.org\/site\/#\/schema\/person\/03bbbfe6c7634ad18c26444ea39049fa\",\"name\":\"Reda\u00e7\u00e3o\",\"image\":{\"@type\":\"ImageObject\",\"inLanguage\":\"pt-PT\",\"@id\":\"https:\/\/brasilnoticias.org\/site\/#\/schema\/person\/image\/\",\"url\":\"https:\/\/secure.gravatar.com\/avatar\/9ecaf7327a696cb23ad926fedded5f1f04d7049de9e445375d55b48c001a6e42?s=96&d=mm&r=g\",\"contentUrl\":\"https:\/\/secure.gravatar.com\/avatar\/9ecaf7327a696cb23ad926fedded5f1f04d7049de9e445375d55b48c001a6e42?s=96&d=mm&r=g\",\"caption\":\"Reda\u00e7\u00e3o\"},\"url\":\"https:\/\/brasilnoticias.org\/site\/author\/henrique\/\"}]}<\/script>\n<!-- \/ Yoast SEO plugin. -->","yoast_head_json":{"title":"Amea\u00e7a! \"Faltar\u00e1 lugar no HGE\", diz faixa de organizada antes de Ba-Vi - Brasil not\u00edcias","robots":{"index":"index","follow":"follow","max-snippet":"max-snippet:-1","max-image-preview":"max-image-preview:large","max-video-preview":"max-video-preview:-1"},"canonical":"https:\/\/brasilnoticias.org\/site\/ameaca-faltara-lugar-no-hge-diz-faixa-de-organizada-antes-de-ba-vi\/","og_locale":"pt_PT","og_type":"article","og_title":"Amea\u00e7a! \"Faltar\u00e1 lugar no HGE\", diz faixa de organizada antes de Ba-Vi - Brasil not\u00edcias","og_description":"Faltando um dia para o cl\u00e1ssico, frase \u00e9 estampada no Viaduto dos Rodovi\u00e1rios, em Pernambu\u00e9s Uma faixa foi colocada no","og_url":"https:\/\/brasilnoticias.org\/site\/ameaca-faltara-lugar-no-hge-diz-faixa-de-organizada-antes-de-ba-vi\/","og_site_name":"Brasil not\u00edcias","article_published_time":"2024-02-17T22:49:24+00:00","og_image":[{"width":716,"height":516,"url":"https:\/\/brasilnoticias.org\/site\/wp-content\/uploads\/2024\/02\/Ameaca-Faltara-lugar-no-HGE-diz-faixa-de-organizad0124878300202402170918-ScaleOutside-1.webp","type":"image\/webp"}],"author":"Reda\u00e7\u00e3o","twitter_card":"summary_large_image","twitter_misc":{"Escrito por":"Reda\u00e7\u00e3o","Tempo estimado de leitura":"1 minuto"},"schema":{"@context":"https:\/\/schema.org","@graph":[{"@type":"Article","@id":"https:\/\/brasilnoticias.org\/site\/ameaca-faltara-lugar-no-hge-diz-faixa-de-organizada-antes-de-ba-vi\/#article","isPartOf":{"@id":"https:\/\/brasilnoticias.org\/site\/ameaca-faltara-lugar-no-hge-diz-faixa-de-organizada-antes-de-ba-vi\/"},"author":{"name":"Reda\u00e7\u00e3o","@id":"https:\/\/brasilnoticias.org\/site\/#\/schema\/person\/03bbbfe6c7634ad18c26444ea39049fa"},"headline":"Amea\u00e7a! &#8220;Faltar\u00e1 lugar no HGE&#8221;, diz faixa de organizada antes de Ba-Vi","datePublished":"2024-02-17T22:49:24+00:00","mainEntityOfPage":{"@id":"https:\/\/brasilnoticias.org\/site\/ameaca-faltara-lugar-no-hge-diz-faixa-de-organizada-antes-de-ba-vi\/"},"wordCount":304,"commentCount":0,"publisher":{"@id":"https:\/\/brasilnoticias.org\/site\/#organization"},"image":{"@id":"https:\/\/brasilnoticias.org\/site\/ameaca-faltara-lugar-no-hge-diz-faixa-de-organizada-antes-de-ba-vi\/#primaryimage"},"thumbnailUrl":"https:\/\/brasilnoticias.org\/site\/wp-content\/uploads\/2024\/02\/Ameaca-Faltara-lugar-no-HGE-diz-faixa-de-organizad0124878300202402170918-ScaleOutside-1.webp","articleSection":["Esporte","\u00daltimas"],"inLanguage":"pt-PT","potentialAction":[{"@type":"CommentAction","name":"Comment","target":["https:\/\/brasilnoticias.org\/site\/ameaca-faltara-lugar-no-hge-diz-faixa-de-organizada-antes-de-ba-vi\/#respond"]}]},{"@type":"WebPage","@id":"https:\/\/brasilnoticias.org\/site\/ameaca-faltara-lugar-no-hge-diz-faixa-de-organizada-antes-de-ba-vi\/","url":"https:\/\/brasilnoticias.org\/site\/ameaca-faltara-lugar-no-hge-diz-faixa-de-organizada-antes-de-ba-vi\/","name":"Amea\u00e7a! \"Faltar\u00e1 lugar no HGE\", diz faixa de organizada antes de Ba-Vi - Brasil not\u00edcias","isPartOf":{"@id":"https:\/\/brasilnoticias.org\/site\/#website"},"primaryImageOfPage":{"@id":"https:\/\/brasilnoticias.org\/site\/ameaca-faltara-lugar-no-hge-diz-faixa-de-organizada-antes-de-ba-vi\/#primaryimage"},"image":{"@id":"https:\/\/brasilnoticias.org\/site\/ameaca-faltara-lugar-no-hge-diz-faixa-de-organizada-antes-de-ba-vi\/#primaryimage"},"thumbnailUrl":"https:\/\/brasilnoticias.org\/site\/wp-content\/uploads\/2024\/02\/Ameaca-Faltara-lugar-no-HGE-diz-faixa-de-organizad0124878300202402170918-ScaleOutside-1.webp","datePublished":"2024-02-17T22:49:24+00:00","breadcrumb":{"@id":"https:\/\/brasilnoticias.org\/site\/ameaca-faltara-lugar-no-hge-diz-faixa-de-organizada-antes-de-ba-vi\/#breadcrumb"},"inLanguage":"pt-PT","potentialAction":[{"@type":"ReadAction","target":["https:\/\/brasilnoticias.org\/site\/ameaca-faltara-lugar-no-hge-diz-faixa-de-organizada-antes-de-ba-vi\/"]}]},{"@type":"ImageObject","inLanguage":"pt-PT","@id":"https:\/\/brasilnoticias.org\/site\/ameaca-faltara-lugar-no-hge-diz-faixa-de-organizada-antes-de-ba-vi\/#primaryimage","url":"https:\/\/brasilnoticias.org\/site\/wp-content\/uploads\/2024\/02\/Ameaca-Faltara-lugar-no-HGE-diz-faixa-de-organizad0124878300202402170918-ScaleOutside-1.webp","contentUrl":"https:\/\/brasilnoticias.org\/site\/wp-content\/uploads\/2024\/02\/Ameaca-Faltara-lugar-no-HGE-diz-faixa-de-organizad0124878300202402170918-ScaleOutside-1.webp","width":716,"height":516},{"@type":"BreadcrumbList","@id":"https:\/\/brasilnoticias.org\/site\/ameaca-faltara-lugar-no-hge-diz-faixa-de-organizada-antes-de-ba-vi\/#breadcrumb","itemListElement":[{"@type":"ListItem","position":1,"name":"In\u00edcio","item":"https:\/\/brasilnoticias.org\/site\/"},{"@type":"ListItem","position":2,"name":"Amea\u00e7a! &#8220;Faltar\u00e1 lugar no HGE&#8221;, diz faixa de organizada antes de Ba-Vi"}]},{"@type":"WebSite","@id":"https:\/\/brasilnoticias.org\/site\/#website","url":"https:\/\/brasilnoticias.org\/site\/","name":"Brasil not\u00edcias","description":"Brasil not\u00edcias","publisher":{"@id":"https:\/\/brasilnoticias.org\/site\/#organization"},"potentialAction":[{"@type":"SearchAction","target":{"@type":"EntryPoint","urlTemplate":"https:\/\/brasilnoticias.org\/site\/?s={search_term_string}"},"query-input":{"@type":"PropertyValueSpecification","valueRequired":true,"valueName":"search_term_string"}}],"inLanguage":"pt-PT"},{"@type":"Organization","@id":"https:\/\/brasilnoticias.org\/site\/#organization","name":"Brasil not\u00edcias","url":"https:\/\/brasilnoticias.org\/site\/","logo":{"@type":"ImageObject","inLanguage":"pt-PT","@id":"https:\/\/brasilnoticias.org\/site\/#\/schema\/logo\/image\/","url":"https:\/\/brasilnoticias.org\/site\/wp-content\/uploads\/2022\/05\/cropped-brasilnoticias-mini.jpg","contentUrl":"https:\/\/brasilnoticias.org\/site\/wp-content\/uploads\/2022\/05\/cropped-brasilnoticias-mini.jpg","width":314,"height":86,"caption":"Brasil not\u00edcias"},"image":{"@id":"https:\/\/brasilnoticias.org\/site\/#\/schema\/logo\/image\/"}},{"@type":"Person","@id":"https:\/\/brasilnoticias.org\/site\/#\/schema\/person\/03bbbfe6c7634ad18c26444ea39049fa","name":"Reda\u00e7\u00e3o","image":{"@type":"ImageObject","inLanguage":"pt-PT","@id":"https:\/\/brasilnoticias.org\/site\/#\/schema\/person\/image\/","url":"https:\/\/secure.gravatar.com\/avatar\/9ecaf7327a696cb23ad926fedded5f1f04d7049de9e445375d55b48c001a6e42?s=96&d=mm&r=g","contentUrl":"https:\/\/secure.gravatar.com\/avatar\/9ecaf7327a696cb23ad926fedded5f1f04d7049de9e445375d55b48c001a6e42?s=96&d=mm&r=g","caption":"Reda\u00e7\u00e3o"},"url":"https:\/\/brasilnoticias.org\/site\/author\/henrique\/"}]}},"_links":{"self":[{"href":"https:\/\/brasilnoticias.org\/site\/wp-json\/wp\/v2\/posts\/12777","targetHints":{"allow":["GET"]}}],"collection":[{"href":"https:\/\/brasilnoticias.org\/site\/wp-json\/wp\/v2\/posts"}],"about":[{"href":"https:\/\/brasilnoticias.org\/site\/wp-json\/wp\/v2\/types\/post"}],"author":[{"embeddable":true,"href":"https:\/\/brasilnoticias.org\/site\/wp-json\/wp\/v2\/users\/4"}],"replies":[{"embeddable":true,"href":"https:\/\/brasilnoticias.org\/site\/wp-json\/wp\/v2\/comments?post=12777"}],"version-history":[{"count":1,"href":"https:\/\/brasilnoticias.org\/site\/wp-json\/wp\/v2\/posts\/12777\/revisions"}],"predecessor-version":[{"id":12779,"href":"https:\/\/brasilnoticias.org\/site\/wp-json\/wp\/v2\/posts\/12777\/revisions\/12779"}],"wp:featuredmedia":[{"embeddable":true,"href":"https:\/\/brasilnoticias.org\/site\/wp-json\/wp\/v2\/media\/12778"}],"wp:attachment":[{"href":"https:\/\/brasilnoticias.org\/site\/wp-json\/wp\/v2\/media?parent=12777"}],"wp:term":[{"taxonomy":"category","embeddable":true,"href":"https:\/\/brasilnoticias.org\/site\/wp-json\/wp\/v2\/categories?post=12777"},{"taxonomy":"post_tag","embeddable":true,"href":"https:\/\/brasilnoticias.org\/site\/wp-json\/wp\/v2\/tags?post=12777"}],"curies":[{"name":"wp","href":"https:\/\/api.w.org\/{rel}","templated":true}]}}