{"id":12783,"date":"2024-02-20T18:34:55","date_gmt":"2024-02-20T21:34:55","guid":{"rendered":"https:\/\/brasilnoticias.org\/site\/?p=12783"},"modified":"2024-02-20T18:34:55","modified_gmt":"2024-02-20T21:34:55","slug":"exclusivo-cresce-consenso-do-pdt-a-favor-de-leo-prates-como-vice-de-bruno-reis","status":"publish","type":"post","link":"https:\/\/brasilnoticias.org\/site\/exclusivo-cresce-consenso-do-pdt-a-favor-de-leo-prates-como-vice-de-bruno-reis\/","title":{"rendered":"Exclusivo: Cresce consenso do PDT a favor de Leo Prates como vice de Bruno Reis"},"content":{"rendered":"<p>Deputado busca aval do partido para ocupar vaga na chapa do prefeito em Salvador<\/p>\n<p>Deputado federal mais votado na capital em 2022, Leo Prates (PDT) vem conquistando consenso na c\u00fapula do partido para vice na chapa liderada pelo prefeito Bruno Reis (Uni\u00e3o Brasil). Atualmente, o posto \u00e9 ocupado pela secret\u00e1ria municipal da Sa\u00fade, Ana Paula Matos, que tamb\u00e9m \u00e9 filiada ao PDT e tinha apoio majorit\u00e1rio da sigla para ser novamente indicada. No entanto, l\u00edderes da oposi\u00e7\u00e3o garantem que Prates vem quebrando a resist\u00eancia interna a seu nome na Executiva Estadual da legenda.<\/p>\n<p>At\u00e9 ent\u00e3o, o presidente do PDT baiano, o deputado federal F\u00e9lix Mendon\u00e7a J\u00fanior, sinalizava ao entorno apoio incondicional a Ana Paula, sob argumento de que n\u00e3o havia raz\u00f5es para mudar a dobradinha vitoriosa em 2020. Indagado pelo Metro1 sobre o poss\u00edvel aval a Prates, o pedetista adotou postura mais simp\u00e1tica ao colega de bancada na C\u00e2mara: &#8220;Se ele for a op\u00e7\u00e3o do PDT e do grupo de Bruno, pode ter certeza de que n\u00e3o vir\u00e1 de mim o veto&#8221;, afirmou F\u00e9lix J\u00fanior.<\/p>\n<p>No n\u00facleo pol\u00edtico da prefeitura, o avan\u00e7o do apoio a Prates no PDT se deve ao trabalho do secret\u00e1rio-geral do partido no estado, o ex-deputado federal Jos\u00e9 Carlos Ara\u00fajo. Seria ele o respons\u00e1vel por aproximar bloco comandado por F\u00e9lix J\u00fanior de Leo Prates, cuja vit\u00f3ria na sucess\u00e3o de outubro seria lucrativa para os tr\u00eas. <\/p>\n<p>A Prates significaria meio caminho para a futura candidatura a prefeito de Salvador, ambi\u00e7\u00e3o da qual ele n\u00e3o esconde de ningu\u00e9m. J\u00e1 F\u00e9lix J\u00fanior est\u00e1 de olho em parte da heran\u00e7a de 88 mil votos que o correligion\u00e1rio recebeu para deputado federal em Salvador. J\u00e1 Ara\u00fajo seria beneficiado com a vaga de Prates no Congresso, j\u00e1 que ele ocupa a primeira supl\u00eancia do PDT da Bahia.  <\/p>\n<p>Foto: Vinicius Loures \/ C\u00e2mara dos Deputados<br \/>\nPor: Jairo Costa Jr.<\/p>\n","protected":false},"excerpt":{"rendered":"<p>Deputado busca aval do partido para ocupar vaga na chapa do prefeito em Salvador Deputado federal mais votado na capital<\/p>\n","protected":false},"author":4,"featured_media":12784,"comment_status":"open","ping_status":"open","sticky":false,"template":"","format":"standard","meta":{"colormag_page_container_layout":"default_layout","colormag_page_sidebar_layout":"default_layout","_FSMCFIC_featured_image_caption":"","_FSMCFIC_featured_image_nocaption":"","_FSMCFIC_featured_image_hide":"","footnotes":""},"categories":[5,1],"tags":[],"class_list":["post-12783","post","type-post","status-publish","format-standard","has-post-thumbnail","hentry","category-politica","category-ultimas"],"yoast_head":"<!-- This site is optimized with the Yoast SEO plugin v27.1.1 - https:\/\/yoast.com\/product\/yoast-seo-wordpress\/ -->\n<title>Exclusivo: Cresce consenso do PDT a favor de Leo Prates como vice de Bruno Reis - Brasil not\u00edcias<\/title>\n<meta name=\"robots\" content=\"index, follow, max-snippet:-1, max-image-preview:large, max-video-preview:-1\" \/>\n<link rel=\"canonical\" href=\"https:\/\/brasilnoticias.org\/site\/exclusivo-cresce-consenso-do-pdt-a-favor-de-leo-prates-como-vice-de-bruno-reis\/\" \/>\n<meta property=\"og:locale\" content=\"pt_PT\" \/>\n<meta property=\"og:type\" content=\"article\" \/>\n<meta property=\"og:title\" content=\"Exclusivo: Cresce consenso do PDT a favor de Leo Prates como vice de Bruno Reis - Brasil not\u00edcias\" \/>\n<meta property=\"og:description\" content=\"Deputado busca aval do partido para ocupar vaga na chapa do prefeito em Salvador Deputado federal mais votado na capital\" \/>\n<meta property=\"og:url\" content=\"https:\/\/brasilnoticias.org\/site\/exclusivo-cresce-consenso-do-pdt-a-favor-de-leo-prates-como-vice-de-bruno-reis\/\" \/>\n<meta property=\"og:site_name\" content=\"Brasil not\u00edcias\" \/>\n<meta property=\"article:published_time\" content=\"2024-02-20T21:34:55+00:00\" \/>\n<meta property=\"og:image\" content=\"https:\/\/brasilnoticias.org\/site\/wp-content\/uploads\/2024\/02\/146412exclusivo-cresce-consenso-do-pdt-a-favor-de-leo-prates-como-vice-de-bruno-reis-3.jpg\" \/>\n\t<meta property=\"og:image:width\" content=\"1600\" \/>\n\t<meta property=\"og:image:height\" content=\"752\" \/>\n\t<meta property=\"og:image:type\" content=\"image\/jpeg\" \/>\n<meta name=\"author\" content=\"Reda\u00e7\u00e3o\" \/>\n<meta name=\"twitter:card\" content=\"summary_large_image\" \/>\n<meta name=\"twitter:label1\" content=\"Escrito por\" \/>\n\t<meta name=\"twitter:data1\" content=\"Reda\u00e7\u00e3o\" \/>\n\t<meta name=\"twitter:label2\" content=\"Tempo estimado de leitura\" \/>\n\t<meta name=\"twitter:data2\" content=\"1 minuto\" \/>\n<script type=\"application\/ld+json\" class=\"yoast-schema-graph\">{\"@context\":\"https:\/\/schema.org\",\"@graph\":[{\"@type\":\"Article\",\"@id\":\"https:\/\/brasilnoticias.org\/site\/exclusivo-cresce-consenso-do-pdt-a-favor-de-leo-prates-como-vice-de-bruno-reis\/#article\",\"isPartOf\":{\"@id\":\"https:\/\/brasilnoticias.org\/site\/exclusivo-cresce-consenso-do-pdt-a-favor-de-leo-prates-como-vice-de-bruno-reis\/\"},\"author\":{\"name\":\"Reda\u00e7\u00e3o\",\"@id\":\"https:\/\/brasilnoticias.org\/site\/#\/schema\/person\/03bbbfe6c7634ad18c26444ea39049fa\"},\"headline\":\"Exclusivo: Cresce consenso do PDT a favor de Leo Prates como vice de Bruno Reis\",\"datePublished\":\"2024-02-20T21:34:55+00:00\",\"mainEntityOfPage\":{\"@id\":\"https:\/\/brasilnoticias.org\/site\/exclusivo-cresce-consenso-do-pdt-a-favor-de-leo-prates-como-vice-de-bruno-reis\/\"},\"wordCount\":358,\"commentCount\":0,\"publisher\":{\"@id\":\"https:\/\/brasilnoticias.org\/site\/#organization\"},\"image\":{\"@id\":\"https:\/\/brasilnoticias.org\/site\/exclusivo-cresce-consenso-do-pdt-a-favor-de-leo-prates-como-vice-de-bruno-reis\/#primaryimage\"},\"thumbnailUrl\":\"https:\/\/brasilnoticias.org\/site\/wp-content\/uploads\/2024\/02\/146412exclusivo-cresce-consenso-do-pdt-a-favor-de-leo-prates-como-vice-de-bruno-reis-3.jpg\",\"articleSection\":[\"Pol\u00edtica\",\"\u00daltimas\"],\"inLanguage\":\"pt-PT\",\"potentialAction\":[{\"@type\":\"CommentAction\",\"name\":\"Comment\",\"target\":[\"https:\/\/brasilnoticias.org\/site\/exclusivo-cresce-consenso-do-pdt-a-favor-de-leo-prates-como-vice-de-bruno-reis\/#respond\"]}]},{\"@type\":\"WebPage\",\"@id\":\"https:\/\/brasilnoticias.org\/site\/exclusivo-cresce-consenso-do-pdt-a-favor-de-leo-prates-como-vice-de-bruno-reis\/\",\"url\":\"https:\/\/brasilnoticias.org\/site\/exclusivo-cresce-consenso-do-pdt-a-favor-de-leo-prates-como-vice-de-bruno-reis\/\",\"name\":\"Exclusivo: Cresce consenso do PDT a favor de Leo Prates como vice de Bruno Reis - Brasil not\u00edcias\",\"isPartOf\":{\"@id\":\"https:\/\/brasilnoticias.org\/site\/#website\"},\"primaryImageOfPage\":{\"@id\":\"https:\/\/brasilnoticias.org\/site\/exclusivo-cresce-consenso-do-pdt-a-favor-de-leo-prates-como-vice-de-bruno-reis\/#primaryimage\"},\"image\":{\"@id\":\"https:\/\/brasilnoticias.org\/site\/exclusivo-cresce-consenso-do-pdt-a-favor-de-leo-prates-como-vice-de-bruno-reis\/#primaryimage\"},\"thumbnailUrl\":\"https:\/\/brasilnoticias.org\/site\/wp-content\/uploads\/2024\/02\/146412exclusivo-cresce-consenso-do-pdt-a-favor-de-leo-prates-como-vice-de-bruno-reis-3.jpg\",\"datePublished\":\"2024-02-20T21:34:55+00:00\",\"breadcrumb\":{\"@id\":\"https:\/\/brasilnoticias.org\/site\/exclusivo-cresce-consenso-do-pdt-a-favor-de-leo-prates-como-vice-de-bruno-reis\/#breadcrumb\"},\"inLanguage\":\"pt-PT\",\"potentialAction\":[{\"@type\":\"ReadAction\",\"target\":[\"https:\/\/brasilnoticias.org\/site\/exclusivo-cresce-consenso-do-pdt-a-favor-de-leo-prates-como-vice-de-bruno-reis\/\"]}]},{\"@type\":\"ImageObject\",\"inLanguage\":\"pt-PT\",\"@id\":\"https:\/\/brasilnoticias.org\/site\/exclusivo-cresce-consenso-do-pdt-a-favor-de-leo-prates-como-vice-de-bruno-reis\/#primaryimage\",\"url\":\"https:\/\/brasilnoticias.org\/site\/wp-content\/uploads\/2024\/02\/146412exclusivo-cresce-consenso-do-pdt-a-favor-de-leo-prates-como-vice-de-bruno-reis-3.jpg\",\"contentUrl\":\"https:\/\/brasilnoticias.org\/site\/wp-content\/uploads\/2024\/02\/146412exclusivo-cresce-consenso-do-pdt-a-favor-de-leo-prates-como-vice-de-bruno-reis-3.jpg\",\"width\":1600,\"height\":752},{\"@type\":\"BreadcrumbList\",\"@id\":\"https:\/\/brasilnoticias.org\/site\/exclusivo-cresce-consenso-do-pdt-a-favor-de-leo-prates-como-vice-de-bruno-reis\/#breadcrumb\",\"itemListElement\":[{\"@type\":\"ListItem\",\"position\":1,\"name\":\"In\u00edcio\",\"item\":\"https:\/\/brasilnoticias.org\/site\/\"},{\"@type\":\"ListItem\",\"position\":2,\"name\":\"Exclusivo: Cresce consenso do PDT a favor de Leo Prates como vice de Bruno Reis\"}]},{\"@type\":\"WebSite\",\"@id\":\"https:\/\/brasilnoticias.org\/site\/#website\",\"url\":\"https:\/\/brasilnoticias.org\/site\/\",\"name\":\"Brasil not\u00edcias\",\"description\":\"Brasil not\u00edcias\",\"publisher\":{\"@id\":\"https:\/\/brasilnoticias.org\/site\/#organization\"},\"potentialAction\":[{\"@type\":\"SearchAction\",\"target\":{\"@type\":\"EntryPoint\",\"urlTemplate\":\"https:\/\/brasilnoticias.org\/site\/?s={search_term_string}\"},\"query-input\":{\"@type\":\"PropertyValueSpecification\",\"valueRequired\":true,\"valueName\":\"search_term_string\"}}],\"inLanguage\":\"pt-PT\"},{\"@type\":\"Organization\",\"@id\":\"https:\/\/brasilnoticias.org\/site\/#organization\",\"name\":\"Brasil not\u00edcias\",\"url\":\"https:\/\/brasilnoticias.org\/site\/\",\"logo\":{\"@type\":\"ImageObject\",\"inLanguage\":\"pt-PT\",\"@id\":\"https:\/\/brasilnoticias.org\/site\/#\/schema\/logo\/image\/\",\"url\":\"https:\/\/brasilnoticias.org\/site\/wp-content\/uploads\/2022\/05\/cropped-brasilnoticias-mini.jpg\",\"contentUrl\":\"https:\/\/brasilnoticias.org\/site\/wp-content\/uploads\/2022\/05\/cropped-brasilnoticias-mini.jpg\",\"width\":314,\"height\":86,\"caption\":\"Brasil not\u00edcias\"},\"image\":{\"@id\":\"https:\/\/brasilnoticias.org\/site\/#\/schema\/logo\/image\/\"}},{\"@type\":\"Person\",\"@id\":\"https:\/\/brasilnoticias.org\/site\/#\/schema\/person\/03bbbfe6c7634ad18c26444ea39049fa\",\"name\":\"Reda\u00e7\u00e3o\",\"image\":{\"@type\":\"ImageObject\",\"inLanguage\":\"pt-PT\",\"@id\":\"https:\/\/brasilnoticias.org\/site\/#\/schema\/person\/image\/\",\"url\":\"https:\/\/secure.gravatar.com\/avatar\/9ecaf7327a696cb23ad926fedded5f1f04d7049de9e445375d55b48c001a6e42?s=96&d=mm&r=g\",\"contentUrl\":\"https:\/\/secure.gravatar.com\/avatar\/9ecaf7327a696cb23ad926fedded5f1f04d7049de9e445375d55b48c001a6e42?s=96&d=mm&r=g\",\"caption\":\"Reda\u00e7\u00e3o\"},\"url\":\"https:\/\/brasilnoticias.org\/site\/author\/henrique\/\"}]}<\/script>\n<!-- \/ Yoast SEO plugin. -->","yoast_head_json":{"title":"Exclusivo: Cresce consenso do PDT a favor de Leo Prates como vice de Bruno Reis - Brasil not\u00edcias","robots":{"index":"index","follow":"follow","max-snippet":"max-snippet:-1","max-image-preview":"max-image-preview:large","max-video-preview":"max-video-preview:-1"},"canonical":"https:\/\/brasilnoticias.org\/site\/exclusivo-cresce-consenso-do-pdt-a-favor-de-leo-prates-como-vice-de-bruno-reis\/","og_locale":"pt_PT","og_type":"article","og_title":"Exclusivo: Cresce consenso do PDT a favor de Leo Prates como vice de Bruno Reis - Brasil not\u00edcias","og_description":"Deputado busca aval do partido para ocupar vaga na chapa do prefeito em Salvador Deputado federal mais votado na capital","og_url":"https:\/\/brasilnoticias.org\/site\/exclusivo-cresce-consenso-do-pdt-a-favor-de-leo-prates-como-vice-de-bruno-reis\/","og_site_name":"Brasil not\u00edcias","article_published_time":"2024-02-20T21:34:55+00:00","og_image":[{"width":1600,"height":752,"url":"https:\/\/brasilnoticias.org\/site\/wp-content\/uploads\/2024\/02\/146412exclusivo-cresce-consenso-do-pdt-a-favor-de-leo-prates-como-vice-de-bruno-reis-3.jpg","type":"image\/jpeg"}],"author":"Reda\u00e7\u00e3o","twitter_card":"summary_large_image","twitter_misc":{"Escrito por":"Reda\u00e7\u00e3o","Tempo estimado de leitura":"1 minuto"},"schema":{"@context":"https:\/\/schema.org","@graph":[{"@type":"Article","@id":"https:\/\/brasilnoticias.org\/site\/exclusivo-cresce-consenso-do-pdt-a-favor-de-leo-prates-como-vice-de-bruno-reis\/#article","isPartOf":{"@id":"https:\/\/brasilnoticias.org\/site\/exclusivo-cresce-consenso-do-pdt-a-favor-de-leo-prates-como-vice-de-bruno-reis\/"},"author":{"name":"Reda\u00e7\u00e3o","@id":"https:\/\/brasilnoticias.org\/site\/#\/schema\/person\/03bbbfe6c7634ad18c26444ea39049fa"},"headline":"Exclusivo: Cresce consenso do PDT a favor de Leo Prates como vice de Bruno Reis","datePublished":"2024-02-20T21:34:55+00:00","mainEntityOfPage":{"@id":"https:\/\/brasilnoticias.org\/site\/exclusivo-cresce-consenso-do-pdt-a-favor-de-leo-prates-como-vice-de-bruno-reis\/"},"wordCount":358,"commentCount":0,"publisher":{"@id":"https:\/\/brasilnoticias.org\/site\/#organization"},"image":{"@id":"https:\/\/brasilnoticias.org\/site\/exclusivo-cresce-consenso-do-pdt-a-favor-de-leo-prates-como-vice-de-bruno-reis\/#primaryimage"},"thumbnailUrl":"https:\/\/brasilnoticias.org\/site\/wp-content\/uploads\/2024\/02\/146412exclusivo-cresce-consenso-do-pdt-a-favor-de-leo-prates-como-vice-de-bruno-reis-3.jpg","articleSection":["Pol\u00edtica","\u00daltimas"],"inLanguage":"pt-PT","potentialAction":[{"@type":"CommentAction","name":"Comment","target":["https:\/\/brasilnoticias.org\/site\/exclusivo-cresce-consenso-do-pdt-a-favor-de-leo-prates-como-vice-de-bruno-reis\/#respond"]}]},{"@type":"WebPage","@id":"https:\/\/brasilnoticias.org\/site\/exclusivo-cresce-consenso-do-pdt-a-favor-de-leo-prates-como-vice-de-bruno-reis\/","url":"https:\/\/brasilnoticias.org\/site\/exclusivo-cresce-consenso-do-pdt-a-favor-de-leo-prates-como-vice-de-bruno-reis\/","name":"Exclusivo: Cresce consenso do PDT a favor de Leo Prates como vice de Bruno Reis - Brasil not\u00edcias","isPartOf":{"@id":"https:\/\/brasilnoticias.org\/site\/#website"},"primaryImageOfPage":{"@id":"https:\/\/brasilnoticias.org\/site\/exclusivo-cresce-consenso-do-pdt-a-favor-de-leo-prates-como-vice-de-bruno-reis\/#primaryimage"},"image":{"@id":"https:\/\/brasilnoticias.org\/site\/exclusivo-cresce-consenso-do-pdt-a-favor-de-leo-prates-como-vice-de-bruno-reis\/#primaryimage"},"thumbnailUrl":"https:\/\/brasilnoticias.org\/site\/wp-content\/uploads\/2024\/02\/146412exclusivo-cresce-consenso-do-pdt-a-favor-de-leo-prates-como-vice-de-bruno-reis-3.jpg","datePublished":"2024-02-20T21:34:55+00:00","breadcrumb":{"@id":"https:\/\/brasilnoticias.org\/site\/exclusivo-cresce-consenso-do-pdt-a-favor-de-leo-prates-como-vice-de-bruno-reis\/#breadcrumb"},"inLanguage":"pt-PT","potentialAction":[{"@type":"ReadAction","target":["https:\/\/brasilnoticias.org\/site\/exclusivo-cresce-consenso-do-pdt-a-favor-de-leo-prates-como-vice-de-bruno-reis\/"]}]},{"@type":"ImageObject","inLanguage":"pt-PT","@id":"https:\/\/brasilnoticias.org\/site\/exclusivo-cresce-consenso-do-pdt-a-favor-de-leo-prates-como-vice-de-bruno-reis\/#primaryimage","url":"https:\/\/brasilnoticias.org\/site\/wp-content\/uploads\/2024\/02\/146412exclusivo-cresce-consenso-do-pdt-a-favor-de-leo-prates-como-vice-de-bruno-reis-3.jpg","contentUrl":"https:\/\/brasilnoticias.org\/site\/wp-content\/uploads\/2024\/02\/146412exclusivo-cresce-consenso-do-pdt-a-favor-de-leo-prates-como-vice-de-bruno-reis-3.jpg","width":1600,"height":752},{"@type":"BreadcrumbList","@id":"https:\/\/brasilnoticias.org\/site\/exclusivo-cresce-consenso-do-pdt-a-favor-de-leo-prates-como-vice-de-bruno-reis\/#breadcrumb","itemListElement":[{"@type":"ListItem","position":1,"name":"In\u00edcio","item":"https:\/\/brasilnoticias.org\/site\/"},{"@type":"ListItem","position":2,"name":"Exclusivo: Cresce consenso do PDT a favor de Leo Prates como vice de Bruno Reis"}]},{"@type":"WebSite","@id":"https:\/\/brasilnoticias.org\/site\/#website","url":"https:\/\/brasilnoticias.org\/site\/","name":"Brasil not\u00edcias","description":"Brasil not\u00edcias","publisher":{"@id":"https:\/\/brasilnoticias.org\/site\/#organization"},"potentialAction":[{"@type":"SearchAction","target":{"@type":"EntryPoint","urlTemplate":"https:\/\/brasilnoticias.org\/site\/?s={search_term_string}"},"query-input":{"@type":"PropertyValueSpecification","valueRequired":true,"valueName":"search_term_string"}}],"inLanguage":"pt-PT"},{"@type":"Organization","@id":"https:\/\/brasilnoticias.org\/site\/#organization","name":"Brasil not\u00edcias","url":"https:\/\/brasilnoticias.org\/site\/","logo":{"@type":"ImageObject","inLanguage":"pt-PT","@id":"https:\/\/brasilnoticias.org\/site\/#\/schema\/logo\/image\/","url":"https:\/\/brasilnoticias.org\/site\/wp-content\/uploads\/2022\/05\/cropped-brasilnoticias-mini.jpg","contentUrl":"https:\/\/brasilnoticias.org\/site\/wp-content\/uploads\/2022\/05\/cropped-brasilnoticias-mini.jpg","width":314,"height":86,"caption":"Brasil not\u00edcias"},"image":{"@id":"https:\/\/brasilnoticias.org\/site\/#\/schema\/logo\/image\/"}},{"@type":"Person","@id":"https:\/\/brasilnoticias.org\/site\/#\/schema\/person\/03bbbfe6c7634ad18c26444ea39049fa","name":"Reda\u00e7\u00e3o","image":{"@type":"ImageObject","inLanguage":"pt-PT","@id":"https:\/\/brasilnoticias.org\/site\/#\/schema\/person\/image\/","url":"https:\/\/secure.gravatar.com\/avatar\/9ecaf7327a696cb23ad926fedded5f1f04d7049de9e445375d55b48c001a6e42?s=96&d=mm&r=g","contentUrl":"https:\/\/secure.gravatar.com\/avatar\/9ecaf7327a696cb23ad926fedded5f1f04d7049de9e445375d55b48c001a6e42?s=96&d=mm&r=g","caption":"Reda\u00e7\u00e3o"},"url":"https:\/\/brasilnoticias.org\/site\/author\/henrique\/"}]}},"_links":{"self":[{"href":"https:\/\/brasilnoticias.org\/site\/wp-json\/wp\/v2\/posts\/12783","targetHints":{"allow":["GET"]}}],"collection":[{"href":"https:\/\/brasilnoticias.org\/site\/wp-json\/wp\/v2\/posts"}],"about":[{"href":"https:\/\/brasilnoticias.org\/site\/wp-json\/wp\/v2\/types\/post"}],"author":[{"embeddable":true,"href":"https:\/\/brasilnoticias.org\/site\/wp-json\/wp\/v2\/users\/4"}],"replies":[{"embeddable":true,"href":"https:\/\/brasilnoticias.org\/site\/wp-json\/wp\/v2\/comments?post=12783"}],"version-history":[{"count":1,"href":"https:\/\/brasilnoticias.org\/site\/wp-json\/wp\/v2\/posts\/12783\/revisions"}],"predecessor-version":[{"id":12785,"href":"https:\/\/brasilnoticias.org\/site\/wp-json\/wp\/v2\/posts\/12783\/revisions\/12785"}],"wp:featuredmedia":[{"embeddable":true,"href":"https:\/\/brasilnoticias.org\/site\/wp-json\/wp\/v2\/media\/12784"}],"wp:attachment":[{"href":"https:\/\/brasilnoticias.org\/site\/wp-json\/wp\/v2\/media?parent=12783"}],"wp:term":[{"taxonomy":"category","embeddable":true,"href":"https:\/\/brasilnoticias.org\/site\/wp-json\/wp\/v2\/categories?post=12783"},{"taxonomy":"post_tag","embeddable":true,"href":"https:\/\/brasilnoticias.org\/site\/wp-json\/wp\/v2\/tags?post=12783"}],"curies":[{"name":"wp","href":"https:\/\/api.w.org\/{rel}","templated":true}]}}