{"id":12789,"date":"2024-02-20T18:37:23","date_gmt":"2024-02-20T21:37:23","guid":{"rendered":"https:\/\/brasilnoticias.org\/site\/?p=12789"},"modified":"2024-02-20T18:37:23","modified_gmt":"2024-02-20T21:37:23","slug":"diplomata-brasileira-diz-em-haia-que-ocupacao-de-territorios-palestinos-por-israel-nao-pode-ser-aceita","status":"publish","type":"post","link":"https:\/\/brasilnoticias.org\/site\/diplomata-brasileira-diz-em-haia-que-ocupacao-de-territorios-palestinos-por-israel-nao-pode-ser-aceita\/","title":{"rendered":"Diplomata brasileira diz em Haia que ocupa\u00e7\u00e3o de territ\u00f3rios palestinos por Israel n\u00e3o pode ser aceita"},"content":{"rendered":"<p>A declara\u00e7\u00e3o foi feita na Corte Internacional de Justi\u00e7a (CIJ), em Haia, na Holanda, o maior tribunal de justi\u00e7a das Na\u00e7\u00f5es Unidas<\/p>\n<p>A diplomata Maria Clara de Paula Tusco, representante do governo brasileiro, afirmou nesta ter\u00e7a-feira (20) que &#8220;n\u00e3o pode ser normalizada&#8221; pela comunidade internacional a ocupa\u00e7\u00e3o por Israel de territ\u00f3rios na Palestina. A declara\u00e7\u00e3o foi feita na Corte Internacional de Justi\u00e7a (CIJ), em Haia, na Holanda, o maior tribunal de justi\u00e7a das Na\u00e7\u00f5es Unidas.<\/p>\n<p>De acordo com Tusco, a ocupa\u00e7\u00e3o \u00e9 uma viola\u00e7\u00e3o ao direito internacional. &#8220;A ocupa\u00e7\u00e3o de Israel dos Territ\u00f3rios Palestinos, persistente desde 1967 em viola\u00e7\u00e3o ao direito internacional e a numerosas resolu\u00e7\u00f5es da Assembleia Geral da ONU e do Conselho de Seguran\u00e7a, n\u00e3o pode ser aceita, muito menos normalizada pela comunidade internacional&#8221;, disse a diplomata.<\/p>\n<p>&#8220;Os eventos tr\u00e1gicos dessa data e as opera\u00e7\u00f5es militares desproporcionais e indiscriminadas que se seguiram, no entanto, deixam claro que a mera gest\u00e3o do conflito n\u00e3o pode ser considerada uma op\u00e7\u00e3o, e uma solu\u00e7\u00e3o de dois estados, com um Estado palestino economicamente vi\u00e1vel convivendo ao lado de Israel, \u00e9 a \u00fanica maneira de proporcionar paz e seguran\u00e7a para Israel e os palestinos&#8221;, acrescentou. <\/p>\n<p>A Corte Internacional realiza uma s\u00e9rie de audi\u00eancias hist\u00f3ricas para que 52 Estados defenderam suas posi\u00e7\u00f5es sobre os 56 anos de ocupa\u00e7\u00e3o israelense dos territ\u00f3rios palestinos e sobre as consequ\u00eancias do conflito.<\/p>\n<p>Foto: Reprodu\u00e7\u00e3o\/Redes sociais<br \/>\nPor: Metro1 <\/p>\n","protected":false},"excerpt":{"rendered":"<p>A declara\u00e7\u00e3o foi feita na Corte Internacional de Justi\u00e7a (CIJ), em Haia, na Holanda, o maior tribunal de justi\u00e7a das<\/p>\n","protected":false},"author":4,"featured_media":12790,"comment_status":"open","ping_status":"open","sticky":false,"template":"","format":"standard","meta":{"colormag_page_container_layout":"default_layout","colormag_page_sidebar_layout":"default_layout","_FSMCFIC_featured_image_caption":"","_FSMCFIC_featured_image_nocaption":"","_FSMCFIC_featured_image_hide":"","footnotes":""},"categories":[5,1],"tags":[],"class_list":["post-12789","post","type-post","status-publish","format-standard","has-post-thumbnail","hentry","category-politica","category-ultimas"],"yoast_head":"<!-- This site is optimized with the Yoast SEO plugin v27.1.1 - https:\/\/yoast.com\/product\/yoast-seo-wordpress\/ -->\n<title>Diplomata brasileira diz em Haia que ocupa\u00e7\u00e3o de territ\u00f3rios palestinos por Israel n\u00e3o pode ser aceita - Brasil not\u00edcias<\/title>\n<meta name=\"robots\" content=\"index, follow, max-snippet:-1, max-image-preview:large, max-video-preview:-1\" \/>\n<link rel=\"canonical\" href=\"https:\/\/brasilnoticias.org\/site\/diplomata-brasileira-diz-em-haia-que-ocupacao-de-territorios-palestinos-por-israel-nao-pode-ser-aceita\/\" \/>\n<meta property=\"og:locale\" content=\"pt_PT\" \/>\n<meta property=\"og:type\" content=\"article\" \/>\n<meta property=\"og:title\" content=\"Diplomata brasileira diz em Haia que ocupa\u00e7\u00e3o de territ\u00f3rios palestinos por Israel n\u00e3o pode ser aceita - Brasil not\u00edcias\" \/>\n<meta property=\"og:description\" content=\"A declara\u00e7\u00e3o foi feita na Corte Internacional de Justi\u00e7a (CIJ), em Haia, na Holanda, o maior tribunal de justi\u00e7a das\" \/>\n<meta property=\"og:url\" content=\"https:\/\/brasilnoticias.org\/site\/diplomata-brasileira-diz-em-haia-que-ocupacao-de-territorios-palestinos-por-israel-nao-pode-ser-aceita\/\" \/>\n<meta property=\"og:site_name\" content=\"Brasil not\u00edcias\" \/>\n<meta property=\"article:published_time\" content=\"2024-02-20T21:37:23+00:00\" \/>\n<meta property=\"og:image\" content=\"https:\/\/brasilnoticias.org\/site\/wp-content\/uploads\/2024\/02\/146406diplomata-brasileira-diz-em-haia-que-ocupacao-de-territorios-palestinos-por-israel-nao-pode-ser-aceita-3.jpg\" \/>\n\t<meta property=\"og:image:width\" content=\"1600\" \/>\n\t<meta property=\"og:image:height\" content=\"752\" \/>\n\t<meta property=\"og:image:type\" content=\"image\/jpeg\" \/>\n<meta name=\"author\" content=\"Reda\u00e7\u00e3o\" \/>\n<meta name=\"twitter:card\" content=\"summary_large_image\" \/>\n<meta name=\"twitter:label1\" content=\"Escrito por\" \/>\n\t<meta name=\"twitter:data1\" content=\"Reda\u00e7\u00e3o\" \/>\n\t<meta name=\"twitter:label2\" content=\"Tempo estimado de leitura\" \/>\n\t<meta name=\"twitter:data2\" content=\"1 minuto\" \/>\n<script type=\"application\/ld+json\" class=\"yoast-schema-graph\">{\"@context\":\"https:\/\/schema.org\",\"@graph\":[{\"@type\":\"Article\",\"@id\":\"https:\/\/brasilnoticias.org\/site\/diplomata-brasileira-diz-em-haia-que-ocupacao-de-territorios-palestinos-por-israel-nao-pode-ser-aceita\/#article\",\"isPartOf\":{\"@id\":\"https:\/\/brasilnoticias.org\/site\/diplomata-brasileira-diz-em-haia-que-ocupacao-de-territorios-palestinos-por-israel-nao-pode-ser-aceita\/\"},\"author\":{\"name\":\"Reda\u00e7\u00e3o\",\"@id\":\"https:\/\/brasilnoticias.org\/site\/#\/schema\/person\/03bbbfe6c7634ad18c26444ea39049fa\"},\"headline\":\"Diplomata brasileira diz em Haia que ocupa\u00e7\u00e3o de territ\u00f3rios palestinos por Israel n\u00e3o pode ser aceita\",\"datePublished\":\"2024-02-20T21:37:23+00:00\",\"mainEntityOfPage\":{\"@id\":\"https:\/\/brasilnoticias.org\/site\/diplomata-brasileira-diz-em-haia-que-ocupacao-de-territorios-palestinos-por-israel-nao-pode-ser-aceita\/\"},\"wordCount\":279,\"commentCount\":0,\"publisher\":{\"@id\":\"https:\/\/brasilnoticias.org\/site\/#organization\"},\"image\":{\"@id\":\"https:\/\/brasilnoticias.org\/site\/diplomata-brasileira-diz-em-haia-que-ocupacao-de-territorios-palestinos-por-israel-nao-pode-ser-aceita\/#primaryimage\"},\"thumbnailUrl\":\"https:\/\/brasilnoticias.org\/site\/wp-content\/uploads\/2024\/02\/146406diplomata-brasileira-diz-em-haia-que-ocupacao-de-territorios-palestinos-por-israel-nao-pode-ser-aceita-3.jpg\",\"articleSection\":[\"Pol\u00edtica\",\"\u00daltimas\"],\"inLanguage\":\"pt-PT\",\"potentialAction\":[{\"@type\":\"CommentAction\",\"name\":\"Comment\",\"target\":[\"https:\/\/brasilnoticias.org\/site\/diplomata-brasileira-diz-em-haia-que-ocupacao-de-territorios-palestinos-por-israel-nao-pode-ser-aceita\/#respond\"]}]},{\"@type\":\"WebPage\",\"@id\":\"https:\/\/brasilnoticias.org\/site\/diplomata-brasileira-diz-em-haia-que-ocupacao-de-territorios-palestinos-por-israel-nao-pode-ser-aceita\/\",\"url\":\"https:\/\/brasilnoticias.org\/site\/diplomata-brasileira-diz-em-haia-que-ocupacao-de-territorios-palestinos-por-israel-nao-pode-ser-aceita\/\",\"name\":\"Diplomata brasileira diz em Haia que ocupa\u00e7\u00e3o de territ\u00f3rios palestinos por Israel n\u00e3o pode ser aceita - Brasil not\u00edcias\",\"isPartOf\":{\"@id\":\"https:\/\/brasilnoticias.org\/site\/#website\"},\"primaryImageOfPage\":{\"@id\":\"https:\/\/brasilnoticias.org\/site\/diplomata-brasileira-diz-em-haia-que-ocupacao-de-territorios-palestinos-por-israel-nao-pode-ser-aceita\/#primaryimage\"},\"image\":{\"@id\":\"https:\/\/brasilnoticias.org\/site\/diplomata-brasileira-diz-em-haia-que-ocupacao-de-territorios-palestinos-por-israel-nao-pode-ser-aceita\/#primaryimage\"},\"thumbnailUrl\":\"https:\/\/brasilnoticias.org\/site\/wp-content\/uploads\/2024\/02\/146406diplomata-brasileira-diz-em-haia-que-ocupacao-de-territorios-palestinos-por-israel-nao-pode-ser-aceita-3.jpg\",\"datePublished\":\"2024-02-20T21:37:23+00:00\",\"breadcrumb\":{\"@id\":\"https:\/\/brasilnoticias.org\/site\/diplomata-brasileira-diz-em-haia-que-ocupacao-de-territorios-palestinos-por-israel-nao-pode-ser-aceita\/#breadcrumb\"},\"inLanguage\":\"pt-PT\",\"potentialAction\":[{\"@type\":\"ReadAction\",\"target\":[\"https:\/\/brasilnoticias.org\/site\/diplomata-brasileira-diz-em-haia-que-ocupacao-de-territorios-palestinos-por-israel-nao-pode-ser-aceita\/\"]}]},{\"@type\":\"ImageObject\",\"inLanguage\":\"pt-PT\",\"@id\":\"https:\/\/brasilnoticias.org\/site\/diplomata-brasileira-diz-em-haia-que-ocupacao-de-territorios-palestinos-por-israel-nao-pode-ser-aceita\/#primaryimage\",\"url\":\"https:\/\/brasilnoticias.org\/site\/wp-content\/uploads\/2024\/02\/146406diplomata-brasileira-diz-em-haia-que-ocupacao-de-territorios-palestinos-por-israel-nao-pode-ser-aceita-3.jpg\",\"contentUrl\":\"https:\/\/brasilnoticias.org\/site\/wp-content\/uploads\/2024\/02\/146406diplomata-brasileira-diz-em-haia-que-ocupacao-de-territorios-palestinos-por-israel-nao-pode-ser-aceita-3.jpg\",\"width\":1600,\"height\":752},{\"@type\":\"BreadcrumbList\",\"@id\":\"https:\/\/brasilnoticias.org\/site\/diplomata-brasileira-diz-em-haia-que-ocupacao-de-territorios-palestinos-por-israel-nao-pode-ser-aceita\/#breadcrumb\",\"itemListElement\":[{\"@type\":\"ListItem\",\"position\":1,\"name\":\"In\u00edcio\",\"item\":\"https:\/\/brasilnoticias.org\/site\/\"},{\"@type\":\"ListItem\",\"position\":2,\"name\":\"Diplomata brasileira diz em Haia que ocupa\u00e7\u00e3o de territ\u00f3rios palestinos por Israel n\u00e3o pode ser aceita\"}]},{\"@type\":\"WebSite\",\"@id\":\"https:\/\/brasilnoticias.org\/site\/#website\",\"url\":\"https:\/\/brasilnoticias.org\/site\/\",\"name\":\"Brasil not\u00edcias\",\"description\":\"Brasil not\u00edcias\",\"publisher\":{\"@id\":\"https:\/\/brasilnoticias.org\/site\/#organization\"},\"potentialAction\":[{\"@type\":\"SearchAction\",\"target\":{\"@type\":\"EntryPoint\",\"urlTemplate\":\"https:\/\/brasilnoticias.org\/site\/?s={search_term_string}\"},\"query-input\":{\"@type\":\"PropertyValueSpecification\",\"valueRequired\":true,\"valueName\":\"search_term_string\"}}],\"inLanguage\":\"pt-PT\"},{\"@type\":\"Organization\",\"@id\":\"https:\/\/brasilnoticias.org\/site\/#organization\",\"name\":\"Brasil not\u00edcias\",\"url\":\"https:\/\/brasilnoticias.org\/site\/\",\"logo\":{\"@type\":\"ImageObject\",\"inLanguage\":\"pt-PT\",\"@id\":\"https:\/\/brasilnoticias.org\/site\/#\/schema\/logo\/image\/\",\"url\":\"https:\/\/brasilnoticias.org\/site\/wp-content\/uploads\/2022\/05\/cropped-brasilnoticias-mini.jpg\",\"contentUrl\":\"https:\/\/brasilnoticias.org\/site\/wp-content\/uploads\/2022\/05\/cropped-brasilnoticias-mini.jpg\",\"width\":314,\"height\":86,\"caption\":\"Brasil not\u00edcias\"},\"image\":{\"@id\":\"https:\/\/brasilnoticias.org\/site\/#\/schema\/logo\/image\/\"}},{\"@type\":\"Person\",\"@id\":\"https:\/\/brasilnoticias.org\/site\/#\/schema\/person\/03bbbfe6c7634ad18c26444ea39049fa\",\"name\":\"Reda\u00e7\u00e3o\",\"image\":{\"@type\":\"ImageObject\",\"inLanguage\":\"pt-PT\",\"@id\":\"https:\/\/brasilnoticias.org\/site\/#\/schema\/person\/image\/\",\"url\":\"https:\/\/secure.gravatar.com\/avatar\/9ecaf7327a696cb23ad926fedded5f1f04d7049de9e445375d55b48c001a6e42?s=96&d=mm&r=g\",\"contentUrl\":\"https:\/\/secure.gravatar.com\/avatar\/9ecaf7327a696cb23ad926fedded5f1f04d7049de9e445375d55b48c001a6e42?s=96&d=mm&r=g\",\"caption\":\"Reda\u00e7\u00e3o\"},\"url\":\"https:\/\/brasilnoticias.org\/site\/author\/henrique\/\"}]}<\/script>\n<!-- \/ Yoast SEO plugin. -->","yoast_head_json":{"title":"Diplomata brasileira diz em Haia que ocupa\u00e7\u00e3o de territ\u00f3rios palestinos por Israel n\u00e3o pode ser aceita - Brasil not\u00edcias","robots":{"index":"index","follow":"follow","max-snippet":"max-snippet:-1","max-image-preview":"max-image-preview:large","max-video-preview":"max-video-preview:-1"},"canonical":"https:\/\/brasilnoticias.org\/site\/diplomata-brasileira-diz-em-haia-que-ocupacao-de-territorios-palestinos-por-israel-nao-pode-ser-aceita\/","og_locale":"pt_PT","og_type":"article","og_title":"Diplomata brasileira diz em Haia que ocupa\u00e7\u00e3o de territ\u00f3rios palestinos por Israel n\u00e3o pode ser aceita - Brasil not\u00edcias","og_description":"A declara\u00e7\u00e3o foi feita na Corte Internacional de Justi\u00e7a (CIJ), em Haia, na Holanda, o maior tribunal de justi\u00e7a das","og_url":"https:\/\/brasilnoticias.org\/site\/diplomata-brasileira-diz-em-haia-que-ocupacao-de-territorios-palestinos-por-israel-nao-pode-ser-aceita\/","og_site_name":"Brasil not\u00edcias","article_published_time":"2024-02-20T21:37:23+00:00","og_image":[{"width":1600,"height":752,"url":"https:\/\/brasilnoticias.org\/site\/wp-content\/uploads\/2024\/02\/146406diplomata-brasileira-diz-em-haia-que-ocupacao-de-territorios-palestinos-por-israel-nao-pode-ser-aceita-3.jpg","type":"image\/jpeg"}],"author":"Reda\u00e7\u00e3o","twitter_card":"summary_large_image","twitter_misc":{"Escrito por":"Reda\u00e7\u00e3o","Tempo estimado de leitura":"1 minuto"},"schema":{"@context":"https:\/\/schema.org","@graph":[{"@type":"Article","@id":"https:\/\/brasilnoticias.org\/site\/diplomata-brasileira-diz-em-haia-que-ocupacao-de-territorios-palestinos-por-israel-nao-pode-ser-aceita\/#article","isPartOf":{"@id":"https:\/\/brasilnoticias.org\/site\/diplomata-brasileira-diz-em-haia-que-ocupacao-de-territorios-palestinos-por-israel-nao-pode-ser-aceita\/"},"author":{"name":"Reda\u00e7\u00e3o","@id":"https:\/\/brasilnoticias.org\/site\/#\/schema\/person\/03bbbfe6c7634ad18c26444ea39049fa"},"headline":"Diplomata brasileira diz em Haia que ocupa\u00e7\u00e3o de territ\u00f3rios palestinos por Israel n\u00e3o pode ser aceita","datePublished":"2024-02-20T21:37:23+00:00","mainEntityOfPage":{"@id":"https:\/\/brasilnoticias.org\/site\/diplomata-brasileira-diz-em-haia-que-ocupacao-de-territorios-palestinos-por-israel-nao-pode-ser-aceita\/"},"wordCount":279,"commentCount":0,"publisher":{"@id":"https:\/\/brasilnoticias.org\/site\/#organization"},"image":{"@id":"https:\/\/brasilnoticias.org\/site\/diplomata-brasileira-diz-em-haia-que-ocupacao-de-territorios-palestinos-por-israel-nao-pode-ser-aceita\/#primaryimage"},"thumbnailUrl":"https:\/\/brasilnoticias.org\/site\/wp-content\/uploads\/2024\/02\/146406diplomata-brasileira-diz-em-haia-que-ocupacao-de-territorios-palestinos-por-israel-nao-pode-ser-aceita-3.jpg","articleSection":["Pol\u00edtica","\u00daltimas"],"inLanguage":"pt-PT","potentialAction":[{"@type":"CommentAction","name":"Comment","target":["https:\/\/brasilnoticias.org\/site\/diplomata-brasileira-diz-em-haia-que-ocupacao-de-territorios-palestinos-por-israel-nao-pode-ser-aceita\/#respond"]}]},{"@type":"WebPage","@id":"https:\/\/brasilnoticias.org\/site\/diplomata-brasileira-diz-em-haia-que-ocupacao-de-territorios-palestinos-por-israel-nao-pode-ser-aceita\/","url":"https:\/\/brasilnoticias.org\/site\/diplomata-brasileira-diz-em-haia-que-ocupacao-de-territorios-palestinos-por-israel-nao-pode-ser-aceita\/","name":"Diplomata brasileira diz em Haia que ocupa\u00e7\u00e3o de territ\u00f3rios palestinos por Israel n\u00e3o pode ser aceita - Brasil not\u00edcias","isPartOf":{"@id":"https:\/\/brasilnoticias.org\/site\/#website"},"primaryImageOfPage":{"@id":"https:\/\/brasilnoticias.org\/site\/diplomata-brasileira-diz-em-haia-que-ocupacao-de-territorios-palestinos-por-israel-nao-pode-ser-aceita\/#primaryimage"},"image":{"@id":"https:\/\/brasilnoticias.org\/site\/diplomata-brasileira-diz-em-haia-que-ocupacao-de-territorios-palestinos-por-israel-nao-pode-ser-aceita\/#primaryimage"},"thumbnailUrl":"https:\/\/brasilnoticias.org\/site\/wp-content\/uploads\/2024\/02\/146406diplomata-brasileira-diz-em-haia-que-ocupacao-de-territorios-palestinos-por-israel-nao-pode-ser-aceita-3.jpg","datePublished":"2024-02-20T21:37:23+00:00","breadcrumb":{"@id":"https:\/\/brasilnoticias.org\/site\/diplomata-brasileira-diz-em-haia-que-ocupacao-de-territorios-palestinos-por-israel-nao-pode-ser-aceita\/#breadcrumb"},"inLanguage":"pt-PT","potentialAction":[{"@type":"ReadAction","target":["https:\/\/brasilnoticias.org\/site\/diplomata-brasileira-diz-em-haia-que-ocupacao-de-territorios-palestinos-por-israel-nao-pode-ser-aceita\/"]}]},{"@type":"ImageObject","inLanguage":"pt-PT","@id":"https:\/\/brasilnoticias.org\/site\/diplomata-brasileira-diz-em-haia-que-ocupacao-de-territorios-palestinos-por-israel-nao-pode-ser-aceita\/#primaryimage","url":"https:\/\/brasilnoticias.org\/site\/wp-content\/uploads\/2024\/02\/146406diplomata-brasileira-diz-em-haia-que-ocupacao-de-territorios-palestinos-por-israel-nao-pode-ser-aceita-3.jpg","contentUrl":"https:\/\/brasilnoticias.org\/site\/wp-content\/uploads\/2024\/02\/146406diplomata-brasileira-diz-em-haia-que-ocupacao-de-territorios-palestinos-por-israel-nao-pode-ser-aceita-3.jpg","width":1600,"height":752},{"@type":"BreadcrumbList","@id":"https:\/\/brasilnoticias.org\/site\/diplomata-brasileira-diz-em-haia-que-ocupacao-de-territorios-palestinos-por-israel-nao-pode-ser-aceita\/#breadcrumb","itemListElement":[{"@type":"ListItem","position":1,"name":"In\u00edcio","item":"https:\/\/brasilnoticias.org\/site\/"},{"@type":"ListItem","position":2,"name":"Diplomata brasileira diz em Haia que ocupa\u00e7\u00e3o de territ\u00f3rios palestinos por Israel n\u00e3o pode ser aceita"}]},{"@type":"WebSite","@id":"https:\/\/brasilnoticias.org\/site\/#website","url":"https:\/\/brasilnoticias.org\/site\/","name":"Brasil not\u00edcias","description":"Brasil not\u00edcias","publisher":{"@id":"https:\/\/brasilnoticias.org\/site\/#organization"},"potentialAction":[{"@type":"SearchAction","target":{"@type":"EntryPoint","urlTemplate":"https:\/\/brasilnoticias.org\/site\/?s={search_term_string}"},"query-input":{"@type":"PropertyValueSpecification","valueRequired":true,"valueName":"search_term_string"}}],"inLanguage":"pt-PT"},{"@type":"Organization","@id":"https:\/\/brasilnoticias.org\/site\/#organization","name":"Brasil not\u00edcias","url":"https:\/\/brasilnoticias.org\/site\/","logo":{"@type":"ImageObject","inLanguage":"pt-PT","@id":"https:\/\/brasilnoticias.org\/site\/#\/schema\/logo\/image\/","url":"https:\/\/brasilnoticias.org\/site\/wp-content\/uploads\/2022\/05\/cropped-brasilnoticias-mini.jpg","contentUrl":"https:\/\/brasilnoticias.org\/site\/wp-content\/uploads\/2022\/05\/cropped-brasilnoticias-mini.jpg","width":314,"height":86,"caption":"Brasil not\u00edcias"},"image":{"@id":"https:\/\/brasilnoticias.org\/site\/#\/schema\/logo\/image\/"}},{"@type":"Person","@id":"https:\/\/brasilnoticias.org\/site\/#\/schema\/person\/03bbbfe6c7634ad18c26444ea39049fa","name":"Reda\u00e7\u00e3o","image":{"@type":"ImageObject","inLanguage":"pt-PT","@id":"https:\/\/brasilnoticias.org\/site\/#\/schema\/person\/image\/","url":"https:\/\/secure.gravatar.com\/avatar\/9ecaf7327a696cb23ad926fedded5f1f04d7049de9e445375d55b48c001a6e42?s=96&d=mm&r=g","contentUrl":"https:\/\/secure.gravatar.com\/avatar\/9ecaf7327a696cb23ad926fedded5f1f04d7049de9e445375d55b48c001a6e42?s=96&d=mm&r=g","caption":"Reda\u00e7\u00e3o"},"url":"https:\/\/brasilnoticias.org\/site\/author\/henrique\/"}]}},"_links":{"self":[{"href":"https:\/\/brasilnoticias.org\/site\/wp-json\/wp\/v2\/posts\/12789","targetHints":{"allow":["GET"]}}],"collection":[{"href":"https:\/\/brasilnoticias.org\/site\/wp-json\/wp\/v2\/posts"}],"about":[{"href":"https:\/\/brasilnoticias.org\/site\/wp-json\/wp\/v2\/types\/post"}],"author":[{"embeddable":true,"href":"https:\/\/brasilnoticias.org\/site\/wp-json\/wp\/v2\/users\/4"}],"replies":[{"embeddable":true,"href":"https:\/\/brasilnoticias.org\/site\/wp-json\/wp\/v2\/comments?post=12789"}],"version-history":[{"count":1,"href":"https:\/\/brasilnoticias.org\/site\/wp-json\/wp\/v2\/posts\/12789\/revisions"}],"predecessor-version":[{"id":12791,"href":"https:\/\/brasilnoticias.org\/site\/wp-json\/wp\/v2\/posts\/12789\/revisions\/12791"}],"wp:featuredmedia":[{"embeddable":true,"href":"https:\/\/brasilnoticias.org\/site\/wp-json\/wp\/v2\/media\/12790"}],"wp:attachment":[{"href":"https:\/\/brasilnoticias.org\/site\/wp-json\/wp\/v2\/media?parent=12789"}],"wp:term":[{"taxonomy":"category","embeddable":true,"href":"https:\/\/brasilnoticias.org\/site\/wp-json\/wp\/v2\/categories?post=12789"},{"taxonomy":"post_tag","embeddable":true,"href":"https:\/\/brasilnoticias.org\/site\/wp-json\/wp\/v2\/tags?post=12789"}],"curies":[{"name":"wp","href":"https:\/\/api.w.org\/{rel}","templated":true}]}}