{"id":12812,"date":"2024-02-20T18:58:06","date_gmt":"2024-02-20T21:58:06","guid":{"rendered":"https:\/\/brasilnoticias.org\/site\/?p=12812"},"modified":"2024-02-20T18:58:06","modified_gmt":"2024-02-20T21:58:06","slug":"escalacao-do-vitoria-luan-e-relacionado-pela-primeira-vez-e-iury-castilho-tem-suspeita-de-lesao","status":"publish","type":"post","link":"https:\/\/brasilnoticias.org\/site\/escalacao-do-vitoria-luan-e-relacionado-pela-primeira-vez-e-iury-castilho-tem-suspeita-de-lesao\/","title":{"rendered":"Escala\u00e7\u00e3o do Vit\u00f3ria: Luan \u00e9 relacionado pela primeira vez e Iury Castilho tem suspeita de les\u00e3o"},"content":{"rendered":"<p>Rubro-Negro encerra prepara\u00e7\u00e3o para enfrentar o N\u00e1utico, \u00e0s 19h desta quarta-feira, no Barrad\u00e3o<\/p>\n<p>O \u00faltimo treino do Vit\u00f3ria antes da partida contra o N\u00e1utico trouxe not\u00edcias importantes para definir a escala\u00e7\u00e3o do Rubro-Negro. Depois de mais de um m\u00eas de prepara\u00e7\u00e3o, o meia Luan foi relacionado para um jogo pela primeira vez. Por outro lado, L\u00e9o Cond\u00e9 n\u00e3o vai contar com Iury Castilho, que tem suspeita de les\u00e3o muscular.<\/p>\n<p>Luan desembarcou em Salvador no dia 15 de janeiro e desde ent\u00e3o tem sido preparado para entrar em campo. A expectativa inicial era que ele estivesse \u00e0 disposi\u00e7\u00e3o para o Ba-Vi, mas a comiss\u00e3o t\u00e9cnica rubro-negra preferiu preservar o jogador, que s\u00f3 agora foi relacionado para uma partida. A tend\u00eancia \u00e9 que o meia comece como op\u00e7\u00e3o no banco de reservas.<\/p>\n<p>A not\u00edcia ruim para L\u00e9o Cond\u00e9 \u00e9 que Iury Castilho foi vetado pelo departamento m\u00e9dico. O atacante, que deixou o Ba-Vi ainda no intervalo por causa de dores na coxa, tem suspeita de les\u00e3o muscular. Ele foi liberado do treino desta ter\u00e7a-feira para passar por exames de imagem.<\/p>\n<p>Al\u00e9m de Iury Castilho, o treinador do Vit\u00f3ria segue com os desfalques de L\u00e9o Gamalho, Everaldo e Patric Calmon. Enquanto isso, o goleiro Lucas Arcanjo \u00e9 d\u00favida para a partida.<\/p>\n<p>A prov\u00e1vel escala\u00e7\u00e3o do Vit\u00f3ria tem: Muriel (Lucas Arcanjo); Zeca, Camutanga, Wagner Leonardo e Lucas Esteves; William Oliveira, Dudu e Matheusinho; Mateus Gon\u00e7alves, Osvaldo e Alerrandro.<\/p>\n<p>Vit\u00f3ria e N\u00e1utico medem for\u00e7as \u00e0s 19h desta quarta-feira (hor\u00e1rio de Bras\u00edlia), em encontro v\u00e1lido pela quarta rodada da Copa do Nordeste. At\u00e9 aqui o Rubro-Negro \u00e9 o quinto colocado do Grupo A, com quatro pontos conquistados.<\/p>\n<p>Foto: Victor Ferreira\/ECV<br \/>\nGe<\/p>\n","protected":false},"excerpt":{"rendered":"<p>Rubro-Negro encerra prepara\u00e7\u00e3o para enfrentar o N\u00e1utico, \u00e0s 19h desta quarta-feira, no Barrad\u00e3o O \u00faltimo treino do Vit\u00f3ria antes da<\/p>\n","protected":false},"author":4,"featured_media":12813,"comment_status":"open","ping_status":"open","sticky":false,"template":"","format":"standard","meta":{"colormag_page_container_layout":"default_layout","colormag_page_sidebar_layout":"default_layout","_FSMCFIC_featured_image_caption":"","_FSMCFIC_featured_image_nocaption":"","_FSMCFIC_featured_image_hide":"","footnotes":""},"categories":[4,1],"tags":[],"class_list":["post-12812","post","type-post","status-publish","format-standard","has-post-thumbnail","hentry","category-esporte","category-ultimas"],"yoast_head":"<!-- This site is optimized with the Yoast SEO plugin v27.1.1 - https:\/\/yoast.com\/product\/yoast-seo-wordpress\/ -->\n<title>Escala\u00e7\u00e3o do Vit\u00f3ria: Luan \u00e9 relacionado pela primeira vez e Iury Castilho tem suspeita de les\u00e3o - Brasil not\u00edcias<\/title>\n<meta name=\"robots\" content=\"index, follow, max-snippet:-1, max-image-preview:large, max-video-preview:-1\" \/>\n<link rel=\"canonical\" href=\"https:\/\/brasilnoticias.org\/site\/escalacao-do-vitoria-luan-e-relacionado-pela-primeira-vez-e-iury-castilho-tem-suspeita-de-lesao\/\" \/>\n<meta property=\"og:locale\" content=\"pt_PT\" \/>\n<meta property=\"og:type\" content=\"article\" \/>\n<meta property=\"og:title\" content=\"Escala\u00e7\u00e3o do Vit\u00f3ria: Luan \u00e9 relacionado pela primeira vez e Iury Castilho tem suspeita de les\u00e3o - Brasil not\u00edcias\" \/>\n<meta property=\"og:description\" content=\"Rubro-Negro encerra prepara\u00e7\u00e3o para enfrentar o N\u00e1utico, \u00e0s 19h desta quarta-feira, no Barrad\u00e3o O \u00faltimo treino do Vit\u00f3ria antes da\" \/>\n<meta property=\"og:url\" content=\"https:\/\/brasilnoticias.org\/site\/escalacao-do-vitoria-luan-e-relacionado-pela-primeira-vez-e-iury-castilho-tem-suspeita-de-lesao\/\" \/>\n<meta property=\"og:site_name\" content=\"Brasil not\u00edcias\" \/>\n<meta property=\"article:published_time\" content=\"2024-02-20T21:58:06+00:00\" \/>\n<meta property=\"og:image\" content=\"https:\/\/brasilnoticias.org\/site\/wp-content\/uploads\/2024\/02\/luan-vitoria.webp\" \/>\n\t<meta property=\"og:image:width\" content=\"1200\" \/>\n\t<meta property=\"og:image:height\" content=\"675\" \/>\n\t<meta property=\"og:image:type\" content=\"image\/webp\" \/>\n<meta name=\"author\" content=\"Reda\u00e7\u00e3o\" \/>\n<meta name=\"twitter:card\" content=\"summary_large_image\" \/>\n<meta name=\"twitter:label1\" content=\"Escrito por\" \/>\n\t<meta name=\"twitter:data1\" content=\"Reda\u00e7\u00e3o\" \/>\n<script type=\"application\/ld+json\" class=\"yoast-schema-graph\">{\"@context\":\"https:\/\/schema.org\",\"@graph\":[{\"@type\":\"Article\",\"@id\":\"https:\/\/brasilnoticias.org\/site\/escalacao-do-vitoria-luan-e-relacionado-pela-primeira-vez-e-iury-castilho-tem-suspeita-de-lesao\/#article\",\"isPartOf\":{\"@id\":\"https:\/\/brasilnoticias.org\/site\/escalacao-do-vitoria-luan-e-relacionado-pela-primeira-vez-e-iury-castilho-tem-suspeita-de-lesao\/\"},\"author\":{\"name\":\"Reda\u00e7\u00e3o\",\"@id\":\"https:\/\/brasilnoticias.org\/site\/#\/schema\/person\/03bbbfe6c7634ad18c26444ea39049fa\"},\"headline\":\"Escala\u00e7\u00e3o do Vit\u00f3ria: Luan \u00e9 relacionado pela primeira vez e Iury Castilho tem suspeita de les\u00e3o\",\"datePublished\":\"2024-02-20T21:58:06+00:00\",\"mainEntityOfPage\":{\"@id\":\"https:\/\/brasilnoticias.org\/site\/escalacao-do-vitoria-luan-e-relacionado-pela-primeira-vez-e-iury-castilho-tem-suspeita-de-lesao\/\"},\"wordCount\":325,\"commentCount\":0,\"publisher\":{\"@id\":\"https:\/\/brasilnoticias.org\/site\/#organization\"},\"image\":{\"@id\":\"https:\/\/brasilnoticias.org\/site\/escalacao-do-vitoria-luan-e-relacionado-pela-primeira-vez-e-iury-castilho-tem-suspeita-de-lesao\/#primaryimage\"},\"thumbnailUrl\":\"https:\/\/brasilnoticias.org\/site\/wp-content\/uploads\/2024\/02\/luan-vitoria.webp\",\"articleSection\":[\"Esporte\",\"\u00daltimas\"],\"inLanguage\":\"pt-PT\",\"potentialAction\":[{\"@type\":\"CommentAction\",\"name\":\"Comment\",\"target\":[\"https:\/\/brasilnoticias.org\/site\/escalacao-do-vitoria-luan-e-relacionado-pela-primeira-vez-e-iury-castilho-tem-suspeita-de-lesao\/#respond\"]}]},{\"@type\":\"WebPage\",\"@id\":\"https:\/\/brasilnoticias.org\/site\/escalacao-do-vitoria-luan-e-relacionado-pela-primeira-vez-e-iury-castilho-tem-suspeita-de-lesao\/\",\"url\":\"https:\/\/brasilnoticias.org\/site\/escalacao-do-vitoria-luan-e-relacionado-pela-primeira-vez-e-iury-castilho-tem-suspeita-de-lesao\/\",\"name\":\"Escala\u00e7\u00e3o do Vit\u00f3ria: Luan \u00e9 relacionado pela primeira vez e Iury Castilho tem suspeita de les\u00e3o - Brasil not\u00edcias\",\"isPartOf\":{\"@id\":\"https:\/\/brasilnoticias.org\/site\/#website\"},\"primaryImageOfPage\":{\"@id\":\"https:\/\/brasilnoticias.org\/site\/escalacao-do-vitoria-luan-e-relacionado-pela-primeira-vez-e-iury-castilho-tem-suspeita-de-lesao\/#primaryimage\"},\"image\":{\"@id\":\"https:\/\/brasilnoticias.org\/site\/escalacao-do-vitoria-luan-e-relacionado-pela-primeira-vez-e-iury-castilho-tem-suspeita-de-lesao\/#primaryimage\"},\"thumbnailUrl\":\"https:\/\/brasilnoticias.org\/site\/wp-content\/uploads\/2024\/02\/luan-vitoria.webp\",\"datePublished\":\"2024-02-20T21:58:06+00:00\",\"breadcrumb\":{\"@id\":\"https:\/\/brasilnoticias.org\/site\/escalacao-do-vitoria-luan-e-relacionado-pela-primeira-vez-e-iury-castilho-tem-suspeita-de-lesao\/#breadcrumb\"},\"inLanguage\":\"pt-PT\",\"potentialAction\":[{\"@type\":\"ReadAction\",\"target\":[\"https:\/\/brasilnoticias.org\/site\/escalacao-do-vitoria-luan-e-relacionado-pela-primeira-vez-e-iury-castilho-tem-suspeita-de-lesao\/\"]}]},{\"@type\":\"ImageObject\",\"inLanguage\":\"pt-PT\",\"@id\":\"https:\/\/brasilnoticias.org\/site\/escalacao-do-vitoria-luan-e-relacionado-pela-primeira-vez-e-iury-castilho-tem-suspeita-de-lesao\/#primaryimage\",\"url\":\"https:\/\/brasilnoticias.org\/site\/wp-content\/uploads\/2024\/02\/luan-vitoria.webp\",\"contentUrl\":\"https:\/\/brasilnoticias.org\/site\/wp-content\/uploads\/2024\/02\/luan-vitoria.webp\",\"width\":1200,\"height\":675},{\"@type\":\"BreadcrumbList\",\"@id\":\"https:\/\/brasilnoticias.org\/site\/escalacao-do-vitoria-luan-e-relacionado-pela-primeira-vez-e-iury-castilho-tem-suspeita-de-lesao\/#breadcrumb\",\"itemListElement\":[{\"@type\":\"ListItem\",\"position\":1,\"name\":\"In\u00edcio\",\"item\":\"https:\/\/brasilnoticias.org\/site\/\"},{\"@type\":\"ListItem\",\"position\":2,\"name\":\"Escala\u00e7\u00e3o do Vit\u00f3ria: Luan \u00e9 relacionado pela primeira vez e Iury Castilho tem suspeita de les\u00e3o\"}]},{\"@type\":\"WebSite\",\"@id\":\"https:\/\/brasilnoticias.org\/site\/#website\",\"url\":\"https:\/\/brasilnoticias.org\/site\/\",\"name\":\"Brasil not\u00edcias\",\"description\":\"Brasil not\u00edcias\",\"publisher\":{\"@id\":\"https:\/\/brasilnoticias.org\/site\/#organization\"},\"potentialAction\":[{\"@type\":\"SearchAction\",\"target\":{\"@type\":\"EntryPoint\",\"urlTemplate\":\"https:\/\/brasilnoticias.org\/site\/?s={search_term_string}\"},\"query-input\":{\"@type\":\"PropertyValueSpecification\",\"valueRequired\":true,\"valueName\":\"search_term_string\"}}],\"inLanguage\":\"pt-PT\"},{\"@type\":\"Organization\",\"@id\":\"https:\/\/brasilnoticias.org\/site\/#organization\",\"name\":\"Brasil not\u00edcias\",\"url\":\"https:\/\/brasilnoticias.org\/site\/\",\"logo\":{\"@type\":\"ImageObject\",\"inLanguage\":\"pt-PT\",\"@id\":\"https:\/\/brasilnoticias.org\/site\/#\/schema\/logo\/image\/\",\"url\":\"https:\/\/brasilnoticias.org\/site\/wp-content\/uploads\/2022\/05\/cropped-brasilnoticias-mini.jpg\",\"contentUrl\":\"https:\/\/brasilnoticias.org\/site\/wp-content\/uploads\/2022\/05\/cropped-brasilnoticias-mini.jpg\",\"width\":314,\"height\":86,\"caption\":\"Brasil not\u00edcias\"},\"image\":{\"@id\":\"https:\/\/brasilnoticias.org\/site\/#\/schema\/logo\/image\/\"}},{\"@type\":\"Person\",\"@id\":\"https:\/\/brasilnoticias.org\/site\/#\/schema\/person\/03bbbfe6c7634ad18c26444ea39049fa\",\"name\":\"Reda\u00e7\u00e3o\",\"image\":{\"@type\":\"ImageObject\",\"inLanguage\":\"pt-PT\",\"@id\":\"https:\/\/brasilnoticias.org\/site\/#\/schema\/person\/image\/\",\"url\":\"https:\/\/secure.gravatar.com\/avatar\/9ecaf7327a696cb23ad926fedded5f1f04d7049de9e445375d55b48c001a6e42?s=96&d=mm&r=g\",\"contentUrl\":\"https:\/\/secure.gravatar.com\/avatar\/9ecaf7327a696cb23ad926fedded5f1f04d7049de9e445375d55b48c001a6e42?s=96&d=mm&r=g\",\"caption\":\"Reda\u00e7\u00e3o\"},\"url\":\"https:\/\/brasilnoticias.org\/site\/author\/henrique\/\"}]}<\/script>\n<!-- \/ Yoast SEO plugin. -->","yoast_head_json":{"title":"Escala\u00e7\u00e3o do Vit\u00f3ria: Luan \u00e9 relacionado pela primeira vez e Iury Castilho tem suspeita de les\u00e3o - Brasil not\u00edcias","robots":{"index":"index","follow":"follow","max-snippet":"max-snippet:-1","max-image-preview":"max-image-preview:large","max-video-preview":"max-video-preview:-1"},"canonical":"https:\/\/brasilnoticias.org\/site\/escalacao-do-vitoria-luan-e-relacionado-pela-primeira-vez-e-iury-castilho-tem-suspeita-de-lesao\/","og_locale":"pt_PT","og_type":"article","og_title":"Escala\u00e7\u00e3o do Vit\u00f3ria: Luan \u00e9 relacionado pela primeira vez e Iury Castilho tem suspeita de les\u00e3o - Brasil not\u00edcias","og_description":"Rubro-Negro encerra prepara\u00e7\u00e3o para enfrentar o N\u00e1utico, \u00e0s 19h desta quarta-feira, no Barrad\u00e3o O \u00faltimo treino do Vit\u00f3ria antes da","og_url":"https:\/\/brasilnoticias.org\/site\/escalacao-do-vitoria-luan-e-relacionado-pela-primeira-vez-e-iury-castilho-tem-suspeita-de-lesao\/","og_site_name":"Brasil not\u00edcias","article_published_time":"2024-02-20T21:58:06+00:00","og_image":[{"width":1200,"height":675,"url":"https:\/\/brasilnoticias.org\/site\/wp-content\/uploads\/2024\/02\/luan-vitoria.webp","type":"image\/webp"}],"author":"Reda\u00e7\u00e3o","twitter_card":"summary_large_image","twitter_misc":{"Escrito por":"Reda\u00e7\u00e3o"},"schema":{"@context":"https:\/\/schema.org","@graph":[{"@type":"Article","@id":"https:\/\/brasilnoticias.org\/site\/escalacao-do-vitoria-luan-e-relacionado-pela-primeira-vez-e-iury-castilho-tem-suspeita-de-lesao\/#article","isPartOf":{"@id":"https:\/\/brasilnoticias.org\/site\/escalacao-do-vitoria-luan-e-relacionado-pela-primeira-vez-e-iury-castilho-tem-suspeita-de-lesao\/"},"author":{"name":"Reda\u00e7\u00e3o","@id":"https:\/\/brasilnoticias.org\/site\/#\/schema\/person\/03bbbfe6c7634ad18c26444ea39049fa"},"headline":"Escala\u00e7\u00e3o do Vit\u00f3ria: Luan \u00e9 relacionado pela primeira vez e Iury Castilho tem suspeita de les\u00e3o","datePublished":"2024-02-20T21:58:06+00:00","mainEntityOfPage":{"@id":"https:\/\/brasilnoticias.org\/site\/escalacao-do-vitoria-luan-e-relacionado-pela-primeira-vez-e-iury-castilho-tem-suspeita-de-lesao\/"},"wordCount":325,"commentCount":0,"publisher":{"@id":"https:\/\/brasilnoticias.org\/site\/#organization"},"image":{"@id":"https:\/\/brasilnoticias.org\/site\/escalacao-do-vitoria-luan-e-relacionado-pela-primeira-vez-e-iury-castilho-tem-suspeita-de-lesao\/#primaryimage"},"thumbnailUrl":"https:\/\/brasilnoticias.org\/site\/wp-content\/uploads\/2024\/02\/luan-vitoria.webp","articleSection":["Esporte","\u00daltimas"],"inLanguage":"pt-PT","potentialAction":[{"@type":"CommentAction","name":"Comment","target":["https:\/\/brasilnoticias.org\/site\/escalacao-do-vitoria-luan-e-relacionado-pela-primeira-vez-e-iury-castilho-tem-suspeita-de-lesao\/#respond"]}]},{"@type":"WebPage","@id":"https:\/\/brasilnoticias.org\/site\/escalacao-do-vitoria-luan-e-relacionado-pela-primeira-vez-e-iury-castilho-tem-suspeita-de-lesao\/","url":"https:\/\/brasilnoticias.org\/site\/escalacao-do-vitoria-luan-e-relacionado-pela-primeira-vez-e-iury-castilho-tem-suspeita-de-lesao\/","name":"Escala\u00e7\u00e3o do Vit\u00f3ria: Luan \u00e9 relacionado pela primeira vez e Iury Castilho tem suspeita de les\u00e3o - Brasil not\u00edcias","isPartOf":{"@id":"https:\/\/brasilnoticias.org\/site\/#website"},"primaryImageOfPage":{"@id":"https:\/\/brasilnoticias.org\/site\/escalacao-do-vitoria-luan-e-relacionado-pela-primeira-vez-e-iury-castilho-tem-suspeita-de-lesao\/#primaryimage"},"image":{"@id":"https:\/\/brasilnoticias.org\/site\/escalacao-do-vitoria-luan-e-relacionado-pela-primeira-vez-e-iury-castilho-tem-suspeita-de-lesao\/#primaryimage"},"thumbnailUrl":"https:\/\/brasilnoticias.org\/site\/wp-content\/uploads\/2024\/02\/luan-vitoria.webp","datePublished":"2024-02-20T21:58:06+00:00","breadcrumb":{"@id":"https:\/\/brasilnoticias.org\/site\/escalacao-do-vitoria-luan-e-relacionado-pela-primeira-vez-e-iury-castilho-tem-suspeita-de-lesao\/#breadcrumb"},"inLanguage":"pt-PT","potentialAction":[{"@type":"ReadAction","target":["https:\/\/brasilnoticias.org\/site\/escalacao-do-vitoria-luan-e-relacionado-pela-primeira-vez-e-iury-castilho-tem-suspeita-de-lesao\/"]}]},{"@type":"ImageObject","inLanguage":"pt-PT","@id":"https:\/\/brasilnoticias.org\/site\/escalacao-do-vitoria-luan-e-relacionado-pela-primeira-vez-e-iury-castilho-tem-suspeita-de-lesao\/#primaryimage","url":"https:\/\/brasilnoticias.org\/site\/wp-content\/uploads\/2024\/02\/luan-vitoria.webp","contentUrl":"https:\/\/brasilnoticias.org\/site\/wp-content\/uploads\/2024\/02\/luan-vitoria.webp","width":1200,"height":675},{"@type":"BreadcrumbList","@id":"https:\/\/brasilnoticias.org\/site\/escalacao-do-vitoria-luan-e-relacionado-pela-primeira-vez-e-iury-castilho-tem-suspeita-de-lesao\/#breadcrumb","itemListElement":[{"@type":"ListItem","position":1,"name":"In\u00edcio","item":"https:\/\/brasilnoticias.org\/site\/"},{"@type":"ListItem","position":2,"name":"Escala\u00e7\u00e3o do Vit\u00f3ria: Luan \u00e9 relacionado pela primeira vez e Iury Castilho tem suspeita de les\u00e3o"}]},{"@type":"WebSite","@id":"https:\/\/brasilnoticias.org\/site\/#website","url":"https:\/\/brasilnoticias.org\/site\/","name":"Brasil not\u00edcias","description":"Brasil not\u00edcias","publisher":{"@id":"https:\/\/brasilnoticias.org\/site\/#organization"},"potentialAction":[{"@type":"SearchAction","target":{"@type":"EntryPoint","urlTemplate":"https:\/\/brasilnoticias.org\/site\/?s={search_term_string}"},"query-input":{"@type":"PropertyValueSpecification","valueRequired":true,"valueName":"search_term_string"}}],"inLanguage":"pt-PT"},{"@type":"Organization","@id":"https:\/\/brasilnoticias.org\/site\/#organization","name":"Brasil not\u00edcias","url":"https:\/\/brasilnoticias.org\/site\/","logo":{"@type":"ImageObject","inLanguage":"pt-PT","@id":"https:\/\/brasilnoticias.org\/site\/#\/schema\/logo\/image\/","url":"https:\/\/brasilnoticias.org\/site\/wp-content\/uploads\/2022\/05\/cropped-brasilnoticias-mini.jpg","contentUrl":"https:\/\/brasilnoticias.org\/site\/wp-content\/uploads\/2022\/05\/cropped-brasilnoticias-mini.jpg","width":314,"height":86,"caption":"Brasil not\u00edcias"},"image":{"@id":"https:\/\/brasilnoticias.org\/site\/#\/schema\/logo\/image\/"}},{"@type":"Person","@id":"https:\/\/brasilnoticias.org\/site\/#\/schema\/person\/03bbbfe6c7634ad18c26444ea39049fa","name":"Reda\u00e7\u00e3o","image":{"@type":"ImageObject","inLanguage":"pt-PT","@id":"https:\/\/brasilnoticias.org\/site\/#\/schema\/person\/image\/","url":"https:\/\/secure.gravatar.com\/avatar\/9ecaf7327a696cb23ad926fedded5f1f04d7049de9e445375d55b48c001a6e42?s=96&d=mm&r=g","contentUrl":"https:\/\/secure.gravatar.com\/avatar\/9ecaf7327a696cb23ad926fedded5f1f04d7049de9e445375d55b48c001a6e42?s=96&d=mm&r=g","caption":"Reda\u00e7\u00e3o"},"url":"https:\/\/brasilnoticias.org\/site\/author\/henrique\/"}]}},"_links":{"self":[{"href":"https:\/\/brasilnoticias.org\/site\/wp-json\/wp\/v2\/posts\/12812","targetHints":{"allow":["GET"]}}],"collection":[{"href":"https:\/\/brasilnoticias.org\/site\/wp-json\/wp\/v2\/posts"}],"about":[{"href":"https:\/\/brasilnoticias.org\/site\/wp-json\/wp\/v2\/types\/post"}],"author":[{"embeddable":true,"href":"https:\/\/brasilnoticias.org\/site\/wp-json\/wp\/v2\/users\/4"}],"replies":[{"embeddable":true,"href":"https:\/\/brasilnoticias.org\/site\/wp-json\/wp\/v2\/comments?post=12812"}],"version-history":[{"count":1,"href":"https:\/\/brasilnoticias.org\/site\/wp-json\/wp\/v2\/posts\/12812\/revisions"}],"predecessor-version":[{"id":12814,"href":"https:\/\/brasilnoticias.org\/site\/wp-json\/wp\/v2\/posts\/12812\/revisions\/12814"}],"wp:featuredmedia":[{"embeddable":true,"href":"https:\/\/brasilnoticias.org\/site\/wp-json\/wp\/v2\/media\/12813"}],"wp:attachment":[{"href":"https:\/\/brasilnoticias.org\/site\/wp-json\/wp\/v2\/media?parent=12812"}],"wp:term":[{"taxonomy":"category","embeddable":true,"href":"https:\/\/brasilnoticias.org\/site\/wp-json\/wp\/v2\/categories?post=12812"},{"taxonomy":"post_tag","embeddable":true,"href":"https:\/\/brasilnoticias.org\/site\/wp-json\/wp\/v2\/tags?post=12812"}],"curies":[{"name":"wp","href":"https:\/\/api.w.org\/{rel}","templated":true}]}}