{"id":12815,"date":"2024-02-20T19:00:36","date_gmt":"2024-02-20T22:00:36","guid":{"rendered":"https:\/\/brasilnoticias.org\/site\/?p=12815"},"modified":"2024-02-20T19:00:36","modified_gmt":"2024-02-20T22:00:36","slug":"sem-ryan-mas-com-biel-bahia-encerra-preparacao-para-estreia-na-copa-do-brasil","status":"publish","type":"post","link":"https:\/\/brasilnoticias.org\/site\/sem-ryan-mas-com-biel-bahia-encerra-preparacao-para-estreia-na-copa-do-brasil\/","title":{"rendered":"Sem Ryan, mas com Biel, Bahia encerra prepara\u00e7\u00e3o para estreia na Copa do Brasil"},"content":{"rendered":"<p>Lateral-esquerdo trata uma entorse no tornozelo e n\u00e3o pega o Moto Club<\/p>\n<p>O Bahia est\u00e1 pronto para a estreia na Copa do Brasil. A prepara\u00e7\u00e3o para a partida contra o Moto Club foi encerrada na manh\u00e3 desta ter\u00e7a-feira, com coletivo em campo aberto na Cidade Tricolor. O \u00fanico jogador ausente da atividade foi o lateral-esquerdo Ryan, que se recupera de uma entorse no tornozelo, sofrida ainda antes do Ba-Vi.<\/p>\n<p>Quem tamb\u00e9m n\u00e3o esteve no cl\u00e1ssico foi o atacante Biel, mas ele j\u00e1 est\u00e1 recuperado da gripe e treinou pelo segundo dia consecutivo com o elenco. Al\u00e9m do coletivo t\u00e1tico, os jogadores que foram a campo tamb\u00e9m trabalharam finaliza\u00e7\u00f5es.<\/p>\n<p>Rog\u00e9rio Ceni tem os principais jogadores do elenco \u00e0 disposi\u00e7\u00e3o para o confronto \u00fanico eliminat\u00f3rio. Vale lembrar que na primeira fase da Copa do Brasil os jogos s\u00e3o resolvidos em 90 minutos, com a vantagem do empate para o time visitante.<\/p>\n<p>Bahia e Moto Club se enfrentam \u00e0s 20h desta quarta-feira (hor\u00e1rio de Bras\u00edlia), no Est\u00e1dio Municipal Nhozinho Santos, em S\u00e3o Lu\u00eds, no Maranh\u00e3o. S\u00f3 por entrar em campo o Tricolor tem R$ 1,4 milh\u00e3o garantido. Caso avance de fase, soma mais R$ 1,785 milh\u00e3o.<\/p>\n<p>Foto: Felipe Oliveira\/EC Bahia<br \/>\nGe<\/p>\n","protected":false},"excerpt":{"rendered":"<p>Lateral-esquerdo trata uma entorse no tornozelo e n\u00e3o pega o Moto Club O Bahia est\u00e1 pronto para a estreia na<\/p>\n","protected":false},"author":4,"featured_media":12816,"comment_status":"open","ping_status":"open","sticky":false,"template":"","format":"standard","meta":{"colormag_page_container_layout":"default_layout","colormag_page_sidebar_layout":"default_layout","_FSMCFIC_featured_image_caption":"","_FSMCFIC_featured_image_nocaption":"","_FSMCFIC_featured_image_hide":"","footnotes":""},"categories":[4,1],"tags":[],"class_list":["post-12815","post","type-post","status-publish","format-standard","has-post-thumbnail","hentry","category-esporte","category-ultimas"],"yoast_head":"<!-- This site is optimized with the Yoast SEO plugin v27.1.1 - https:\/\/yoast.com\/product\/yoast-seo-wordpress\/ -->\n<title>Sem Ryan, mas com Biel, Bahia encerra prepara\u00e7\u00e3o para estreia na Copa do Brasil - Brasil not\u00edcias<\/title>\n<meta name=\"robots\" content=\"index, follow, max-snippet:-1, max-image-preview:large, max-video-preview:-1\" \/>\n<link rel=\"canonical\" href=\"https:\/\/brasilnoticias.org\/site\/sem-ryan-mas-com-biel-bahia-encerra-preparacao-para-estreia-na-copa-do-brasil\/\" \/>\n<meta property=\"og:locale\" content=\"pt_PT\" \/>\n<meta property=\"og:type\" content=\"article\" \/>\n<meta property=\"og:title\" content=\"Sem Ryan, mas com Biel, Bahia encerra prepara\u00e7\u00e3o para estreia na Copa do Brasil - Brasil not\u00edcias\" \/>\n<meta property=\"og:description\" content=\"Lateral-esquerdo trata uma entorse no tornozelo e n\u00e3o pega o Moto Club O Bahia est\u00e1 pronto para a estreia na\" \/>\n<meta property=\"og:url\" content=\"https:\/\/brasilnoticias.org\/site\/sem-ryan-mas-com-biel-bahia-encerra-preparacao-para-estreia-na-copa-do-brasil\/\" \/>\n<meta property=\"og:site_name\" content=\"Brasil not\u00edcias\" \/>\n<meta property=\"article:published_time\" content=\"2024-02-20T22:00:36+00:00\" \/>\n<meta property=\"og:image\" content=\"https:\/\/brasilnoticias.org\/site\/wp-content\/uploads\/2024\/02\/53335968751-e79e64ee8e-k.webp\" \/>\n\t<meta property=\"og:image:width\" content=\"984\" \/>\n\t<meta property=\"og:image:height\" content=\"656\" \/>\n\t<meta property=\"og:image:type\" content=\"image\/webp\" \/>\n<meta name=\"author\" content=\"Reda\u00e7\u00e3o\" \/>\n<meta name=\"twitter:card\" content=\"summary_large_image\" \/>\n<meta name=\"twitter:label1\" content=\"Escrito por\" \/>\n\t<meta name=\"twitter:data1\" content=\"Reda\u00e7\u00e3o\" \/>\n\t<meta name=\"twitter:label2\" content=\"Tempo estimado de leitura\" \/>\n\t<meta name=\"twitter:data2\" content=\"1 minuto\" \/>\n<script type=\"application\/ld+json\" class=\"yoast-schema-graph\">{\"@context\":\"https:\/\/schema.org\",\"@graph\":[{\"@type\":\"Article\",\"@id\":\"https:\/\/brasilnoticias.org\/site\/sem-ryan-mas-com-biel-bahia-encerra-preparacao-para-estreia-na-copa-do-brasil\/#article\",\"isPartOf\":{\"@id\":\"https:\/\/brasilnoticias.org\/site\/sem-ryan-mas-com-biel-bahia-encerra-preparacao-para-estreia-na-copa-do-brasil\/\"},\"author\":{\"name\":\"Reda\u00e7\u00e3o\",\"@id\":\"https:\/\/brasilnoticias.org\/site\/#\/schema\/person\/03bbbfe6c7634ad18c26444ea39049fa\"},\"headline\":\"Sem Ryan, mas com Biel, Bahia encerra prepara\u00e7\u00e3o para estreia na Copa do Brasil\",\"datePublished\":\"2024-02-20T22:00:36+00:00\",\"mainEntityOfPage\":{\"@id\":\"https:\/\/brasilnoticias.org\/site\/sem-ryan-mas-com-biel-bahia-encerra-preparacao-para-estreia-na-copa-do-brasil\/\"},\"wordCount\":232,\"commentCount\":0,\"publisher\":{\"@id\":\"https:\/\/brasilnoticias.org\/site\/#organization\"},\"image\":{\"@id\":\"https:\/\/brasilnoticias.org\/site\/sem-ryan-mas-com-biel-bahia-encerra-preparacao-para-estreia-na-copa-do-brasil\/#primaryimage\"},\"thumbnailUrl\":\"https:\/\/brasilnoticias.org\/site\/wp-content\/uploads\/2024\/02\/53335968751-e79e64ee8e-k.webp\",\"articleSection\":[\"Esporte\",\"\u00daltimas\"],\"inLanguage\":\"pt-PT\",\"potentialAction\":[{\"@type\":\"CommentAction\",\"name\":\"Comment\",\"target\":[\"https:\/\/brasilnoticias.org\/site\/sem-ryan-mas-com-biel-bahia-encerra-preparacao-para-estreia-na-copa-do-brasil\/#respond\"]}]},{\"@type\":\"WebPage\",\"@id\":\"https:\/\/brasilnoticias.org\/site\/sem-ryan-mas-com-biel-bahia-encerra-preparacao-para-estreia-na-copa-do-brasil\/\",\"url\":\"https:\/\/brasilnoticias.org\/site\/sem-ryan-mas-com-biel-bahia-encerra-preparacao-para-estreia-na-copa-do-brasil\/\",\"name\":\"Sem Ryan, mas com Biel, Bahia encerra prepara\u00e7\u00e3o para estreia na Copa do Brasil - Brasil not\u00edcias\",\"isPartOf\":{\"@id\":\"https:\/\/brasilnoticias.org\/site\/#website\"},\"primaryImageOfPage\":{\"@id\":\"https:\/\/brasilnoticias.org\/site\/sem-ryan-mas-com-biel-bahia-encerra-preparacao-para-estreia-na-copa-do-brasil\/#primaryimage\"},\"image\":{\"@id\":\"https:\/\/brasilnoticias.org\/site\/sem-ryan-mas-com-biel-bahia-encerra-preparacao-para-estreia-na-copa-do-brasil\/#primaryimage\"},\"thumbnailUrl\":\"https:\/\/brasilnoticias.org\/site\/wp-content\/uploads\/2024\/02\/53335968751-e79e64ee8e-k.webp\",\"datePublished\":\"2024-02-20T22:00:36+00:00\",\"breadcrumb\":{\"@id\":\"https:\/\/brasilnoticias.org\/site\/sem-ryan-mas-com-biel-bahia-encerra-preparacao-para-estreia-na-copa-do-brasil\/#breadcrumb\"},\"inLanguage\":\"pt-PT\",\"potentialAction\":[{\"@type\":\"ReadAction\",\"target\":[\"https:\/\/brasilnoticias.org\/site\/sem-ryan-mas-com-biel-bahia-encerra-preparacao-para-estreia-na-copa-do-brasil\/\"]}]},{\"@type\":\"ImageObject\",\"inLanguage\":\"pt-PT\",\"@id\":\"https:\/\/brasilnoticias.org\/site\/sem-ryan-mas-com-biel-bahia-encerra-preparacao-para-estreia-na-copa-do-brasil\/#primaryimage\",\"url\":\"https:\/\/brasilnoticias.org\/site\/wp-content\/uploads\/2024\/02\/53335968751-e79e64ee8e-k.webp\",\"contentUrl\":\"https:\/\/brasilnoticias.org\/site\/wp-content\/uploads\/2024\/02\/53335968751-e79e64ee8e-k.webp\",\"width\":984,\"height\":656},{\"@type\":\"BreadcrumbList\",\"@id\":\"https:\/\/brasilnoticias.org\/site\/sem-ryan-mas-com-biel-bahia-encerra-preparacao-para-estreia-na-copa-do-brasil\/#breadcrumb\",\"itemListElement\":[{\"@type\":\"ListItem\",\"position\":1,\"name\":\"In\u00edcio\",\"item\":\"https:\/\/brasilnoticias.org\/site\/\"},{\"@type\":\"ListItem\",\"position\":2,\"name\":\"Sem Ryan, mas com Biel, Bahia encerra prepara\u00e7\u00e3o para estreia na Copa do Brasil\"}]},{\"@type\":\"WebSite\",\"@id\":\"https:\/\/brasilnoticias.org\/site\/#website\",\"url\":\"https:\/\/brasilnoticias.org\/site\/\",\"name\":\"Brasil not\u00edcias\",\"description\":\"Brasil not\u00edcias\",\"publisher\":{\"@id\":\"https:\/\/brasilnoticias.org\/site\/#organization\"},\"potentialAction\":[{\"@type\":\"SearchAction\",\"target\":{\"@type\":\"EntryPoint\",\"urlTemplate\":\"https:\/\/brasilnoticias.org\/site\/?s={search_term_string}\"},\"query-input\":{\"@type\":\"PropertyValueSpecification\",\"valueRequired\":true,\"valueName\":\"search_term_string\"}}],\"inLanguage\":\"pt-PT\"},{\"@type\":\"Organization\",\"@id\":\"https:\/\/brasilnoticias.org\/site\/#organization\",\"name\":\"Brasil not\u00edcias\",\"url\":\"https:\/\/brasilnoticias.org\/site\/\",\"logo\":{\"@type\":\"ImageObject\",\"inLanguage\":\"pt-PT\",\"@id\":\"https:\/\/brasilnoticias.org\/site\/#\/schema\/logo\/image\/\",\"url\":\"https:\/\/brasilnoticias.org\/site\/wp-content\/uploads\/2022\/05\/cropped-brasilnoticias-mini.jpg\",\"contentUrl\":\"https:\/\/brasilnoticias.org\/site\/wp-content\/uploads\/2022\/05\/cropped-brasilnoticias-mini.jpg\",\"width\":314,\"height\":86,\"caption\":\"Brasil not\u00edcias\"},\"image\":{\"@id\":\"https:\/\/brasilnoticias.org\/site\/#\/schema\/logo\/image\/\"}},{\"@type\":\"Person\",\"@id\":\"https:\/\/brasilnoticias.org\/site\/#\/schema\/person\/03bbbfe6c7634ad18c26444ea39049fa\",\"name\":\"Reda\u00e7\u00e3o\",\"image\":{\"@type\":\"ImageObject\",\"inLanguage\":\"pt-PT\",\"@id\":\"https:\/\/brasilnoticias.org\/site\/#\/schema\/person\/image\/\",\"url\":\"https:\/\/secure.gravatar.com\/avatar\/9ecaf7327a696cb23ad926fedded5f1f04d7049de9e445375d55b48c001a6e42?s=96&d=mm&r=g\",\"contentUrl\":\"https:\/\/secure.gravatar.com\/avatar\/9ecaf7327a696cb23ad926fedded5f1f04d7049de9e445375d55b48c001a6e42?s=96&d=mm&r=g\",\"caption\":\"Reda\u00e7\u00e3o\"},\"url\":\"https:\/\/brasilnoticias.org\/site\/author\/henrique\/\"}]}<\/script>\n<!-- \/ Yoast SEO plugin. -->","yoast_head_json":{"title":"Sem Ryan, mas com Biel, Bahia encerra prepara\u00e7\u00e3o para estreia na Copa do Brasil - Brasil not\u00edcias","robots":{"index":"index","follow":"follow","max-snippet":"max-snippet:-1","max-image-preview":"max-image-preview:large","max-video-preview":"max-video-preview:-1"},"canonical":"https:\/\/brasilnoticias.org\/site\/sem-ryan-mas-com-biel-bahia-encerra-preparacao-para-estreia-na-copa-do-brasil\/","og_locale":"pt_PT","og_type":"article","og_title":"Sem Ryan, mas com Biel, Bahia encerra prepara\u00e7\u00e3o para estreia na Copa do Brasil - Brasil not\u00edcias","og_description":"Lateral-esquerdo trata uma entorse no tornozelo e n\u00e3o pega o Moto Club O Bahia est\u00e1 pronto para a estreia na","og_url":"https:\/\/brasilnoticias.org\/site\/sem-ryan-mas-com-biel-bahia-encerra-preparacao-para-estreia-na-copa-do-brasil\/","og_site_name":"Brasil not\u00edcias","article_published_time":"2024-02-20T22:00:36+00:00","og_image":[{"width":984,"height":656,"url":"https:\/\/brasilnoticias.org\/site\/wp-content\/uploads\/2024\/02\/53335968751-e79e64ee8e-k.webp","type":"image\/webp"}],"author":"Reda\u00e7\u00e3o","twitter_card":"summary_large_image","twitter_misc":{"Escrito por":"Reda\u00e7\u00e3o","Tempo estimado de leitura":"1 minuto"},"schema":{"@context":"https:\/\/schema.org","@graph":[{"@type":"Article","@id":"https:\/\/brasilnoticias.org\/site\/sem-ryan-mas-com-biel-bahia-encerra-preparacao-para-estreia-na-copa-do-brasil\/#article","isPartOf":{"@id":"https:\/\/brasilnoticias.org\/site\/sem-ryan-mas-com-biel-bahia-encerra-preparacao-para-estreia-na-copa-do-brasil\/"},"author":{"name":"Reda\u00e7\u00e3o","@id":"https:\/\/brasilnoticias.org\/site\/#\/schema\/person\/03bbbfe6c7634ad18c26444ea39049fa"},"headline":"Sem Ryan, mas com Biel, Bahia encerra prepara\u00e7\u00e3o para estreia na Copa do Brasil","datePublished":"2024-02-20T22:00:36+00:00","mainEntityOfPage":{"@id":"https:\/\/brasilnoticias.org\/site\/sem-ryan-mas-com-biel-bahia-encerra-preparacao-para-estreia-na-copa-do-brasil\/"},"wordCount":232,"commentCount":0,"publisher":{"@id":"https:\/\/brasilnoticias.org\/site\/#organization"},"image":{"@id":"https:\/\/brasilnoticias.org\/site\/sem-ryan-mas-com-biel-bahia-encerra-preparacao-para-estreia-na-copa-do-brasil\/#primaryimage"},"thumbnailUrl":"https:\/\/brasilnoticias.org\/site\/wp-content\/uploads\/2024\/02\/53335968751-e79e64ee8e-k.webp","articleSection":["Esporte","\u00daltimas"],"inLanguage":"pt-PT","potentialAction":[{"@type":"CommentAction","name":"Comment","target":["https:\/\/brasilnoticias.org\/site\/sem-ryan-mas-com-biel-bahia-encerra-preparacao-para-estreia-na-copa-do-brasil\/#respond"]}]},{"@type":"WebPage","@id":"https:\/\/brasilnoticias.org\/site\/sem-ryan-mas-com-biel-bahia-encerra-preparacao-para-estreia-na-copa-do-brasil\/","url":"https:\/\/brasilnoticias.org\/site\/sem-ryan-mas-com-biel-bahia-encerra-preparacao-para-estreia-na-copa-do-brasil\/","name":"Sem Ryan, mas com Biel, Bahia encerra prepara\u00e7\u00e3o para estreia na Copa do Brasil - Brasil not\u00edcias","isPartOf":{"@id":"https:\/\/brasilnoticias.org\/site\/#website"},"primaryImageOfPage":{"@id":"https:\/\/brasilnoticias.org\/site\/sem-ryan-mas-com-biel-bahia-encerra-preparacao-para-estreia-na-copa-do-brasil\/#primaryimage"},"image":{"@id":"https:\/\/brasilnoticias.org\/site\/sem-ryan-mas-com-biel-bahia-encerra-preparacao-para-estreia-na-copa-do-brasil\/#primaryimage"},"thumbnailUrl":"https:\/\/brasilnoticias.org\/site\/wp-content\/uploads\/2024\/02\/53335968751-e79e64ee8e-k.webp","datePublished":"2024-02-20T22:00:36+00:00","breadcrumb":{"@id":"https:\/\/brasilnoticias.org\/site\/sem-ryan-mas-com-biel-bahia-encerra-preparacao-para-estreia-na-copa-do-brasil\/#breadcrumb"},"inLanguage":"pt-PT","potentialAction":[{"@type":"ReadAction","target":["https:\/\/brasilnoticias.org\/site\/sem-ryan-mas-com-biel-bahia-encerra-preparacao-para-estreia-na-copa-do-brasil\/"]}]},{"@type":"ImageObject","inLanguage":"pt-PT","@id":"https:\/\/brasilnoticias.org\/site\/sem-ryan-mas-com-biel-bahia-encerra-preparacao-para-estreia-na-copa-do-brasil\/#primaryimage","url":"https:\/\/brasilnoticias.org\/site\/wp-content\/uploads\/2024\/02\/53335968751-e79e64ee8e-k.webp","contentUrl":"https:\/\/brasilnoticias.org\/site\/wp-content\/uploads\/2024\/02\/53335968751-e79e64ee8e-k.webp","width":984,"height":656},{"@type":"BreadcrumbList","@id":"https:\/\/brasilnoticias.org\/site\/sem-ryan-mas-com-biel-bahia-encerra-preparacao-para-estreia-na-copa-do-brasil\/#breadcrumb","itemListElement":[{"@type":"ListItem","position":1,"name":"In\u00edcio","item":"https:\/\/brasilnoticias.org\/site\/"},{"@type":"ListItem","position":2,"name":"Sem Ryan, mas com Biel, Bahia encerra prepara\u00e7\u00e3o para estreia na Copa do Brasil"}]},{"@type":"WebSite","@id":"https:\/\/brasilnoticias.org\/site\/#website","url":"https:\/\/brasilnoticias.org\/site\/","name":"Brasil not\u00edcias","description":"Brasil not\u00edcias","publisher":{"@id":"https:\/\/brasilnoticias.org\/site\/#organization"},"potentialAction":[{"@type":"SearchAction","target":{"@type":"EntryPoint","urlTemplate":"https:\/\/brasilnoticias.org\/site\/?s={search_term_string}"},"query-input":{"@type":"PropertyValueSpecification","valueRequired":true,"valueName":"search_term_string"}}],"inLanguage":"pt-PT"},{"@type":"Organization","@id":"https:\/\/brasilnoticias.org\/site\/#organization","name":"Brasil not\u00edcias","url":"https:\/\/brasilnoticias.org\/site\/","logo":{"@type":"ImageObject","inLanguage":"pt-PT","@id":"https:\/\/brasilnoticias.org\/site\/#\/schema\/logo\/image\/","url":"https:\/\/brasilnoticias.org\/site\/wp-content\/uploads\/2022\/05\/cropped-brasilnoticias-mini.jpg","contentUrl":"https:\/\/brasilnoticias.org\/site\/wp-content\/uploads\/2022\/05\/cropped-brasilnoticias-mini.jpg","width":314,"height":86,"caption":"Brasil not\u00edcias"},"image":{"@id":"https:\/\/brasilnoticias.org\/site\/#\/schema\/logo\/image\/"}},{"@type":"Person","@id":"https:\/\/brasilnoticias.org\/site\/#\/schema\/person\/03bbbfe6c7634ad18c26444ea39049fa","name":"Reda\u00e7\u00e3o","image":{"@type":"ImageObject","inLanguage":"pt-PT","@id":"https:\/\/brasilnoticias.org\/site\/#\/schema\/person\/image\/","url":"https:\/\/secure.gravatar.com\/avatar\/9ecaf7327a696cb23ad926fedded5f1f04d7049de9e445375d55b48c001a6e42?s=96&d=mm&r=g","contentUrl":"https:\/\/secure.gravatar.com\/avatar\/9ecaf7327a696cb23ad926fedded5f1f04d7049de9e445375d55b48c001a6e42?s=96&d=mm&r=g","caption":"Reda\u00e7\u00e3o"},"url":"https:\/\/brasilnoticias.org\/site\/author\/henrique\/"}]}},"_links":{"self":[{"href":"https:\/\/brasilnoticias.org\/site\/wp-json\/wp\/v2\/posts\/12815","targetHints":{"allow":["GET"]}}],"collection":[{"href":"https:\/\/brasilnoticias.org\/site\/wp-json\/wp\/v2\/posts"}],"about":[{"href":"https:\/\/brasilnoticias.org\/site\/wp-json\/wp\/v2\/types\/post"}],"author":[{"embeddable":true,"href":"https:\/\/brasilnoticias.org\/site\/wp-json\/wp\/v2\/users\/4"}],"replies":[{"embeddable":true,"href":"https:\/\/brasilnoticias.org\/site\/wp-json\/wp\/v2\/comments?post=12815"}],"version-history":[{"count":1,"href":"https:\/\/brasilnoticias.org\/site\/wp-json\/wp\/v2\/posts\/12815\/revisions"}],"predecessor-version":[{"id":12817,"href":"https:\/\/brasilnoticias.org\/site\/wp-json\/wp\/v2\/posts\/12815\/revisions\/12817"}],"wp:featuredmedia":[{"embeddable":true,"href":"https:\/\/brasilnoticias.org\/site\/wp-json\/wp\/v2\/media\/12816"}],"wp:attachment":[{"href":"https:\/\/brasilnoticias.org\/site\/wp-json\/wp\/v2\/media?parent=12815"}],"wp:term":[{"taxonomy":"category","embeddable":true,"href":"https:\/\/brasilnoticias.org\/site\/wp-json\/wp\/v2\/categories?post=12815"},{"taxonomy":"post_tag","embeddable":true,"href":"https:\/\/brasilnoticias.org\/site\/wp-json\/wp\/v2\/tags?post=12815"}],"curies":[{"name":"wp","href":"https:\/\/api.w.org\/{rel}","templated":true}]}}