{"id":12821,"date":"2024-02-23T15:26:05","date_gmt":"2024-02-23T18:26:05","guid":{"rendered":"https:\/\/brasilnoticias.org\/site\/?p=12821"},"modified":"2024-02-23T15:26:05","modified_gmt":"2024-02-23T18:26:05","slug":"184-milhoes-de-brasileiros-queimam-ou-enterram-lixo-em-casa-aponta-ibge","status":"publish","type":"post","link":"https:\/\/brasilnoticias.org\/site\/184-milhoes-de-brasileiros-queimam-ou-enterram-lixo-em-casa-aponta-ibge\/","title":{"rendered":"18,4 milh\u00f5es de brasileiros queimam ou enterram lixo em casa, aponta IBGE"},"content":{"rendered":"<p>Dados foram divulgados nesta sexta-feira (23) e apontam que 15,9 milh\u00f5es de brasileiros queimam o lixo em suas propriedades<\/p>\n<p>Cerca de 18 milh\u00f5es de brasileiros n\u00e3o t\u00eam acesso a um sistema de coleta de lixo ou ca\u00e7ambas pr\u00f3prias, fazendo o descarte final em suas pr\u00f3prias resid\u00eancias ou em terrenos baldios. Os dados foram divulgados pelo Censo 2022 do Instituto Brasileiro de Geografia e Estat\u00edstica (IBGE) nesta sexta-feira (23).<\/p>\n<p>Ainda de acordo com a pesquisa, 15,9 milh\u00f5es de brasileiros queimam o lixo em suas propriedades e mais de meio milh\u00e3o o enterram no entorno das moradias.<\/p>\n<p>Em 2022, a coleta direta ou indireta de lixo atendia a 90,9% da popula\u00e7\u00e3o. Destes, 82,5% tinham acesso \u00e0 coleta domiciliar por meio de servi\u00e7os de limpeza e 8,4% depositavam os descartes em ca\u00e7ambas pr\u00f3prias do servi\u00e7o de limpeza. Apesar disso, um em cada dez n\u00e3o faz o dep\u00f3sito do lixo no local correto.<\/p>\n<p>Al\u00e9m disso, as cidades com maior popula\u00e7\u00e3o s\u00e3o as que apresentam os maiores \u00edndices de atendimento aos servi\u00e7os de coleta. Nas com mais de 500 mil habitantes, 98,9% afirmaram ter acesso a esse tipo de servi\u00e7o.<\/p>\n<p>Foto: Jefferson Peixoto\/Secom\/PMS<br \/>\nPor: Metro1 <\/p>\n","protected":false},"excerpt":{"rendered":"<p>Dados foram divulgados nesta sexta-feira (23) e apontam que 15,9 milh\u00f5es de brasileiros queimam o lixo em suas propriedades Cerca<\/p>\n","protected":false},"author":4,"featured_media":12822,"comment_status":"open","ping_status":"open","sticky":false,"template":"","format":"standard","meta":{"colormag_page_container_layout":"default_layout","colormag_page_sidebar_layout":"default_layout","_FSMCFIC_featured_image_caption":"","_FSMCFIC_featured_image_nocaption":"","_FSMCFIC_featured_image_hide":"","footnotes":""},"categories":[2,1],"tags":[],"class_list":["post-12821","post","type-post","status-publish","format-standard","has-post-thumbnail","hentry","category-noticias","category-ultimas"],"yoast_head":"<!-- This site is optimized with the Yoast SEO plugin v27.1.1 - https:\/\/yoast.com\/product\/yoast-seo-wordpress\/ -->\n<title>18,4 milh\u00f5es de brasileiros queimam ou enterram lixo em casa, aponta IBGE - Brasil not\u00edcias<\/title>\n<meta name=\"robots\" content=\"index, follow, max-snippet:-1, max-image-preview:large, max-video-preview:-1\" \/>\n<link rel=\"canonical\" href=\"https:\/\/brasilnoticias.org\/site\/184-milhoes-de-brasileiros-queimam-ou-enterram-lixo-em-casa-aponta-ibge\/\" \/>\n<meta property=\"og:locale\" content=\"pt_PT\" \/>\n<meta property=\"og:type\" content=\"article\" \/>\n<meta property=\"og:title\" content=\"18,4 milh\u00f5es de brasileiros queimam ou enterram lixo em casa, aponta IBGE - Brasil not\u00edcias\" \/>\n<meta property=\"og:description\" content=\"Dados foram divulgados nesta sexta-feira (23) e apontam que 15,9 milh\u00f5es de brasileiros queimam o lixo em suas propriedades Cerca\" \/>\n<meta property=\"og:url\" content=\"https:\/\/brasilnoticias.org\/site\/184-milhoes-de-brasileiros-queimam-ou-enterram-lixo-em-casa-aponta-ibge\/\" \/>\n<meta property=\"og:site_name\" content=\"Brasil not\u00edcias\" \/>\n<meta property=\"article:published_time\" content=\"2024-02-23T18:26:05+00:00\" \/>\n<meta property=\"og:image\" content=\"https:\/\/brasilnoticias.org\/site\/wp-content\/uploads\/2024\/02\/146548184-milhoes-de-brasileiros-queimam-ou-enterram-lixo-em-casa-aponta-ibge-3.jpg\" \/>\n\t<meta property=\"og:image:width\" content=\"1600\" \/>\n\t<meta property=\"og:image:height\" content=\"752\" \/>\n\t<meta property=\"og:image:type\" content=\"image\/jpeg\" \/>\n<meta name=\"author\" content=\"Reda\u00e7\u00e3o\" \/>\n<meta name=\"twitter:card\" content=\"summary_large_image\" \/>\n<meta name=\"twitter:label1\" content=\"Escrito por\" \/>\n\t<meta name=\"twitter:data1\" content=\"Reda\u00e7\u00e3o\" \/>\n\t<meta name=\"twitter:label2\" content=\"Tempo estimado de leitura\" \/>\n\t<meta name=\"twitter:data2\" content=\"1 minuto\" \/>\n<script type=\"application\/ld+json\" class=\"yoast-schema-graph\">{\"@context\":\"https:\/\/schema.org\",\"@graph\":[{\"@type\":\"Article\",\"@id\":\"https:\/\/brasilnoticias.org\/site\/184-milhoes-de-brasileiros-queimam-ou-enterram-lixo-em-casa-aponta-ibge\/#article\",\"isPartOf\":{\"@id\":\"https:\/\/brasilnoticias.org\/site\/184-milhoes-de-brasileiros-queimam-ou-enterram-lixo-em-casa-aponta-ibge\/\"},\"author\":{\"name\":\"Reda\u00e7\u00e3o\",\"@id\":\"https:\/\/brasilnoticias.org\/site\/#\/schema\/person\/03bbbfe6c7634ad18c26444ea39049fa\"},\"headline\":\"18,4 milh\u00f5es de brasileiros queimam ou enterram lixo em casa, aponta IBGE\",\"datePublished\":\"2024-02-23T18:26:05+00:00\",\"mainEntityOfPage\":{\"@id\":\"https:\/\/brasilnoticias.org\/site\/184-milhoes-de-brasileiros-queimam-ou-enterram-lixo-em-casa-aponta-ibge\/\"},\"wordCount\":214,\"commentCount\":0,\"publisher\":{\"@id\":\"https:\/\/brasilnoticias.org\/site\/#organization\"},\"image\":{\"@id\":\"https:\/\/brasilnoticias.org\/site\/184-milhoes-de-brasileiros-queimam-ou-enterram-lixo-em-casa-aponta-ibge\/#primaryimage\"},\"thumbnailUrl\":\"https:\/\/brasilnoticias.org\/site\/wp-content\/uploads\/2024\/02\/146548184-milhoes-de-brasileiros-queimam-ou-enterram-lixo-em-casa-aponta-ibge-3.jpg\",\"articleSection\":[\"Not\u00edcias\",\"\u00daltimas\"],\"inLanguage\":\"pt-PT\",\"potentialAction\":[{\"@type\":\"CommentAction\",\"name\":\"Comment\",\"target\":[\"https:\/\/brasilnoticias.org\/site\/184-milhoes-de-brasileiros-queimam-ou-enterram-lixo-em-casa-aponta-ibge\/#respond\"]}]},{\"@type\":\"WebPage\",\"@id\":\"https:\/\/brasilnoticias.org\/site\/184-milhoes-de-brasileiros-queimam-ou-enterram-lixo-em-casa-aponta-ibge\/\",\"url\":\"https:\/\/brasilnoticias.org\/site\/184-milhoes-de-brasileiros-queimam-ou-enterram-lixo-em-casa-aponta-ibge\/\",\"name\":\"18,4 milh\u00f5es de brasileiros queimam ou enterram lixo em casa, aponta IBGE - Brasil not\u00edcias\",\"isPartOf\":{\"@id\":\"https:\/\/brasilnoticias.org\/site\/#website\"},\"primaryImageOfPage\":{\"@id\":\"https:\/\/brasilnoticias.org\/site\/184-milhoes-de-brasileiros-queimam-ou-enterram-lixo-em-casa-aponta-ibge\/#primaryimage\"},\"image\":{\"@id\":\"https:\/\/brasilnoticias.org\/site\/184-milhoes-de-brasileiros-queimam-ou-enterram-lixo-em-casa-aponta-ibge\/#primaryimage\"},\"thumbnailUrl\":\"https:\/\/brasilnoticias.org\/site\/wp-content\/uploads\/2024\/02\/146548184-milhoes-de-brasileiros-queimam-ou-enterram-lixo-em-casa-aponta-ibge-3.jpg\",\"datePublished\":\"2024-02-23T18:26:05+00:00\",\"breadcrumb\":{\"@id\":\"https:\/\/brasilnoticias.org\/site\/184-milhoes-de-brasileiros-queimam-ou-enterram-lixo-em-casa-aponta-ibge\/#breadcrumb\"},\"inLanguage\":\"pt-PT\",\"potentialAction\":[{\"@type\":\"ReadAction\",\"target\":[\"https:\/\/brasilnoticias.org\/site\/184-milhoes-de-brasileiros-queimam-ou-enterram-lixo-em-casa-aponta-ibge\/\"]}]},{\"@type\":\"ImageObject\",\"inLanguage\":\"pt-PT\",\"@id\":\"https:\/\/brasilnoticias.org\/site\/184-milhoes-de-brasileiros-queimam-ou-enterram-lixo-em-casa-aponta-ibge\/#primaryimage\",\"url\":\"https:\/\/brasilnoticias.org\/site\/wp-content\/uploads\/2024\/02\/146548184-milhoes-de-brasileiros-queimam-ou-enterram-lixo-em-casa-aponta-ibge-3.jpg\",\"contentUrl\":\"https:\/\/brasilnoticias.org\/site\/wp-content\/uploads\/2024\/02\/146548184-milhoes-de-brasileiros-queimam-ou-enterram-lixo-em-casa-aponta-ibge-3.jpg\",\"width\":1600,\"height\":752},{\"@type\":\"BreadcrumbList\",\"@id\":\"https:\/\/brasilnoticias.org\/site\/184-milhoes-de-brasileiros-queimam-ou-enterram-lixo-em-casa-aponta-ibge\/#breadcrumb\",\"itemListElement\":[{\"@type\":\"ListItem\",\"position\":1,\"name\":\"In\u00edcio\",\"item\":\"https:\/\/brasilnoticias.org\/site\/\"},{\"@type\":\"ListItem\",\"position\":2,\"name\":\"18,4 milh\u00f5es de brasileiros queimam ou enterram lixo em casa, aponta IBGE\"}]},{\"@type\":\"WebSite\",\"@id\":\"https:\/\/brasilnoticias.org\/site\/#website\",\"url\":\"https:\/\/brasilnoticias.org\/site\/\",\"name\":\"Brasil not\u00edcias\",\"description\":\"Brasil not\u00edcias\",\"publisher\":{\"@id\":\"https:\/\/brasilnoticias.org\/site\/#organization\"},\"potentialAction\":[{\"@type\":\"SearchAction\",\"target\":{\"@type\":\"EntryPoint\",\"urlTemplate\":\"https:\/\/brasilnoticias.org\/site\/?s={search_term_string}\"},\"query-input\":{\"@type\":\"PropertyValueSpecification\",\"valueRequired\":true,\"valueName\":\"search_term_string\"}}],\"inLanguage\":\"pt-PT\"},{\"@type\":\"Organization\",\"@id\":\"https:\/\/brasilnoticias.org\/site\/#organization\",\"name\":\"Brasil not\u00edcias\",\"url\":\"https:\/\/brasilnoticias.org\/site\/\",\"logo\":{\"@type\":\"ImageObject\",\"inLanguage\":\"pt-PT\",\"@id\":\"https:\/\/brasilnoticias.org\/site\/#\/schema\/logo\/image\/\",\"url\":\"https:\/\/brasilnoticias.org\/site\/wp-content\/uploads\/2022\/05\/cropped-brasilnoticias-mini.jpg\",\"contentUrl\":\"https:\/\/brasilnoticias.org\/site\/wp-content\/uploads\/2022\/05\/cropped-brasilnoticias-mini.jpg\",\"width\":314,\"height\":86,\"caption\":\"Brasil not\u00edcias\"},\"image\":{\"@id\":\"https:\/\/brasilnoticias.org\/site\/#\/schema\/logo\/image\/\"}},{\"@type\":\"Person\",\"@id\":\"https:\/\/brasilnoticias.org\/site\/#\/schema\/person\/03bbbfe6c7634ad18c26444ea39049fa\",\"name\":\"Reda\u00e7\u00e3o\",\"image\":{\"@type\":\"ImageObject\",\"inLanguage\":\"pt-PT\",\"@id\":\"https:\/\/brasilnoticias.org\/site\/#\/schema\/person\/image\/\",\"url\":\"https:\/\/secure.gravatar.com\/avatar\/9ecaf7327a696cb23ad926fedded5f1f04d7049de9e445375d55b48c001a6e42?s=96&d=mm&r=g\",\"contentUrl\":\"https:\/\/secure.gravatar.com\/avatar\/9ecaf7327a696cb23ad926fedded5f1f04d7049de9e445375d55b48c001a6e42?s=96&d=mm&r=g\",\"caption\":\"Reda\u00e7\u00e3o\"},\"url\":\"https:\/\/brasilnoticias.org\/site\/author\/henrique\/\"}]}<\/script>\n<!-- \/ Yoast SEO plugin. -->","yoast_head_json":{"title":"18,4 milh\u00f5es de brasileiros queimam ou enterram lixo em casa, aponta IBGE - Brasil not\u00edcias","robots":{"index":"index","follow":"follow","max-snippet":"max-snippet:-1","max-image-preview":"max-image-preview:large","max-video-preview":"max-video-preview:-1"},"canonical":"https:\/\/brasilnoticias.org\/site\/184-milhoes-de-brasileiros-queimam-ou-enterram-lixo-em-casa-aponta-ibge\/","og_locale":"pt_PT","og_type":"article","og_title":"18,4 milh\u00f5es de brasileiros queimam ou enterram lixo em casa, aponta IBGE - Brasil not\u00edcias","og_description":"Dados foram divulgados nesta sexta-feira (23) e apontam que 15,9 milh\u00f5es de brasileiros queimam o lixo em suas propriedades Cerca","og_url":"https:\/\/brasilnoticias.org\/site\/184-milhoes-de-brasileiros-queimam-ou-enterram-lixo-em-casa-aponta-ibge\/","og_site_name":"Brasil not\u00edcias","article_published_time":"2024-02-23T18:26:05+00:00","og_image":[{"width":1600,"height":752,"url":"https:\/\/brasilnoticias.org\/site\/wp-content\/uploads\/2024\/02\/146548184-milhoes-de-brasileiros-queimam-ou-enterram-lixo-em-casa-aponta-ibge-3.jpg","type":"image\/jpeg"}],"author":"Reda\u00e7\u00e3o","twitter_card":"summary_large_image","twitter_misc":{"Escrito por":"Reda\u00e7\u00e3o","Tempo estimado de leitura":"1 minuto"},"schema":{"@context":"https:\/\/schema.org","@graph":[{"@type":"Article","@id":"https:\/\/brasilnoticias.org\/site\/184-milhoes-de-brasileiros-queimam-ou-enterram-lixo-em-casa-aponta-ibge\/#article","isPartOf":{"@id":"https:\/\/brasilnoticias.org\/site\/184-milhoes-de-brasileiros-queimam-ou-enterram-lixo-em-casa-aponta-ibge\/"},"author":{"name":"Reda\u00e7\u00e3o","@id":"https:\/\/brasilnoticias.org\/site\/#\/schema\/person\/03bbbfe6c7634ad18c26444ea39049fa"},"headline":"18,4 milh\u00f5es de brasileiros queimam ou enterram lixo em casa, aponta IBGE","datePublished":"2024-02-23T18:26:05+00:00","mainEntityOfPage":{"@id":"https:\/\/brasilnoticias.org\/site\/184-milhoes-de-brasileiros-queimam-ou-enterram-lixo-em-casa-aponta-ibge\/"},"wordCount":214,"commentCount":0,"publisher":{"@id":"https:\/\/brasilnoticias.org\/site\/#organization"},"image":{"@id":"https:\/\/brasilnoticias.org\/site\/184-milhoes-de-brasileiros-queimam-ou-enterram-lixo-em-casa-aponta-ibge\/#primaryimage"},"thumbnailUrl":"https:\/\/brasilnoticias.org\/site\/wp-content\/uploads\/2024\/02\/146548184-milhoes-de-brasileiros-queimam-ou-enterram-lixo-em-casa-aponta-ibge-3.jpg","articleSection":["Not\u00edcias","\u00daltimas"],"inLanguage":"pt-PT","potentialAction":[{"@type":"CommentAction","name":"Comment","target":["https:\/\/brasilnoticias.org\/site\/184-milhoes-de-brasileiros-queimam-ou-enterram-lixo-em-casa-aponta-ibge\/#respond"]}]},{"@type":"WebPage","@id":"https:\/\/brasilnoticias.org\/site\/184-milhoes-de-brasileiros-queimam-ou-enterram-lixo-em-casa-aponta-ibge\/","url":"https:\/\/brasilnoticias.org\/site\/184-milhoes-de-brasileiros-queimam-ou-enterram-lixo-em-casa-aponta-ibge\/","name":"18,4 milh\u00f5es de brasileiros queimam ou enterram lixo em casa, aponta IBGE - Brasil not\u00edcias","isPartOf":{"@id":"https:\/\/brasilnoticias.org\/site\/#website"},"primaryImageOfPage":{"@id":"https:\/\/brasilnoticias.org\/site\/184-milhoes-de-brasileiros-queimam-ou-enterram-lixo-em-casa-aponta-ibge\/#primaryimage"},"image":{"@id":"https:\/\/brasilnoticias.org\/site\/184-milhoes-de-brasileiros-queimam-ou-enterram-lixo-em-casa-aponta-ibge\/#primaryimage"},"thumbnailUrl":"https:\/\/brasilnoticias.org\/site\/wp-content\/uploads\/2024\/02\/146548184-milhoes-de-brasileiros-queimam-ou-enterram-lixo-em-casa-aponta-ibge-3.jpg","datePublished":"2024-02-23T18:26:05+00:00","breadcrumb":{"@id":"https:\/\/brasilnoticias.org\/site\/184-milhoes-de-brasileiros-queimam-ou-enterram-lixo-em-casa-aponta-ibge\/#breadcrumb"},"inLanguage":"pt-PT","potentialAction":[{"@type":"ReadAction","target":["https:\/\/brasilnoticias.org\/site\/184-milhoes-de-brasileiros-queimam-ou-enterram-lixo-em-casa-aponta-ibge\/"]}]},{"@type":"ImageObject","inLanguage":"pt-PT","@id":"https:\/\/brasilnoticias.org\/site\/184-milhoes-de-brasileiros-queimam-ou-enterram-lixo-em-casa-aponta-ibge\/#primaryimage","url":"https:\/\/brasilnoticias.org\/site\/wp-content\/uploads\/2024\/02\/146548184-milhoes-de-brasileiros-queimam-ou-enterram-lixo-em-casa-aponta-ibge-3.jpg","contentUrl":"https:\/\/brasilnoticias.org\/site\/wp-content\/uploads\/2024\/02\/146548184-milhoes-de-brasileiros-queimam-ou-enterram-lixo-em-casa-aponta-ibge-3.jpg","width":1600,"height":752},{"@type":"BreadcrumbList","@id":"https:\/\/brasilnoticias.org\/site\/184-milhoes-de-brasileiros-queimam-ou-enterram-lixo-em-casa-aponta-ibge\/#breadcrumb","itemListElement":[{"@type":"ListItem","position":1,"name":"In\u00edcio","item":"https:\/\/brasilnoticias.org\/site\/"},{"@type":"ListItem","position":2,"name":"18,4 milh\u00f5es de brasileiros queimam ou enterram lixo em casa, aponta IBGE"}]},{"@type":"WebSite","@id":"https:\/\/brasilnoticias.org\/site\/#website","url":"https:\/\/brasilnoticias.org\/site\/","name":"Brasil not\u00edcias","description":"Brasil not\u00edcias","publisher":{"@id":"https:\/\/brasilnoticias.org\/site\/#organization"},"potentialAction":[{"@type":"SearchAction","target":{"@type":"EntryPoint","urlTemplate":"https:\/\/brasilnoticias.org\/site\/?s={search_term_string}"},"query-input":{"@type":"PropertyValueSpecification","valueRequired":true,"valueName":"search_term_string"}}],"inLanguage":"pt-PT"},{"@type":"Organization","@id":"https:\/\/brasilnoticias.org\/site\/#organization","name":"Brasil not\u00edcias","url":"https:\/\/brasilnoticias.org\/site\/","logo":{"@type":"ImageObject","inLanguage":"pt-PT","@id":"https:\/\/brasilnoticias.org\/site\/#\/schema\/logo\/image\/","url":"https:\/\/brasilnoticias.org\/site\/wp-content\/uploads\/2022\/05\/cropped-brasilnoticias-mini.jpg","contentUrl":"https:\/\/brasilnoticias.org\/site\/wp-content\/uploads\/2022\/05\/cropped-brasilnoticias-mini.jpg","width":314,"height":86,"caption":"Brasil not\u00edcias"},"image":{"@id":"https:\/\/brasilnoticias.org\/site\/#\/schema\/logo\/image\/"}},{"@type":"Person","@id":"https:\/\/brasilnoticias.org\/site\/#\/schema\/person\/03bbbfe6c7634ad18c26444ea39049fa","name":"Reda\u00e7\u00e3o","image":{"@type":"ImageObject","inLanguage":"pt-PT","@id":"https:\/\/brasilnoticias.org\/site\/#\/schema\/person\/image\/","url":"https:\/\/secure.gravatar.com\/avatar\/9ecaf7327a696cb23ad926fedded5f1f04d7049de9e445375d55b48c001a6e42?s=96&d=mm&r=g","contentUrl":"https:\/\/secure.gravatar.com\/avatar\/9ecaf7327a696cb23ad926fedded5f1f04d7049de9e445375d55b48c001a6e42?s=96&d=mm&r=g","caption":"Reda\u00e7\u00e3o"},"url":"https:\/\/brasilnoticias.org\/site\/author\/henrique\/"}]}},"_links":{"self":[{"href":"https:\/\/brasilnoticias.org\/site\/wp-json\/wp\/v2\/posts\/12821","targetHints":{"allow":["GET"]}}],"collection":[{"href":"https:\/\/brasilnoticias.org\/site\/wp-json\/wp\/v2\/posts"}],"about":[{"href":"https:\/\/brasilnoticias.org\/site\/wp-json\/wp\/v2\/types\/post"}],"author":[{"embeddable":true,"href":"https:\/\/brasilnoticias.org\/site\/wp-json\/wp\/v2\/users\/4"}],"replies":[{"embeddable":true,"href":"https:\/\/brasilnoticias.org\/site\/wp-json\/wp\/v2\/comments?post=12821"}],"version-history":[{"count":1,"href":"https:\/\/brasilnoticias.org\/site\/wp-json\/wp\/v2\/posts\/12821\/revisions"}],"predecessor-version":[{"id":12823,"href":"https:\/\/brasilnoticias.org\/site\/wp-json\/wp\/v2\/posts\/12821\/revisions\/12823"}],"wp:featuredmedia":[{"embeddable":true,"href":"https:\/\/brasilnoticias.org\/site\/wp-json\/wp\/v2\/media\/12822"}],"wp:attachment":[{"href":"https:\/\/brasilnoticias.org\/site\/wp-json\/wp\/v2\/media?parent=12821"}],"wp:term":[{"taxonomy":"category","embeddable":true,"href":"https:\/\/brasilnoticias.org\/site\/wp-json\/wp\/v2\/categories?post=12821"},{"taxonomy":"post_tag","embeddable":true,"href":"https:\/\/brasilnoticias.org\/site\/wp-json\/wp\/v2\/tags?post=12821"}],"curies":[{"name":"wp","href":"https:\/\/api.w.org\/{rel}","templated":true}]}}