{"id":12843,"date":"2024-02-23T15:39:06","date_gmt":"2024-02-23T18:39:06","guid":{"rendered":"https:\/\/brasilnoticias.org\/site\/?p=12843"},"modified":"2024-02-23T15:39:06","modified_gmt":"2024-02-23T18:39:06","slug":"sempre-verao-salvador-leva-esportes-gratuitos-para-a-regiao-suburbana-nos-dias-24-e-25-de-fevereiro","status":"publish","type":"post","link":"https:\/\/brasilnoticias.org\/site\/sempre-verao-salvador-leva-esportes-gratuitos-para-a-regiao-suburbana-nos-dias-24-e-25-de-fevereiro\/","title":{"rendered":"Sempre Ver\u00e3o Salvador leva esportes gratuitos para a Regi\u00e3o Suburbana nos dias 24 e 25 de fevereiro"},"content":{"rendered":"<p>Mais uma praia soteropolitana recebe neste final de semana, dias 24 e 25, as atividades esportivas gratuitas do Sempre Ver\u00e3o, projeto voltado para todas as idades desenvolvido pela Associa\u00e7\u00e3o de Remo Salvador (ARS) e o Clube Kaiaulu Va\u2019a com a Prefeitura de Salvador, atrav\u00e9s da Secretaria de Promo\u00e7\u00e3o Social, Combate \u00e0 Pobreza, Esportes e Lazer (Sempre).  Com 100 vagas gratuitas por dia, o Sempre Ver\u00e3o Salvador oferece aulas monitoradas de canoa havaiana, alongamento, funcional na areia, hidroboxe e futev\u00f4lei, das 8h \u00e0s 12h, com inscri\u00e7\u00f5es no local. Para participar, basta apresentar  documento de identidade, e menores de 10 anos devem estar acompanhados pelos respons\u00e1veis. <\/p>\n<p>Promovendo encontros entre pessoas de comunidades diversas, novas conex\u00f5es e muita sa\u00fade para toda fam\u00edlia, as atividades gratuitas seguem acontecendo at\u00e9 o in\u00edcio de mar\u00e7o,  e nos dias 02 e 03 o projeto acontece na praia de Itapu\u00e3. &#8220;O intuito \u00e9 democratizar o acesso \u00e0s pr\u00e1ticas de esporte e lazer, fortalecendo a participa\u00e7\u00e3o social e o exerc\u00edcio da cidadania, oferecendo a possibilidade de desenvolvimento de habilidades esportivas e culturais em nossa cidade\u201d, ressalta o Secret\u00e1rio J\u00fanior Magalh\u00e3es. <\/p>\n<p>Foto: Divulga\u00e7\u00e3o<br \/>\nPol\u00edtica Bahia<\/p>\n","protected":false},"excerpt":{"rendered":"<p>Mais uma praia soteropolitana recebe neste final de semana, dias 24 e 25, as atividades esportivas gratuitas do Sempre Ver\u00e3o,<\/p>\n","protected":false},"author":4,"featured_media":12844,"comment_status":"open","ping_status":"open","sticky":false,"template":"","format":"standard","meta":{"colormag_page_container_layout":"default_layout","colormag_page_sidebar_layout":"default_layout","_FSMCFIC_featured_image_caption":"","_FSMCFIC_featured_image_nocaption":"","_FSMCFIC_featured_image_hide":"","footnotes":""},"categories":[4,1],"tags":[],"class_list":["post-12843","post","type-post","status-publish","format-standard","has-post-thumbnail","hentry","category-esporte","category-ultimas"],"yoast_head":"<!-- This site is optimized with the Yoast SEO plugin v27.1.1 - https:\/\/yoast.com\/product\/yoast-seo-wordpress\/ -->\n<title>Sempre Ver\u00e3o Salvador leva esportes gratuitos para a Regi\u00e3o Suburbana nos dias 24 e 25 de fevereiro - Brasil not\u00edcias<\/title>\n<meta name=\"robots\" content=\"index, follow, max-snippet:-1, max-image-preview:large, max-video-preview:-1\" \/>\n<link rel=\"canonical\" href=\"https:\/\/brasilnoticias.org\/site\/sempre-verao-salvador-leva-esportes-gratuitos-para-a-regiao-suburbana-nos-dias-24-e-25-de-fevereiro\/\" \/>\n<meta property=\"og:locale\" content=\"pt_PT\" \/>\n<meta property=\"og:type\" content=\"article\" \/>\n<meta property=\"og:title\" content=\"Sempre Ver\u00e3o Salvador leva esportes gratuitos para a Regi\u00e3o Suburbana nos dias 24 e 25 de fevereiro - Brasil not\u00edcias\" \/>\n<meta property=\"og:description\" content=\"Mais uma praia soteropolitana recebe neste final de semana, dias 24 e 25, as atividades esportivas gratuitas do Sempre Ver\u00e3o,\" \/>\n<meta property=\"og:url\" content=\"https:\/\/brasilnoticias.org\/site\/sempre-verao-salvador-leva-esportes-gratuitos-para-a-regiao-suburbana-nos-dias-24-e-25-de-fevereiro\/\" \/>\n<meta property=\"og:site_name\" content=\"Brasil not\u00edcias\" \/>\n<meta property=\"article:published_time\" content=\"2024-02-23T18:39:06+00:00\" \/>\n<meta property=\"og:image\" content=\"https:\/\/brasilnoticias.org\/site\/wp-content\/uploads\/2024\/02\/IMAGEM_NOTICIA_1-1.jpg\" \/>\n\t<meta property=\"og:image:width\" content=\"800\" \/>\n\t<meta property=\"og:image:height\" content=\"600\" \/>\n\t<meta property=\"og:image:type\" content=\"image\/jpeg\" \/>\n<meta name=\"author\" content=\"Reda\u00e7\u00e3o\" \/>\n<meta name=\"twitter:card\" content=\"summary_large_image\" \/>\n<meta name=\"twitter:label1\" content=\"Escrito por\" \/>\n\t<meta name=\"twitter:data1\" content=\"Reda\u00e7\u00e3o\" \/>\n\t<meta name=\"twitter:label2\" content=\"Tempo estimado de leitura\" \/>\n\t<meta name=\"twitter:data2\" content=\"1 minuto\" \/>\n<script type=\"application\/ld+json\" class=\"yoast-schema-graph\">{\"@context\":\"https:\/\/schema.org\",\"@graph\":[{\"@type\":\"Article\",\"@id\":\"https:\/\/brasilnoticias.org\/site\/sempre-verao-salvador-leva-esportes-gratuitos-para-a-regiao-suburbana-nos-dias-24-e-25-de-fevereiro\/#article\",\"isPartOf\":{\"@id\":\"https:\/\/brasilnoticias.org\/site\/sempre-verao-salvador-leva-esportes-gratuitos-para-a-regiao-suburbana-nos-dias-24-e-25-de-fevereiro\/\"},\"author\":{\"name\":\"Reda\u00e7\u00e3o\",\"@id\":\"https:\/\/brasilnoticias.org\/site\/#\/schema\/person\/03bbbfe6c7634ad18c26444ea39049fa\"},\"headline\":\"Sempre Ver\u00e3o Salvador leva esportes gratuitos para a Regi\u00e3o Suburbana nos dias 24 e 25 de fevereiro\",\"datePublished\":\"2024-02-23T18:39:06+00:00\",\"mainEntityOfPage\":{\"@id\":\"https:\/\/brasilnoticias.org\/site\/sempre-verao-salvador-leva-esportes-gratuitos-para-a-regiao-suburbana-nos-dias-24-e-25-de-fevereiro\/\"},\"wordCount\":216,\"commentCount\":0,\"publisher\":{\"@id\":\"https:\/\/brasilnoticias.org\/site\/#organization\"},\"image\":{\"@id\":\"https:\/\/brasilnoticias.org\/site\/sempre-verao-salvador-leva-esportes-gratuitos-para-a-regiao-suburbana-nos-dias-24-e-25-de-fevereiro\/#primaryimage\"},\"thumbnailUrl\":\"https:\/\/brasilnoticias.org\/site\/wp-content\/uploads\/2024\/02\/IMAGEM_NOTICIA_1-1.jpg\",\"articleSection\":[\"Esporte\",\"\u00daltimas\"],\"inLanguage\":\"pt-PT\",\"potentialAction\":[{\"@type\":\"CommentAction\",\"name\":\"Comment\",\"target\":[\"https:\/\/brasilnoticias.org\/site\/sempre-verao-salvador-leva-esportes-gratuitos-para-a-regiao-suburbana-nos-dias-24-e-25-de-fevereiro\/#respond\"]}]},{\"@type\":\"WebPage\",\"@id\":\"https:\/\/brasilnoticias.org\/site\/sempre-verao-salvador-leva-esportes-gratuitos-para-a-regiao-suburbana-nos-dias-24-e-25-de-fevereiro\/\",\"url\":\"https:\/\/brasilnoticias.org\/site\/sempre-verao-salvador-leva-esportes-gratuitos-para-a-regiao-suburbana-nos-dias-24-e-25-de-fevereiro\/\",\"name\":\"Sempre Ver\u00e3o Salvador leva esportes gratuitos para a Regi\u00e3o Suburbana nos dias 24 e 25 de fevereiro - Brasil not\u00edcias\",\"isPartOf\":{\"@id\":\"https:\/\/brasilnoticias.org\/site\/#website\"},\"primaryImageOfPage\":{\"@id\":\"https:\/\/brasilnoticias.org\/site\/sempre-verao-salvador-leva-esportes-gratuitos-para-a-regiao-suburbana-nos-dias-24-e-25-de-fevereiro\/#primaryimage\"},\"image\":{\"@id\":\"https:\/\/brasilnoticias.org\/site\/sempre-verao-salvador-leva-esportes-gratuitos-para-a-regiao-suburbana-nos-dias-24-e-25-de-fevereiro\/#primaryimage\"},\"thumbnailUrl\":\"https:\/\/brasilnoticias.org\/site\/wp-content\/uploads\/2024\/02\/IMAGEM_NOTICIA_1-1.jpg\",\"datePublished\":\"2024-02-23T18:39:06+00:00\",\"breadcrumb\":{\"@id\":\"https:\/\/brasilnoticias.org\/site\/sempre-verao-salvador-leva-esportes-gratuitos-para-a-regiao-suburbana-nos-dias-24-e-25-de-fevereiro\/#breadcrumb\"},\"inLanguage\":\"pt-PT\",\"potentialAction\":[{\"@type\":\"ReadAction\",\"target\":[\"https:\/\/brasilnoticias.org\/site\/sempre-verao-salvador-leva-esportes-gratuitos-para-a-regiao-suburbana-nos-dias-24-e-25-de-fevereiro\/\"]}]},{\"@type\":\"ImageObject\",\"inLanguage\":\"pt-PT\",\"@id\":\"https:\/\/brasilnoticias.org\/site\/sempre-verao-salvador-leva-esportes-gratuitos-para-a-regiao-suburbana-nos-dias-24-e-25-de-fevereiro\/#primaryimage\",\"url\":\"https:\/\/brasilnoticias.org\/site\/wp-content\/uploads\/2024\/02\/IMAGEM_NOTICIA_1-1.jpg\",\"contentUrl\":\"https:\/\/brasilnoticias.org\/site\/wp-content\/uploads\/2024\/02\/IMAGEM_NOTICIA_1-1.jpg\",\"width\":800,\"height\":600},{\"@type\":\"BreadcrumbList\",\"@id\":\"https:\/\/brasilnoticias.org\/site\/sempre-verao-salvador-leva-esportes-gratuitos-para-a-regiao-suburbana-nos-dias-24-e-25-de-fevereiro\/#breadcrumb\",\"itemListElement\":[{\"@type\":\"ListItem\",\"position\":1,\"name\":\"In\u00edcio\",\"item\":\"https:\/\/brasilnoticias.org\/site\/\"},{\"@type\":\"ListItem\",\"position\":2,\"name\":\"Sempre Ver\u00e3o Salvador leva esportes gratuitos para a Regi\u00e3o Suburbana nos dias 24 e 25 de fevereiro\"}]},{\"@type\":\"WebSite\",\"@id\":\"https:\/\/brasilnoticias.org\/site\/#website\",\"url\":\"https:\/\/brasilnoticias.org\/site\/\",\"name\":\"Brasil not\u00edcias\",\"description\":\"Brasil not\u00edcias\",\"publisher\":{\"@id\":\"https:\/\/brasilnoticias.org\/site\/#organization\"},\"potentialAction\":[{\"@type\":\"SearchAction\",\"target\":{\"@type\":\"EntryPoint\",\"urlTemplate\":\"https:\/\/brasilnoticias.org\/site\/?s={search_term_string}\"},\"query-input\":{\"@type\":\"PropertyValueSpecification\",\"valueRequired\":true,\"valueName\":\"search_term_string\"}}],\"inLanguage\":\"pt-PT\"},{\"@type\":\"Organization\",\"@id\":\"https:\/\/brasilnoticias.org\/site\/#organization\",\"name\":\"Brasil not\u00edcias\",\"url\":\"https:\/\/brasilnoticias.org\/site\/\",\"logo\":{\"@type\":\"ImageObject\",\"inLanguage\":\"pt-PT\",\"@id\":\"https:\/\/brasilnoticias.org\/site\/#\/schema\/logo\/image\/\",\"url\":\"https:\/\/brasilnoticias.org\/site\/wp-content\/uploads\/2022\/05\/cropped-brasilnoticias-mini.jpg\",\"contentUrl\":\"https:\/\/brasilnoticias.org\/site\/wp-content\/uploads\/2022\/05\/cropped-brasilnoticias-mini.jpg\",\"width\":314,\"height\":86,\"caption\":\"Brasil not\u00edcias\"},\"image\":{\"@id\":\"https:\/\/brasilnoticias.org\/site\/#\/schema\/logo\/image\/\"}},{\"@type\":\"Person\",\"@id\":\"https:\/\/brasilnoticias.org\/site\/#\/schema\/person\/03bbbfe6c7634ad18c26444ea39049fa\",\"name\":\"Reda\u00e7\u00e3o\",\"image\":{\"@type\":\"ImageObject\",\"inLanguage\":\"pt-PT\",\"@id\":\"https:\/\/brasilnoticias.org\/site\/#\/schema\/person\/image\/\",\"url\":\"https:\/\/secure.gravatar.com\/avatar\/9ecaf7327a696cb23ad926fedded5f1f04d7049de9e445375d55b48c001a6e42?s=96&d=mm&r=g\",\"contentUrl\":\"https:\/\/secure.gravatar.com\/avatar\/9ecaf7327a696cb23ad926fedded5f1f04d7049de9e445375d55b48c001a6e42?s=96&d=mm&r=g\",\"caption\":\"Reda\u00e7\u00e3o\"},\"url\":\"https:\/\/brasilnoticias.org\/site\/author\/henrique\/\"}]}<\/script>\n<!-- \/ Yoast SEO plugin. -->","yoast_head_json":{"title":"Sempre Ver\u00e3o Salvador leva esportes gratuitos para a Regi\u00e3o Suburbana nos dias 24 e 25 de fevereiro - Brasil not\u00edcias","robots":{"index":"index","follow":"follow","max-snippet":"max-snippet:-1","max-image-preview":"max-image-preview:large","max-video-preview":"max-video-preview:-1"},"canonical":"https:\/\/brasilnoticias.org\/site\/sempre-verao-salvador-leva-esportes-gratuitos-para-a-regiao-suburbana-nos-dias-24-e-25-de-fevereiro\/","og_locale":"pt_PT","og_type":"article","og_title":"Sempre Ver\u00e3o Salvador leva esportes gratuitos para a Regi\u00e3o Suburbana nos dias 24 e 25 de fevereiro - Brasil not\u00edcias","og_description":"Mais uma praia soteropolitana recebe neste final de semana, dias 24 e 25, as atividades esportivas gratuitas do Sempre Ver\u00e3o,","og_url":"https:\/\/brasilnoticias.org\/site\/sempre-verao-salvador-leva-esportes-gratuitos-para-a-regiao-suburbana-nos-dias-24-e-25-de-fevereiro\/","og_site_name":"Brasil not\u00edcias","article_published_time":"2024-02-23T18:39:06+00:00","og_image":[{"width":800,"height":600,"url":"https:\/\/brasilnoticias.org\/site\/wp-content\/uploads\/2024\/02\/IMAGEM_NOTICIA_1-1.jpg","type":"image\/jpeg"}],"author":"Reda\u00e7\u00e3o","twitter_card":"summary_large_image","twitter_misc":{"Escrito por":"Reda\u00e7\u00e3o","Tempo estimado de leitura":"1 minuto"},"schema":{"@context":"https:\/\/schema.org","@graph":[{"@type":"Article","@id":"https:\/\/brasilnoticias.org\/site\/sempre-verao-salvador-leva-esportes-gratuitos-para-a-regiao-suburbana-nos-dias-24-e-25-de-fevereiro\/#article","isPartOf":{"@id":"https:\/\/brasilnoticias.org\/site\/sempre-verao-salvador-leva-esportes-gratuitos-para-a-regiao-suburbana-nos-dias-24-e-25-de-fevereiro\/"},"author":{"name":"Reda\u00e7\u00e3o","@id":"https:\/\/brasilnoticias.org\/site\/#\/schema\/person\/03bbbfe6c7634ad18c26444ea39049fa"},"headline":"Sempre Ver\u00e3o Salvador leva esportes gratuitos para a Regi\u00e3o Suburbana nos dias 24 e 25 de fevereiro","datePublished":"2024-02-23T18:39:06+00:00","mainEntityOfPage":{"@id":"https:\/\/brasilnoticias.org\/site\/sempre-verao-salvador-leva-esportes-gratuitos-para-a-regiao-suburbana-nos-dias-24-e-25-de-fevereiro\/"},"wordCount":216,"commentCount":0,"publisher":{"@id":"https:\/\/brasilnoticias.org\/site\/#organization"},"image":{"@id":"https:\/\/brasilnoticias.org\/site\/sempre-verao-salvador-leva-esportes-gratuitos-para-a-regiao-suburbana-nos-dias-24-e-25-de-fevereiro\/#primaryimage"},"thumbnailUrl":"https:\/\/brasilnoticias.org\/site\/wp-content\/uploads\/2024\/02\/IMAGEM_NOTICIA_1-1.jpg","articleSection":["Esporte","\u00daltimas"],"inLanguage":"pt-PT","potentialAction":[{"@type":"CommentAction","name":"Comment","target":["https:\/\/brasilnoticias.org\/site\/sempre-verao-salvador-leva-esportes-gratuitos-para-a-regiao-suburbana-nos-dias-24-e-25-de-fevereiro\/#respond"]}]},{"@type":"WebPage","@id":"https:\/\/brasilnoticias.org\/site\/sempre-verao-salvador-leva-esportes-gratuitos-para-a-regiao-suburbana-nos-dias-24-e-25-de-fevereiro\/","url":"https:\/\/brasilnoticias.org\/site\/sempre-verao-salvador-leva-esportes-gratuitos-para-a-regiao-suburbana-nos-dias-24-e-25-de-fevereiro\/","name":"Sempre Ver\u00e3o Salvador leva esportes gratuitos para a Regi\u00e3o Suburbana nos dias 24 e 25 de fevereiro - Brasil not\u00edcias","isPartOf":{"@id":"https:\/\/brasilnoticias.org\/site\/#website"},"primaryImageOfPage":{"@id":"https:\/\/brasilnoticias.org\/site\/sempre-verao-salvador-leva-esportes-gratuitos-para-a-regiao-suburbana-nos-dias-24-e-25-de-fevereiro\/#primaryimage"},"image":{"@id":"https:\/\/brasilnoticias.org\/site\/sempre-verao-salvador-leva-esportes-gratuitos-para-a-regiao-suburbana-nos-dias-24-e-25-de-fevereiro\/#primaryimage"},"thumbnailUrl":"https:\/\/brasilnoticias.org\/site\/wp-content\/uploads\/2024\/02\/IMAGEM_NOTICIA_1-1.jpg","datePublished":"2024-02-23T18:39:06+00:00","breadcrumb":{"@id":"https:\/\/brasilnoticias.org\/site\/sempre-verao-salvador-leva-esportes-gratuitos-para-a-regiao-suburbana-nos-dias-24-e-25-de-fevereiro\/#breadcrumb"},"inLanguage":"pt-PT","potentialAction":[{"@type":"ReadAction","target":["https:\/\/brasilnoticias.org\/site\/sempre-verao-salvador-leva-esportes-gratuitos-para-a-regiao-suburbana-nos-dias-24-e-25-de-fevereiro\/"]}]},{"@type":"ImageObject","inLanguage":"pt-PT","@id":"https:\/\/brasilnoticias.org\/site\/sempre-verao-salvador-leva-esportes-gratuitos-para-a-regiao-suburbana-nos-dias-24-e-25-de-fevereiro\/#primaryimage","url":"https:\/\/brasilnoticias.org\/site\/wp-content\/uploads\/2024\/02\/IMAGEM_NOTICIA_1-1.jpg","contentUrl":"https:\/\/brasilnoticias.org\/site\/wp-content\/uploads\/2024\/02\/IMAGEM_NOTICIA_1-1.jpg","width":800,"height":600},{"@type":"BreadcrumbList","@id":"https:\/\/brasilnoticias.org\/site\/sempre-verao-salvador-leva-esportes-gratuitos-para-a-regiao-suburbana-nos-dias-24-e-25-de-fevereiro\/#breadcrumb","itemListElement":[{"@type":"ListItem","position":1,"name":"In\u00edcio","item":"https:\/\/brasilnoticias.org\/site\/"},{"@type":"ListItem","position":2,"name":"Sempre Ver\u00e3o Salvador leva esportes gratuitos para a Regi\u00e3o Suburbana nos dias 24 e 25 de fevereiro"}]},{"@type":"WebSite","@id":"https:\/\/brasilnoticias.org\/site\/#website","url":"https:\/\/brasilnoticias.org\/site\/","name":"Brasil not\u00edcias","description":"Brasil not\u00edcias","publisher":{"@id":"https:\/\/brasilnoticias.org\/site\/#organization"},"potentialAction":[{"@type":"SearchAction","target":{"@type":"EntryPoint","urlTemplate":"https:\/\/brasilnoticias.org\/site\/?s={search_term_string}"},"query-input":{"@type":"PropertyValueSpecification","valueRequired":true,"valueName":"search_term_string"}}],"inLanguage":"pt-PT"},{"@type":"Organization","@id":"https:\/\/brasilnoticias.org\/site\/#organization","name":"Brasil not\u00edcias","url":"https:\/\/brasilnoticias.org\/site\/","logo":{"@type":"ImageObject","inLanguage":"pt-PT","@id":"https:\/\/brasilnoticias.org\/site\/#\/schema\/logo\/image\/","url":"https:\/\/brasilnoticias.org\/site\/wp-content\/uploads\/2022\/05\/cropped-brasilnoticias-mini.jpg","contentUrl":"https:\/\/brasilnoticias.org\/site\/wp-content\/uploads\/2022\/05\/cropped-brasilnoticias-mini.jpg","width":314,"height":86,"caption":"Brasil not\u00edcias"},"image":{"@id":"https:\/\/brasilnoticias.org\/site\/#\/schema\/logo\/image\/"}},{"@type":"Person","@id":"https:\/\/brasilnoticias.org\/site\/#\/schema\/person\/03bbbfe6c7634ad18c26444ea39049fa","name":"Reda\u00e7\u00e3o","image":{"@type":"ImageObject","inLanguage":"pt-PT","@id":"https:\/\/brasilnoticias.org\/site\/#\/schema\/person\/image\/","url":"https:\/\/secure.gravatar.com\/avatar\/9ecaf7327a696cb23ad926fedded5f1f04d7049de9e445375d55b48c001a6e42?s=96&d=mm&r=g","contentUrl":"https:\/\/secure.gravatar.com\/avatar\/9ecaf7327a696cb23ad926fedded5f1f04d7049de9e445375d55b48c001a6e42?s=96&d=mm&r=g","caption":"Reda\u00e7\u00e3o"},"url":"https:\/\/brasilnoticias.org\/site\/author\/henrique\/"}]}},"_links":{"self":[{"href":"https:\/\/brasilnoticias.org\/site\/wp-json\/wp\/v2\/posts\/12843","targetHints":{"allow":["GET"]}}],"collection":[{"href":"https:\/\/brasilnoticias.org\/site\/wp-json\/wp\/v2\/posts"}],"about":[{"href":"https:\/\/brasilnoticias.org\/site\/wp-json\/wp\/v2\/types\/post"}],"author":[{"embeddable":true,"href":"https:\/\/brasilnoticias.org\/site\/wp-json\/wp\/v2\/users\/4"}],"replies":[{"embeddable":true,"href":"https:\/\/brasilnoticias.org\/site\/wp-json\/wp\/v2\/comments?post=12843"}],"version-history":[{"count":1,"href":"https:\/\/brasilnoticias.org\/site\/wp-json\/wp\/v2\/posts\/12843\/revisions"}],"predecessor-version":[{"id":12845,"href":"https:\/\/brasilnoticias.org\/site\/wp-json\/wp\/v2\/posts\/12843\/revisions\/12845"}],"wp:featuredmedia":[{"embeddable":true,"href":"https:\/\/brasilnoticias.org\/site\/wp-json\/wp\/v2\/media\/12844"}],"wp:attachment":[{"href":"https:\/\/brasilnoticias.org\/site\/wp-json\/wp\/v2\/media?parent=12843"}],"wp:term":[{"taxonomy":"category","embeddable":true,"href":"https:\/\/brasilnoticias.org\/site\/wp-json\/wp\/v2\/categories?post=12843"},{"taxonomy":"post_tag","embeddable":true,"href":"https:\/\/brasilnoticias.org\/site\/wp-json\/wp\/v2\/tags?post=12843"}],"curies":[{"name":"wp","href":"https:\/\/api.w.org\/{rel}","templated":true}]}}