{"id":12861,"date":"2024-02-25T21:51:28","date_gmt":"2024-02-26T00:51:28","guid":{"rendered":"https:\/\/brasilnoticias.org\/site\/?p=12861"},"modified":"2024-02-25T21:51:28","modified_gmt":"2024-02-26T00:51:28","slug":"defesa-contra-pf-criticas-ao-stf-e-manifestacao-religiosa-confira-como-foi-o-ato-de-bolsonaro","status":"publish","type":"post","link":"https:\/\/brasilnoticias.org\/site\/defesa-contra-pf-criticas-ao-stf-e-manifestacao-religiosa-confira-como-foi-o-ato-de-bolsonaro\/","title":{"rendered":"Defesa contra PF, cr\u00edticas ao STF e manifesta\u00e7\u00e3o religiosa; Confira como foi o ato de Bolsonaro"},"content":{"rendered":"<p>O ato em defesa ao ex-presidente aconteceu neste domingo (25) na Avenida Paulista<\/p>\n<p>Jair Bolsonaro discursou durante o ato em sua defesa pelas investiga\u00e7\u00f5es da Pol\u00edcia Federal, neste domingo (25), na Avenida Paulista. O ex-presidente trouxe \u00e0 tona a\u00e7\u00f5es que teria realizado durante os seus anos de mandato, entre 2018 e 2022, defendeu a pacifica\u00e7\u00e3o do pa\u00eds e um projeto de anistia para os presos das manifesta\u00e7\u00f5es de 8 de janeiro de 2023. <\/p>\n<p>O ex-presidente, que n\u00e3o havia se manifestado, falou sobre as acusa\u00e7\u00f5es de ter arquitetado um golpe do Estado contra o presidente Luiz In\u00e1cio Lula da Silva. Milhares de pessoas ocuparam a Avenida Paulista. Bolsonaro afirmou que a fotografia da manifesta\u00e7\u00e3o ainda vai rodar o mundo.<\/p>\n<p>&#8220;O que eu busco \u00e9 a pacifica\u00e7\u00e3o, \u00e9 passar uma borracha no passado. \u00c9 buscar uma maneira de n\u00f3s vivermos em paz. \u00c9 n\u00e3o continuarmos sobressaltados. \u00c9 por parte do parlamento brasileiro, Nikolas, Gayer, Zucco, Feliciano, meus colegas aqui do lado, \u00e9 uma anistia para aqueles pobres coitados que est\u00e3o presos em Bras\u00edlia. N\u00f3s n\u00e3o queremos que seus filhos sejam \u00f3rf\u00e3os de pais vivos&#8221;, disse.<\/p>\n<p>Michelle Bolsonaro iniciou o seu discurso com forte teor religioso. A ex-primeira-dama comentou que o governo Bolsonaro foi perseguido por ser associado \u00e0s religi\u00f5es. Segundo ela, antes, \u201cao n\u00e3o misturar pol\u00edtica com religi\u00e3o, o mal tomou o espa\u00e7o\u201d no pa\u00eds. Michelle, chegou a se emocionar ao falar com o p\u00fablico que chamou de \u201cex\u00e9rcito de Deus, de homens e mulheres, ex\u00e9rcito de patriotas que n\u00e3o desistem da sua na\u00e7\u00e3o\u201d.<\/p>\n<p>Ainda com um discurso religioso, o principal organizador do evento, Silas Malafaia atacou o STF, o TSE, Alexandre de Moraes e disse que &#8220;n\u00e3o tem medo de ser preso&#8221;. Durante o seu discurso, chegou a afirmar que o governo Lula estaria por tr\u00e1s dos atos de 8 de Janeiro de 2023, mesmo sem nenhuma prova da acusa\u00e7\u00e3o.<\/p>\n<p>Al\u00e9m disso, o pastor citou a morte de um de seus fieis direcionando a responsabilidade para o ministro do Supremo Tribunal Federal. \u201cO sangue de Cl\u00e9riston est\u00e1 nas m\u00e3os de Alexandre de Moraes e ele vai dar conta dele\u201d, concluiu. <\/p>\n<p>Sobre as acusa\u00e7\u00f5es de ter planejado um Golpe de Estado, Jair Bolsonaro se defendeu e alegou que a base da acusa\u00e7\u00e3o \u00e9 uma minuta de decreto de Estado de Defesa &#8220;Golpe \u00e9 tanque na rua, nada disso foi feito no Brasil [&#8230;] Golpe usando a Constitui\u00e7\u00e3o? Tenha santa paci\u00eancia!&#8221;, disse. <\/p>\n<p>Para complentar, o ex-presidente insinou que o atual presidente, Lula, n\u00e3o teria apoio da popula\u00e7\u00e3o ao seu lado, e isso era v\u00edsivel pela quantidade de apoiadores que estavam presentes em seu ato. <\/p>\n<p>&#8220;Com essa fotografia mostramos que podemos ver um time de futebol sem torcida ser campe\u00e3o, mas n\u00e3o conseguimos entender como existe um presidente sem povo ao seu lado&#8221;, concluiu.<\/p>\n<p>Foto: Divulga\u00e7\u00e3o\/ Lucas Saba\/Gazeta do Povo<br \/>\nPor: Metro1<\/p>\n","protected":false},"excerpt":{"rendered":"<p>O ato em defesa ao ex-presidente aconteceu neste domingo (25) na Avenida Paulista Jair Bolsonaro discursou durante o ato em<\/p>\n","protected":false},"author":4,"featured_media":12862,"comment_status":"open","ping_status":"open","sticky":false,"template":"","format":"standard","meta":{"colormag_page_container_layout":"default_layout","colormag_page_sidebar_layout":"default_layout","_FSMCFIC_featured_image_caption":"","_FSMCFIC_featured_image_nocaption":"","_FSMCFIC_featured_image_hide":"","footnotes":""},"categories":[5,1],"tags":[],"class_list":["post-12861","post","type-post","status-publish","format-standard","has-post-thumbnail","hentry","category-politica","category-ultimas"],"yoast_head":"<!-- This site is optimized with the Yoast SEO plugin v27.1.1 - https:\/\/yoast.com\/product\/yoast-seo-wordpress\/ -->\n<title>Defesa contra PF, cr\u00edticas ao STF e manifesta\u00e7\u00e3o religiosa; Confira como foi o ato de Bolsonaro - Brasil not\u00edcias<\/title>\n<meta name=\"robots\" content=\"index, follow, max-snippet:-1, max-image-preview:large, max-video-preview:-1\" \/>\n<link rel=\"canonical\" href=\"https:\/\/brasilnoticias.org\/site\/defesa-contra-pf-criticas-ao-stf-e-manifestacao-religiosa-confira-como-foi-o-ato-de-bolsonaro\/\" \/>\n<meta property=\"og:locale\" content=\"pt_PT\" \/>\n<meta property=\"og:type\" content=\"article\" \/>\n<meta property=\"og:title\" content=\"Defesa contra PF, cr\u00edticas ao STF e manifesta\u00e7\u00e3o religiosa; Confira como foi o ato de Bolsonaro - Brasil not\u00edcias\" \/>\n<meta property=\"og:description\" content=\"O ato em defesa ao ex-presidente aconteceu neste domingo (25) na Avenida Paulista Jair Bolsonaro discursou durante o ato em\" \/>\n<meta property=\"og:url\" content=\"https:\/\/brasilnoticias.org\/site\/defesa-contra-pf-criticas-ao-stf-e-manifestacao-religiosa-confira-como-foi-o-ato-de-bolsonaro\/\" \/>\n<meta property=\"og:site_name\" content=\"Brasil not\u00edcias\" \/>\n<meta property=\"article:published_time\" content=\"2024-02-26T00:51:28+00:00\" \/>\n<meta property=\"og:image\" content=\"https:\/\/brasilnoticias.org\/site\/wp-content\/uploads\/2024\/02\/146615defesa-contra-pf-criticas-ao-stf-e-manifestacao-religiosa-confira-como-foi-o-ato-de-bolsonaro-3.jpg\" \/>\n\t<meta property=\"og:image:width\" content=\"1600\" \/>\n\t<meta property=\"og:image:height\" content=\"752\" \/>\n\t<meta property=\"og:image:type\" content=\"image\/jpeg\" \/>\n<meta name=\"author\" content=\"Reda\u00e7\u00e3o\" \/>\n<meta name=\"twitter:card\" content=\"summary_large_image\" \/>\n<meta name=\"twitter:label1\" content=\"Escrito por\" \/>\n\t<meta name=\"twitter:data1\" content=\"Reda\u00e7\u00e3o\" \/>\n\t<meta name=\"twitter:label2\" content=\"Tempo estimado de leitura\" \/>\n\t<meta name=\"twitter:data2\" content=\"1 minuto\" \/>\n<script type=\"application\/ld+json\" class=\"yoast-schema-graph\">{\"@context\":\"https:\/\/schema.org\",\"@graph\":[{\"@type\":\"Article\",\"@id\":\"https:\/\/brasilnoticias.org\/site\/defesa-contra-pf-criticas-ao-stf-e-manifestacao-religiosa-confira-como-foi-o-ato-de-bolsonaro\/#article\",\"isPartOf\":{\"@id\":\"https:\/\/brasilnoticias.org\/site\/defesa-contra-pf-criticas-ao-stf-e-manifestacao-religiosa-confira-como-foi-o-ato-de-bolsonaro\/\"},\"author\":{\"name\":\"Reda\u00e7\u00e3o\",\"@id\":\"https:\/\/brasilnoticias.org\/site\/#\/schema\/person\/03bbbfe6c7634ad18c26444ea39049fa\"},\"headline\":\"Defesa contra PF, cr\u00edticas ao STF e manifesta\u00e7\u00e3o religiosa; Confira como foi o ato de Bolsonaro\",\"datePublished\":\"2024-02-26T00:51:28+00:00\",\"mainEntityOfPage\":{\"@id\":\"https:\/\/brasilnoticias.org\/site\/defesa-contra-pf-criticas-ao-stf-e-manifestacao-religiosa-confira-como-foi-o-ato-de-bolsonaro\/\"},\"wordCount\":514,\"commentCount\":0,\"publisher\":{\"@id\":\"https:\/\/brasilnoticias.org\/site\/#organization\"},\"image\":{\"@id\":\"https:\/\/brasilnoticias.org\/site\/defesa-contra-pf-criticas-ao-stf-e-manifestacao-religiosa-confira-como-foi-o-ato-de-bolsonaro\/#primaryimage\"},\"thumbnailUrl\":\"https:\/\/brasilnoticias.org\/site\/wp-content\/uploads\/2024\/02\/146615defesa-contra-pf-criticas-ao-stf-e-manifestacao-religiosa-confira-como-foi-o-ato-de-bolsonaro-3.jpg\",\"articleSection\":[\"Pol\u00edtica\",\"\u00daltimas\"],\"inLanguage\":\"pt-PT\",\"potentialAction\":[{\"@type\":\"CommentAction\",\"name\":\"Comment\",\"target\":[\"https:\/\/brasilnoticias.org\/site\/defesa-contra-pf-criticas-ao-stf-e-manifestacao-religiosa-confira-como-foi-o-ato-de-bolsonaro\/#respond\"]}]},{\"@type\":\"WebPage\",\"@id\":\"https:\/\/brasilnoticias.org\/site\/defesa-contra-pf-criticas-ao-stf-e-manifestacao-religiosa-confira-como-foi-o-ato-de-bolsonaro\/\",\"url\":\"https:\/\/brasilnoticias.org\/site\/defesa-contra-pf-criticas-ao-stf-e-manifestacao-religiosa-confira-como-foi-o-ato-de-bolsonaro\/\",\"name\":\"Defesa contra PF, cr\u00edticas ao STF e manifesta\u00e7\u00e3o religiosa; Confira como foi o ato de Bolsonaro - Brasil not\u00edcias\",\"isPartOf\":{\"@id\":\"https:\/\/brasilnoticias.org\/site\/#website\"},\"primaryImageOfPage\":{\"@id\":\"https:\/\/brasilnoticias.org\/site\/defesa-contra-pf-criticas-ao-stf-e-manifestacao-religiosa-confira-como-foi-o-ato-de-bolsonaro\/#primaryimage\"},\"image\":{\"@id\":\"https:\/\/brasilnoticias.org\/site\/defesa-contra-pf-criticas-ao-stf-e-manifestacao-religiosa-confira-como-foi-o-ato-de-bolsonaro\/#primaryimage\"},\"thumbnailUrl\":\"https:\/\/brasilnoticias.org\/site\/wp-content\/uploads\/2024\/02\/146615defesa-contra-pf-criticas-ao-stf-e-manifestacao-religiosa-confira-como-foi-o-ato-de-bolsonaro-3.jpg\",\"datePublished\":\"2024-02-26T00:51:28+00:00\",\"breadcrumb\":{\"@id\":\"https:\/\/brasilnoticias.org\/site\/defesa-contra-pf-criticas-ao-stf-e-manifestacao-religiosa-confira-como-foi-o-ato-de-bolsonaro\/#breadcrumb\"},\"inLanguage\":\"pt-PT\",\"potentialAction\":[{\"@type\":\"ReadAction\",\"target\":[\"https:\/\/brasilnoticias.org\/site\/defesa-contra-pf-criticas-ao-stf-e-manifestacao-religiosa-confira-como-foi-o-ato-de-bolsonaro\/\"]}]},{\"@type\":\"ImageObject\",\"inLanguage\":\"pt-PT\",\"@id\":\"https:\/\/brasilnoticias.org\/site\/defesa-contra-pf-criticas-ao-stf-e-manifestacao-religiosa-confira-como-foi-o-ato-de-bolsonaro\/#primaryimage\",\"url\":\"https:\/\/brasilnoticias.org\/site\/wp-content\/uploads\/2024\/02\/146615defesa-contra-pf-criticas-ao-stf-e-manifestacao-religiosa-confira-como-foi-o-ato-de-bolsonaro-3.jpg\",\"contentUrl\":\"https:\/\/brasilnoticias.org\/site\/wp-content\/uploads\/2024\/02\/146615defesa-contra-pf-criticas-ao-stf-e-manifestacao-religiosa-confira-como-foi-o-ato-de-bolsonaro-3.jpg\",\"width\":1600,\"height\":752},{\"@type\":\"BreadcrumbList\",\"@id\":\"https:\/\/brasilnoticias.org\/site\/defesa-contra-pf-criticas-ao-stf-e-manifestacao-religiosa-confira-como-foi-o-ato-de-bolsonaro\/#breadcrumb\",\"itemListElement\":[{\"@type\":\"ListItem\",\"position\":1,\"name\":\"In\u00edcio\",\"item\":\"https:\/\/brasilnoticias.org\/site\/\"},{\"@type\":\"ListItem\",\"position\":2,\"name\":\"Defesa contra PF, cr\u00edticas ao STF e manifesta\u00e7\u00e3o religiosa; Confira como foi o ato de Bolsonaro\"}]},{\"@type\":\"WebSite\",\"@id\":\"https:\/\/brasilnoticias.org\/site\/#website\",\"url\":\"https:\/\/brasilnoticias.org\/site\/\",\"name\":\"Brasil not\u00edcias\",\"description\":\"Brasil not\u00edcias\",\"publisher\":{\"@id\":\"https:\/\/brasilnoticias.org\/site\/#organization\"},\"potentialAction\":[{\"@type\":\"SearchAction\",\"target\":{\"@type\":\"EntryPoint\",\"urlTemplate\":\"https:\/\/brasilnoticias.org\/site\/?s={search_term_string}\"},\"query-input\":{\"@type\":\"PropertyValueSpecification\",\"valueRequired\":true,\"valueName\":\"search_term_string\"}}],\"inLanguage\":\"pt-PT\"},{\"@type\":\"Organization\",\"@id\":\"https:\/\/brasilnoticias.org\/site\/#organization\",\"name\":\"Brasil not\u00edcias\",\"url\":\"https:\/\/brasilnoticias.org\/site\/\",\"logo\":{\"@type\":\"ImageObject\",\"inLanguage\":\"pt-PT\",\"@id\":\"https:\/\/brasilnoticias.org\/site\/#\/schema\/logo\/image\/\",\"url\":\"https:\/\/brasilnoticias.org\/site\/wp-content\/uploads\/2022\/05\/cropped-brasilnoticias-mini.jpg\",\"contentUrl\":\"https:\/\/brasilnoticias.org\/site\/wp-content\/uploads\/2022\/05\/cropped-brasilnoticias-mini.jpg\",\"width\":314,\"height\":86,\"caption\":\"Brasil not\u00edcias\"},\"image\":{\"@id\":\"https:\/\/brasilnoticias.org\/site\/#\/schema\/logo\/image\/\"}},{\"@type\":\"Person\",\"@id\":\"https:\/\/brasilnoticias.org\/site\/#\/schema\/person\/03bbbfe6c7634ad18c26444ea39049fa\",\"name\":\"Reda\u00e7\u00e3o\",\"image\":{\"@type\":\"ImageObject\",\"inLanguage\":\"pt-PT\",\"@id\":\"https:\/\/brasilnoticias.org\/site\/#\/schema\/person\/image\/\",\"url\":\"https:\/\/secure.gravatar.com\/avatar\/9ecaf7327a696cb23ad926fedded5f1f04d7049de9e445375d55b48c001a6e42?s=96&d=mm&r=g\",\"contentUrl\":\"https:\/\/secure.gravatar.com\/avatar\/9ecaf7327a696cb23ad926fedded5f1f04d7049de9e445375d55b48c001a6e42?s=96&d=mm&r=g\",\"caption\":\"Reda\u00e7\u00e3o\"},\"url\":\"https:\/\/brasilnoticias.org\/site\/author\/henrique\/\"}]}<\/script>\n<!-- \/ Yoast SEO plugin. -->","yoast_head_json":{"title":"Defesa contra PF, cr\u00edticas ao STF e manifesta\u00e7\u00e3o religiosa; Confira como foi o ato de Bolsonaro - Brasil not\u00edcias","robots":{"index":"index","follow":"follow","max-snippet":"max-snippet:-1","max-image-preview":"max-image-preview:large","max-video-preview":"max-video-preview:-1"},"canonical":"https:\/\/brasilnoticias.org\/site\/defesa-contra-pf-criticas-ao-stf-e-manifestacao-religiosa-confira-como-foi-o-ato-de-bolsonaro\/","og_locale":"pt_PT","og_type":"article","og_title":"Defesa contra PF, cr\u00edticas ao STF e manifesta\u00e7\u00e3o religiosa; Confira como foi o ato de Bolsonaro - Brasil not\u00edcias","og_description":"O ato em defesa ao ex-presidente aconteceu neste domingo (25) na Avenida Paulista Jair Bolsonaro discursou durante o ato em","og_url":"https:\/\/brasilnoticias.org\/site\/defesa-contra-pf-criticas-ao-stf-e-manifestacao-religiosa-confira-como-foi-o-ato-de-bolsonaro\/","og_site_name":"Brasil not\u00edcias","article_published_time":"2024-02-26T00:51:28+00:00","og_image":[{"width":1600,"height":752,"url":"https:\/\/brasilnoticias.org\/site\/wp-content\/uploads\/2024\/02\/146615defesa-contra-pf-criticas-ao-stf-e-manifestacao-religiosa-confira-como-foi-o-ato-de-bolsonaro-3.jpg","type":"image\/jpeg"}],"author":"Reda\u00e7\u00e3o","twitter_card":"summary_large_image","twitter_misc":{"Escrito por":"Reda\u00e7\u00e3o","Tempo estimado de leitura":"1 minuto"},"schema":{"@context":"https:\/\/schema.org","@graph":[{"@type":"Article","@id":"https:\/\/brasilnoticias.org\/site\/defesa-contra-pf-criticas-ao-stf-e-manifestacao-religiosa-confira-como-foi-o-ato-de-bolsonaro\/#article","isPartOf":{"@id":"https:\/\/brasilnoticias.org\/site\/defesa-contra-pf-criticas-ao-stf-e-manifestacao-religiosa-confira-como-foi-o-ato-de-bolsonaro\/"},"author":{"name":"Reda\u00e7\u00e3o","@id":"https:\/\/brasilnoticias.org\/site\/#\/schema\/person\/03bbbfe6c7634ad18c26444ea39049fa"},"headline":"Defesa contra PF, cr\u00edticas ao STF e manifesta\u00e7\u00e3o religiosa; Confira como foi o ato de Bolsonaro","datePublished":"2024-02-26T00:51:28+00:00","mainEntityOfPage":{"@id":"https:\/\/brasilnoticias.org\/site\/defesa-contra-pf-criticas-ao-stf-e-manifestacao-religiosa-confira-como-foi-o-ato-de-bolsonaro\/"},"wordCount":514,"commentCount":0,"publisher":{"@id":"https:\/\/brasilnoticias.org\/site\/#organization"},"image":{"@id":"https:\/\/brasilnoticias.org\/site\/defesa-contra-pf-criticas-ao-stf-e-manifestacao-religiosa-confira-como-foi-o-ato-de-bolsonaro\/#primaryimage"},"thumbnailUrl":"https:\/\/brasilnoticias.org\/site\/wp-content\/uploads\/2024\/02\/146615defesa-contra-pf-criticas-ao-stf-e-manifestacao-religiosa-confira-como-foi-o-ato-de-bolsonaro-3.jpg","articleSection":["Pol\u00edtica","\u00daltimas"],"inLanguage":"pt-PT","potentialAction":[{"@type":"CommentAction","name":"Comment","target":["https:\/\/brasilnoticias.org\/site\/defesa-contra-pf-criticas-ao-stf-e-manifestacao-religiosa-confira-como-foi-o-ato-de-bolsonaro\/#respond"]}]},{"@type":"WebPage","@id":"https:\/\/brasilnoticias.org\/site\/defesa-contra-pf-criticas-ao-stf-e-manifestacao-religiosa-confira-como-foi-o-ato-de-bolsonaro\/","url":"https:\/\/brasilnoticias.org\/site\/defesa-contra-pf-criticas-ao-stf-e-manifestacao-religiosa-confira-como-foi-o-ato-de-bolsonaro\/","name":"Defesa contra PF, cr\u00edticas ao STF e manifesta\u00e7\u00e3o religiosa; Confira como foi o ato de Bolsonaro - Brasil not\u00edcias","isPartOf":{"@id":"https:\/\/brasilnoticias.org\/site\/#website"},"primaryImageOfPage":{"@id":"https:\/\/brasilnoticias.org\/site\/defesa-contra-pf-criticas-ao-stf-e-manifestacao-religiosa-confira-como-foi-o-ato-de-bolsonaro\/#primaryimage"},"image":{"@id":"https:\/\/brasilnoticias.org\/site\/defesa-contra-pf-criticas-ao-stf-e-manifestacao-religiosa-confira-como-foi-o-ato-de-bolsonaro\/#primaryimage"},"thumbnailUrl":"https:\/\/brasilnoticias.org\/site\/wp-content\/uploads\/2024\/02\/146615defesa-contra-pf-criticas-ao-stf-e-manifestacao-religiosa-confira-como-foi-o-ato-de-bolsonaro-3.jpg","datePublished":"2024-02-26T00:51:28+00:00","breadcrumb":{"@id":"https:\/\/brasilnoticias.org\/site\/defesa-contra-pf-criticas-ao-stf-e-manifestacao-religiosa-confira-como-foi-o-ato-de-bolsonaro\/#breadcrumb"},"inLanguage":"pt-PT","potentialAction":[{"@type":"ReadAction","target":["https:\/\/brasilnoticias.org\/site\/defesa-contra-pf-criticas-ao-stf-e-manifestacao-religiosa-confira-como-foi-o-ato-de-bolsonaro\/"]}]},{"@type":"ImageObject","inLanguage":"pt-PT","@id":"https:\/\/brasilnoticias.org\/site\/defesa-contra-pf-criticas-ao-stf-e-manifestacao-religiosa-confira-como-foi-o-ato-de-bolsonaro\/#primaryimage","url":"https:\/\/brasilnoticias.org\/site\/wp-content\/uploads\/2024\/02\/146615defesa-contra-pf-criticas-ao-stf-e-manifestacao-religiosa-confira-como-foi-o-ato-de-bolsonaro-3.jpg","contentUrl":"https:\/\/brasilnoticias.org\/site\/wp-content\/uploads\/2024\/02\/146615defesa-contra-pf-criticas-ao-stf-e-manifestacao-religiosa-confira-como-foi-o-ato-de-bolsonaro-3.jpg","width":1600,"height":752},{"@type":"BreadcrumbList","@id":"https:\/\/brasilnoticias.org\/site\/defesa-contra-pf-criticas-ao-stf-e-manifestacao-religiosa-confira-como-foi-o-ato-de-bolsonaro\/#breadcrumb","itemListElement":[{"@type":"ListItem","position":1,"name":"In\u00edcio","item":"https:\/\/brasilnoticias.org\/site\/"},{"@type":"ListItem","position":2,"name":"Defesa contra PF, cr\u00edticas ao STF e manifesta\u00e7\u00e3o religiosa; Confira como foi o ato de Bolsonaro"}]},{"@type":"WebSite","@id":"https:\/\/brasilnoticias.org\/site\/#website","url":"https:\/\/brasilnoticias.org\/site\/","name":"Brasil not\u00edcias","description":"Brasil not\u00edcias","publisher":{"@id":"https:\/\/brasilnoticias.org\/site\/#organization"},"potentialAction":[{"@type":"SearchAction","target":{"@type":"EntryPoint","urlTemplate":"https:\/\/brasilnoticias.org\/site\/?s={search_term_string}"},"query-input":{"@type":"PropertyValueSpecification","valueRequired":true,"valueName":"search_term_string"}}],"inLanguage":"pt-PT"},{"@type":"Organization","@id":"https:\/\/brasilnoticias.org\/site\/#organization","name":"Brasil not\u00edcias","url":"https:\/\/brasilnoticias.org\/site\/","logo":{"@type":"ImageObject","inLanguage":"pt-PT","@id":"https:\/\/brasilnoticias.org\/site\/#\/schema\/logo\/image\/","url":"https:\/\/brasilnoticias.org\/site\/wp-content\/uploads\/2022\/05\/cropped-brasilnoticias-mini.jpg","contentUrl":"https:\/\/brasilnoticias.org\/site\/wp-content\/uploads\/2022\/05\/cropped-brasilnoticias-mini.jpg","width":314,"height":86,"caption":"Brasil not\u00edcias"},"image":{"@id":"https:\/\/brasilnoticias.org\/site\/#\/schema\/logo\/image\/"}},{"@type":"Person","@id":"https:\/\/brasilnoticias.org\/site\/#\/schema\/person\/03bbbfe6c7634ad18c26444ea39049fa","name":"Reda\u00e7\u00e3o","image":{"@type":"ImageObject","inLanguage":"pt-PT","@id":"https:\/\/brasilnoticias.org\/site\/#\/schema\/person\/image\/","url":"https:\/\/secure.gravatar.com\/avatar\/9ecaf7327a696cb23ad926fedded5f1f04d7049de9e445375d55b48c001a6e42?s=96&d=mm&r=g","contentUrl":"https:\/\/secure.gravatar.com\/avatar\/9ecaf7327a696cb23ad926fedded5f1f04d7049de9e445375d55b48c001a6e42?s=96&d=mm&r=g","caption":"Reda\u00e7\u00e3o"},"url":"https:\/\/brasilnoticias.org\/site\/author\/henrique\/"}]}},"_links":{"self":[{"href":"https:\/\/brasilnoticias.org\/site\/wp-json\/wp\/v2\/posts\/12861","targetHints":{"allow":["GET"]}}],"collection":[{"href":"https:\/\/brasilnoticias.org\/site\/wp-json\/wp\/v2\/posts"}],"about":[{"href":"https:\/\/brasilnoticias.org\/site\/wp-json\/wp\/v2\/types\/post"}],"author":[{"embeddable":true,"href":"https:\/\/brasilnoticias.org\/site\/wp-json\/wp\/v2\/users\/4"}],"replies":[{"embeddable":true,"href":"https:\/\/brasilnoticias.org\/site\/wp-json\/wp\/v2\/comments?post=12861"}],"version-history":[{"count":1,"href":"https:\/\/brasilnoticias.org\/site\/wp-json\/wp\/v2\/posts\/12861\/revisions"}],"predecessor-version":[{"id":12863,"href":"https:\/\/brasilnoticias.org\/site\/wp-json\/wp\/v2\/posts\/12861\/revisions\/12863"}],"wp:featuredmedia":[{"embeddable":true,"href":"https:\/\/brasilnoticias.org\/site\/wp-json\/wp\/v2\/media\/12862"}],"wp:attachment":[{"href":"https:\/\/brasilnoticias.org\/site\/wp-json\/wp\/v2\/media?parent=12861"}],"wp:term":[{"taxonomy":"category","embeddable":true,"href":"https:\/\/brasilnoticias.org\/site\/wp-json\/wp\/v2\/categories?post=12861"},{"taxonomy":"post_tag","embeddable":true,"href":"https:\/\/brasilnoticias.org\/site\/wp-json\/wp\/v2\/tags?post=12861"}],"curies":[{"name":"wp","href":"https:\/\/api.w.org\/{rel}","templated":true}]}}