{"id":12868,"date":"2024-02-27T15:12:21","date_gmt":"2024-02-27T18:12:21","guid":{"rendered":"https:\/\/brasilnoticias.org\/site\/?p=12868"},"modified":"2024-02-27T15:12:21","modified_gmt":"2024-02-27T18:12:21","slug":"faustao-passa-por-transplante-de-rim-em-sp","status":"publish","type":"post","link":"https:\/\/brasilnoticias.org\/site\/faustao-passa-por-transplante-de-rim-em-sp\/","title":{"rendered":"Faust\u00e3o passa por transplante de rim em SP"},"content":{"rendered":"<p>A informa\u00e7\u00e3o foi confirmada pela assessoria de imprensa do Hospital Albert Einstein; procedimento foi realizado na segunda-feira (26)<\/p>\n<p>O apresentador Fausto Silva, o Faust\u00e3o, passou por um transplante de rim na segunda-feira (26), no Hospital Albert Einstein, na Zona Sul de S\u00e3o Paulo.  A informa\u00e7\u00e3o foi confirmada pela assessoria de imprensa do hospital.<\/p>\n<p>De acordo com a nota, Faust\u00e3o deu entrada no \u00faltimo domingo (25), para se preparar para o transplante. A cirurgia ocorreu sem intercorr\u00eancias. <\/p>\n<p>&#8220;O paciente Fausto Silva deu entrada no Hospital Israelita Albert Einstein no dia 25 de fevereiro para prepara\u00e7\u00e3o para um transplante de rim, em fun\u00e7\u00e3o do agravamento de uma doen\u00e7a renal cr\u00f4nica, ap\u00f3s o Einstein ter sido acionado pela Central de Transplantes do Estado de S\u00e3o Paulo e realizado a avalia\u00e7\u00e3o sobre a compatibilidade do \u00f3rg\u00e3o doado. A cirurgia aconteceu, sem intercorr\u00eancias, na manh\u00e3 de ontem (26). O paciente seguir\u00e1 em observa\u00e7\u00e3o para acompanhamento da adapta\u00e7\u00e3o do \u00f3rg\u00e3o e controle cl\u00ednico&#8221;.<\/p>\n<p>Foto: Divulga\u00e7\u00e3o\/Band\/Renato Pizzutto<br \/>\nPor: Metro1 <\/p>\n","protected":false},"excerpt":{"rendered":"<p>A informa\u00e7\u00e3o foi confirmada pela assessoria de imprensa do Hospital Albert Einstein; procedimento foi realizado na segunda-feira (26) O apresentador<\/p>\n","protected":false},"author":4,"featured_media":12869,"comment_status":"open","ping_status":"open","sticky":false,"template":"","format":"standard","meta":{"colormag_page_container_layout":"default_layout","colormag_page_sidebar_layout":"default_layout","_FSMCFIC_featured_image_caption":"","_FSMCFIC_featured_image_nocaption":"","_FSMCFIC_featured_image_hide":"","footnotes":""},"categories":[2,1],"tags":[],"class_list":["post-12868","post","type-post","status-publish","format-standard","has-post-thumbnail","hentry","category-noticias","category-ultimas"],"yoast_head":"<!-- This site is optimized with the Yoast SEO plugin v27.1.1 - https:\/\/yoast.com\/product\/yoast-seo-wordpress\/ -->\n<title>Faust\u00e3o passa por transplante de rim em SP - Brasil not\u00edcias<\/title>\n<meta name=\"robots\" content=\"index, follow, max-snippet:-1, max-image-preview:large, max-video-preview:-1\" \/>\n<link rel=\"canonical\" href=\"https:\/\/brasilnoticias.org\/site\/faustao-passa-por-transplante-de-rim-em-sp\/\" \/>\n<meta property=\"og:locale\" content=\"pt_PT\" \/>\n<meta property=\"og:type\" content=\"article\" \/>\n<meta property=\"og:title\" content=\"Faust\u00e3o passa por transplante de rim em SP - Brasil not\u00edcias\" \/>\n<meta property=\"og:description\" content=\"A informa\u00e7\u00e3o foi confirmada pela assessoria de imprensa do Hospital Albert Einstein; procedimento foi realizado na segunda-feira (26) O apresentador\" \/>\n<meta property=\"og:url\" content=\"https:\/\/brasilnoticias.org\/site\/faustao-passa-por-transplante-de-rim-em-sp\/\" \/>\n<meta property=\"og:site_name\" content=\"Brasil not\u00edcias\" \/>\n<meta property=\"article:published_time\" content=\"2024-02-27T18:12:21+00:00\" \/>\n<meta property=\"og:image\" content=\"https:\/\/brasilnoticias.org\/site\/wp-content\/uploads\/2024\/02\/146694faustao-passa-por-transplante-de-rim-em-sp-3.jpg\" \/>\n\t<meta property=\"og:image:width\" content=\"1600\" \/>\n\t<meta property=\"og:image:height\" content=\"752\" \/>\n\t<meta property=\"og:image:type\" content=\"image\/jpeg\" \/>\n<meta name=\"author\" content=\"Reda\u00e7\u00e3o\" \/>\n<meta name=\"twitter:card\" content=\"summary_large_image\" \/>\n<meta name=\"twitter:label1\" content=\"Escrito por\" \/>\n\t<meta name=\"twitter:data1\" content=\"Reda\u00e7\u00e3o\" \/>\n\t<meta name=\"twitter:label2\" content=\"Tempo estimado de leitura\" \/>\n\t<meta name=\"twitter:data2\" content=\"1 minuto\" \/>\n<script type=\"application\/ld+json\" class=\"yoast-schema-graph\">{\"@context\":\"https:\/\/schema.org\",\"@graph\":[{\"@type\":\"Article\",\"@id\":\"https:\/\/brasilnoticias.org\/site\/faustao-passa-por-transplante-de-rim-em-sp\/#article\",\"isPartOf\":{\"@id\":\"https:\/\/brasilnoticias.org\/site\/faustao-passa-por-transplante-de-rim-em-sp\/\"},\"author\":{\"name\":\"Reda\u00e7\u00e3o\",\"@id\":\"https:\/\/brasilnoticias.org\/site\/#\/schema\/person\/03bbbfe6c7634ad18c26444ea39049fa\"},\"headline\":\"Faust\u00e3o passa por transplante de rim em SP\",\"datePublished\":\"2024-02-27T18:12:21+00:00\",\"mainEntityOfPage\":{\"@id\":\"https:\/\/brasilnoticias.org\/site\/faustao-passa-por-transplante-de-rim-em-sp\/\"},\"wordCount\":188,\"commentCount\":0,\"publisher\":{\"@id\":\"https:\/\/brasilnoticias.org\/site\/#organization\"},\"image\":{\"@id\":\"https:\/\/brasilnoticias.org\/site\/faustao-passa-por-transplante-de-rim-em-sp\/#primaryimage\"},\"thumbnailUrl\":\"https:\/\/brasilnoticias.org\/site\/wp-content\/uploads\/2024\/02\/146694faustao-passa-por-transplante-de-rim-em-sp-3.jpg\",\"articleSection\":[\"Not\u00edcias\",\"\u00daltimas\"],\"inLanguage\":\"pt-PT\",\"potentialAction\":[{\"@type\":\"CommentAction\",\"name\":\"Comment\",\"target\":[\"https:\/\/brasilnoticias.org\/site\/faustao-passa-por-transplante-de-rim-em-sp\/#respond\"]}]},{\"@type\":\"WebPage\",\"@id\":\"https:\/\/brasilnoticias.org\/site\/faustao-passa-por-transplante-de-rim-em-sp\/\",\"url\":\"https:\/\/brasilnoticias.org\/site\/faustao-passa-por-transplante-de-rim-em-sp\/\",\"name\":\"Faust\u00e3o passa por transplante de rim em SP - Brasil not\u00edcias\",\"isPartOf\":{\"@id\":\"https:\/\/brasilnoticias.org\/site\/#website\"},\"primaryImageOfPage\":{\"@id\":\"https:\/\/brasilnoticias.org\/site\/faustao-passa-por-transplante-de-rim-em-sp\/#primaryimage\"},\"image\":{\"@id\":\"https:\/\/brasilnoticias.org\/site\/faustao-passa-por-transplante-de-rim-em-sp\/#primaryimage\"},\"thumbnailUrl\":\"https:\/\/brasilnoticias.org\/site\/wp-content\/uploads\/2024\/02\/146694faustao-passa-por-transplante-de-rim-em-sp-3.jpg\",\"datePublished\":\"2024-02-27T18:12:21+00:00\",\"breadcrumb\":{\"@id\":\"https:\/\/brasilnoticias.org\/site\/faustao-passa-por-transplante-de-rim-em-sp\/#breadcrumb\"},\"inLanguage\":\"pt-PT\",\"potentialAction\":[{\"@type\":\"ReadAction\",\"target\":[\"https:\/\/brasilnoticias.org\/site\/faustao-passa-por-transplante-de-rim-em-sp\/\"]}]},{\"@type\":\"ImageObject\",\"inLanguage\":\"pt-PT\",\"@id\":\"https:\/\/brasilnoticias.org\/site\/faustao-passa-por-transplante-de-rim-em-sp\/#primaryimage\",\"url\":\"https:\/\/brasilnoticias.org\/site\/wp-content\/uploads\/2024\/02\/146694faustao-passa-por-transplante-de-rim-em-sp-3.jpg\",\"contentUrl\":\"https:\/\/brasilnoticias.org\/site\/wp-content\/uploads\/2024\/02\/146694faustao-passa-por-transplante-de-rim-em-sp-3.jpg\",\"width\":1600,\"height\":752},{\"@type\":\"BreadcrumbList\",\"@id\":\"https:\/\/brasilnoticias.org\/site\/faustao-passa-por-transplante-de-rim-em-sp\/#breadcrumb\",\"itemListElement\":[{\"@type\":\"ListItem\",\"position\":1,\"name\":\"In\u00edcio\",\"item\":\"https:\/\/brasilnoticias.org\/site\/\"},{\"@type\":\"ListItem\",\"position\":2,\"name\":\"Faust\u00e3o passa por transplante de rim em SP\"}]},{\"@type\":\"WebSite\",\"@id\":\"https:\/\/brasilnoticias.org\/site\/#website\",\"url\":\"https:\/\/brasilnoticias.org\/site\/\",\"name\":\"Brasil not\u00edcias\",\"description\":\"Brasil not\u00edcias\",\"publisher\":{\"@id\":\"https:\/\/brasilnoticias.org\/site\/#organization\"},\"potentialAction\":[{\"@type\":\"SearchAction\",\"target\":{\"@type\":\"EntryPoint\",\"urlTemplate\":\"https:\/\/brasilnoticias.org\/site\/?s={search_term_string}\"},\"query-input\":{\"@type\":\"PropertyValueSpecification\",\"valueRequired\":true,\"valueName\":\"search_term_string\"}}],\"inLanguage\":\"pt-PT\"},{\"@type\":\"Organization\",\"@id\":\"https:\/\/brasilnoticias.org\/site\/#organization\",\"name\":\"Brasil not\u00edcias\",\"url\":\"https:\/\/brasilnoticias.org\/site\/\",\"logo\":{\"@type\":\"ImageObject\",\"inLanguage\":\"pt-PT\",\"@id\":\"https:\/\/brasilnoticias.org\/site\/#\/schema\/logo\/image\/\",\"url\":\"https:\/\/brasilnoticias.org\/site\/wp-content\/uploads\/2022\/05\/cropped-brasilnoticias-mini.jpg\",\"contentUrl\":\"https:\/\/brasilnoticias.org\/site\/wp-content\/uploads\/2022\/05\/cropped-brasilnoticias-mini.jpg\",\"width\":314,\"height\":86,\"caption\":\"Brasil not\u00edcias\"},\"image\":{\"@id\":\"https:\/\/brasilnoticias.org\/site\/#\/schema\/logo\/image\/\"}},{\"@type\":\"Person\",\"@id\":\"https:\/\/brasilnoticias.org\/site\/#\/schema\/person\/03bbbfe6c7634ad18c26444ea39049fa\",\"name\":\"Reda\u00e7\u00e3o\",\"image\":{\"@type\":\"ImageObject\",\"inLanguage\":\"pt-PT\",\"@id\":\"https:\/\/brasilnoticias.org\/site\/#\/schema\/person\/image\/\",\"url\":\"https:\/\/secure.gravatar.com\/avatar\/9ecaf7327a696cb23ad926fedded5f1f04d7049de9e445375d55b48c001a6e42?s=96&d=mm&r=g\",\"contentUrl\":\"https:\/\/secure.gravatar.com\/avatar\/9ecaf7327a696cb23ad926fedded5f1f04d7049de9e445375d55b48c001a6e42?s=96&d=mm&r=g\",\"caption\":\"Reda\u00e7\u00e3o\"},\"url\":\"https:\/\/brasilnoticias.org\/site\/author\/henrique\/\"}]}<\/script>\n<!-- \/ Yoast SEO plugin. -->","yoast_head_json":{"title":"Faust\u00e3o passa por transplante de rim em SP - Brasil not\u00edcias","robots":{"index":"index","follow":"follow","max-snippet":"max-snippet:-1","max-image-preview":"max-image-preview:large","max-video-preview":"max-video-preview:-1"},"canonical":"https:\/\/brasilnoticias.org\/site\/faustao-passa-por-transplante-de-rim-em-sp\/","og_locale":"pt_PT","og_type":"article","og_title":"Faust\u00e3o passa por transplante de rim em SP - Brasil not\u00edcias","og_description":"A informa\u00e7\u00e3o foi confirmada pela assessoria de imprensa do Hospital Albert Einstein; procedimento foi realizado na segunda-feira (26) O apresentador","og_url":"https:\/\/brasilnoticias.org\/site\/faustao-passa-por-transplante-de-rim-em-sp\/","og_site_name":"Brasil not\u00edcias","article_published_time":"2024-02-27T18:12:21+00:00","og_image":[{"width":1600,"height":752,"url":"https:\/\/brasilnoticias.org\/site\/wp-content\/uploads\/2024\/02\/146694faustao-passa-por-transplante-de-rim-em-sp-3.jpg","type":"image\/jpeg"}],"author":"Reda\u00e7\u00e3o","twitter_card":"summary_large_image","twitter_misc":{"Escrito por":"Reda\u00e7\u00e3o","Tempo estimado de leitura":"1 minuto"},"schema":{"@context":"https:\/\/schema.org","@graph":[{"@type":"Article","@id":"https:\/\/brasilnoticias.org\/site\/faustao-passa-por-transplante-de-rim-em-sp\/#article","isPartOf":{"@id":"https:\/\/brasilnoticias.org\/site\/faustao-passa-por-transplante-de-rim-em-sp\/"},"author":{"name":"Reda\u00e7\u00e3o","@id":"https:\/\/brasilnoticias.org\/site\/#\/schema\/person\/03bbbfe6c7634ad18c26444ea39049fa"},"headline":"Faust\u00e3o passa por transplante de rim em SP","datePublished":"2024-02-27T18:12:21+00:00","mainEntityOfPage":{"@id":"https:\/\/brasilnoticias.org\/site\/faustao-passa-por-transplante-de-rim-em-sp\/"},"wordCount":188,"commentCount":0,"publisher":{"@id":"https:\/\/brasilnoticias.org\/site\/#organization"},"image":{"@id":"https:\/\/brasilnoticias.org\/site\/faustao-passa-por-transplante-de-rim-em-sp\/#primaryimage"},"thumbnailUrl":"https:\/\/brasilnoticias.org\/site\/wp-content\/uploads\/2024\/02\/146694faustao-passa-por-transplante-de-rim-em-sp-3.jpg","articleSection":["Not\u00edcias","\u00daltimas"],"inLanguage":"pt-PT","potentialAction":[{"@type":"CommentAction","name":"Comment","target":["https:\/\/brasilnoticias.org\/site\/faustao-passa-por-transplante-de-rim-em-sp\/#respond"]}]},{"@type":"WebPage","@id":"https:\/\/brasilnoticias.org\/site\/faustao-passa-por-transplante-de-rim-em-sp\/","url":"https:\/\/brasilnoticias.org\/site\/faustao-passa-por-transplante-de-rim-em-sp\/","name":"Faust\u00e3o passa por transplante de rim em SP - Brasil not\u00edcias","isPartOf":{"@id":"https:\/\/brasilnoticias.org\/site\/#website"},"primaryImageOfPage":{"@id":"https:\/\/brasilnoticias.org\/site\/faustao-passa-por-transplante-de-rim-em-sp\/#primaryimage"},"image":{"@id":"https:\/\/brasilnoticias.org\/site\/faustao-passa-por-transplante-de-rim-em-sp\/#primaryimage"},"thumbnailUrl":"https:\/\/brasilnoticias.org\/site\/wp-content\/uploads\/2024\/02\/146694faustao-passa-por-transplante-de-rim-em-sp-3.jpg","datePublished":"2024-02-27T18:12:21+00:00","breadcrumb":{"@id":"https:\/\/brasilnoticias.org\/site\/faustao-passa-por-transplante-de-rim-em-sp\/#breadcrumb"},"inLanguage":"pt-PT","potentialAction":[{"@type":"ReadAction","target":["https:\/\/brasilnoticias.org\/site\/faustao-passa-por-transplante-de-rim-em-sp\/"]}]},{"@type":"ImageObject","inLanguage":"pt-PT","@id":"https:\/\/brasilnoticias.org\/site\/faustao-passa-por-transplante-de-rim-em-sp\/#primaryimage","url":"https:\/\/brasilnoticias.org\/site\/wp-content\/uploads\/2024\/02\/146694faustao-passa-por-transplante-de-rim-em-sp-3.jpg","contentUrl":"https:\/\/brasilnoticias.org\/site\/wp-content\/uploads\/2024\/02\/146694faustao-passa-por-transplante-de-rim-em-sp-3.jpg","width":1600,"height":752},{"@type":"BreadcrumbList","@id":"https:\/\/brasilnoticias.org\/site\/faustao-passa-por-transplante-de-rim-em-sp\/#breadcrumb","itemListElement":[{"@type":"ListItem","position":1,"name":"In\u00edcio","item":"https:\/\/brasilnoticias.org\/site\/"},{"@type":"ListItem","position":2,"name":"Faust\u00e3o passa por transplante de rim em SP"}]},{"@type":"WebSite","@id":"https:\/\/brasilnoticias.org\/site\/#website","url":"https:\/\/brasilnoticias.org\/site\/","name":"Brasil not\u00edcias","description":"Brasil not\u00edcias","publisher":{"@id":"https:\/\/brasilnoticias.org\/site\/#organization"},"potentialAction":[{"@type":"SearchAction","target":{"@type":"EntryPoint","urlTemplate":"https:\/\/brasilnoticias.org\/site\/?s={search_term_string}"},"query-input":{"@type":"PropertyValueSpecification","valueRequired":true,"valueName":"search_term_string"}}],"inLanguage":"pt-PT"},{"@type":"Organization","@id":"https:\/\/brasilnoticias.org\/site\/#organization","name":"Brasil not\u00edcias","url":"https:\/\/brasilnoticias.org\/site\/","logo":{"@type":"ImageObject","inLanguage":"pt-PT","@id":"https:\/\/brasilnoticias.org\/site\/#\/schema\/logo\/image\/","url":"https:\/\/brasilnoticias.org\/site\/wp-content\/uploads\/2022\/05\/cropped-brasilnoticias-mini.jpg","contentUrl":"https:\/\/brasilnoticias.org\/site\/wp-content\/uploads\/2022\/05\/cropped-brasilnoticias-mini.jpg","width":314,"height":86,"caption":"Brasil not\u00edcias"},"image":{"@id":"https:\/\/brasilnoticias.org\/site\/#\/schema\/logo\/image\/"}},{"@type":"Person","@id":"https:\/\/brasilnoticias.org\/site\/#\/schema\/person\/03bbbfe6c7634ad18c26444ea39049fa","name":"Reda\u00e7\u00e3o","image":{"@type":"ImageObject","inLanguage":"pt-PT","@id":"https:\/\/brasilnoticias.org\/site\/#\/schema\/person\/image\/","url":"https:\/\/secure.gravatar.com\/avatar\/9ecaf7327a696cb23ad926fedded5f1f04d7049de9e445375d55b48c001a6e42?s=96&d=mm&r=g","contentUrl":"https:\/\/secure.gravatar.com\/avatar\/9ecaf7327a696cb23ad926fedded5f1f04d7049de9e445375d55b48c001a6e42?s=96&d=mm&r=g","caption":"Reda\u00e7\u00e3o"},"url":"https:\/\/brasilnoticias.org\/site\/author\/henrique\/"}]}},"_links":{"self":[{"href":"https:\/\/brasilnoticias.org\/site\/wp-json\/wp\/v2\/posts\/12868","targetHints":{"allow":["GET"]}}],"collection":[{"href":"https:\/\/brasilnoticias.org\/site\/wp-json\/wp\/v2\/posts"}],"about":[{"href":"https:\/\/brasilnoticias.org\/site\/wp-json\/wp\/v2\/types\/post"}],"author":[{"embeddable":true,"href":"https:\/\/brasilnoticias.org\/site\/wp-json\/wp\/v2\/users\/4"}],"replies":[{"embeddable":true,"href":"https:\/\/brasilnoticias.org\/site\/wp-json\/wp\/v2\/comments?post=12868"}],"version-history":[{"count":1,"href":"https:\/\/brasilnoticias.org\/site\/wp-json\/wp\/v2\/posts\/12868\/revisions"}],"predecessor-version":[{"id":12870,"href":"https:\/\/brasilnoticias.org\/site\/wp-json\/wp\/v2\/posts\/12868\/revisions\/12870"}],"wp:featuredmedia":[{"embeddable":true,"href":"https:\/\/brasilnoticias.org\/site\/wp-json\/wp\/v2\/media\/12869"}],"wp:attachment":[{"href":"https:\/\/brasilnoticias.org\/site\/wp-json\/wp\/v2\/media?parent=12868"}],"wp:term":[{"taxonomy":"category","embeddable":true,"href":"https:\/\/brasilnoticias.org\/site\/wp-json\/wp\/v2\/categories?post=12868"},{"taxonomy":"post_tag","embeddable":true,"href":"https:\/\/brasilnoticias.org\/site\/wp-json\/wp\/v2\/tags?post=12868"}],"curies":[{"name":"wp","href":"https:\/\/api.w.org\/{rel}","templated":true}]}}