{"id":12871,"date":"2024-02-27T15:13:31","date_gmt":"2024-02-27T18:13:31","guid":{"rendered":"https:\/\/brasilnoticias.org\/site\/?p=12871"},"modified":"2024-02-27T15:13:31","modified_gmt":"2024-02-27T18:13:31","slug":"jair-tercio-e-condenado-a-mais-de-17-anos-de-prisao-por-estuprar-seguidoras","status":"publish","type":"post","link":"https:\/\/brasilnoticias.org\/site\/jair-tercio-e-condenado-a-mais-de-17-anos-de-prisao-por-estuprar-seguidoras\/","title":{"rendered":"Jair T\u00e9rcio \u00e9 condenado a mais de 17 anos de pris\u00e3o por estuprar seguidoras"},"content":{"rendered":"<p>Decis\u00e3o em segunda inst\u00e2ncia foi assinada na \u00faltima ter\u00e7a-feira (20) contra o l\u00edder religioso<\/p>\n<p>Jair T\u00e9rcio Cunha,  l\u00edder religioso e ex-gr\u00e3o mestre de uma loja ma\u00e7\u00f4nica no estado da Bahia, foi condenado a 17 anos e seis meses de pris\u00e3o em regime fechado inicialmente. A decis\u00e3o em segunda inst\u00e2ncia aumentou a pena dele, que antes era de 13 anos e quatro meses.<\/p>\n<p>Na primeira inst\u00e2ncia, T\u00e9rcio foi enquadrado no artigo 217, que se refere a crime de viola\u00e7\u00e3o de pessoa vulner\u00e1vel. Sua defesa havia tentado pedir altera\u00e7\u00e3o para o artigo 215, que trata do crime de importuna\u00e7\u00e3o sexual, mas n\u00e3o foi obtido. <\/p>\n<p>&#8220;\u00c9 robusta e s\u00f3lida a prova colhida nos autos, em fase judicial, no sentido de que o ora apelante, Jair T\u00e9rcio Cunha Costa, efetivamente cometeu o crime de estupro de vulner\u00e1vel, ou seja, a instru\u00e7\u00e3o processual logrou comprovar a justa causa penal do delito previsto no art. 217-A, \u00a71\u00ba do CPB, sendo descabido o pedido absolut\u00f3rio, tampouco de desclassifica\u00e7\u00e3o para o delito previsto no art. 215 do C\u00f3digo Penal. Isto posto, rejeito a pretens\u00e3o desclassificat\u00f3ria da Defesa&#8221;, diz trecho da decis\u00e3o assinada pelo juiz Pedro Augusto Costa na \u00faltima ter\u00e7a-feira (20).<\/p>\n<p>T\u00e9rcio foi denunciado em 2020 por viola\u00e7\u00e3o sexual mediante fraude e estupro por manter rela\u00e7\u00f5es sexuais com uma menor de 14 anos. O l\u00edder religioso segue foragido da Justi\u00e7a.<\/p>\n<p>Foto: Reprodu\u00e7\u00e3o\/ Fant\u00e1stico\/ TV Globo<br \/>\nPor: Metro1 <\/p>\n","protected":false},"excerpt":{"rendered":"<p>Decis\u00e3o em segunda inst\u00e2ncia foi assinada na \u00faltima ter\u00e7a-feira (20) contra o l\u00edder religioso Jair T\u00e9rcio Cunha, l\u00edder religioso e<\/p>\n","protected":false},"author":4,"featured_media":12872,"comment_status":"open","ping_status":"open","sticky":false,"template":"","format":"standard","meta":{"colormag_page_container_layout":"default_layout","colormag_page_sidebar_layout":"default_layout","_FSMCFIC_featured_image_caption":"","_FSMCFIC_featured_image_nocaption":"","_FSMCFIC_featured_image_hide":"","footnotes":""},"categories":[7,1],"tags":[],"class_list":["post-12871","post","type-post","status-publish","format-standard","has-post-thumbnail","hentry","category-justica","category-ultimas"],"yoast_head":"<!-- This site is optimized with the Yoast SEO plugin v27.1.1 - https:\/\/yoast.com\/product\/yoast-seo-wordpress\/ -->\n<title>Jair T\u00e9rcio \u00e9 condenado a mais de 17 anos de pris\u00e3o por estuprar seguidoras - Brasil not\u00edcias<\/title>\n<meta name=\"robots\" content=\"index, follow, max-snippet:-1, max-image-preview:large, max-video-preview:-1\" \/>\n<link rel=\"canonical\" href=\"https:\/\/brasilnoticias.org\/site\/jair-tercio-e-condenado-a-mais-de-17-anos-de-prisao-por-estuprar-seguidoras\/\" \/>\n<meta property=\"og:locale\" content=\"pt_PT\" \/>\n<meta property=\"og:type\" content=\"article\" \/>\n<meta property=\"og:title\" content=\"Jair T\u00e9rcio \u00e9 condenado a mais de 17 anos de pris\u00e3o por estuprar seguidoras - Brasil not\u00edcias\" \/>\n<meta property=\"og:description\" content=\"Decis\u00e3o em segunda inst\u00e2ncia foi assinada na \u00faltima ter\u00e7a-feira (20) contra o l\u00edder religioso Jair T\u00e9rcio Cunha, l\u00edder religioso e\" \/>\n<meta property=\"og:url\" content=\"https:\/\/brasilnoticias.org\/site\/jair-tercio-e-condenado-a-mais-de-17-anos-de-prisao-por-estuprar-seguidoras\/\" \/>\n<meta property=\"og:site_name\" content=\"Brasil not\u00edcias\" \/>\n<meta property=\"article:published_time\" content=\"2024-02-27T18:13:31+00:00\" \/>\n<meta property=\"og:image\" content=\"https:\/\/brasilnoticias.org\/site\/wp-content\/uploads\/2024\/02\/146686jair-tercio-e-condenado-a-mais-de-17-anos-de-prisao-por-estuprar-seguidoras-3.jpg\" \/>\n\t<meta property=\"og:image:width\" content=\"1600\" \/>\n\t<meta property=\"og:image:height\" content=\"752\" \/>\n\t<meta property=\"og:image:type\" content=\"image\/jpeg\" \/>\n<meta name=\"author\" content=\"Reda\u00e7\u00e3o\" \/>\n<meta name=\"twitter:card\" content=\"summary_large_image\" \/>\n<meta name=\"twitter:label1\" content=\"Escrito por\" \/>\n\t<meta name=\"twitter:data1\" content=\"Reda\u00e7\u00e3o\" \/>\n\t<meta name=\"twitter:label2\" content=\"Tempo estimado de leitura\" \/>\n\t<meta name=\"twitter:data2\" content=\"1 minuto\" \/>\n<script type=\"application\/ld+json\" class=\"yoast-schema-graph\">{\"@context\":\"https:\/\/schema.org\",\"@graph\":[{\"@type\":\"Article\",\"@id\":\"https:\/\/brasilnoticias.org\/site\/jair-tercio-e-condenado-a-mais-de-17-anos-de-prisao-por-estuprar-seguidoras\/#article\",\"isPartOf\":{\"@id\":\"https:\/\/brasilnoticias.org\/site\/jair-tercio-e-condenado-a-mais-de-17-anos-de-prisao-por-estuprar-seguidoras\/\"},\"author\":{\"name\":\"Reda\u00e7\u00e3o\",\"@id\":\"https:\/\/brasilnoticias.org\/site\/#\/schema\/person\/03bbbfe6c7634ad18c26444ea39049fa\"},\"headline\":\"Jair T\u00e9rcio \u00e9 condenado a mais de 17 anos de pris\u00e3o por estuprar seguidoras\",\"datePublished\":\"2024-02-27T18:13:31+00:00\",\"mainEntityOfPage\":{\"@id\":\"https:\/\/brasilnoticias.org\/site\/jair-tercio-e-condenado-a-mais-de-17-anos-de-prisao-por-estuprar-seguidoras\/\"},\"wordCount\":268,\"commentCount\":0,\"publisher\":{\"@id\":\"https:\/\/brasilnoticias.org\/site\/#organization\"},\"image\":{\"@id\":\"https:\/\/brasilnoticias.org\/site\/jair-tercio-e-condenado-a-mais-de-17-anos-de-prisao-por-estuprar-seguidoras\/#primaryimage\"},\"thumbnailUrl\":\"https:\/\/brasilnoticias.org\/site\/wp-content\/uploads\/2024\/02\/146686jair-tercio-e-condenado-a-mais-de-17-anos-de-prisao-por-estuprar-seguidoras-3.jpg\",\"articleSection\":[\"Justi\u00e7a\",\"\u00daltimas\"],\"inLanguage\":\"pt-PT\",\"potentialAction\":[{\"@type\":\"CommentAction\",\"name\":\"Comment\",\"target\":[\"https:\/\/brasilnoticias.org\/site\/jair-tercio-e-condenado-a-mais-de-17-anos-de-prisao-por-estuprar-seguidoras\/#respond\"]}]},{\"@type\":\"WebPage\",\"@id\":\"https:\/\/brasilnoticias.org\/site\/jair-tercio-e-condenado-a-mais-de-17-anos-de-prisao-por-estuprar-seguidoras\/\",\"url\":\"https:\/\/brasilnoticias.org\/site\/jair-tercio-e-condenado-a-mais-de-17-anos-de-prisao-por-estuprar-seguidoras\/\",\"name\":\"Jair T\u00e9rcio \u00e9 condenado a mais de 17 anos de pris\u00e3o por estuprar seguidoras - Brasil not\u00edcias\",\"isPartOf\":{\"@id\":\"https:\/\/brasilnoticias.org\/site\/#website\"},\"primaryImageOfPage\":{\"@id\":\"https:\/\/brasilnoticias.org\/site\/jair-tercio-e-condenado-a-mais-de-17-anos-de-prisao-por-estuprar-seguidoras\/#primaryimage\"},\"image\":{\"@id\":\"https:\/\/brasilnoticias.org\/site\/jair-tercio-e-condenado-a-mais-de-17-anos-de-prisao-por-estuprar-seguidoras\/#primaryimage\"},\"thumbnailUrl\":\"https:\/\/brasilnoticias.org\/site\/wp-content\/uploads\/2024\/02\/146686jair-tercio-e-condenado-a-mais-de-17-anos-de-prisao-por-estuprar-seguidoras-3.jpg\",\"datePublished\":\"2024-02-27T18:13:31+00:00\",\"breadcrumb\":{\"@id\":\"https:\/\/brasilnoticias.org\/site\/jair-tercio-e-condenado-a-mais-de-17-anos-de-prisao-por-estuprar-seguidoras\/#breadcrumb\"},\"inLanguage\":\"pt-PT\",\"potentialAction\":[{\"@type\":\"ReadAction\",\"target\":[\"https:\/\/brasilnoticias.org\/site\/jair-tercio-e-condenado-a-mais-de-17-anos-de-prisao-por-estuprar-seguidoras\/\"]}]},{\"@type\":\"ImageObject\",\"inLanguage\":\"pt-PT\",\"@id\":\"https:\/\/brasilnoticias.org\/site\/jair-tercio-e-condenado-a-mais-de-17-anos-de-prisao-por-estuprar-seguidoras\/#primaryimage\",\"url\":\"https:\/\/brasilnoticias.org\/site\/wp-content\/uploads\/2024\/02\/146686jair-tercio-e-condenado-a-mais-de-17-anos-de-prisao-por-estuprar-seguidoras-3.jpg\",\"contentUrl\":\"https:\/\/brasilnoticias.org\/site\/wp-content\/uploads\/2024\/02\/146686jair-tercio-e-condenado-a-mais-de-17-anos-de-prisao-por-estuprar-seguidoras-3.jpg\",\"width\":1600,\"height\":752},{\"@type\":\"BreadcrumbList\",\"@id\":\"https:\/\/brasilnoticias.org\/site\/jair-tercio-e-condenado-a-mais-de-17-anos-de-prisao-por-estuprar-seguidoras\/#breadcrumb\",\"itemListElement\":[{\"@type\":\"ListItem\",\"position\":1,\"name\":\"In\u00edcio\",\"item\":\"https:\/\/brasilnoticias.org\/site\/\"},{\"@type\":\"ListItem\",\"position\":2,\"name\":\"Jair T\u00e9rcio \u00e9 condenado a mais de 17 anos de pris\u00e3o por estuprar seguidoras\"}]},{\"@type\":\"WebSite\",\"@id\":\"https:\/\/brasilnoticias.org\/site\/#website\",\"url\":\"https:\/\/brasilnoticias.org\/site\/\",\"name\":\"Brasil not\u00edcias\",\"description\":\"Brasil not\u00edcias\",\"publisher\":{\"@id\":\"https:\/\/brasilnoticias.org\/site\/#organization\"},\"potentialAction\":[{\"@type\":\"SearchAction\",\"target\":{\"@type\":\"EntryPoint\",\"urlTemplate\":\"https:\/\/brasilnoticias.org\/site\/?s={search_term_string}\"},\"query-input\":{\"@type\":\"PropertyValueSpecification\",\"valueRequired\":true,\"valueName\":\"search_term_string\"}}],\"inLanguage\":\"pt-PT\"},{\"@type\":\"Organization\",\"@id\":\"https:\/\/brasilnoticias.org\/site\/#organization\",\"name\":\"Brasil not\u00edcias\",\"url\":\"https:\/\/brasilnoticias.org\/site\/\",\"logo\":{\"@type\":\"ImageObject\",\"inLanguage\":\"pt-PT\",\"@id\":\"https:\/\/brasilnoticias.org\/site\/#\/schema\/logo\/image\/\",\"url\":\"https:\/\/brasilnoticias.org\/site\/wp-content\/uploads\/2022\/05\/cropped-brasilnoticias-mini.jpg\",\"contentUrl\":\"https:\/\/brasilnoticias.org\/site\/wp-content\/uploads\/2022\/05\/cropped-brasilnoticias-mini.jpg\",\"width\":314,\"height\":86,\"caption\":\"Brasil not\u00edcias\"},\"image\":{\"@id\":\"https:\/\/brasilnoticias.org\/site\/#\/schema\/logo\/image\/\"}},{\"@type\":\"Person\",\"@id\":\"https:\/\/brasilnoticias.org\/site\/#\/schema\/person\/03bbbfe6c7634ad18c26444ea39049fa\",\"name\":\"Reda\u00e7\u00e3o\",\"image\":{\"@type\":\"ImageObject\",\"inLanguage\":\"pt-PT\",\"@id\":\"https:\/\/brasilnoticias.org\/site\/#\/schema\/person\/image\/\",\"url\":\"https:\/\/secure.gravatar.com\/avatar\/9ecaf7327a696cb23ad926fedded5f1f04d7049de9e445375d55b48c001a6e42?s=96&d=mm&r=g\",\"contentUrl\":\"https:\/\/secure.gravatar.com\/avatar\/9ecaf7327a696cb23ad926fedded5f1f04d7049de9e445375d55b48c001a6e42?s=96&d=mm&r=g\",\"caption\":\"Reda\u00e7\u00e3o\"},\"url\":\"https:\/\/brasilnoticias.org\/site\/author\/henrique\/\"}]}<\/script>\n<!-- \/ Yoast SEO plugin. -->","yoast_head_json":{"title":"Jair T\u00e9rcio \u00e9 condenado a mais de 17 anos de pris\u00e3o por estuprar seguidoras - Brasil not\u00edcias","robots":{"index":"index","follow":"follow","max-snippet":"max-snippet:-1","max-image-preview":"max-image-preview:large","max-video-preview":"max-video-preview:-1"},"canonical":"https:\/\/brasilnoticias.org\/site\/jair-tercio-e-condenado-a-mais-de-17-anos-de-prisao-por-estuprar-seguidoras\/","og_locale":"pt_PT","og_type":"article","og_title":"Jair T\u00e9rcio \u00e9 condenado a mais de 17 anos de pris\u00e3o por estuprar seguidoras - Brasil not\u00edcias","og_description":"Decis\u00e3o em segunda inst\u00e2ncia foi assinada na \u00faltima ter\u00e7a-feira (20) contra o l\u00edder religioso Jair T\u00e9rcio Cunha, l\u00edder religioso e","og_url":"https:\/\/brasilnoticias.org\/site\/jair-tercio-e-condenado-a-mais-de-17-anos-de-prisao-por-estuprar-seguidoras\/","og_site_name":"Brasil not\u00edcias","article_published_time":"2024-02-27T18:13:31+00:00","og_image":[{"width":1600,"height":752,"url":"https:\/\/brasilnoticias.org\/site\/wp-content\/uploads\/2024\/02\/146686jair-tercio-e-condenado-a-mais-de-17-anos-de-prisao-por-estuprar-seguidoras-3.jpg","type":"image\/jpeg"}],"author":"Reda\u00e7\u00e3o","twitter_card":"summary_large_image","twitter_misc":{"Escrito por":"Reda\u00e7\u00e3o","Tempo estimado de leitura":"1 minuto"},"schema":{"@context":"https:\/\/schema.org","@graph":[{"@type":"Article","@id":"https:\/\/brasilnoticias.org\/site\/jair-tercio-e-condenado-a-mais-de-17-anos-de-prisao-por-estuprar-seguidoras\/#article","isPartOf":{"@id":"https:\/\/brasilnoticias.org\/site\/jair-tercio-e-condenado-a-mais-de-17-anos-de-prisao-por-estuprar-seguidoras\/"},"author":{"name":"Reda\u00e7\u00e3o","@id":"https:\/\/brasilnoticias.org\/site\/#\/schema\/person\/03bbbfe6c7634ad18c26444ea39049fa"},"headline":"Jair T\u00e9rcio \u00e9 condenado a mais de 17 anos de pris\u00e3o por estuprar seguidoras","datePublished":"2024-02-27T18:13:31+00:00","mainEntityOfPage":{"@id":"https:\/\/brasilnoticias.org\/site\/jair-tercio-e-condenado-a-mais-de-17-anos-de-prisao-por-estuprar-seguidoras\/"},"wordCount":268,"commentCount":0,"publisher":{"@id":"https:\/\/brasilnoticias.org\/site\/#organization"},"image":{"@id":"https:\/\/brasilnoticias.org\/site\/jair-tercio-e-condenado-a-mais-de-17-anos-de-prisao-por-estuprar-seguidoras\/#primaryimage"},"thumbnailUrl":"https:\/\/brasilnoticias.org\/site\/wp-content\/uploads\/2024\/02\/146686jair-tercio-e-condenado-a-mais-de-17-anos-de-prisao-por-estuprar-seguidoras-3.jpg","articleSection":["Justi\u00e7a","\u00daltimas"],"inLanguage":"pt-PT","potentialAction":[{"@type":"CommentAction","name":"Comment","target":["https:\/\/brasilnoticias.org\/site\/jair-tercio-e-condenado-a-mais-de-17-anos-de-prisao-por-estuprar-seguidoras\/#respond"]}]},{"@type":"WebPage","@id":"https:\/\/brasilnoticias.org\/site\/jair-tercio-e-condenado-a-mais-de-17-anos-de-prisao-por-estuprar-seguidoras\/","url":"https:\/\/brasilnoticias.org\/site\/jair-tercio-e-condenado-a-mais-de-17-anos-de-prisao-por-estuprar-seguidoras\/","name":"Jair T\u00e9rcio \u00e9 condenado a mais de 17 anos de pris\u00e3o por estuprar seguidoras - Brasil not\u00edcias","isPartOf":{"@id":"https:\/\/brasilnoticias.org\/site\/#website"},"primaryImageOfPage":{"@id":"https:\/\/brasilnoticias.org\/site\/jair-tercio-e-condenado-a-mais-de-17-anos-de-prisao-por-estuprar-seguidoras\/#primaryimage"},"image":{"@id":"https:\/\/brasilnoticias.org\/site\/jair-tercio-e-condenado-a-mais-de-17-anos-de-prisao-por-estuprar-seguidoras\/#primaryimage"},"thumbnailUrl":"https:\/\/brasilnoticias.org\/site\/wp-content\/uploads\/2024\/02\/146686jair-tercio-e-condenado-a-mais-de-17-anos-de-prisao-por-estuprar-seguidoras-3.jpg","datePublished":"2024-02-27T18:13:31+00:00","breadcrumb":{"@id":"https:\/\/brasilnoticias.org\/site\/jair-tercio-e-condenado-a-mais-de-17-anos-de-prisao-por-estuprar-seguidoras\/#breadcrumb"},"inLanguage":"pt-PT","potentialAction":[{"@type":"ReadAction","target":["https:\/\/brasilnoticias.org\/site\/jair-tercio-e-condenado-a-mais-de-17-anos-de-prisao-por-estuprar-seguidoras\/"]}]},{"@type":"ImageObject","inLanguage":"pt-PT","@id":"https:\/\/brasilnoticias.org\/site\/jair-tercio-e-condenado-a-mais-de-17-anos-de-prisao-por-estuprar-seguidoras\/#primaryimage","url":"https:\/\/brasilnoticias.org\/site\/wp-content\/uploads\/2024\/02\/146686jair-tercio-e-condenado-a-mais-de-17-anos-de-prisao-por-estuprar-seguidoras-3.jpg","contentUrl":"https:\/\/brasilnoticias.org\/site\/wp-content\/uploads\/2024\/02\/146686jair-tercio-e-condenado-a-mais-de-17-anos-de-prisao-por-estuprar-seguidoras-3.jpg","width":1600,"height":752},{"@type":"BreadcrumbList","@id":"https:\/\/brasilnoticias.org\/site\/jair-tercio-e-condenado-a-mais-de-17-anos-de-prisao-por-estuprar-seguidoras\/#breadcrumb","itemListElement":[{"@type":"ListItem","position":1,"name":"In\u00edcio","item":"https:\/\/brasilnoticias.org\/site\/"},{"@type":"ListItem","position":2,"name":"Jair T\u00e9rcio \u00e9 condenado a mais de 17 anos de pris\u00e3o por estuprar seguidoras"}]},{"@type":"WebSite","@id":"https:\/\/brasilnoticias.org\/site\/#website","url":"https:\/\/brasilnoticias.org\/site\/","name":"Brasil not\u00edcias","description":"Brasil not\u00edcias","publisher":{"@id":"https:\/\/brasilnoticias.org\/site\/#organization"},"potentialAction":[{"@type":"SearchAction","target":{"@type":"EntryPoint","urlTemplate":"https:\/\/brasilnoticias.org\/site\/?s={search_term_string}"},"query-input":{"@type":"PropertyValueSpecification","valueRequired":true,"valueName":"search_term_string"}}],"inLanguage":"pt-PT"},{"@type":"Organization","@id":"https:\/\/brasilnoticias.org\/site\/#organization","name":"Brasil not\u00edcias","url":"https:\/\/brasilnoticias.org\/site\/","logo":{"@type":"ImageObject","inLanguage":"pt-PT","@id":"https:\/\/brasilnoticias.org\/site\/#\/schema\/logo\/image\/","url":"https:\/\/brasilnoticias.org\/site\/wp-content\/uploads\/2022\/05\/cropped-brasilnoticias-mini.jpg","contentUrl":"https:\/\/brasilnoticias.org\/site\/wp-content\/uploads\/2022\/05\/cropped-brasilnoticias-mini.jpg","width":314,"height":86,"caption":"Brasil not\u00edcias"},"image":{"@id":"https:\/\/brasilnoticias.org\/site\/#\/schema\/logo\/image\/"}},{"@type":"Person","@id":"https:\/\/brasilnoticias.org\/site\/#\/schema\/person\/03bbbfe6c7634ad18c26444ea39049fa","name":"Reda\u00e7\u00e3o","image":{"@type":"ImageObject","inLanguage":"pt-PT","@id":"https:\/\/brasilnoticias.org\/site\/#\/schema\/person\/image\/","url":"https:\/\/secure.gravatar.com\/avatar\/9ecaf7327a696cb23ad926fedded5f1f04d7049de9e445375d55b48c001a6e42?s=96&d=mm&r=g","contentUrl":"https:\/\/secure.gravatar.com\/avatar\/9ecaf7327a696cb23ad926fedded5f1f04d7049de9e445375d55b48c001a6e42?s=96&d=mm&r=g","caption":"Reda\u00e7\u00e3o"},"url":"https:\/\/brasilnoticias.org\/site\/author\/henrique\/"}]}},"_links":{"self":[{"href":"https:\/\/brasilnoticias.org\/site\/wp-json\/wp\/v2\/posts\/12871","targetHints":{"allow":["GET"]}}],"collection":[{"href":"https:\/\/brasilnoticias.org\/site\/wp-json\/wp\/v2\/posts"}],"about":[{"href":"https:\/\/brasilnoticias.org\/site\/wp-json\/wp\/v2\/types\/post"}],"author":[{"embeddable":true,"href":"https:\/\/brasilnoticias.org\/site\/wp-json\/wp\/v2\/users\/4"}],"replies":[{"embeddable":true,"href":"https:\/\/brasilnoticias.org\/site\/wp-json\/wp\/v2\/comments?post=12871"}],"version-history":[{"count":1,"href":"https:\/\/brasilnoticias.org\/site\/wp-json\/wp\/v2\/posts\/12871\/revisions"}],"predecessor-version":[{"id":12873,"href":"https:\/\/brasilnoticias.org\/site\/wp-json\/wp\/v2\/posts\/12871\/revisions\/12873"}],"wp:featuredmedia":[{"embeddable":true,"href":"https:\/\/brasilnoticias.org\/site\/wp-json\/wp\/v2\/media\/12872"}],"wp:attachment":[{"href":"https:\/\/brasilnoticias.org\/site\/wp-json\/wp\/v2\/media?parent=12871"}],"wp:term":[{"taxonomy":"category","embeddable":true,"href":"https:\/\/brasilnoticias.org\/site\/wp-json\/wp\/v2\/categories?post=12871"},{"taxonomy":"post_tag","embeddable":true,"href":"https:\/\/brasilnoticias.org\/site\/wp-json\/wp\/v2\/tags?post=12871"}],"curies":[{"name":"wp","href":"https:\/\/api.w.org\/{rel}","templated":true}]}}