{"id":12874,"date":"2024-02-27T15:15:20","date_gmt":"2024-02-27T18:15:20","guid":{"rendered":"https:\/\/brasilnoticias.org\/site\/?p=12874"},"modified":"2024-02-27T15:15:20","modified_gmt":"2024-02-27T18:15:20","slug":"lider-de-faccao-em-feira-de-santana-e-preso-em-casa-de-luxo-no-rio-grande-do-norte","status":"publish","type":"post","link":"https:\/\/brasilnoticias.org\/site\/lider-de-faccao-em-feira-de-santana-e-preso-em-casa-de-luxo-no-rio-grande-do-norte\/","title":{"rendered":"L\u00edder de fac\u00e7\u00e3o em Feira de Santana \u00e9 preso em casa de luxo no Rio Grande do Norte"},"content":{"rendered":"<p>De acordo com a pol\u00edcia, o chefe de fac\u00e7\u00e3o possui envolvimento em homic\u00eddios, lavagem de dinheiro, tr\u00e1ficos de drogas e armas, roubo, corrup\u00e7\u00e3o de menores e porte ilegal de arma de fogo<\/p>\n<p>O l\u00edder de uma organiza\u00e7\u00e3o criminosa, com atua\u00e7\u00e3o em Feira de Santana, foi preso na manh\u00e3 desta ter\u00e7a-feira (27\/2). Ele apresentava documento falso e estava morando em uma casa de luxo na cidade de Natal, capital do Rio Grande do Norte. A identidade n\u00e3o foi revelada pelas autoridades.<\/p>\n<p>O criminoso, envolvido com homic\u00eddios, lavagem de dinheiro, tr\u00e1ficos de drogas e armas, roubo, corrup\u00e7\u00e3o de menores e porte ilegal de arma de fogo, possu\u00eda tr\u00eas mandados de pris\u00e3o (dois pela pr\u00e1tica de mortes violentas).<\/p>\n<p>Nos \u00faltimos quatro meses, equipes da FICCO Bahia e RN desenvolveram a\u00e7\u00f5es de intelig\u00eancia para localizar o traficante. Os homic\u00eddios em Feira de Santana, relacionados diretamente ao tr\u00e1fico de drogas, eram determinados pelo criminoso.<\/p>\n<p>\u201cCombater o crime organizado \u00e9 a nossa prioridade. Seguiremos atuando de forma integrada com a SSP da Bahia e com outras FICCOs, buscando sempre retirar de circula\u00e7\u00e3o traficantes envolvidos com assassinatos\u201d, declarou o coordenador da FICCO Bahia, delegado da PF Eduardo Badar\u00f3.<\/p>\n<p>A Opera\u00e7\u00e3o Magma foi deflagrada pelas For\u00e7as Integradas de Combate ao Crime Organizado (FICCOs) da Bahia e do Rio Grande do Norte, com apoio dos Grupos de Pronta Interven\u00e7\u00e3o (GPIs) da Pol\u00edcia Federal dos dois estados. Al\u00e9m dos mandados de pris\u00e3o, as equipes cumpriram tamb\u00e9m um mandado de busca e apreens\u00e3o.<\/p>\n<p>O traficante foi autuado em flagrante por uso de documento falso e teve os tr\u00eas mandados cumpridos. Ele aguardar\u00e1 audi\u00eancia de cust\u00f3dia em Natal.<\/p>\n<p>Foto: Divulga\u00e7\u00e3o\/SSP<br \/>\nAratu On<\/p>\n","protected":false},"excerpt":{"rendered":"<p>De acordo com a pol\u00edcia, o chefe de fac\u00e7\u00e3o possui envolvimento em homic\u00eddios, lavagem de dinheiro, tr\u00e1ficos de drogas e<\/p>\n","protected":false},"author":4,"featured_media":12875,"comment_status":"open","ping_status":"open","sticky":false,"template":"","format":"standard","meta":{"colormag_page_container_layout":"default_layout","colormag_page_sidebar_layout":"default_layout","_FSMCFIC_featured_image_caption":"","_FSMCFIC_featured_image_nocaption":"","_FSMCFIC_featured_image_hide":"","footnotes":""},"categories":[3,1],"tags":[],"class_list":["post-12874","post","type-post","status-publish","format-standard","has-post-thumbnail","hentry","category-policia","category-ultimas"],"yoast_head":"<!-- This site is optimized with the Yoast SEO plugin v27.1.1 - https:\/\/yoast.com\/product\/yoast-seo-wordpress\/ -->\n<title>L\u00edder de fac\u00e7\u00e3o em Feira de Santana \u00e9 preso em casa de luxo no Rio Grande do Norte - Brasil not\u00edcias<\/title>\n<meta name=\"robots\" content=\"index, follow, max-snippet:-1, max-image-preview:large, max-video-preview:-1\" \/>\n<link rel=\"canonical\" href=\"https:\/\/brasilnoticias.org\/site\/lider-de-faccao-em-feira-de-santana-e-preso-em-casa-de-luxo-no-rio-grande-do-norte\/\" \/>\n<meta property=\"og:locale\" content=\"pt_PT\" \/>\n<meta property=\"og:type\" content=\"article\" \/>\n<meta property=\"og:title\" content=\"L\u00edder de fac\u00e7\u00e3o em Feira de Santana \u00e9 preso em casa de luxo no Rio Grande do Norte - Brasil not\u00edcias\" \/>\n<meta property=\"og:description\" content=\"De acordo com a pol\u00edcia, o chefe de fac\u00e7\u00e3o possui envolvimento em homic\u00eddios, lavagem de dinheiro, tr\u00e1ficos de drogas e\" \/>\n<meta property=\"og:url\" content=\"https:\/\/brasilnoticias.org\/site\/lider-de-faccao-em-feira-de-santana-e-preso-em-casa-de-luxo-no-rio-grande-do-norte\/\" \/>\n<meta property=\"og:site_name\" content=\"Brasil not\u00edcias\" \/>\n<meta property=\"article:published_time\" content=\"2024-02-27T18:15:20+00:00\" \/>\n<meta property=\"og:image\" content=\"https:\/\/brasilnoticias.org\/site\/wp-content\/uploads\/2024\/02\/abb56d5b-a7fe-405b-ab89-fd17c2ab6814-960x500-1.jpg\" \/>\n\t<meta property=\"og:image:width\" content=\"960\" \/>\n\t<meta property=\"og:image:height\" content=\"500\" \/>\n\t<meta property=\"og:image:type\" content=\"image\/jpeg\" \/>\n<meta name=\"author\" content=\"Reda\u00e7\u00e3o\" \/>\n<meta name=\"twitter:card\" content=\"summary_large_image\" \/>\n<meta name=\"twitter:label1\" content=\"Escrito por\" \/>\n\t<meta name=\"twitter:data1\" content=\"Reda\u00e7\u00e3o\" \/>\n<script type=\"application\/ld+json\" class=\"yoast-schema-graph\">{\"@context\":\"https:\/\/schema.org\",\"@graph\":[{\"@type\":\"Article\",\"@id\":\"https:\/\/brasilnoticias.org\/site\/lider-de-faccao-em-feira-de-santana-e-preso-em-casa-de-luxo-no-rio-grande-do-norte\/#article\",\"isPartOf\":{\"@id\":\"https:\/\/brasilnoticias.org\/site\/lider-de-faccao-em-feira-de-santana-e-preso-em-casa-de-luxo-no-rio-grande-do-norte\/\"},\"author\":{\"name\":\"Reda\u00e7\u00e3o\",\"@id\":\"https:\/\/brasilnoticias.org\/site\/#\/schema\/person\/03bbbfe6c7634ad18c26444ea39049fa\"},\"headline\":\"L\u00edder de fac\u00e7\u00e3o em Feira de Santana \u00e9 preso em casa de luxo no Rio Grande do Norte\",\"datePublished\":\"2024-02-27T18:15:20+00:00\",\"mainEntityOfPage\":{\"@id\":\"https:\/\/brasilnoticias.org\/site\/lider-de-faccao-em-feira-de-santana-e-preso-em-casa-de-luxo-no-rio-grande-do-norte\/\"},\"wordCount\":322,\"commentCount\":0,\"publisher\":{\"@id\":\"https:\/\/brasilnoticias.org\/site\/#organization\"},\"image\":{\"@id\":\"https:\/\/brasilnoticias.org\/site\/lider-de-faccao-em-feira-de-santana-e-preso-em-casa-de-luxo-no-rio-grande-do-norte\/#primaryimage\"},\"thumbnailUrl\":\"https:\/\/brasilnoticias.org\/site\/wp-content\/uploads\/2024\/02\/abb56d5b-a7fe-405b-ab89-fd17c2ab6814-960x500-1.jpg\",\"articleSection\":[\"Pol\u00edcia\",\"\u00daltimas\"],\"inLanguage\":\"pt-PT\",\"potentialAction\":[{\"@type\":\"CommentAction\",\"name\":\"Comment\",\"target\":[\"https:\/\/brasilnoticias.org\/site\/lider-de-faccao-em-feira-de-santana-e-preso-em-casa-de-luxo-no-rio-grande-do-norte\/#respond\"]}]},{\"@type\":\"WebPage\",\"@id\":\"https:\/\/brasilnoticias.org\/site\/lider-de-faccao-em-feira-de-santana-e-preso-em-casa-de-luxo-no-rio-grande-do-norte\/\",\"url\":\"https:\/\/brasilnoticias.org\/site\/lider-de-faccao-em-feira-de-santana-e-preso-em-casa-de-luxo-no-rio-grande-do-norte\/\",\"name\":\"L\u00edder de fac\u00e7\u00e3o em Feira de Santana \u00e9 preso em casa de luxo no Rio Grande do Norte - Brasil not\u00edcias\",\"isPartOf\":{\"@id\":\"https:\/\/brasilnoticias.org\/site\/#website\"},\"primaryImageOfPage\":{\"@id\":\"https:\/\/brasilnoticias.org\/site\/lider-de-faccao-em-feira-de-santana-e-preso-em-casa-de-luxo-no-rio-grande-do-norte\/#primaryimage\"},\"image\":{\"@id\":\"https:\/\/brasilnoticias.org\/site\/lider-de-faccao-em-feira-de-santana-e-preso-em-casa-de-luxo-no-rio-grande-do-norte\/#primaryimage\"},\"thumbnailUrl\":\"https:\/\/brasilnoticias.org\/site\/wp-content\/uploads\/2024\/02\/abb56d5b-a7fe-405b-ab89-fd17c2ab6814-960x500-1.jpg\",\"datePublished\":\"2024-02-27T18:15:20+00:00\",\"breadcrumb\":{\"@id\":\"https:\/\/brasilnoticias.org\/site\/lider-de-faccao-em-feira-de-santana-e-preso-em-casa-de-luxo-no-rio-grande-do-norte\/#breadcrumb\"},\"inLanguage\":\"pt-PT\",\"potentialAction\":[{\"@type\":\"ReadAction\",\"target\":[\"https:\/\/brasilnoticias.org\/site\/lider-de-faccao-em-feira-de-santana-e-preso-em-casa-de-luxo-no-rio-grande-do-norte\/\"]}]},{\"@type\":\"ImageObject\",\"inLanguage\":\"pt-PT\",\"@id\":\"https:\/\/brasilnoticias.org\/site\/lider-de-faccao-em-feira-de-santana-e-preso-em-casa-de-luxo-no-rio-grande-do-norte\/#primaryimage\",\"url\":\"https:\/\/brasilnoticias.org\/site\/wp-content\/uploads\/2024\/02\/abb56d5b-a7fe-405b-ab89-fd17c2ab6814-960x500-1.jpg\",\"contentUrl\":\"https:\/\/brasilnoticias.org\/site\/wp-content\/uploads\/2024\/02\/abb56d5b-a7fe-405b-ab89-fd17c2ab6814-960x500-1.jpg\",\"width\":960,\"height\":500},{\"@type\":\"BreadcrumbList\",\"@id\":\"https:\/\/brasilnoticias.org\/site\/lider-de-faccao-em-feira-de-santana-e-preso-em-casa-de-luxo-no-rio-grande-do-norte\/#breadcrumb\",\"itemListElement\":[{\"@type\":\"ListItem\",\"position\":1,\"name\":\"In\u00edcio\",\"item\":\"https:\/\/brasilnoticias.org\/site\/\"},{\"@type\":\"ListItem\",\"position\":2,\"name\":\"L\u00edder de fac\u00e7\u00e3o em Feira de Santana \u00e9 preso em casa de luxo no Rio Grande do Norte\"}]},{\"@type\":\"WebSite\",\"@id\":\"https:\/\/brasilnoticias.org\/site\/#website\",\"url\":\"https:\/\/brasilnoticias.org\/site\/\",\"name\":\"Brasil not\u00edcias\",\"description\":\"Brasil not\u00edcias\",\"publisher\":{\"@id\":\"https:\/\/brasilnoticias.org\/site\/#organization\"},\"potentialAction\":[{\"@type\":\"SearchAction\",\"target\":{\"@type\":\"EntryPoint\",\"urlTemplate\":\"https:\/\/brasilnoticias.org\/site\/?s={search_term_string}\"},\"query-input\":{\"@type\":\"PropertyValueSpecification\",\"valueRequired\":true,\"valueName\":\"search_term_string\"}}],\"inLanguage\":\"pt-PT\"},{\"@type\":\"Organization\",\"@id\":\"https:\/\/brasilnoticias.org\/site\/#organization\",\"name\":\"Brasil not\u00edcias\",\"url\":\"https:\/\/brasilnoticias.org\/site\/\",\"logo\":{\"@type\":\"ImageObject\",\"inLanguage\":\"pt-PT\",\"@id\":\"https:\/\/brasilnoticias.org\/site\/#\/schema\/logo\/image\/\",\"url\":\"https:\/\/brasilnoticias.org\/site\/wp-content\/uploads\/2022\/05\/cropped-brasilnoticias-mini.jpg\",\"contentUrl\":\"https:\/\/brasilnoticias.org\/site\/wp-content\/uploads\/2022\/05\/cropped-brasilnoticias-mini.jpg\",\"width\":314,\"height\":86,\"caption\":\"Brasil not\u00edcias\"},\"image\":{\"@id\":\"https:\/\/brasilnoticias.org\/site\/#\/schema\/logo\/image\/\"}},{\"@type\":\"Person\",\"@id\":\"https:\/\/brasilnoticias.org\/site\/#\/schema\/person\/03bbbfe6c7634ad18c26444ea39049fa\",\"name\":\"Reda\u00e7\u00e3o\",\"image\":{\"@type\":\"ImageObject\",\"inLanguage\":\"pt-PT\",\"@id\":\"https:\/\/brasilnoticias.org\/site\/#\/schema\/person\/image\/\",\"url\":\"https:\/\/secure.gravatar.com\/avatar\/9ecaf7327a696cb23ad926fedded5f1f04d7049de9e445375d55b48c001a6e42?s=96&d=mm&r=g\",\"contentUrl\":\"https:\/\/secure.gravatar.com\/avatar\/9ecaf7327a696cb23ad926fedded5f1f04d7049de9e445375d55b48c001a6e42?s=96&d=mm&r=g\",\"caption\":\"Reda\u00e7\u00e3o\"},\"url\":\"https:\/\/brasilnoticias.org\/site\/author\/henrique\/\"}]}<\/script>\n<!-- \/ Yoast SEO plugin. -->","yoast_head_json":{"title":"L\u00edder de fac\u00e7\u00e3o em Feira de Santana \u00e9 preso em casa de luxo no Rio Grande do Norte - Brasil not\u00edcias","robots":{"index":"index","follow":"follow","max-snippet":"max-snippet:-1","max-image-preview":"max-image-preview:large","max-video-preview":"max-video-preview:-1"},"canonical":"https:\/\/brasilnoticias.org\/site\/lider-de-faccao-em-feira-de-santana-e-preso-em-casa-de-luxo-no-rio-grande-do-norte\/","og_locale":"pt_PT","og_type":"article","og_title":"L\u00edder de fac\u00e7\u00e3o em Feira de Santana \u00e9 preso em casa de luxo no Rio Grande do Norte - Brasil not\u00edcias","og_description":"De acordo com a pol\u00edcia, o chefe de fac\u00e7\u00e3o possui envolvimento em homic\u00eddios, lavagem de dinheiro, tr\u00e1ficos de drogas e","og_url":"https:\/\/brasilnoticias.org\/site\/lider-de-faccao-em-feira-de-santana-e-preso-em-casa-de-luxo-no-rio-grande-do-norte\/","og_site_name":"Brasil not\u00edcias","article_published_time":"2024-02-27T18:15:20+00:00","og_image":[{"width":960,"height":500,"url":"https:\/\/brasilnoticias.org\/site\/wp-content\/uploads\/2024\/02\/abb56d5b-a7fe-405b-ab89-fd17c2ab6814-960x500-1.jpg","type":"image\/jpeg"}],"author":"Reda\u00e7\u00e3o","twitter_card":"summary_large_image","twitter_misc":{"Escrito por":"Reda\u00e7\u00e3o"},"schema":{"@context":"https:\/\/schema.org","@graph":[{"@type":"Article","@id":"https:\/\/brasilnoticias.org\/site\/lider-de-faccao-em-feira-de-santana-e-preso-em-casa-de-luxo-no-rio-grande-do-norte\/#article","isPartOf":{"@id":"https:\/\/brasilnoticias.org\/site\/lider-de-faccao-em-feira-de-santana-e-preso-em-casa-de-luxo-no-rio-grande-do-norte\/"},"author":{"name":"Reda\u00e7\u00e3o","@id":"https:\/\/brasilnoticias.org\/site\/#\/schema\/person\/03bbbfe6c7634ad18c26444ea39049fa"},"headline":"L\u00edder de fac\u00e7\u00e3o em Feira de Santana \u00e9 preso em casa de luxo no Rio Grande do Norte","datePublished":"2024-02-27T18:15:20+00:00","mainEntityOfPage":{"@id":"https:\/\/brasilnoticias.org\/site\/lider-de-faccao-em-feira-de-santana-e-preso-em-casa-de-luxo-no-rio-grande-do-norte\/"},"wordCount":322,"commentCount":0,"publisher":{"@id":"https:\/\/brasilnoticias.org\/site\/#organization"},"image":{"@id":"https:\/\/brasilnoticias.org\/site\/lider-de-faccao-em-feira-de-santana-e-preso-em-casa-de-luxo-no-rio-grande-do-norte\/#primaryimage"},"thumbnailUrl":"https:\/\/brasilnoticias.org\/site\/wp-content\/uploads\/2024\/02\/abb56d5b-a7fe-405b-ab89-fd17c2ab6814-960x500-1.jpg","articleSection":["Pol\u00edcia","\u00daltimas"],"inLanguage":"pt-PT","potentialAction":[{"@type":"CommentAction","name":"Comment","target":["https:\/\/brasilnoticias.org\/site\/lider-de-faccao-em-feira-de-santana-e-preso-em-casa-de-luxo-no-rio-grande-do-norte\/#respond"]}]},{"@type":"WebPage","@id":"https:\/\/brasilnoticias.org\/site\/lider-de-faccao-em-feira-de-santana-e-preso-em-casa-de-luxo-no-rio-grande-do-norte\/","url":"https:\/\/brasilnoticias.org\/site\/lider-de-faccao-em-feira-de-santana-e-preso-em-casa-de-luxo-no-rio-grande-do-norte\/","name":"L\u00edder de fac\u00e7\u00e3o em Feira de Santana \u00e9 preso em casa de luxo no Rio Grande do Norte - Brasil not\u00edcias","isPartOf":{"@id":"https:\/\/brasilnoticias.org\/site\/#website"},"primaryImageOfPage":{"@id":"https:\/\/brasilnoticias.org\/site\/lider-de-faccao-em-feira-de-santana-e-preso-em-casa-de-luxo-no-rio-grande-do-norte\/#primaryimage"},"image":{"@id":"https:\/\/brasilnoticias.org\/site\/lider-de-faccao-em-feira-de-santana-e-preso-em-casa-de-luxo-no-rio-grande-do-norte\/#primaryimage"},"thumbnailUrl":"https:\/\/brasilnoticias.org\/site\/wp-content\/uploads\/2024\/02\/abb56d5b-a7fe-405b-ab89-fd17c2ab6814-960x500-1.jpg","datePublished":"2024-02-27T18:15:20+00:00","breadcrumb":{"@id":"https:\/\/brasilnoticias.org\/site\/lider-de-faccao-em-feira-de-santana-e-preso-em-casa-de-luxo-no-rio-grande-do-norte\/#breadcrumb"},"inLanguage":"pt-PT","potentialAction":[{"@type":"ReadAction","target":["https:\/\/brasilnoticias.org\/site\/lider-de-faccao-em-feira-de-santana-e-preso-em-casa-de-luxo-no-rio-grande-do-norte\/"]}]},{"@type":"ImageObject","inLanguage":"pt-PT","@id":"https:\/\/brasilnoticias.org\/site\/lider-de-faccao-em-feira-de-santana-e-preso-em-casa-de-luxo-no-rio-grande-do-norte\/#primaryimage","url":"https:\/\/brasilnoticias.org\/site\/wp-content\/uploads\/2024\/02\/abb56d5b-a7fe-405b-ab89-fd17c2ab6814-960x500-1.jpg","contentUrl":"https:\/\/brasilnoticias.org\/site\/wp-content\/uploads\/2024\/02\/abb56d5b-a7fe-405b-ab89-fd17c2ab6814-960x500-1.jpg","width":960,"height":500},{"@type":"BreadcrumbList","@id":"https:\/\/brasilnoticias.org\/site\/lider-de-faccao-em-feira-de-santana-e-preso-em-casa-de-luxo-no-rio-grande-do-norte\/#breadcrumb","itemListElement":[{"@type":"ListItem","position":1,"name":"In\u00edcio","item":"https:\/\/brasilnoticias.org\/site\/"},{"@type":"ListItem","position":2,"name":"L\u00edder de fac\u00e7\u00e3o em Feira de Santana \u00e9 preso em casa de luxo no Rio Grande do Norte"}]},{"@type":"WebSite","@id":"https:\/\/brasilnoticias.org\/site\/#website","url":"https:\/\/brasilnoticias.org\/site\/","name":"Brasil not\u00edcias","description":"Brasil not\u00edcias","publisher":{"@id":"https:\/\/brasilnoticias.org\/site\/#organization"},"potentialAction":[{"@type":"SearchAction","target":{"@type":"EntryPoint","urlTemplate":"https:\/\/brasilnoticias.org\/site\/?s={search_term_string}"},"query-input":{"@type":"PropertyValueSpecification","valueRequired":true,"valueName":"search_term_string"}}],"inLanguage":"pt-PT"},{"@type":"Organization","@id":"https:\/\/brasilnoticias.org\/site\/#organization","name":"Brasil not\u00edcias","url":"https:\/\/brasilnoticias.org\/site\/","logo":{"@type":"ImageObject","inLanguage":"pt-PT","@id":"https:\/\/brasilnoticias.org\/site\/#\/schema\/logo\/image\/","url":"https:\/\/brasilnoticias.org\/site\/wp-content\/uploads\/2022\/05\/cropped-brasilnoticias-mini.jpg","contentUrl":"https:\/\/brasilnoticias.org\/site\/wp-content\/uploads\/2022\/05\/cropped-brasilnoticias-mini.jpg","width":314,"height":86,"caption":"Brasil not\u00edcias"},"image":{"@id":"https:\/\/brasilnoticias.org\/site\/#\/schema\/logo\/image\/"}},{"@type":"Person","@id":"https:\/\/brasilnoticias.org\/site\/#\/schema\/person\/03bbbfe6c7634ad18c26444ea39049fa","name":"Reda\u00e7\u00e3o","image":{"@type":"ImageObject","inLanguage":"pt-PT","@id":"https:\/\/brasilnoticias.org\/site\/#\/schema\/person\/image\/","url":"https:\/\/secure.gravatar.com\/avatar\/9ecaf7327a696cb23ad926fedded5f1f04d7049de9e445375d55b48c001a6e42?s=96&d=mm&r=g","contentUrl":"https:\/\/secure.gravatar.com\/avatar\/9ecaf7327a696cb23ad926fedded5f1f04d7049de9e445375d55b48c001a6e42?s=96&d=mm&r=g","caption":"Reda\u00e7\u00e3o"},"url":"https:\/\/brasilnoticias.org\/site\/author\/henrique\/"}]}},"_links":{"self":[{"href":"https:\/\/brasilnoticias.org\/site\/wp-json\/wp\/v2\/posts\/12874","targetHints":{"allow":["GET"]}}],"collection":[{"href":"https:\/\/brasilnoticias.org\/site\/wp-json\/wp\/v2\/posts"}],"about":[{"href":"https:\/\/brasilnoticias.org\/site\/wp-json\/wp\/v2\/types\/post"}],"author":[{"embeddable":true,"href":"https:\/\/brasilnoticias.org\/site\/wp-json\/wp\/v2\/users\/4"}],"replies":[{"embeddable":true,"href":"https:\/\/brasilnoticias.org\/site\/wp-json\/wp\/v2\/comments?post=12874"}],"version-history":[{"count":1,"href":"https:\/\/brasilnoticias.org\/site\/wp-json\/wp\/v2\/posts\/12874\/revisions"}],"predecessor-version":[{"id":12876,"href":"https:\/\/brasilnoticias.org\/site\/wp-json\/wp\/v2\/posts\/12874\/revisions\/12876"}],"wp:featuredmedia":[{"embeddable":true,"href":"https:\/\/brasilnoticias.org\/site\/wp-json\/wp\/v2\/media\/12875"}],"wp:attachment":[{"href":"https:\/\/brasilnoticias.org\/site\/wp-json\/wp\/v2\/media?parent=12874"}],"wp:term":[{"taxonomy":"category","embeddable":true,"href":"https:\/\/brasilnoticias.org\/site\/wp-json\/wp\/v2\/categories?post=12874"},{"taxonomy":"post_tag","embeddable":true,"href":"https:\/\/brasilnoticias.org\/site\/wp-json\/wp\/v2\/tags?post=12874"}],"curies":[{"name":"wp","href":"https:\/\/api.w.org\/{rel}","templated":true}]}}