{"id":12877,"date":"2024-02-27T15:17:42","date_gmt":"2024-02-27T18:17:42","guid":{"rendered":"https:\/\/brasilnoticias.org\/site\/?p=12877"},"modified":"2024-02-27T15:17:42","modified_gmt":"2024-02-27T18:17:42","slug":"apresentadora-fernanda-gentil-e-diagnosticada-com-paralisia-de-bell","status":"publish","type":"post","link":"https:\/\/brasilnoticias.org\/site\/apresentadora-fernanda-gentil-e-diagnosticada-com-paralisia-de-bell\/","title":{"rendered":"Apresentadora Fernanda Gentil \u00e9 diagnosticada com Paralisia de Bell"},"content":{"rendered":"<p>Doen\u00e7a \u00e9 caracterizada pelo enfraquecimento dos m\u00fasculos da face<\/p>\n<p>A apresentadora Fernanda Gentil, de 37 anos, surpreendeu seus seguidores ao revelar, no \u00faltimo s\u00e1bado (24\/2), que foi diagnosticada com Paralisia de Bell e que alguns movimentos do seu rosto ainda est\u00e3o comprometidos mesmo passando por tratamentos m\u00e9dicos. A apresentadora identificou que algo estava errado no seu rosto quando, ao buscar seu filho Gabriel no aeroporto no dia 15 de fevereiro, sentiu uma dorm\u00eancia na regi\u00e3o da boca.<\/p>\n<p>Em um v\u00eddeo feito para o seu canal do Youtube, Fernanda contou: \u201cquando ele chegou no aeroporto, eu percebi de leve. Quando ele chegou, eu obviamente agarrei, abracei, espremi, comecei a dar v\u00e1rios beijos nele de saudade e eu senti que fiquei com a boca um pouco dormente (\u2026) Passou a euforia toda, fiquei com aquilo na cabe\u00e7a, a gente saiu para jantar, esqueci, distrai e fui para casa\u201d.<\/p>\n<p>No dia seguinte (16\/2), a apresentadora sentiu novamente uma dorm\u00eancia no mesmo lugar e percebeu que havia algo estranho. Ao contar para a esposa Priscila Montandon, Fernando ligou para o m\u00e9dico que come\u00e7ou a examina-la por chamada de v\u00eddeo.<\/p>\n<p>Ap\u00f3s descartar a possibilidade de um AVC, Fernanda foi encaminhada para um neurologista que constatou a paralisia de Bell, doen\u00e7a que \u00e9 caracterizada pelo enfraquecimento dos m\u00fasculos da face.<\/p>\n<p>\u201cA princ\u00edpio n\u00e3o tem realmente nada de grave e ele me diagnosticou com paralisia de Bell, que \u00e9 essa paralisia parcial do rosto. A not\u00edcia ruim \u00e9 que n\u00e3o tem uma origem certa do que pode causar, tem v\u00e1rias op\u00e7\u00f5es e estresse acima delas, rotina muito cansativa e intensa, falta de descanso, mas tamb\u00e9m \u00e9 uma possibilidade o v\u00edrus da herpes que eu tenho. Eu n\u00e3o estava com herpes no per\u00edodo, mas eu tenho um v\u00edrus dentro de mim, ent\u00e3o ele pode ter se manifestado dessa maneira\u201d<\/p>\n<p><iframe loading=\"lazy\" width=\"640\" height=\"360\" src=\"https:\/\/www.youtube.com\/embed\/KHT85jpMZk4\" title=\"FERNANDA GENTIL CONTA SOBRE SUA PARALISIA NO ROSTO | Caf\u00e9 &amp; Resenha\" frameborder=\"0\" allow=\"accelerometer; autoplay; clipboard-write; encrypted-media; gyroscope; picture-in-picture; web-share\" allowfullscreen><\/iframe><\/p>\n<p>Foto: Redes sociais \/ @gentilfernanda<br \/>\nAratu On<\/p>\n","protected":false},"excerpt":{"rendered":"<p>Doen\u00e7a \u00e9 caracterizada pelo enfraquecimento dos m\u00fasculos da face A apresentadora Fernanda Gentil, de 37 anos, surpreendeu seus seguidores ao<\/p>\n","protected":false},"author":4,"featured_media":12878,"comment_status":"open","ping_status":"open","sticky":false,"template":"","format":"standard","meta":{"colormag_page_container_layout":"default_layout","colormag_page_sidebar_layout":"default_layout","_FSMCFIC_featured_image_caption":"","_FSMCFIC_featured_image_nocaption":"","_FSMCFIC_featured_image_hide":"","footnotes":""},"categories":[8,1],"tags":[],"class_list":["post-12877","post","type-post","status-publish","format-standard","has-post-thumbnail","hentry","category-entretenimento","category-ultimas"],"yoast_head":"<!-- This site is optimized with the Yoast SEO plugin v27.1.1 - https:\/\/yoast.com\/product\/yoast-seo-wordpress\/ -->\n<title>Apresentadora Fernanda Gentil \u00e9 diagnosticada com Paralisia de Bell - Brasil not\u00edcias<\/title>\n<meta name=\"robots\" content=\"index, follow, max-snippet:-1, max-image-preview:large, max-video-preview:-1\" \/>\n<link rel=\"canonical\" href=\"https:\/\/brasilnoticias.org\/site\/apresentadora-fernanda-gentil-e-diagnosticada-com-paralisia-de-bell\/\" \/>\n<meta property=\"og:locale\" content=\"pt_PT\" \/>\n<meta property=\"og:type\" content=\"article\" \/>\n<meta property=\"og:title\" content=\"Apresentadora Fernanda Gentil \u00e9 diagnosticada com Paralisia de Bell - Brasil not\u00edcias\" \/>\n<meta property=\"og:description\" content=\"Doen\u00e7a \u00e9 caracterizada pelo enfraquecimento dos m\u00fasculos da face A apresentadora Fernanda Gentil, de 37 anos, surpreendeu seus seguidores ao\" \/>\n<meta property=\"og:url\" content=\"https:\/\/brasilnoticias.org\/site\/apresentadora-fernanda-gentil-e-diagnosticada-com-paralisia-de-bell\/\" \/>\n<meta property=\"og:site_name\" content=\"Brasil not\u00edcias\" \/>\n<meta property=\"article:published_time\" content=\"2024-02-27T18:17:42+00:00\" \/>\n<meta property=\"og:image\" content=\"https:\/\/brasilnoticias.org\/site\/wp-content\/uploads\/2024\/02\/fernanda-gentil.jpg\" \/>\n\t<meta property=\"og:image:width\" content=\"960\" \/>\n\t<meta property=\"og:image:height\" content=\"500\" \/>\n\t<meta property=\"og:image:type\" content=\"image\/jpeg\" \/>\n<meta name=\"author\" content=\"Reda\u00e7\u00e3o\" \/>\n<meta name=\"twitter:card\" content=\"summary_large_image\" \/>\n<meta name=\"twitter:label1\" content=\"Escrito por\" \/>\n\t<meta name=\"twitter:data1\" content=\"Reda\u00e7\u00e3o\" \/>\n\t<meta name=\"twitter:label2\" content=\"Tempo estimado de leitura\" \/>\n\t<meta name=\"twitter:data2\" content=\"1 minuto\" \/>\n<script type=\"application\/ld+json\" class=\"yoast-schema-graph\">{\"@context\":\"https:\/\/schema.org\",\"@graph\":[{\"@type\":\"Article\",\"@id\":\"https:\/\/brasilnoticias.org\/site\/apresentadora-fernanda-gentil-e-diagnosticada-com-paralisia-de-bell\/#article\",\"isPartOf\":{\"@id\":\"https:\/\/brasilnoticias.org\/site\/apresentadora-fernanda-gentil-e-diagnosticada-com-paralisia-de-bell\/\"},\"author\":{\"name\":\"Reda\u00e7\u00e3o\",\"@id\":\"https:\/\/brasilnoticias.org\/site\/#\/schema\/person\/03bbbfe6c7634ad18c26444ea39049fa\"},\"headline\":\"Apresentadora Fernanda Gentil \u00e9 diagnosticada com Paralisia de Bell\",\"datePublished\":\"2024-02-27T18:17:42+00:00\",\"mainEntityOfPage\":{\"@id\":\"https:\/\/brasilnoticias.org\/site\/apresentadora-fernanda-gentil-e-diagnosticada-com-paralisia-de-bell\/\"},\"wordCount\":334,\"commentCount\":0,\"publisher\":{\"@id\":\"https:\/\/brasilnoticias.org\/site\/#organization\"},\"image\":{\"@id\":\"https:\/\/brasilnoticias.org\/site\/apresentadora-fernanda-gentil-e-diagnosticada-com-paralisia-de-bell\/#primaryimage\"},\"thumbnailUrl\":\"https:\/\/brasilnoticias.org\/site\/wp-content\/uploads\/2024\/02\/fernanda-gentil.jpg\",\"articleSection\":[\"Entretenimento\",\"\u00daltimas\"],\"inLanguage\":\"pt-PT\",\"potentialAction\":[{\"@type\":\"CommentAction\",\"name\":\"Comment\",\"target\":[\"https:\/\/brasilnoticias.org\/site\/apresentadora-fernanda-gentil-e-diagnosticada-com-paralisia-de-bell\/#respond\"]}]},{\"@type\":\"WebPage\",\"@id\":\"https:\/\/brasilnoticias.org\/site\/apresentadora-fernanda-gentil-e-diagnosticada-com-paralisia-de-bell\/\",\"url\":\"https:\/\/brasilnoticias.org\/site\/apresentadora-fernanda-gentil-e-diagnosticada-com-paralisia-de-bell\/\",\"name\":\"Apresentadora Fernanda Gentil \u00e9 diagnosticada com Paralisia de Bell - Brasil not\u00edcias\",\"isPartOf\":{\"@id\":\"https:\/\/brasilnoticias.org\/site\/#website\"},\"primaryImageOfPage\":{\"@id\":\"https:\/\/brasilnoticias.org\/site\/apresentadora-fernanda-gentil-e-diagnosticada-com-paralisia-de-bell\/#primaryimage\"},\"image\":{\"@id\":\"https:\/\/brasilnoticias.org\/site\/apresentadora-fernanda-gentil-e-diagnosticada-com-paralisia-de-bell\/#primaryimage\"},\"thumbnailUrl\":\"https:\/\/brasilnoticias.org\/site\/wp-content\/uploads\/2024\/02\/fernanda-gentil.jpg\",\"datePublished\":\"2024-02-27T18:17:42+00:00\",\"breadcrumb\":{\"@id\":\"https:\/\/brasilnoticias.org\/site\/apresentadora-fernanda-gentil-e-diagnosticada-com-paralisia-de-bell\/#breadcrumb\"},\"inLanguage\":\"pt-PT\",\"potentialAction\":[{\"@type\":\"ReadAction\",\"target\":[\"https:\/\/brasilnoticias.org\/site\/apresentadora-fernanda-gentil-e-diagnosticada-com-paralisia-de-bell\/\"]}]},{\"@type\":\"ImageObject\",\"inLanguage\":\"pt-PT\",\"@id\":\"https:\/\/brasilnoticias.org\/site\/apresentadora-fernanda-gentil-e-diagnosticada-com-paralisia-de-bell\/#primaryimage\",\"url\":\"https:\/\/brasilnoticias.org\/site\/wp-content\/uploads\/2024\/02\/fernanda-gentil.jpg\",\"contentUrl\":\"https:\/\/brasilnoticias.org\/site\/wp-content\/uploads\/2024\/02\/fernanda-gentil.jpg\",\"width\":960,\"height\":500},{\"@type\":\"BreadcrumbList\",\"@id\":\"https:\/\/brasilnoticias.org\/site\/apresentadora-fernanda-gentil-e-diagnosticada-com-paralisia-de-bell\/#breadcrumb\",\"itemListElement\":[{\"@type\":\"ListItem\",\"position\":1,\"name\":\"In\u00edcio\",\"item\":\"https:\/\/brasilnoticias.org\/site\/\"},{\"@type\":\"ListItem\",\"position\":2,\"name\":\"Apresentadora Fernanda Gentil \u00e9 diagnosticada com Paralisia de Bell\"}]},{\"@type\":\"WebSite\",\"@id\":\"https:\/\/brasilnoticias.org\/site\/#website\",\"url\":\"https:\/\/brasilnoticias.org\/site\/\",\"name\":\"Brasil not\u00edcias\",\"description\":\"Brasil not\u00edcias\",\"publisher\":{\"@id\":\"https:\/\/brasilnoticias.org\/site\/#organization\"},\"potentialAction\":[{\"@type\":\"SearchAction\",\"target\":{\"@type\":\"EntryPoint\",\"urlTemplate\":\"https:\/\/brasilnoticias.org\/site\/?s={search_term_string}\"},\"query-input\":{\"@type\":\"PropertyValueSpecification\",\"valueRequired\":true,\"valueName\":\"search_term_string\"}}],\"inLanguage\":\"pt-PT\"},{\"@type\":\"Organization\",\"@id\":\"https:\/\/brasilnoticias.org\/site\/#organization\",\"name\":\"Brasil not\u00edcias\",\"url\":\"https:\/\/brasilnoticias.org\/site\/\",\"logo\":{\"@type\":\"ImageObject\",\"inLanguage\":\"pt-PT\",\"@id\":\"https:\/\/brasilnoticias.org\/site\/#\/schema\/logo\/image\/\",\"url\":\"https:\/\/brasilnoticias.org\/site\/wp-content\/uploads\/2022\/05\/cropped-brasilnoticias-mini.jpg\",\"contentUrl\":\"https:\/\/brasilnoticias.org\/site\/wp-content\/uploads\/2022\/05\/cropped-brasilnoticias-mini.jpg\",\"width\":314,\"height\":86,\"caption\":\"Brasil not\u00edcias\"},\"image\":{\"@id\":\"https:\/\/brasilnoticias.org\/site\/#\/schema\/logo\/image\/\"}},{\"@type\":\"Person\",\"@id\":\"https:\/\/brasilnoticias.org\/site\/#\/schema\/person\/03bbbfe6c7634ad18c26444ea39049fa\",\"name\":\"Reda\u00e7\u00e3o\",\"image\":{\"@type\":\"ImageObject\",\"inLanguage\":\"pt-PT\",\"@id\":\"https:\/\/brasilnoticias.org\/site\/#\/schema\/person\/image\/\",\"url\":\"https:\/\/secure.gravatar.com\/avatar\/9ecaf7327a696cb23ad926fedded5f1f04d7049de9e445375d55b48c001a6e42?s=96&d=mm&r=g\",\"contentUrl\":\"https:\/\/secure.gravatar.com\/avatar\/9ecaf7327a696cb23ad926fedded5f1f04d7049de9e445375d55b48c001a6e42?s=96&d=mm&r=g\",\"caption\":\"Reda\u00e7\u00e3o\"},\"url\":\"https:\/\/brasilnoticias.org\/site\/author\/henrique\/\"}]}<\/script>\n<!-- \/ Yoast SEO plugin. -->","yoast_head_json":{"title":"Apresentadora Fernanda Gentil \u00e9 diagnosticada com Paralisia de Bell - Brasil not\u00edcias","robots":{"index":"index","follow":"follow","max-snippet":"max-snippet:-1","max-image-preview":"max-image-preview:large","max-video-preview":"max-video-preview:-1"},"canonical":"https:\/\/brasilnoticias.org\/site\/apresentadora-fernanda-gentil-e-diagnosticada-com-paralisia-de-bell\/","og_locale":"pt_PT","og_type":"article","og_title":"Apresentadora Fernanda Gentil \u00e9 diagnosticada com Paralisia de Bell - Brasil not\u00edcias","og_description":"Doen\u00e7a \u00e9 caracterizada pelo enfraquecimento dos m\u00fasculos da face A apresentadora Fernanda Gentil, de 37 anos, surpreendeu seus seguidores ao","og_url":"https:\/\/brasilnoticias.org\/site\/apresentadora-fernanda-gentil-e-diagnosticada-com-paralisia-de-bell\/","og_site_name":"Brasil not\u00edcias","article_published_time":"2024-02-27T18:17:42+00:00","og_image":[{"width":960,"height":500,"url":"https:\/\/brasilnoticias.org\/site\/wp-content\/uploads\/2024\/02\/fernanda-gentil.jpg","type":"image\/jpeg"}],"author":"Reda\u00e7\u00e3o","twitter_card":"summary_large_image","twitter_misc":{"Escrito por":"Reda\u00e7\u00e3o","Tempo estimado de leitura":"1 minuto"},"schema":{"@context":"https:\/\/schema.org","@graph":[{"@type":"Article","@id":"https:\/\/brasilnoticias.org\/site\/apresentadora-fernanda-gentil-e-diagnosticada-com-paralisia-de-bell\/#article","isPartOf":{"@id":"https:\/\/brasilnoticias.org\/site\/apresentadora-fernanda-gentil-e-diagnosticada-com-paralisia-de-bell\/"},"author":{"name":"Reda\u00e7\u00e3o","@id":"https:\/\/brasilnoticias.org\/site\/#\/schema\/person\/03bbbfe6c7634ad18c26444ea39049fa"},"headline":"Apresentadora Fernanda Gentil \u00e9 diagnosticada com Paralisia de Bell","datePublished":"2024-02-27T18:17:42+00:00","mainEntityOfPage":{"@id":"https:\/\/brasilnoticias.org\/site\/apresentadora-fernanda-gentil-e-diagnosticada-com-paralisia-de-bell\/"},"wordCount":334,"commentCount":0,"publisher":{"@id":"https:\/\/brasilnoticias.org\/site\/#organization"},"image":{"@id":"https:\/\/brasilnoticias.org\/site\/apresentadora-fernanda-gentil-e-diagnosticada-com-paralisia-de-bell\/#primaryimage"},"thumbnailUrl":"https:\/\/brasilnoticias.org\/site\/wp-content\/uploads\/2024\/02\/fernanda-gentil.jpg","articleSection":["Entretenimento","\u00daltimas"],"inLanguage":"pt-PT","potentialAction":[{"@type":"CommentAction","name":"Comment","target":["https:\/\/brasilnoticias.org\/site\/apresentadora-fernanda-gentil-e-diagnosticada-com-paralisia-de-bell\/#respond"]}]},{"@type":"WebPage","@id":"https:\/\/brasilnoticias.org\/site\/apresentadora-fernanda-gentil-e-diagnosticada-com-paralisia-de-bell\/","url":"https:\/\/brasilnoticias.org\/site\/apresentadora-fernanda-gentil-e-diagnosticada-com-paralisia-de-bell\/","name":"Apresentadora Fernanda Gentil \u00e9 diagnosticada com Paralisia de Bell - Brasil not\u00edcias","isPartOf":{"@id":"https:\/\/brasilnoticias.org\/site\/#website"},"primaryImageOfPage":{"@id":"https:\/\/brasilnoticias.org\/site\/apresentadora-fernanda-gentil-e-diagnosticada-com-paralisia-de-bell\/#primaryimage"},"image":{"@id":"https:\/\/brasilnoticias.org\/site\/apresentadora-fernanda-gentil-e-diagnosticada-com-paralisia-de-bell\/#primaryimage"},"thumbnailUrl":"https:\/\/brasilnoticias.org\/site\/wp-content\/uploads\/2024\/02\/fernanda-gentil.jpg","datePublished":"2024-02-27T18:17:42+00:00","breadcrumb":{"@id":"https:\/\/brasilnoticias.org\/site\/apresentadora-fernanda-gentil-e-diagnosticada-com-paralisia-de-bell\/#breadcrumb"},"inLanguage":"pt-PT","potentialAction":[{"@type":"ReadAction","target":["https:\/\/brasilnoticias.org\/site\/apresentadora-fernanda-gentil-e-diagnosticada-com-paralisia-de-bell\/"]}]},{"@type":"ImageObject","inLanguage":"pt-PT","@id":"https:\/\/brasilnoticias.org\/site\/apresentadora-fernanda-gentil-e-diagnosticada-com-paralisia-de-bell\/#primaryimage","url":"https:\/\/brasilnoticias.org\/site\/wp-content\/uploads\/2024\/02\/fernanda-gentil.jpg","contentUrl":"https:\/\/brasilnoticias.org\/site\/wp-content\/uploads\/2024\/02\/fernanda-gentil.jpg","width":960,"height":500},{"@type":"BreadcrumbList","@id":"https:\/\/brasilnoticias.org\/site\/apresentadora-fernanda-gentil-e-diagnosticada-com-paralisia-de-bell\/#breadcrumb","itemListElement":[{"@type":"ListItem","position":1,"name":"In\u00edcio","item":"https:\/\/brasilnoticias.org\/site\/"},{"@type":"ListItem","position":2,"name":"Apresentadora Fernanda Gentil \u00e9 diagnosticada com Paralisia de Bell"}]},{"@type":"WebSite","@id":"https:\/\/brasilnoticias.org\/site\/#website","url":"https:\/\/brasilnoticias.org\/site\/","name":"Brasil not\u00edcias","description":"Brasil not\u00edcias","publisher":{"@id":"https:\/\/brasilnoticias.org\/site\/#organization"},"potentialAction":[{"@type":"SearchAction","target":{"@type":"EntryPoint","urlTemplate":"https:\/\/brasilnoticias.org\/site\/?s={search_term_string}"},"query-input":{"@type":"PropertyValueSpecification","valueRequired":true,"valueName":"search_term_string"}}],"inLanguage":"pt-PT"},{"@type":"Organization","@id":"https:\/\/brasilnoticias.org\/site\/#organization","name":"Brasil not\u00edcias","url":"https:\/\/brasilnoticias.org\/site\/","logo":{"@type":"ImageObject","inLanguage":"pt-PT","@id":"https:\/\/brasilnoticias.org\/site\/#\/schema\/logo\/image\/","url":"https:\/\/brasilnoticias.org\/site\/wp-content\/uploads\/2022\/05\/cropped-brasilnoticias-mini.jpg","contentUrl":"https:\/\/brasilnoticias.org\/site\/wp-content\/uploads\/2022\/05\/cropped-brasilnoticias-mini.jpg","width":314,"height":86,"caption":"Brasil not\u00edcias"},"image":{"@id":"https:\/\/brasilnoticias.org\/site\/#\/schema\/logo\/image\/"}},{"@type":"Person","@id":"https:\/\/brasilnoticias.org\/site\/#\/schema\/person\/03bbbfe6c7634ad18c26444ea39049fa","name":"Reda\u00e7\u00e3o","image":{"@type":"ImageObject","inLanguage":"pt-PT","@id":"https:\/\/brasilnoticias.org\/site\/#\/schema\/person\/image\/","url":"https:\/\/secure.gravatar.com\/avatar\/9ecaf7327a696cb23ad926fedded5f1f04d7049de9e445375d55b48c001a6e42?s=96&d=mm&r=g","contentUrl":"https:\/\/secure.gravatar.com\/avatar\/9ecaf7327a696cb23ad926fedded5f1f04d7049de9e445375d55b48c001a6e42?s=96&d=mm&r=g","caption":"Reda\u00e7\u00e3o"},"url":"https:\/\/brasilnoticias.org\/site\/author\/henrique\/"}]}},"_links":{"self":[{"href":"https:\/\/brasilnoticias.org\/site\/wp-json\/wp\/v2\/posts\/12877","targetHints":{"allow":["GET"]}}],"collection":[{"href":"https:\/\/brasilnoticias.org\/site\/wp-json\/wp\/v2\/posts"}],"about":[{"href":"https:\/\/brasilnoticias.org\/site\/wp-json\/wp\/v2\/types\/post"}],"author":[{"embeddable":true,"href":"https:\/\/brasilnoticias.org\/site\/wp-json\/wp\/v2\/users\/4"}],"replies":[{"embeddable":true,"href":"https:\/\/brasilnoticias.org\/site\/wp-json\/wp\/v2\/comments?post=12877"}],"version-history":[{"count":1,"href":"https:\/\/brasilnoticias.org\/site\/wp-json\/wp\/v2\/posts\/12877\/revisions"}],"predecessor-version":[{"id":12879,"href":"https:\/\/brasilnoticias.org\/site\/wp-json\/wp\/v2\/posts\/12877\/revisions\/12879"}],"wp:featuredmedia":[{"embeddable":true,"href":"https:\/\/brasilnoticias.org\/site\/wp-json\/wp\/v2\/media\/12878"}],"wp:attachment":[{"href":"https:\/\/brasilnoticias.org\/site\/wp-json\/wp\/v2\/media?parent=12877"}],"wp:term":[{"taxonomy":"category","embeddable":true,"href":"https:\/\/brasilnoticias.org\/site\/wp-json\/wp\/v2\/categories?post=12877"},{"taxonomy":"post_tag","embeddable":true,"href":"https:\/\/brasilnoticias.org\/site\/wp-json\/wp\/v2\/tags?post=12877"}],"curies":[{"name":"wp","href":"https:\/\/api.w.org\/{rel}","templated":true}]}}