{"id":12880,"date":"2024-02-27T15:19:11","date_gmt":"2024-02-27T18:19:11","guid":{"rendered":"https:\/\/brasilnoticias.org\/site\/?p=12880"},"modified":"2024-02-27T15:19:11","modified_gmt":"2024-02-27T18:19:11","slug":"tiago-correia-e-escolhido-vice-presidente-da-comissao-de-defesa-do-consumidor-na-al-ba-muniz-continua-presidente","status":"publish","type":"post","link":"https:\/\/brasilnoticias.org\/site\/tiago-correia-e-escolhido-vice-presidente-da-comissao-de-defesa-do-consumidor-na-al-ba-muniz-continua-presidente\/","title":{"rendered":"Tiago Correia \u00e9 escolhido vice-presidente da Comiss\u00e3o de Defesa do Consumidor na AL-BA; Muniz continua presidente"},"content":{"rendered":"<p>Sob a presid\u00eancia de Muniz, a comiss\u00e3o acolheu diversas demandas da sociedade e realizou dezenas de audi\u00eancias p\u00fablicas<\/p>\n<p>O deputado estadual J\u00fanior Muniz (PT) foi reconduzido, nesta ter\u00e7a-feira (27\/2), \u00e0 presid\u00eancia da Comiss\u00e3o de Defesa do Consumidor e Rela\u00e7\u00f5es de Trabalho na Assembleia Legislativa da Bahia (AL-BA) por decis\u00e3o un\u00e2nime do colegiado.<\/p>\n<p>Hoje, J\u00fanior Muniz projetou que em 2024 sua presid\u00eancia ter\u00e1 uma atua\u00e7\u00e3o compartilhada com o novo vice-presidente da comiss\u00e3o, deputado Tiago Correia (PSDB).<\/p>\n<p>\u201cAssim como o nosso mandato, Tiago tem uma atua\u00e7\u00e3o muito colaborativa na defesa do consumidor e tenho certeza que vamos ampliar os trabalhos em prol da sociedade baiana\u201d, disse.<\/p>\n<p>Sob a presid\u00eancia de Muniz, a comiss\u00e3o acolheu diversas demandas da sociedade e realizou dezenas de audi\u00eancias p\u00fablicas, inclusive no interior do Estado, como foi a agenda itinerante em Jequi\u00e9, que reuniu representantes da Empresa Baiana de \u00c1guas e Saneamento (Embasa), da Companhia de Eletricidade do Estado da Bahia (Coelba) e da Superintend\u00eancia de Prote\u00e7\u00e3o e Defesa do Consumidor (PROCON-BA) para responderem diretamente \u00e0s quest\u00f5es apontadas pela popula\u00e7\u00e3o.<\/p>\n<p>Partiu tamb\u00e9m da iniciativa da Comiss\u00e3o de Defesa do Consumidor e Rela\u00e7\u00f5es de Trabalho a proposta de amplia\u00e7\u00e3o dos feir\u00f5es de renegocia\u00e7\u00e3o de d\u00edvidas realizados pelo Procon, a fim de que os consumidores tenham mais oportunidades para equilibrar as contas e sair do vermelho.<\/p>\n<p>Tamb\u00e9m comp\u00f5em a comiss\u00e3o os deputados Euclides Fernandes (PT), F\u00e1tima Nunes (PT), Niltinho (PP), Fabr\u00edcio Falc\u00e3o (PC do B), Laerte do Vando (PSC), Eduardo Alencar (PSD), Roberto Carlos (PV), Pedro Tavares (UB) e Dr. Diego Castro (PL).<\/p>\n<p>Foto: Divulga\u00e7\u00e3o<br \/>\nAratu On<\/p>\n","protected":false},"excerpt":{"rendered":"<p>Sob a presid\u00eancia de Muniz, a comiss\u00e3o acolheu diversas demandas da sociedade e realizou dezenas de audi\u00eancias p\u00fablicas O deputado<\/p>\n","protected":false},"author":4,"featured_media":12881,"comment_status":"open","ping_status":"open","sticky":false,"template":"","format":"standard","meta":{"colormag_page_container_layout":"default_layout","colormag_page_sidebar_layout":"default_layout","_FSMCFIC_featured_image_caption":"","_FSMCFIC_featured_image_nocaption":"","_FSMCFIC_featured_image_hide":"","footnotes":""},"categories":[5,1],"tags":[],"class_list":["post-12880","post","type-post","status-publish","format-standard","has-post-thumbnail","hentry","category-politica","category-ultimas"],"yoast_head":"<!-- This site is optimized with the Yoast SEO plugin v27.1.1 - https:\/\/yoast.com\/product\/yoast-seo-wordpress\/ -->\n<title>Tiago Correia \u00e9 escolhido vice-presidente da Comiss\u00e3o de Defesa do Consumidor na AL-BA; Muniz continua presidente - Brasil not\u00edcias<\/title>\n<meta name=\"robots\" content=\"index, follow, max-snippet:-1, max-image-preview:large, max-video-preview:-1\" \/>\n<link rel=\"canonical\" href=\"https:\/\/brasilnoticias.org\/site\/tiago-correia-e-escolhido-vice-presidente-da-comissao-de-defesa-do-consumidor-na-al-ba-muniz-continua-presidente\/\" \/>\n<meta property=\"og:locale\" content=\"pt_PT\" \/>\n<meta property=\"og:type\" content=\"article\" \/>\n<meta property=\"og:title\" content=\"Tiago Correia \u00e9 escolhido vice-presidente da Comiss\u00e3o de Defesa do Consumidor na AL-BA; Muniz continua presidente - Brasil not\u00edcias\" \/>\n<meta property=\"og:description\" content=\"Sob a presid\u00eancia de Muniz, a comiss\u00e3o acolheu diversas demandas da sociedade e realizou dezenas de audi\u00eancias p\u00fablicas O deputado\" \/>\n<meta property=\"og:url\" content=\"https:\/\/brasilnoticias.org\/site\/tiago-correia-e-escolhido-vice-presidente-da-comissao-de-defesa-do-consumidor-na-al-ba-muniz-continua-presidente\/\" \/>\n<meta property=\"og:site_name\" content=\"Brasil not\u00edcias\" \/>\n<meta property=\"article:published_time\" content=\"2024-02-27T18:19:11+00:00\" \/>\n<meta property=\"og:image\" content=\"https:\/\/brasilnoticias.org\/site\/wp-content\/uploads\/2024\/02\/WhatsApp-Image-2024-02-27-at-14.58.37-960x500-1.jpeg\" \/>\n\t<meta property=\"og:image:width\" content=\"960\" \/>\n\t<meta property=\"og:image:height\" content=\"500\" \/>\n\t<meta property=\"og:image:type\" content=\"image\/jpeg\" \/>\n<meta name=\"author\" content=\"Reda\u00e7\u00e3o\" \/>\n<meta name=\"twitter:card\" content=\"summary_large_image\" \/>\n<meta name=\"twitter:label1\" content=\"Escrito por\" \/>\n\t<meta name=\"twitter:data1\" content=\"Reda\u00e7\u00e3o\" \/>\n\t<meta name=\"twitter:label2\" content=\"Tempo estimado de leitura\" \/>\n\t<meta name=\"twitter:data2\" content=\"1 minuto\" \/>\n<script type=\"application\/ld+json\" class=\"yoast-schema-graph\">{\"@context\":\"https:\/\/schema.org\",\"@graph\":[{\"@type\":\"Article\",\"@id\":\"https:\/\/brasilnoticias.org\/site\/tiago-correia-e-escolhido-vice-presidente-da-comissao-de-defesa-do-consumidor-na-al-ba-muniz-continua-presidente\/#article\",\"isPartOf\":{\"@id\":\"https:\/\/brasilnoticias.org\/site\/tiago-correia-e-escolhido-vice-presidente-da-comissao-de-defesa-do-consumidor-na-al-ba-muniz-continua-presidente\/\"},\"author\":{\"name\":\"Reda\u00e7\u00e3o\",\"@id\":\"https:\/\/brasilnoticias.org\/site\/#\/schema\/person\/03bbbfe6c7634ad18c26444ea39049fa\"},\"headline\":\"Tiago Correia \u00e9 escolhido vice-presidente da Comiss\u00e3o de Defesa do Consumidor na AL-BA; Muniz continua presidente\",\"datePublished\":\"2024-02-27T18:19:11+00:00\",\"mainEntityOfPage\":{\"@id\":\"https:\/\/brasilnoticias.org\/site\/tiago-correia-e-escolhido-vice-presidente-da-comissao-de-defesa-do-consumidor-na-al-ba-muniz-continua-presidente\/\"},\"wordCount\":308,\"commentCount\":0,\"publisher\":{\"@id\":\"https:\/\/brasilnoticias.org\/site\/#organization\"},\"image\":{\"@id\":\"https:\/\/brasilnoticias.org\/site\/tiago-correia-e-escolhido-vice-presidente-da-comissao-de-defesa-do-consumidor-na-al-ba-muniz-continua-presidente\/#primaryimage\"},\"thumbnailUrl\":\"https:\/\/brasilnoticias.org\/site\/wp-content\/uploads\/2024\/02\/WhatsApp-Image-2024-02-27-at-14.58.37-960x500-1.jpeg\",\"articleSection\":[\"Pol\u00edtica\",\"\u00daltimas\"],\"inLanguage\":\"pt-PT\",\"potentialAction\":[{\"@type\":\"CommentAction\",\"name\":\"Comment\",\"target\":[\"https:\/\/brasilnoticias.org\/site\/tiago-correia-e-escolhido-vice-presidente-da-comissao-de-defesa-do-consumidor-na-al-ba-muniz-continua-presidente\/#respond\"]}]},{\"@type\":\"WebPage\",\"@id\":\"https:\/\/brasilnoticias.org\/site\/tiago-correia-e-escolhido-vice-presidente-da-comissao-de-defesa-do-consumidor-na-al-ba-muniz-continua-presidente\/\",\"url\":\"https:\/\/brasilnoticias.org\/site\/tiago-correia-e-escolhido-vice-presidente-da-comissao-de-defesa-do-consumidor-na-al-ba-muniz-continua-presidente\/\",\"name\":\"Tiago Correia \u00e9 escolhido vice-presidente da Comiss\u00e3o de Defesa do Consumidor na AL-BA; Muniz continua presidente - Brasil not\u00edcias\",\"isPartOf\":{\"@id\":\"https:\/\/brasilnoticias.org\/site\/#website\"},\"primaryImageOfPage\":{\"@id\":\"https:\/\/brasilnoticias.org\/site\/tiago-correia-e-escolhido-vice-presidente-da-comissao-de-defesa-do-consumidor-na-al-ba-muniz-continua-presidente\/#primaryimage\"},\"image\":{\"@id\":\"https:\/\/brasilnoticias.org\/site\/tiago-correia-e-escolhido-vice-presidente-da-comissao-de-defesa-do-consumidor-na-al-ba-muniz-continua-presidente\/#primaryimage\"},\"thumbnailUrl\":\"https:\/\/brasilnoticias.org\/site\/wp-content\/uploads\/2024\/02\/WhatsApp-Image-2024-02-27-at-14.58.37-960x500-1.jpeg\",\"datePublished\":\"2024-02-27T18:19:11+00:00\",\"breadcrumb\":{\"@id\":\"https:\/\/brasilnoticias.org\/site\/tiago-correia-e-escolhido-vice-presidente-da-comissao-de-defesa-do-consumidor-na-al-ba-muniz-continua-presidente\/#breadcrumb\"},\"inLanguage\":\"pt-PT\",\"potentialAction\":[{\"@type\":\"ReadAction\",\"target\":[\"https:\/\/brasilnoticias.org\/site\/tiago-correia-e-escolhido-vice-presidente-da-comissao-de-defesa-do-consumidor-na-al-ba-muniz-continua-presidente\/\"]}]},{\"@type\":\"ImageObject\",\"inLanguage\":\"pt-PT\",\"@id\":\"https:\/\/brasilnoticias.org\/site\/tiago-correia-e-escolhido-vice-presidente-da-comissao-de-defesa-do-consumidor-na-al-ba-muniz-continua-presidente\/#primaryimage\",\"url\":\"https:\/\/brasilnoticias.org\/site\/wp-content\/uploads\/2024\/02\/WhatsApp-Image-2024-02-27-at-14.58.37-960x500-1.jpeg\",\"contentUrl\":\"https:\/\/brasilnoticias.org\/site\/wp-content\/uploads\/2024\/02\/WhatsApp-Image-2024-02-27-at-14.58.37-960x500-1.jpeg\",\"width\":960,\"height\":500},{\"@type\":\"BreadcrumbList\",\"@id\":\"https:\/\/brasilnoticias.org\/site\/tiago-correia-e-escolhido-vice-presidente-da-comissao-de-defesa-do-consumidor-na-al-ba-muniz-continua-presidente\/#breadcrumb\",\"itemListElement\":[{\"@type\":\"ListItem\",\"position\":1,\"name\":\"In\u00edcio\",\"item\":\"https:\/\/brasilnoticias.org\/site\/\"},{\"@type\":\"ListItem\",\"position\":2,\"name\":\"Tiago Correia \u00e9 escolhido vice-presidente da Comiss\u00e3o de Defesa do Consumidor na AL-BA; Muniz continua presidente\"}]},{\"@type\":\"WebSite\",\"@id\":\"https:\/\/brasilnoticias.org\/site\/#website\",\"url\":\"https:\/\/brasilnoticias.org\/site\/\",\"name\":\"Brasil not\u00edcias\",\"description\":\"Brasil not\u00edcias\",\"publisher\":{\"@id\":\"https:\/\/brasilnoticias.org\/site\/#organization\"},\"potentialAction\":[{\"@type\":\"SearchAction\",\"target\":{\"@type\":\"EntryPoint\",\"urlTemplate\":\"https:\/\/brasilnoticias.org\/site\/?s={search_term_string}\"},\"query-input\":{\"@type\":\"PropertyValueSpecification\",\"valueRequired\":true,\"valueName\":\"search_term_string\"}}],\"inLanguage\":\"pt-PT\"},{\"@type\":\"Organization\",\"@id\":\"https:\/\/brasilnoticias.org\/site\/#organization\",\"name\":\"Brasil not\u00edcias\",\"url\":\"https:\/\/brasilnoticias.org\/site\/\",\"logo\":{\"@type\":\"ImageObject\",\"inLanguage\":\"pt-PT\",\"@id\":\"https:\/\/brasilnoticias.org\/site\/#\/schema\/logo\/image\/\",\"url\":\"https:\/\/brasilnoticias.org\/site\/wp-content\/uploads\/2022\/05\/cropped-brasilnoticias-mini.jpg\",\"contentUrl\":\"https:\/\/brasilnoticias.org\/site\/wp-content\/uploads\/2022\/05\/cropped-brasilnoticias-mini.jpg\",\"width\":314,\"height\":86,\"caption\":\"Brasil not\u00edcias\"},\"image\":{\"@id\":\"https:\/\/brasilnoticias.org\/site\/#\/schema\/logo\/image\/\"}},{\"@type\":\"Person\",\"@id\":\"https:\/\/brasilnoticias.org\/site\/#\/schema\/person\/03bbbfe6c7634ad18c26444ea39049fa\",\"name\":\"Reda\u00e7\u00e3o\",\"image\":{\"@type\":\"ImageObject\",\"inLanguage\":\"pt-PT\",\"@id\":\"https:\/\/brasilnoticias.org\/site\/#\/schema\/person\/image\/\",\"url\":\"https:\/\/secure.gravatar.com\/avatar\/9ecaf7327a696cb23ad926fedded5f1f04d7049de9e445375d55b48c001a6e42?s=96&d=mm&r=g\",\"contentUrl\":\"https:\/\/secure.gravatar.com\/avatar\/9ecaf7327a696cb23ad926fedded5f1f04d7049de9e445375d55b48c001a6e42?s=96&d=mm&r=g\",\"caption\":\"Reda\u00e7\u00e3o\"},\"url\":\"https:\/\/brasilnoticias.org\/site\/author\/henrique\/\"}]}<\/script>\n<!-- \/ Yoast SEO plugin. -->","yoast_head_json":{"title":"Tiago Correia \u00e9 escolhido vice-presidente da Comiss\u00e3o de Defesa do Consumidor na AL-BA; Muniz continua presidente - Brasil not\u00edcias","robots":{"index":"index","follow":"follow","max-snippet":"max-snippet:-1","max-image-preview":"max-image-preview:large","max-video-preview":"max-video-preview:-1"},"canonical":"https:\/\/brasilnoticias.org\/site\/tiago-correia-e-escolhido-vice-presidente-da-comissao-de-defesa-do-consumidor-na-al-ba-muniz-continua-presidente\/","og_locale":"pt_PT","og_type":"article","og_title":"Tiago Correia \u00e9 escolhido vice-presidente da Comiss\u00e3o de Defesa do Consumidor na AL-BA; Muniz continua presidente - Brasil not\u00edcias","og_description":"Sob a presid\u00eancia de Muniz, a comiss\u00e3o acolheu diversas demandas da sociedade e realizou dezenas de audi\u00eancias p\u00fablicas O deputado","og_url":"https:\/\/brasilnoticias.org\/site\/tiago-correia-e-escolhido-vice-presidente-da-comissao-de-defesa-do-consumidor-na-al-ba-muniz-continua-presidente\/","og_site_name":"Brasil not\u00edcias","article_published_time":"2024-02-27T18:19:11+00:00","og_image":[{"width":960,"height":500,"url":"https:\/\/brasilnoticias.org\/site\/wp-content\/uploads\/2024\/02\/WhatsApp-Image-2024-02-27-at-14.58.37-960x500-1.jpeg","type":"image\/jpeg"}],"author":"Reda\u00e7\u00e3o","twitter_card":"summary_large_image","twitter_misc":{"Escrito por":"Reda\u00e7\u00e3o","Tempo estimado de leitura":"1 minuto"},"schema":{"@context":"https:\/\/schema.org","@graph":[{"@type":"Article","@id":"https:\/\/brasilnoticias.org\/site\/tiago-correia-e-escolhido-vice-presidente-da-comissao-de-defesa-do-consumidor-na-al-ba-muniz-continua-presidente\/#article","isPartOf":{"@id":"https:\/\/brasilnoticias.org\/site\/tiago-correia-e-escolhido-vice-presidente-da-comissao-de-defesa-do-consumidor-na-al-ba-muniz-continua-presidente\/"},"author":{"name":"Reda\u00e7\u00e3o","@id":"https:\/\/brasilnoticias.org\/site\/#\/schema\/person\/03bbbfe6c7634ad18c26444ea39049fa"},"headline":"Tiago Correia \u00e9 escolhido vice-presidente da Comiss\u00e3o de Defesa do Consumidor na AL-BA; Muniz continua presidente","datePublished":"2024-02-27T18:19:11+00:00","mainEntityOfPage":{"@id":"https:\/\/brasilnoticias.org\/site\/tiago-correia-e-escolhido-vice-presidente-da-comissao-de-defesa-do-consumidor-na-al-ba-muniz-continua-presidente\/"},"wordCount":308,"commentCount":0,"publisher":{"@id":"https:\/\/brasilnoticias.org\/site\/#organization"},"image":{"@id":"https:\/\/brasilnoticias.org\/site\/tiago-correia-e-escolhido-vice-presidente-da-comissao-de-defesa-do-consumidor-na-al-ba-muniz-continua-presidente\/#primaryimage"},"thumbnailUrl":"https:\/\/brasilnoticias.org\/site\/wp-content\/uploads\/2024\/02\/WhatsApp-Image-2024-02-27-at-14.58.37-960x500-1.jpeg","articleSection":["Pol\u00edtica","\u00daltimas"],"inLanguage":"pt-PT","potentialAction":[{"@type":"CommentAction","name":"Comment","target":["https:\/\/brasilnoticias.org\/site\/tiago-correia-e-escolhido-vice-presidente-da-comissao-de-defesa-do-consumidor-na-al-ba-muniz-continua-presidente\/#respond"]}]},{"@type":"WebPage","@id":"https:\/\/brasilnoticias.org\/site\/tiago-correia-e-escolhido-vice-presidente-da-comissao-de-defesa-do-consumidor-na-al-ba-muniz-continua-presidente\/","url":"https:\/\/brasilnoticias.org\/site\/tiago-correia-e-escolhido-vice-presidente-da-comissao-de-defesa-do-consumidor-na-al-ba-muniz-continua-presidente\/","name":"Tiago Correia \u00e9 escolhido vice-presidente da Comiss\u00e3o de Defesa do Consumidor na AL-BA; Muniz continua presidente - Brasil not\u00edcias","isPartOf":{"@id":"https:\/\/brasilnoticias.org\/site\/#website"},"primaryImageOfPage":{"@id":"https:\/\/brasilnoticias.org\/site\/tiago-correia-e-escolhido-vice-presidente-da-comissao-de-defesa-do-consumidor-na-al-ba-muniz-continua-presidente\/#primaryimage"},"image":{"@id":"https:\/\/brasilnoticias.org\/site\/tiago-correia-e-escolhido-vice-presidente-da-comissao-de-defesa-do-consumidor-na-al-ba-muniz-continua-presidente\/#primaryimage"},"thumbnailUrl":"https:\/\/brasilnoticias.org\/site\/wp-content\/uploads\/2024\/02\/WhatsApp-Image-2024-02-27-at-14.58.37-960x500-1.jpeg","datePublished":"2024-02-27T18:19:11+00:00","breadcrumb":{"@id":"https:\/\/brasilnoticias.org\/site\/tiago-correia-e-escolhido-vice-presidente-da-comissao-de-defesa-do-consumidor-na-al-ba-muniz-continua-presidente\/#breadcrumb"},"inLanguage":"pt-PT","potentialAction":[{"@type":"ReadAction","target":["https:\/\/brasilnoticias.org\/site\/tiago-correia-e-escolhido-vice-presidente-da-comissao-de-defesa-do-consumidor-na-al-ba-muniz-continua-presidente\/"]}]},{"@type":"ImageObject","inLanguage":"pt-PT","@id":"https:\/\/brasilnoticias.org\/site\/tiago-correia-e-escolhido-vice-presidente-da-comissao-de-defesa-do-consumidor-na-al-ba-muniz-continua-presidente\/#primaryimage","url":"https:\/\/brasilnoticias.org\/site\/wp-content\/uploads\/2024\/02\/WhatsApp-Image-2024-02-27-at-14.58.37-960x500-1.jpeg","contentUrl":"https:\/\/brasilnoticias.org\/site\/wp-content\/uploads\/2024\/02\/WhatsApp-Image-2024-02-27-at-14.58.37-960x500-1.jpeg","width":960,"height":500},{"@type":"BreadcrumbList","@id":"https:\/\/brasilnoticias.org\/site\/tiago-correia-e-escolhido-vice-presidente-da-comissao-de-defesa-do-consumidor-na-al-ba-muniz-continua-presidente\/#breadcrumb","itemListElement":[{"@type":"ListItem","position":1,"name":"In\u00edcio","item":"https:\/\/brasilnoticias.org\/site\/"},{"@type":"ListItem","position":2,"name":"Tiago Correia \u00e9 escolhido vice-presidente da Comiss\u00e3o de Defesa do Consumidor na AL-BA; Muniz continua presidente"}]},{"@type":"WebSite","@id":"https:\/\/brasilnoticias.org\/site\/#website","url":"https:\/\/brasilnoticias.org\/site\/","name":"Brasil not\u00edcias","description":"Brasil not\u00edcias","publisher":{"@id":"https:\/\/brasilnoticias.org\/site\/#organization"},"potentialAction":[{"@type":"SearchAction","target":{"@type":"EntryPoint","urlTemplate":"https:\/\/brasilnoticias.org\/site\/?s={search_term_string}"},"query-input":{"@type":"PropertyValueSpecification","valueRequired":true,"valueName":"search_term_string"}}],"inLanguage":"pt-PT"},{"@type":"Organization","@id":"https:\/\/brasilnoticias.org\/site\/#organization","name":"Brasil not\u00edcias","url":"https:\/\/brasilnoticias.org\/site\/","logo":{"@type":"ImageObject","inLanguage":"pt-PT","@id":"https:\/\/brasilnoticias.org\/site\/#\/schema\/logo\/image\/","url":"https:\/\/brasilnoticias.org\/site\/wp-content\/uploads\/2022\/05\/cropped-brasilnoticias-mini.jpg","contentUrl":"https:\/\/brasilnoticias.org\/site\/wp-content\/uploads\/2022\/05\/cropped-brasilnoticias-mini.jpg","width":314,"height":86,"caption":"Brasil not\u00edcias"},"image":{"@id":"https:\/\/brasilnoticias.org\/site\/#\/schema\/logo\/image\/"}},{"@type":"Person","@id":"https:\/\/brasilnoticias.org\/site\/#\/schema\/person\/03bbbfe6c7634ad18c26444ea39049fa","name":"Reda\u00e7\u00e3o","image":{"@type":"ImageObject","inLanguage":"pt-PT","@id":"https:\/\/brasilnoticias.org\/site\/#\/schema\/person\/image\/","url":"https:\/\/secure.gravatar.com\/avatar\/9ecaf7327a696cb23ad926fedded5f1f04d7049de9e445375d55b48c001a6e42?s=96&d=mm&r=g","contentUrl":"https:\/\/secure.gravatar.com\/avatar\/9ecaf7327a696cb23ad926fedded5f1f04d7049de9e445375d55b48c001a6e42?s=96&d=mm&r=g","caption":"Reda\u00e7\u00e3o"},"url":"https:\/\/brasilnoticias.org\/site\/author\/henrique\/"}]}},"_links":{"self":[{"href":"https:\/\/brasilnoticias.org\/site\/wp-json\/wp\/v2\/posts\/12880","targetHints":{"allow":["GET"]}}],"collection":[{"href":"https:\/\/brasilnoticias.org\/site\/wp-json\/wp\/v2\/posts"}],"about":[{"href":"https:\/\/brasilnoticias.org\/site\/wp-json\/wp\/v2\/types\/post"}],"author":[{"embeddable":true,"href":"https:\/\/brasilnoticias.org\/site\/wp-json\/wp\/v2\/users\/4"}],"replies":[{"embeddable":true,"href":"https:\/\/brasilnoticias.org\/site\/wp-json\/wp\/v2\/comments?post=12880"}],"version-history":[{"count":1,"href":"https:\/\/brasilnoticias.org\/site\/wp-json\/wp\/v2\/posts\/12880\/revisions"}],"predecessor-version":[{"id":12882,"href":"https:\/\/brasilnoticias.org\/site\/wp-json\/wp\/v2\/posts\/12880\/revisions\/12882"}],"wp:featuredmedia":[{"embeddable":true,"href":"https:\/\/brasilnoticias.org\/site\/wp-json\/wp\/v2\/media\/12881"}],"wp:attachment":[{"href":"https:\/\/brasilnoticias.org\/site\/wp-json\/wp\/v2\/media?parent=12880"}],"wp:term":[{"taxonomy":"category","embeddable":true,"href":"https:\/\/brasilnoticias.org\/site\/wp-json\/wp\/v2\/categories?post=12880"},{"taxonomy":"post_tag","embeddable":true,"href":"https:\/\/brasilnoticias.org\/site\/wp-json\/wp\/v2\/tags?post=12880"}],"curies":[{"name":"wp","href":"https:\/\/api.w.org\/{rel}","templated":true}]}}