{"id":12883,"date":"2024-02-27T15:20:07","date_gmt":"2024-02-27T18:20:07","guid":{"rendered":"https:\/\/brasilnoticias.org\/site\/?p=12883"},"modified":"2024-02-27T15:20:07","modified_gmt":"2024-02-27T18:20:07","slug":"em-menos-de-dois-meses-brasil-ja-registra-metade-dos-casos-de-dengue-contabilizados-em-2023","status":"publish","type":"post","link":"https:\/\/brasilnoticias.org\/site\/em-menos-de-dois-meses-brasil-ja-registra-metade-dos-casos-de-dengue-contabilizados-em-2023\/","title":{"rendered":"Em menos de dois meses, Brasil j\u00e1 registra metade dos casos de dengue contabilizados em 2023"},"content":{"rendered":"<p>O n\u00famero de casos prov\u00e1veis de dengue na Bahia atingiu 16.771 em 2024, at\u00e9 o dia 24 de fevereiro<\/p>\n<p>Com 920.427 casos prov\u00e1veis de dengue desde 1\u00ba de janeiro, o pa\u00eds j\u00e1 contabiliza mais da metade do total de diagn\u00f3sticos da doen\u00e7a identificados por estados e munic\u00edpios ao longo de todo o ano de 2023, quando foram registrados 1.658.816 casos.<\/p>\n<p>Dados do Painel de Monitoramento de Arboviroses do Minist\u00e9rio da Sa\u00fade mostram que, no ano passado, o coeficiente de incid\u00eancia da dengue no pa\u00eds foi de 777,6 casos para cada grupo de 100 mil habitantes. O coeficiente registrado atualmente \u00e9 de 453,3 casos, sendo que o pico da doen\u00e7a, segundo autoridades sanit\u00e1rias, ainda n\u00e3o foi atingido.<\/p>\n<p>Em 2023, os estados com maior n\u00famero absoluto de casos da doen\u00e7a eram Minas Gerais, S\u00e3o Paulo, Paran\u00e1, Santa Catarina e Esp\u00edrito Santo. Este ano, Minas Gerais segue liderando o ranking, com 311.333 casos. Nas posi\u00e7\u00f5es seguintes est\u00e3o S\u00e3o Paulo (161.397), Distrito Federal (98.169), Paran\u00e1 (94.361) e Rio de Janeiro (71.494).<\/p>\n<p>BAHIA<\/p>\n<p>O n\u00famero de casos prov\u00e1veis de dengue na Bahia atingiu 16.771 em 2024, at\u00e9 o dia 24 de fevereiro. Esse dado \u2013 divulgado nesta segunda-feira (26) pela Secretaria da Sa\u00fade do Estado (Sesab) \u2013 representa um incremento de quase 100% em rela\u00e7\u00e3o a 2023, quando, no mesmo per\u00edodo, foram notificados 8.408 casos prov\u00e1veis. A eleva\u00e7\u00e3o foi puxada principalmente por munic\u00edpios como Vit\u00f3ria da Conquista e Feira de Santana, ambos em situa\u00e7\u00e3o epid\u00eamica. No total, 64 munic\u00edpios est\u00e3o em situa\u00e7\u00e3o de epidemia para dengue.<\/p>\n<p>At\u00e9 o momento h\u00e1 quatro \u00f3bitos confirmado pela C\u00e2mara T\u00e9cnica Estadual de An\u00e1lise de \u00d3bito, sendo um em Ibiassuc\u00ea, dois em Jacaraci e um em Pirip\u00e1. Por\u00e9m, nesta segunda, a secretaria municipal de Sa\u00fade de Feira de Santana informou uma morte por dengue hemorr\u00e1gica. A adolescente Keziane Mota dos Santos, de 17 anos, que estava internada h\u00e1 tr\u00eas dias no Hospital Geral Cl\u00e9riston Andrade (HGCA), n\u00e3o resistiu \u00e0s complica\u00e7\u00f5es da doen\u00e7a.<\/p>\n<p>A\u00c7\u00d5ES DE COMBATE<\/p>\n<p>Para o combate \u00e0 doen\u00e7a no estado est\u00e3o sendo utilizados carros de Ultra Baixo Volume (UBV), tamb\u00e9m conhecidos como \u201cfumac\u00eas\u201d, h\u00e1 distribui\u00e7\u00e3o de aproximadamente 12 mil kits para os agentes de Combate \u00e0s Endemias, intensifica\u00e7\u00e3o dos mutir\u00f5es de limpeza com o aux\u00edlio das for\u00e7as de seguran\u00e7a e emerg\u00eancia, al\u00e9m da utiliza\u00e7\u00e3o de agentes com bombas costais em diversas cidades.<\/p>\n<p>De acordo com a Sesab, \u00e9 importante que a popula\u00e7\u00e3o que continue seguindo as recomenda\u00e7\u00f5es de preven\u00e7\u00e3o, como eliminar \u00e1gua parada, usar repelente e procurar assist\u00eancia m\u00e9dica ao identificar sintomas da doen\u00e7a. A colabora\u00e7\u00e3o de todos \u00e9 fundamental no combate \u00e0 dengue.<\/p>\n<p>Foto: Divulga\u00e7\u00e3o<br \/>\nAratu On<\/p>\n","protected":false},"excerpt":{"rendered":"<p>O n\u00famero de casos prov\u00e1veis de dengue na Bahia atingiu 16.771 em 2024, at\u00e9 o dia 24 de fevereiro Com<\/p>\n","protected":false},"author":4,"featured_media":12884,"comment_status":"open","ping_status":"open","sticky":false,"template":"","format":"standard","meta":{"colormag_page_container_layout":"default_layout","colormag_page_sidebar_layout":"default_layout","_FSMCFIC_featured_image_caption":"","_FSMCFIC_featured_image_nocaption":"","_FSMCFIC_featured_image_hide":"","footnotes":""},"categories":[2,1],"tags":[],"class_list":["post-12883","post","type-post","status-publish","format-standard","has-post-thumbnail","hentry","category-noticias","category-ultimas"],"yoast_head":"<!-- This site is optimized with the Yoast SEO plugin v27.1.1 - https:\/\/yoast.com\/product\/yoast-seo-wordpress\/ -->\n<title>Em menos de dois meses, Brasil j\u00e1 registra metade dos casos de dengue contabilizados em 2023 - Brasil not\u00edcias<\/title>\n<meta name=\"robots\" content=\"index, follow, max-snippet:-1, max-image-preview:large, max-video-preview:-1\" \/>\n<link rel=\"canonical\" href=\"https:\/\/brasilnoticias.org\/site\/em-menos-de-dois-meses-brasil-ja-registra-metade-dos-casos-de-dengue-contabilizados-em-2023\/\" \/>\n<meta property=\"og:locale\" content=\"pt_PT\" \/>\n<meta property=\"og:type\" content=\"article\" \/>\n<meta property=\"og:title\" content=\"Em menos de dois meses, Brasil j\u00e1 registra metade dos casos de dengue contabilizados em 2023 - Brasil not\u00edcias\" \/>\n<meta property=\"og:description\" content=\"O n\u00famero de casos prov\u00e1veis de dengue na Bahia atingiu 16.771 em 2024, at\u00e9 o dia 24 de fevereiro Com\" \/>\n<meta property=\"og:url\" content=\"https:\/\/brasilnoticias.org\/site\/em-menos-de-dois-meses-brasil-ja-registra-metade-dos-casos-de-dengue-contabilizados-em-2023\/\" \/>\n<meta property=\"og:site_name\" content=\"Brasil not\u00edcias\" \/>\n<meta property=\"article:published_time\" content=\"2024-02-27T18:20:07+00:00\" \/>\n<meta property=\"og:image\" content=\"https:\/\/brasilnoticias.org\/site\/wp-content\/uploads\/2024\/02\/MOSQUITO-DENGUE-960x500-1.jpg\" \/>\n\t<meta property=\"og:image:width\" content=\"960\" \/>\n\t<meta property=\"og:image:height\" content=\"500\" \/>\n\t<meta property=\"og:image:type\" content=\"image\/jpeg\" \/>\n<meta name=\"author\" content=\"Reda\u00e7\u00e3o\" \/>\n<meta name=\"twitter:card\" content=\"summary_large_image\" \/>\n<meta name=\"twitter:label1\" content=\"Escrito por\" \/>\n\t<meta name=\"twitter:data1\" content=\"Reda\u00e7\u00e3o\" \/>\n\t<meta name=\"twitter:label2\" content=\"Tempo estimado de leitura\" \/>\n\t<meta name=\"twitter:data2\" content=\"1 minuto\" \/>\n<script type=\"application\/ld+json\" class=\"yoast-schema-graph\">{\"@context\":\"https:\/\/schema.org\",\"@graph\":[{\"@type\":\"Article\",\"@id\":\"https:\/\/brasilnoticias.org\/site\/em-menos-de-dois-meses-brasil-ja-registra-metade-dos-casos-de-dengue-contabilizados-em-2023\/#article\",\"isPartOf\":{\"@id\":\"https:\/\/brasilnoticias.org\/site\/em-menos-de-dois-meses-brasil-ja-registra-metade-dos-casos-de-dengue-contabilizados-em-2023\/\"},\"author\":{\"name\":\"Reda\u00e7\u00e3o\",\"@id\":\"https:\/\/brasilnoticias.org\/site\/#\/schema\/person\/03bbbfe6c7634ad18c26444ea39049fa\"},\"headline\":\"Em menos de dois meses, Brasil j\u00e1 registra metade dos casos de dengue contabilizados em 2023\",\"datePublished\":\"2024-02-27T18:20:07+00:00\",\"mainEntityOfPage\":{\"@id\":\"https:\/\/brasilnoticias.org\/site\/em-menos-de-dois-meses-brasil-ja-registra-metade-dos-casos-de-dengue-contabilizados-em-2023\/\"},\"wordCount\":480,\"commentCount\":0,\"publisher\":{\"@id\":\"https:\/\/brasilnoticias.org\/site\/#organization\"},\"image\":{\"@id\":\"https:\/\/brasilnoticias.org\/site\/em-menos-de-dois-meses-brasil-ja-registra-metade-dos-casos-de-dengue-contabilizados-em-2023\/#primaryimage\"},\"thumbnailUrl\":\"https:\/\/brasilnoticias.org\/site\/wp-content\/uploads\/2024\/02\/MOSQUITO-DENGUE-960x500-1.jpg\",\"articleSection\":[\"Not\u00edcias\",\"\u00daltimas\"],\"inLanguage\":\"pt-PT\",\"potentialAction\":[{\"@type\":\"CommentAction\",\"name\":\"Comment\",\"target\":[\"https:\/\/brasilnoticias.org\/site\/em-menos-de-dois-meses-brasil-ja-registra-metade-dos-casos-de-dengue-contabilizados-em-2023\/#respond\"]}]},{\"@type\":\"WebPage\",\"@id\":\"https:\/\/brasilnoticias.org\/site\/em-menos-de-dois-meses-brasil-ja-registra-metade-dos-casos-de-dengue-contabilizados-em-2023\/\",\"url\":\"https:\/\/brasilnoticias.org\/site\/em-menos-de-dois-meses-brasil-ja-registra-metade-dos-casos-de-dengue-contabilizados-em-2023\/\",\"name\":\"Em menos de dois meses, Brasil j\u00e1 registra metade dos casos de dengue contabilizados em 2023 - Brasil not\u00edcias\",\"isPartOf\":{\"@id\":\"https:\/\/brasilnoticias.org\/site\/#website\"},\"primaryImageOfPage\":{\"@id\":\"https:\/\/brasilnoticias.org\/site\/em-menos-de-dois-meses-brasil-ja-registra-metade-dos-casos-de-dengue-contabilizados-em-2023\/#primaryimage\"},\"image\":{\"@id\":\"https:\/\/brasilnoticias.org\/site\/em-menos-de-dois-meses-brasil-ja-registra-metade-dos-casos-de-dengue-contabilizados-em-2023\/#primaryimage\"},\"thumbnailUrl\":\"https:\/\/brasilnoticias.org\/site\/wp-content\/uploads\/2024\/02\/MOSQUITO-DENGUE-960x500-1.jpg\",\"datePublished\":\"2024-02-27T18:20:07+00:00\",\"breadcrumb\":{\"@id\":\"https:\/\/brasilnoticias.org\/site\/em-menos-de-dois-meses-brasil-ja-registra-metade-dos-casos-de-dengue-contabilizados-em-2023\/#breadcrumb\"},\"inLanguage\":\"pt-PT\",\"potentialAction\":[{\"@type\":\"ReadAction\",\"target\":[\"https:\/\/brasilnoticias.org\/site\/em-menos-de-dois-meses-brasil-ja-registra-metade-dos-casos-de-dengue-contabilizados-em-2023\/\"]}]},{\"@type\":\"ImageObject\",\"inLanguage\":\"pt-PT\",\"@id\":\"https:\/\/brasilnoticias.org\/site\/em-menos-de-dois-meses-brasil-ja-registra-metade-dos-casos-de-dengue-contabilizados-em-2023\/#primaryimage\",\"url\":\"https:\/\/brasilnoticias.org\/site\/wp-content\/uploads\/2024\/02\/MOSQUITO-DENGUE-960x500-1.jpg\",\"contentUrl\":\"https:\/\/brasilnoticias.org\/site\/wp-content\/uploads\/2024\/02\/MOSQUITO-DENGUE-960x500-1.jpg\",\"width\":960,\"height\":500},{\"@type\":\"BreadcrumbList\",\"@id\":\"https:\/\/brasilnoticias.org\/site\/em-menos-de-dois-meses-brasil-ja-registra-metade-dos-casos-de-dengue-contabilizados-em-2023\/#breadcrumb\",\"itemListElement\":[{\"@type\":\"ListItem\",\"position\":1,\"name\":\"In\u00edcio\",\"item\":\"https:\/\/brasilnoticias.org\/site\/\"},{\"@type\":\"ListItem\",\"position\":2,\"name\":\"Em menos de dois meses, Brasil j\u00e1 registra metade dos casos de dengue contabilizados em 2023\"}]},{\"@type\":\"WebSite\",\"@id\":\"https:\/\/brasilnoticias.org\/site\/#website\",\"url\":\"https:\/\/brasilnoticias.org\/site\/\",\"name\":\"Brasil not\u00edcias\",\"description\":\"Brasil not\u00edcias\",\"publisher\":{\"@id\":\"https:\/\/brasilnoticias.org\/site\/#organization\"},\"potentialAction\":[{\"@type\":\"SearchAction\",\"target\":{\"@type\":\"EntryPoint\",\"urlTemplate\":\"https:\/\/brasilnoticias.org\/site\/?s={search_term_string}\"},\"query-input\":{\"@type\":\"PropertyValueSpecification\",\"valueRequired\":true,\"valueName\":\"search_term_string\"}}],\"inLanguage\":\"pt-PT\"},{\"@type\":\"Organization\",\"@id\":\"https:\/\/brasilnoticias.org\/site\/#organization\",\"name\":\"Brasil not\u00edcias\",\"url\":\"https:\/\/brasilnoticias.org\/site\/\",\"logo\":{\"@type\":\"ImageObject\",\"inLanguage\":\"pt-PT\",\"@id\":\"https:\/\/brasilnoticias.org\/site\/#\/schema\/logo\/image\/\",\"url\":\"https:\/\/brasilnoticias.org\/site\/wp-content\/uploads\/2022\/05\/cropped-brasilnoticias-mini.jpg\",\"contentUrl\":\"https:\/\/brasilnoticias.org\/site\/wp-content\/uploads\/2022\/05\/cropped-brasilnoticias-mini.jpg\",\"width\":314,\"height\":86,\"caption\":\"Brasil not\u00edcias\"},\"image\":{\"@id\":\"https:\/\/brasilnoticias.org\/site\/#\/schema\/logo\/image\/\"}},{\"@type\":\"Person\",\"@id\":\"https:\/\/brasilnoticias.org\/site\/#\/schema\/person\/03bbbfe6c7634ad18c26444ea39049fa\",\"name\":\"Reda\u00e7\u00e3o\",\"image\":{\"@type\":\"ImageObject\",\"inLanguage\":\"pt-PT\",\"@id\":\"https:\/\/brasilnoticias.org\/site\/#\/schema\/person\/image\/\",\"url\":\"https:\/\/secure.gravatar.com\/avatar\/9ecaf7327a696cb23ad926fedded5f1f04d7049de9e445375d55b48c001a6e42?s=96&d=mm&r=g\",\"contentUrl\":\"https:\/\/secure.gravatar.com\/avatar\/9ecaf7327a696cb23ad926fedded5f1f04d7049de9e445375d55b48c001a6e42?s=96&d=mm&r=g\",\"caption\":\"Reda\u00e7\u00e3o\"},\"url\":\"https:\/\/brasilnoticias.org\/site\/author\/henrique\/\"}]}<\/script>\n<!-- \/ Yoast SEO plugin. -->","yoast_head_json":{"title":"Em menos de dois meses, Brasil j\u00e1 registra metade dos casos de dengue contabilizados em 2023 - Brasil not\u00edcias","robots":{"index":"index","follow":"follow","max-snippet":"max-snippet:-1","max-image-preview":"max-image-preview:large","max-video-preview":"max-video-preview:-1"},"canonical":"https:\/\/brasilnoticias.org\/site\/em-menos-de-dois-meses-brasil-ja-registra-metade-dos-casos-de-dengue-contabilizados-em-2023\/","og_locale":"pt_PT","og_type":"article","og_title":"Em menos de dois meses, Brasil j\u00e1 registra metade dos casos de dengue contabilizados em 2023 - Brasil not\u00edcias","og_description":"O n\u00famero de casos prov\u00e1veis de dengue na Bahia atingiu 16.771 em 2024, at\u00e9 o dia 24 de fevereiro Com","og_url":"https:\/\/brasilnoticias.org\/site\/em-menos-de-dois-meses-brasil-ja-registra-metade-dos-casos-de-dengue-contabilizados-em-2023\/","og_site_name":"Brasil not\u00edcias","article_published_time":"2024-02-27T18:20:07+00:00","og_image":[{"width":960,"height":500,"url":"https:\/\/brasilnoticias.org\/site\/wp-content\/uploads\/2024\/02\/MOSQUITO-DENGUE-960x500-1.jpg","type":"image\/jpeg"}],"author":"Reda\u00e7\u00e3o","twitter_card":"summary_large_image","twitter_misc":{"Escrito por":"Reda\u00e7\u00e3o","Tempo estimado de leitura":"1 minuto"},"schema":{"@context":"https:\/\/schema.org","@graph":[{"@type":"Article","@id":"https:\/\/brasilnoticias.org\/site\/em-menos-de-dois-meses-brasil-ja-registra-metade-dos-casos-de-dengue-contabilizados-em-2023\/#article","isPartOf":{"@id":"https:\/\/brasilnoticias.org\/site\/em-menos-de-dois-meses-brasil-ja-registra-metade-dos-casos-de-dengue-contabilizados-em-2023\/"},"author":{"name":"Reda\u00e7\u00e3o","@id":"https:\/\/brasilnoticias.org\/site\/#\/schema\/person\/03bbbfe6c7634ad18c26444ea39049fa"},"headline":"Em menos de dois meses, Brasil j\u00e1 registra metade dos casos de dengue contabilizados em 2023","datePublished":"2024-02-27T18:20:07+00:00","mainEntityOfPage":{"@id":"https:\/\/brasilnoticias.org\/site\/em-menos-de-dois-meses-brasil-ja-registra-metade-dos-casos-de-dengue-contabilizados-em-2023\/"},"wordCount":480,"commentCount":0,"publisher":{"@id":"https:\/\/brasilnoticias.org\/site\/#organization"},"image":{"@id":"https:\/\/brasilnoticias.org\/site\/em-menos-de-dois-meses-brasil-ja-registra-metade-dos-casos-de-dengue-contabilizados-em-2023\/#primaryimage"},"thumbnailUrl":"https:\/\/brasilnoticias.org\/site\/wp-content\/uploads\/2024\/02\/MOSQUITO-DENGUE-960x500-1.jpg","articleSection":["Not\u00edcias","\u00daltimas"],"inLanguage":"pt-PT","potentialAction":[{"@type":"CommentAction","name":"Comment","target":["https:\/\/brasilnoticias.org\/site\/em-menos-de-dois-meses-brasil-ja-registra-metade-dos-casos-de-dengue-contabilizados-em-2023\/#respond"]}]},{"@type":"WebPage","@id":"https:\/\/brasilnoticias.org\/site\/em-menos-de-dois-meses-brasil-ja-registra-metade-dos-casos-de-dengue-contabilizados-em-2023\/","url":"https:\/\/brasilnoticias.org\/site\/em-menos-de-dois-meses-brasil-ja-registra-metade-dos-casos-de-dengue-contabilizados-em-2023\/","name":"Em menos de dois meses, Brasil j\u00e1 registra metade dos casos de dengue contabilizados em 2023 - Brasil not\u00edcias","isPartOf":{"@id":"https:\/\/brasilnoticias.org\/site\/#website"},"primaryImageOfPage":{"@id":"https:\/\/brasilnoticias.org\/site\/em-menos-de-dois-meses-brasil-ja-registra-metade-dos-casos-de-dengue-contabilizados-em-2023\/#primaryimage"},"image":{"@id":"https:\/\/brasilnoticias.org\/site\/em-menos-de-dois-meses-brasil-ja-registra-metade-dos-casos-de-dengue-contabilizados-em-2023\/#primaryimage"},"thumbnailUrl":"https:\/\/brasilnoticias.org\/site\/wp-content\/uploads\/2024\/02\/MOSQUITO-DENGUE-960x500-1.jpg","datePublished":"2024-02-27T18:20:07+00:00","breadcrumb":{"@id":"https:\/\/brasilnoticias.org\/site\/em-menos-de-dois-meses-brasil-ja-registra-metade-dos-casos-de-dengue-contabilizados-em-2023\/#breadcrumb"},"inLanguage":"pt-PT","potentialAction":[{"@type":"ReadAction","target":["https:\/\/brasilnoticias.org\/site\/em-menos-de-dois-meses-brasil-ja-registra-metade-dos-casos-de-dengue-contabilizados-em-2023\/"]}]},{"@type":"ImageObject","inLanguage":"pt-PT","@id":"https:\/\/brasilnoticias.org\/site\/em-menos-de-dois-meses-brasil-ja-registra-metade-dos-casos-de-dengue-contabilizados-em-2023\/#primaryimage","url":"https:\/\/brasilnoticias.org\/site\/wp-content\/uploads\/2024\/02\/MOSQUITO-DENGUE-960x500-1.jpg","contentUrl":"https:\/\/brasilnoticias.org\/site\/wp-content\/uploads\/2024\/02\/MOSQUITO-DENGUE-960x500-1.jpg","width":960,"height":500},{"@type":"BreadcrumbList","@id":"https:\/\/brasilnoticias.org\/site\/em-menos-de-dois-meses-brasil-ja-registra-metade-dos-casos-de-dengue-contabilizados-em-2023\/#breadcrumb","itemListElement":[{"@type":"ListItem","position":1,"name":"In\u00edcio","item":"https:\/\/brasilnoticias.org\/site\/"},{"@type":"ListItem","position":2,"name":"Em menos de dois meses, Brasil j\u00e1 registra metade dos casos de dengue contabilizados em 2023"}]},{"@type":"WebSite","@id":"https:\/\/brasilnoticias.org\/site\/#website","url":"https:\/\/brasilnoticias.org\/site\/","name":"Brasil not\u00edcias","description":"Brasil not\u00edcias","publisher":{"@id":"https:\/\/brasilnoticias.org\/site\/#organization"},"potentialAction":[{"@type":"SearchAction","target":{"@type":"EntryPoint","urlTemplate":"https:\/\/brasilnoticias.org\/site\/?s={search_term_string}"},"query-input":{"@type":"PropertyValueSpecification","valueRequired":true,"valueName":"search_term_string"}}],"inLanguage":"pt-PT"},{"@type":"Organization","@id":"https:\/\/brasilnoticias.org\/site\/#organization","name":"Brasil not\u00edcias","url":"https:\/\/brasilnoticias.org\/site\/","logo":{"@type":"ImageObject","inLanguage":"pt-PT","@id":"https:\/\/brasilnoticias.org\/site\/#\/schema\/logo\/image\/","url":"https:\/\/brasilnoticias.org\/site\/wp-content\/uploads\/2022\/05\/cropped-brasilnoticias-mini.jpg","contentUrl":"https:\/\/brasilnoticias.org\/site\/wp-content\/uploads\/2022\/05\/cropped-brasilnoticias-mini.jpg","width":314,"height":86,"caption":"Brasil not\u00edcias"},"image":{"@id":"https:\/\/brasilnoticias.org\/site\/#\/schema\/logo\/image\/"}},{"@type":"Person","@id":"https:\/\/brasilnoticias.org\/site\/#\/schema\/person\/03bbbfe6c7634ad18c26444ea39049fa","name":"Reda\u00e7\u00e3o","image":{"@type":"ImageObject","inLanguage":"pt-PT","@id":"https:\/\/brasilnoticias.org\/site\/#\/schema\/person\/image\/","url":"https:\/\/secure.gravatar.com\/avatar\/9ecaf7327a696cb23ad926fedded5f1f04d7049de9e445375d55b48c001a6e42?s=96&d=mm&r=g","contentUrl":"https:\/\/secure.gravatar.com\/avatar\/9ecaf7327a696cb23ad926fedded5f1f04d7049de9e445375d55b48c001a6e42?s=96&d=mm&r=g","caption":"Reda\u00e7\u00e3o"},"url":"https:\/\/brasilnoticias.org\/site\/author\/henrique\/"}]}},"_links":{"self":[{"href":"https:\/\/brasilnoticias.org\/site\/wp-json\/wp\/v2\/posts\/12883","targetHints":{"allow":["GET"]}}],"collection":[{"href":"https:\/\/brasilnoticias.org\/site\/wp-json\/wp\/v2\/posts"}],"about":[{"href":"https:\/\/brasilnoticias.org\/site\/wp-json\/wp\/v2\/types\/post"}],"author":[{"embeddable":true,"href":"https:\/\/brasilnoticias.org\/site\/wp-json\/wp\/v2\/users\/4"}],"replies":[{"embeddable":true,"href":"https:\/\/brasilnoticias.org\/site\/wp-json\/wp\/v2\/comments?post=12883"}],"version-history":[{"count":1,"href":"https:\/\/brasilnoticias.org\/site\/wp-json\/wp\/v2\/posts\/12883\/revisions"}],"predecessor-version":[{"id":12885,"href":"https:\/\/brasilnoticias.org\/site\/wp-json\/wp\/v2\/posts\/12883\/revisions\/12885"}],"wp:featuredmedia":[{"embeddable":true,"href":"https:\/\/brasilnoticias.org\/site\/wp-json\/wp\/v2\/media\/12884"}],"wp:attachment":[{"href":"https:\/\/brasilnoticias.org\/site\/wp-json\/wp\/v2\/media?parent=12883"}],"wp:term":[{"taxonomy":"category","embeddable":true,"href":"https:\/\/brasilnoticias.org\/site\/wp-json\/wp\/v2\/categories?post=12883"},{"taxonomy":"post_tag","embeddable":true,"href":"https:\/\/brasilnoticias.org\/site\/wp-json\/wp\/v2\/tags?post=12883"}],"curies":[{"name":"wp","href":"https:\/\/api.w.org\/{rel}","templated":true}]}}