{"id":12886,"date":"2024-02-27T15:22:18","date_gmt":"2024-02-27T18:22:18","guid":{"rendered":"https:\/\/brasilnoticias.org\/site\/?p=12886"},"modified":"2024-02-27T15:22:18","modified_gmt":"2024-02-27T18:22:18","slug":"bolsonaro-depoe-a-policia-federal-sobre-suposta-importunacao-a-baleia","status":"publish","type":"post","link":"https:\/\/brasilnoticias.org\/site\/bolsonaro-depoe-a-policia-federal-sobre-suposta-importunacao-a-baleia\/","title":{"rendered":"Bolsonaro dep\u00f5e \u00e0 Pol\u00edcia Federal sobre suposta importuna\u00e7\u00e3o a baleia"},"content":{"rendered":"<p>O caso aconteceu em junho de 2023, quando o ex-presidente teria se aproximado de uma baleia, que estava na superf\u00edcie, al\u00e9m do permitido por lei, enquanto pilotava um jet ski<\/p>\n<p>SBT News<\/p>\n<p>O ex-presidente Jair Bolsonaro (PL) \u00e9 esperado na Pol\u00edcia Federal (PF), nesta ter\u00e7a-feira (27\/2), para depor sobre suposta \u201cimportuna\u00e7\u00e3o intencional\u201d a uma baleia jubarte durante um passeio aqu\u00e1tico em S\u00e3o Sebasti\u00e3o, no litoral de S\u00e3o Paulo. Fabio Wajngarten, advogado de Bolsonaro, tamb\u00e9m deve prestar depoimento por participar do ato.<\/p>\n<p>O caso aconteceu em junho de 2023, quando o ex-presidente teria se aproximado de uma baleia, que estava na superf\u00edcie, enquanto pilotava um jet ski. O ato foi gravado e divulgado nas redes sociais, gerando repercuss\u00e3o. Veja o v\u00eddeo, publicado pela TV Jornal, afiliada do SBT em Pernambuco:<\/p>\n<blockquote class=\"twitter-tweet\" data-media-max-width=\"560\">\n<p lang=\"pt\" dir=\"ltr\">Bolsonaro dep\u00f5e \u00e0 Pol\u00edcia Federal sobre suposta importuna\u00e7\u00e3o a baleia nesta ter\u00e7a-feira (27)<br \/>V\u00eddeo: TV Jornal<br \/>Saiba mais: <a href=\"https:\/\/t.co\/k2NBMRODDr\">https:\/\/t.co\/k2NBMRODDr<\/a> <a href=\"https:\/\/t.co\/lpnSVU95yO\">pic.twitter.com\/lpnSVU95yO<\/a><\/p>\n<p>&mdash; Aratu On (@aratuonline) <a href=\"https:\/\/twitter.com\/aratuonline\/status\/1762535410205331644?ref_src=twsrc%5Etfw\">February 27, 2024<\/a><\/p><\/blockquote>\n<p> <script async src=\"https:\/\/platform.twitter.com\/widgets.js\" charset=\"utf-8\"><\/script><\/p>\n<p>Com base no v\u00eddeo, a PF abriu um inqu\u00e9rito em S\u00e3o Sebasti\u00e3o por suspeita de \u201cimportuna\u00e7\u00e3o intencional de esp\u00e9cies de cet\u00e1ceos\u201d. O crime est\u00e1 previsto em uma lei de 1987, que pro\u00edbe a pesca de animais como baleias e golfinhos nas \u00e1reas litor\u00e2neas. A pena para esse tipo de crime \u00e9 de dois a cinco anos de pris\u00e3o, al\u00e9m de multa.<\/p>\n<p>Em novembro de 2023, Bolsonaro comentou o caso. \u201cTodo dia tem uma maldade em cima de mim. A de ontem foi que estou perseguindo baleias. A \u00fanica baleia que n\u00e3o gosta de mim na Esplanada \u00e9 aquela que est\u00e1 no minist\u00e9rio, que diz que eu queria dar golpe\u201d, disse o ex-presidente, referindo-se a Fl\u00e1vio Dino, ent\u00e3o ministro da Justi\u00e7a.<\/p>\n<p>Este ser\u00e1 o s\u00e9timo depoimento de Bolsonaro \u00e0 PF, e o segundo neste ano, desde que deixou o governo. Na semana passada, o ex-presidente compareceu \u00e0 sede da corpora\u00e7\u00e3o, em Bras\u00edlia, para prestar esclarecimentos no inqu\u00e9rito que apura uma suposta tentativa de golpe de Estado. Ele, no entanto, permaneceu em sil\u00eancio.<\/p>\n<p>Foto: Ag\u00eancia Brasil<br \/>\nAratu On<\/p>\n","protected":false},"excerpt":{"rendered":"<p>O caso aconteceu em junho de 2023, quando o ex-presidente teria se aproximado de uma baleia, que estava na superf\u00edcie,<\/p>\n","protected":false},"author":4,"featured_media":12887,"comment_status":"open","ping_status":"open","sticky":false,"template":"","format":"standard","meta":{"colormag_page_container_layout":"default_layout","colormag_page_sidebar_layout":"default_layout","_FSMCFIC_featured_image_caption":"","_FSMCFIC_featured_image_nocaption":"","_FSMCFIC_featured_image_hide":"","footnotes":""},"categories":[5,1],"tags":[],"class_list":["post-12886","post","type-post","status-publish","format-standard","has-post-thumbnail","hentry","category-politica","category-ultimas"],"yoast_head":"<!-- This site is optimized with the Yoast SEO plugin v27.1.1 - https:\/\/yoast.com\/product\/yoast-seo-wordpress\/ -->\n<title>Bolsonaro dep\u00f5e \u00e0 Pol\u00edcia Federal sobre suposta importuna\u00e7\u00e3o a baleia - Brasil not\u00edcias<\/title>\n<meta name=\"robots\" content=\"index, follow, max-snippet:-1, max-image-preview:large, max-video-preview:-1\" \/>\n<link rel=\"canonical\" href=\"https:\/\/brasilnoticias.org\/site\/bolsonaro-depoe-a-policia-federal-sobre-suposta-importunacao-a-baleia\/\" \/>\n<meta property=\"og:locale\" content=\"pt_PT\" \/>\n<meta property=\"og:type\" content=\"article\" \/>\n<meta property=\"og:title\" content=\"Bolsonaro dep\u00f5e \u00e0 Pol\u00edcia Federal sobre suposta importuna\u00e7\u00e3o a baleia - Brasil not\u00edcias\" \/>\n<meta property=\"og:description\" content=\"O caso aconteceu em junho de 2023, quando o ex-presidente teria se aproximado de uma baleia, que estava na superf\u00edcie,\" \/>\n<meta property=\"og:url\" content=\"https:\/\/brasilnoticias.org\/site\/bolsonaro-depoe-a-policia-federal-sobre-suposta-importunacao-a-baleia\/\" \/>\n<meta property=\"og:site_name\" content=\"Brasil not\u00edcias\" \/>\n<meta property=\"article:published_time\" content=\"2024-02-27T18:22:18+00:00\" \/>\n<meta property=\"og:image\" content=\"https:\/\/brasilnoticias.org\/site\/wp-content\/uploads\/2024\/02\/bolsonaro-1-960x500-1.jpg\" \/>\n\t<meta property=\"og:image:width\" content=\"960\" \/>\n\t<meta property=\"og:image:height\" content=\"500\" \/>\n\t<meta property=\"og:image:type\" content=\"image\/jpeg\" \/>\n<meta name=\"author\" content=\"Reda\u00e7\u00e3o\" \/>\n<meta name=\"twitter:card\" content=\"summary_large_image\" \/>\n<meta name=\"twitter:label1\" content=\"Escrito por\" \/>\n\t<meta name=\"twitter:data1\" content=\"Reda\u00e7\u00e3o\" \/>\n\t<meta name=\"twitter:label2\" content=\"Tempo estimado de leitura\" \/>\n\t<meta name=\"twitter:data2\" content=\"1 minuto\" \/>\n<script type=\"application\/ld+json\" class=\"yoast-schema-graph\">{\"@context\":\"https:\/\/schema.org\",\"@graph\":[{\"@type\":\"Article\",\"@id\":\"https:\/\/brasilnoticias.org\/site\/bolsonaro-depoe-a-policia-federal-sobre-suposta-importunacao-a-baleia\/#article\",\"isPartOf\":{\"@id\":\"https:\/\/brasilnoticias.org\/site\/bolsonaro-depoe-a-policia-federal-sobre-suposta-importunacao-a-baleia\/\"},\"author\":{\"name\":\"Reda\u00e7\u00e3o\",\"@id\":\"https:\/\/brasilnoticias.org\/site\/#\/schema\/person\/03bbbfe6c7634ad18c26444ea39049fa\"},\"headline\":\"Bolsonaro dep\u00f5e \u00e0 Pol\u00edcia Federal sobre suposta importuna\u00e7\u00e3o a baleia\",\"datePublished\":\"2024-02-27T18:22:18+00:00\",\"mainEntityOfPage\":{\"@id\":\"https:\/\/brasilnoticias.org\/site\/bolsonaro-depoe-a-policia-federal-sobre-suposta-importunacao-a-baleia\/\"},\"wordCount\":377,\"commentCount\":0,\"publisher\":{\"@id\":\"https:\/\/brasilnoticias.org\/site\/#organization\"},\"image\":{\"@id\":\"https:\/\/brasilnoticias.org\/site\/bolsonaro-depoe-a-policia-federal-sobre-suposta-importunacao-a-baleia\/#primaryimage\"},\"thumbnailUrl\":\"https:\/\/brasilnoticias.org\/site\/wp-content\/uploads\/2024\/02\/bolsonaro-1-960x500-1.jpg\",\"articleSection\":[\"Pol\u00edtica\",\"\u00daltimas\"],\"inLanguage\":\"pt-PT\",\"potentialAction\":[{\"@type\":\"CommentAction\",\"name\":\"Comment\",\"target\":[\"https:\/\/brasilnoticias.org\/site\/bolsonaro-depoe-a-policia-federal-sobre-suposta-importunacao-a-baleia\/#respond\"]}]},{\"@type\":\"WebPage\",\"@id\":\"https:\/\/brasilnoticias.org\/site\/bolsonaro-depoe-a-policia-federal-sobre-suposta-importunacao-a-baleia\/\",\"url\":\"https:\/\/brasilnoticias.org\/site\/bolsonaro-depoe-a-policia-federal-sobre-suposta-importunacao-a-baleia\/\",\"name\":\"Bolsonaro dep\u00f5e \u00e0 Pol\u00edcia Federal sobre suposta importuna\u00e7\u00e3o a baleia - Brasil not\u00edcias\",\"isPartOf\":{\"@id\":\"https:\/\/brasilnoticias.org\/site\/#website\"},\"primaryImageOfPage\":{\"@id\":\"https:\/\/brasilnoticias.org\/site\/bolsonaro-depoe-a-policia-federal-sobre-suposta-importunacao-a-baleia\/#primaryimage\"},\"image\":{\"@id\":\"https:\/\/brasilnoticias.org\/site\/bolsonaro-depoe-a-policia-federal-sobre-suposta-importunacao-a-baleia\/#primaryimage\"},\"thumbnailUrl\":\"https:\/\/brasilnoticias.org\/site\/wp-content\/uploads\/2024\/02\/bolsonaro-1-960x500-1.jpg\",\"datePublished\":\"2024-02-27T18:22:18+00:00\",\"breadcrumb\":{\"@id\":\"https:\/\/brasilnoticias.org\/site\/bolsonaro-depoe-a-policia-federal-sobre-suposta-importunacao-a-baleia\/#breadcrumb\"},\"inLanguage\":\"pt-PT\",\"potentialAction\":[{\"@type\":\"ReadAction\",\"target\":[\"https:\/\/brasilnoticias.org\/site\/bolsonaro-depoe-a-policia-federal-sobre-suposta-importunacao-a-baleia\/\"]}]},{\"@type\":\"ImageObject\",\"inLanguage\":\"pt-PT\",\"@id\":\"https:\/\/brasilnoticias.org\/site\/bolsonaro-depoe-a-policia-federal-sobre-suposta-importunacao-a-baleia\/#primaryimage\",\"url\":\"https:\/\/brasilnoticias.org\/site\/wp-content\/uploads\/2024\/02\/bolsonaro-1-960x500-1.jpg\",\"contentUrl\":\"https:\/\/brasilnoticias.org\/site\/wp-content\/uploads\/2024\/02\/bolsonaro-1-960x500-1.jpg\",\"width\":960,\"height\":500},{\"@type\":\"BreadcrumbList\",\"@id\":\"https:\/\/brasilnoticias.org\/site\/bolsonaro-depoe-a-policia-federal-sobre-suposta-importunacao-a-baleia\/#breadcrumb\",\"itemListElement\":[{\"@type\":\"ListItem\",\"position\":1,\"name\":\"In\u00edcio\",\"item\":\"https:\/\/brasilnoticias.org\/site\/\"},{\"@type\":\"ListItem\",\"position\":2,\"name\":\"Bolsonaro dep\u00f5e \u00e0 Pol\u00edcia Federal sobre suposta importuna\u00e7\u00e3o a baleia\"}]},{\"@type\":\"WebSite\",\"@id\":\"https:\/\/brasilnoticias.org\/site\/#website\",\"url\":\"https:\/\/brasilnoticias.org\/site\/\",\"name\":\"Brasil not\u00edcias\",\"description\":\"Brasil not\u00edcias\",\"publisher\":{\"@id\":\"https:\/\/brasilnoticias.org\/site\/#organization\"},\"potentialAction\":[{\"@type\":\"SearchAction\",\"target\":{\"@type\":\"EntryPoint\",\"urlTemplate\":\"https:\/\/brasilnoticias.org\/site\/?s={search_term_string}\"},\"query-input\":{\"@type\":\"PropertyValueSpecification\",\"valueRequired\":true,\"valueName\":\"search_term_string\"}}],\"inLanguage\":\"pt-PT\"},{\"@type\":\"Organization\",\"@id\":\"https:\/\/brasilnoticias.org\/site\/#organization\",\"name\":\"Brasil not\u00edcias\",\"url\":\"https:\/\/brasilnoticias.org\/site\/\",\"logo\":{\"@type\":\"ImageObject\",\"inLanguage\":\"pt-PT\",\"@id\":\"https:\/\/brasilnoticias.org\/site\/#\/schema\/logo\/image\/\",\"url\":\"https:\/\/brasilnoticias.org\/site\/wp-content\/uploads\/2022\/05\/cropped-brasilnoticias-mini.jpg\",\"contentUrl\":\"https:\/\/brasilnoticias.org\/site\/wp-content\/uploads\/2022\/05\/cropped-brasilnoticias-mini.jpg\",\"width\":314,\"height\":86,\"caption\":\"Brasil not\u00edcias\"},\"image\":{\"@id\":\"https:\/\/brasilnoticias.org\/site\/#\/schema\/logo\/image\/\"}},{\"@type\":\"Person\",\"@id\":\"https:\/\/brasilnoticias.org\/site\/#\/schema\/person\/03bbbfe6c7634ad18c26444ea39049fa\",\"name\":\"Reda\u00e7\u00e3o\",\"image\":{\"@type\":\"ImageObject\",\"inLanguage\":\"pt-PT\",\"@id\":\"https:\/\/brasilnoticias.org\/site\/#\/schema\/person\/image\/\",\"url\":\"https:\/\/secure.gravatar.com\/avatar\/9ecaf7327a696cb23ad926fedded5f1f04d7049de9e445375d55b48c001a6e42?s=96&d=mm&r=g\",\"contentUrl\":\"https:\/\/secure.gravatar.com\/avatar\/9ecaf7327a696cb23ad926fedded5f1f04d7049de9e445375d55b48c001a6e42?s=96&d=mm&r=g\",\"caption\":\"Reda\u00e7\u00e3o\"},\"url\":\"https:\/\/brasilnoticias.org\/site\/author\/henrique\/\"}]}<\/script>\n<!-- \/ Yoast SEO plugin. -->","yoast_head_json":{"title":"Bolsonaro dep\u00f5e \u00e0 Pol\u00edcia Federal sobre suposta importuna\u00e7\u00e3o a baleia - Brasil not\u00edcias","robots":{"index":"index","follow":"follow","max-snippet":"max-snippet:-1","max-image-preview":"max-image-preview:large","max-video-preview":"max-video-preview:-1"},"canonical":"https:\/\/brasilnoticias.org\/site\/bolsonaro-depoe-a-policia-federal-sobre-suposta-importunacao-a-baleia\/","og_locale":"pt_PT","og_type":"article","og_title":"Bolsonaro dep\u00f5e \u00e0 Pol\u00edcia Federal sobre suposta importuna\u00e7\u00e3o a baleia - Brasil not\u00edcias","og_description":"O caso aconteceu em junho de 2023, quando o ex-presidente teria se aproximado de uma baleia, que estava na superf\u00edcie,","og_url":"https:\/\/brasilnoticias.org\/site\/bolsonaro-depoe-a-policia-federal-sobre-suposta-importunacao-a-baleia\/","og_site_name":"Brasil not\u00edcias","article_published_time":"2024-02-27T18:22:18+00:00","og_image":[{"width":960,"height":500,"url":"https:\/\/brasilnoticias.org\/site\/wp-content\/uploads\/2024\/02\/bolsonaro-1-960x500-1.jpg","type":"image\/jpeg"}],"author":"Reda\u00e7\u00e3o","twitter_card":"summary_large_image","twitter_misc":{"Escrito por":"Reda\u00e7\u00e3o","Tempo estimado de leitura":"1 minuto"},"schema":{"@context":"https:\/\/schema.org","@graph":[{"@type":"Article","@id":"https:\/\/brasilnoticias.org\/site\/bolsonaro-depoe-a-policia-federal-sobre-suposta-importunacao-a-baleia\/#article","isPartOf":{"@id":"https:\/\/brasilnoticias.org\/site\/bolsonaro-depoe-a-policia-federal-sobre-suposta-importunacao-a-baleia\/"},"author":{"name":"Reda\u00e7\u00e3o","@id":"https:\/\/brasilnoticias.org\/site\/#\/schema\/person\/03bbbfe6c7634ad18c26444ea39049fa"},"headline":"Bolsonaro dep\u00f5e \u00e0 Pol\u00edcia Federal sobre suposta importuna\u00e7\u00e3o a baleia","datePublished":"2024-02-27T18:22:18+00:00","mainEntityOfPage":{"@id":"https:\/\/brasilnoticias.org\/site\/bolsonaro-depoe-a-policia-federal-sobre-suposta-importunacao-a-baleia\/"},"wordCount":377,"commentCount":0,"publisher":{"@id":"https:\/\/brasilnoticias.org\/site\/#organization"},"image":{"@id":"https:\/\/brasilnoticias.org\/site\/bolsonaro-depoe-a-policia-federal-sobre-suposta-importunacao-a-baleia\/#primaryimage"},"thumbnailUrl":"https:\/\/brasilnoticias.org\/site\/wp-content\/uploads\/2024\/02\/bolsonaro-1-960x500-1.jpg","articleSection":["Pol\u00edtica","\u00daltimas"],"inLanguage":"pt-PT","potentialAction":[{"@type":"CommentAction","name":"Comment","target":["https:\/\/brasilnoticias.org\/site\/bolsonaro-depoe-a-policia-federal-sobre-suposta-importunacao-a-baleia\/#respond"]}]},{"@type":"WebPage","@id":"https:\/\/brasilnoticias.org\/site\/bolsonaro-depoe-a-policia-federal-sobre-suposta-importunacao-a-baleia\/","url":"https:\/\/brasilnoticias.org\/site\/bolsonaro-depoe-a-policia-federal-sobre-suposta-importunacao-a-baleia\/","name":"Bolsonaro dep\u00f5e \u00e0 Pol\u00edcia Federal sobre suposta importuna\u00e7\u00e3o a baleia - Brasil not\u00edcias","isPartOf":{"@id":"https:\/\/brasilnoticias.org\/site\/#website"},"primaryImageOfPage":{"@id":"https:\/\/brasilnoticias.org\/site\/bolsonaro-depoe-a-policia-federal-sobre-suposta-importunacao-a-baleia\/#primaryimage"},"image":{"@id":"https:\/\/brasilnoticias.org\/site\/bolsonaro-depoe-a-policia-federal-sobre-suposta-importunacao-a-baleia\/#primaryimage"},"thumbnailUrl":"https:\/\/brasilnoticias.org\/site\/wp-content\/uploads\/2024\/02\/bolsonaro-1-960x500-1.jpg","datePublished":"2024-02-27T18:22:18+00:00","breadcrumb":{"@id":"https:\/\/brasilnoticias.org\/site\/bolsonaro-depoe-a-policia-federal-sobre-suposta-importunacao-a-baleia\/#breadcrumb"},"inLanguage":"pt-PT","potentialAction":[{"@type":"ReadAction","target":["https:\/\/brasilnoticias.org\/site\/bolsonaro-depoe-a-policia-federal-sobre-suposta-importunacao-a-baleia\/"]}]},{"@type":"ImageObject","inLanguage":"pt-PT","@id":"https:\/\/brasilnoticias.org\/site\/bolsonaro-depoe-a-policia-federal-sobre-suposta-importunacao-a-baleia\/#primaryimage","url":"https:\/\/brasilnoticias.org\/site\/wp-content\/uploads\/2024\/02\/bolsonaro-1-960x500-1.jpg","contentUrl":"https:\/\/brasilnoticias.org\/site\/wp-content\/uploads\/2024\/02\/bolsonaro-1-960x500-1.jpg","width":960,"height":500},{"@type":"BreadcrumbList","@id":"https:\/\/brasilnoticias.org\/site\/bolsonaro-depoe-a-policia-federal-sobre-suposta-importunacao-a-baleia\/#breadcrumb","itemListElement":[{"@type":"ListItem","position":1,"name":"In\u00edcio","item":"https:\/\/brasilnoticias.org\/site\/"},{"@type":"ListItem","position":2,"name":"Bolsonaro dep\u00f5e \u00e0 Pol\u00edcia Federal sobre suposta importuna\u00e7\u00e3o a baleia"}]},{"@type":"WebSite","@id":"https:\/\/brasilnoticias.org\/site\/#website","url":"https:\/\/brasilnoticias.org\/site\/","name":"Brasil not\u00edcias","description":"Brasil not\u00edcias","publisher":{"@id":"https:\/\/brasilnoticias.org\/site\/#organization"},"potentialAction":[{"@type":"SearchAction","target":{"@type":"EntryPoint","urlTemplate":"https:\/\/brasilnoticias.org\/site\/?s={search_term_string}"},"query-input":{"@type":"PropertyValueSpecification","valueRequired":true,"valueName":"search_term_string"}}],"inLanguage":"pt-PT"},{"@type":"Organization","@id":"https:\/\/brasilnoticias.org\/site\/#organization","name":"Brasil not\u00edcias","url":"https:\/\/brasilnoticias.org\/site\/","logo":{"@type":"ImageObject","inLanguage":"pt-PT","@id":"https:\/\/brasilnoticias.org\/site\/#\/schema\/logo\/image\/","url":"https:\/\/brasilnoticias.org\/site\/wp-content\/uploads\/2022\/05\/cropped-brasilnoticias-mini.jpg","contentUrl":"https:\/\/brasilnoticias.org\/site\/wp-content\/uploads\/2022\/05\/cropped-brasilnoticias-mini.jpg","width":314,"height":86,"caption":"Brasil not\u00edcias"},"image":{"@id":"https:\/\/brasilnoticias.org\/site\/#\/schema\/logo\/image\/"}},{"@type":"Person","@id":"https:\/\/brasilnoticias.org\/site\/#\/schema\/person\/03bbbfe6c7634ad18c26444ea39049fa","name":"Reda\u00e7\u00e3o","image":{"@type":"ImageObject","inLanguage":"pt-PT","@id":"https:\/\/brasilnoticias.org\/site\/#\/schema\/person\/image\/","url":"https:\/\/secure.gravatar.com\/avatar\/9ecaf7327a696cb23ad926fedded5f1f04d7049de9e445375d55b48c001a6e42?s=96&d=mm&r=g","contentUrl":"https:\/\/secure.gravatar.com\/avatar\/9ecaf7327a696cb23ad926fedded5f1f04d7049de9e445375d55b48c001a6e42?s=96&d=mm&r=g","caption":"Reda\u00e7\u00e3o"},"url":"https:\/\/brasilnoticias.org\/site\/author\/henrique\/"}]}},"_links":{"self":[{"href":"https:\/\/brasilnoticias.org\/site\/wp-json\/wp\/v2\/posts\/12886","targetHints":{"allow":["GET"]}}],"collection":[{"href":"https:\/\/brasilnoticias.org\/site\/wp-json\/wp\/v2\/posts"}],"about":[{"href":"https:\/\/brasilnoticias.org\/site\/wp-json\/wp\/v2\/types\/post"}],"author":[{"embeddable":true,"href":"https:\/\/brasilnoticias.org\/site\/wp-json\/wp\/v2\/users\/4"}],"replies":[{"embeddable":true,"href":"https:\/\/brasilnoticias.org\/site\/wp-json\/wp\/v2\/comments?post=12886"}],"version-history":[{"count":1,"href":"https:\/\/brasilnoticias.org\/site\/wp-json\/wp\/v2\/posts\/12886\/revisions"}],"predecessor-version":[{"id":12888,"href":"https:\/\/brasilnoticias.org\/site\/wp-json\/wp\/v2\/posts\/12886\/revisions\/12888"}],"wp:featuredmedia":[{"embeddable":true,"href":"https:\/\/brasilnoticias.org\/site\/wp-json\/wp\/v2\/media\/12887"}],"wp:attachment":[{"href":"https:\/\/brasilnoticias.org\/site\/wp-json\/wp\/v2\/media?parent=12886"}],"wp:term":[{"taxonomy":"category","embeddable":true,"href":"https:\/\/brasilnoticias.org\/site\/wp-json\/wp\/v2\/categories?post=12886"},{"taxonomy":"post_tag","embeddable":true,"href":"https:\/\/brasilnoticias.org\/site\/wp-json\/wp\/v2\/tags?post=12886"}],"curies":[{"name":"wp","href":"https:\/\/api.w.org\/{rel}","templated":true}]}}