{"id":12897,"date":"2024-02-28T18:36:37","date_gmt":"2024-02-28T21:36:37","guid":{"rendered":"https:\/\/brasilnoticias.org\/site\/?p=12897"},"modified":"2024-02-28T18:36:37","modified_gmt":"2024-02-28T21:36:37","slug":"alckmin-afirma-que-reducao-de-impostos-pode-gerar-compra-de-maquinas-pela-industria","status":"publish","type":"post","link":"https:\/\/brasilnoticias.org\/site\/alckmin-afirma-que-reducao-de-impostos-pode-gerar-compra-de-maquinas-pela-industria\/","title":{"rendered":"Alckmin afirma que redu\u00e7\u00e3o de impostos pode gerar compra de m\u00e1quinas pela ind\u00fastria"},"content":{"rendered":"<p>O projeto foi apresentado ao Congresso atrav\u00e9s do Minist\u00e9rio de Desenvolvimento, Ind\u00fastria e Com\u00e9rcio<\/p>\n<p>Geraldo Alckmin, vice-presidente da Rep\u00fablica, defendeu o programa do governo que prev\u00ea a redu\u00e7\u00e3o de impostos com o objetivo de estimular a compra, pela ind\u00fastria nacional, de m\u00e1quinas. Em declara\u00e7\u00e3o feita nesta quarta-feira (28), em entrevista ao Globo News, o vice-presidente disse que a iniciativa pode \u201cmelhorar a produtividade\u201d, al\u00e9m de fazer a economia do pa\u00eds crescer.<\/p>\n<p>O Minist\u00e9rio de Desenvolvimento, Ind\u00fastria, Com\u00e9rcio e Servi\u00e7os, chefiado por Alckmin, apresentou ao Congresso um projeto que prev\u00ea o abatimento de impostos para ind\u00fastrias que investirem na compra de novas m\u00e1quinas. As redu\u00e7\u00f5es ser\u00e3o sob o Imposto de Renda de Pessoa Jur\u00eddica (IRPJ) e na Contribui\u00e7\u00e3o Social Sobre o Lucro L\u00edquido (CSLL). <\/p>\n<p>&#8220;Voc\u00ea [empres\u00e1rio] vai investir em bens de capital, e voc\u00ea vai ganhar produtividade. Temos dois problemas na economia: baixo investimento, baixa produtividade. Voc\u00ea vai ao encontro dos dois. Melhorar investimento, melhorar produtividade. O que \u00e9 a deprecia\u00e7\u00e3o super acelerada? Substitua suas m\u00e1quinas e equipamentos, eu diminuo imposto de renda da pessoa jur\u00eddica e diminuo a CSSL&#8221;, afirmou Alckmin.<\/p>\n<p>Desde a posse de Lula, em janeiro de 2023, a equipe econ\u00f4mica do governo tenta melhorar o desempenho da economia e elevar a arrecada\u00e7\u00e3o para zerar o d\u00e9ficit fiscal. Na pr\u00f3xima sexta-feira (1\u00ba), o resultado oficial do Produto Interno Bruto (PIB) em 2023 ser\u00e1 divulgado pelo Instituto Brasileiro de Geografia e Estat\u00edstica (IBGE).<\/p>\n<p>Foto: Divulga\u00e7\u00e3o\/Rafa Neddermeyer\/Ag\u00eancia Brasil<br \/>\nPor: Metro1<\/p>\n","protected":false},"excerpt":{"rendered":"<p>O projeto foi apresentado ao Congresso atrav\u00e9s do Minist\u00e9rio de Desenvolvimento, Ind\u00fastria e Com\u00e9rcio Geraldo Alckmin, vice-presidente da Rep\u00fablica, defendeu<\/p>\n","protected":false},"author":4,"featured_media":12898,"comment_status":"open","ping_status":"open","sticky":false,"template":"","format":"standard","meta":{"colormag_page_container_layout":"default_layout","colormag_page_sidebar_layout":"default_layout","_FSMCFIC_featured_image_caption":"","_FSMCFIC_featured_image_nocaption":"","_FSMCFIC_featured_image_hide":"","footnotes":""},"categories":[5,1],"tags":[],"class_list":["post-12897","post","type-post","status-publish","format-standard","has-post-thumbnail","hentry","category-politica","category-ultimas"],"yoast_head":"<!-- This site is optimized with the Yoast SEO plugin v27.1.1 - https:\/\/yoast.com\/product\/yoast-seo-wordpress\/ -->\n<title>Alckmin afirma que redu\u00e7\u00e3o de impostos pode gerar compra de m\u00e1quinas pela ind\u00fastria - Brasil not\u00edcias<\/title>\n<meta name=\"robots\" content=\"index, follow, max-snippet:-1, max-image-preview:large, max-video-preview:-1\" \/>\n<link rel=\"canonical\" href=\"https:\/\/brasilnoticias.org\/site\/alckmin-afirma-que-reducao-de-impostos-pode-gerar-compra-de-maquinas-pela-industria\/\" \/>\n<meta property=\"og:locale\" content=\"pt_PT\" \/>\n<meta property=\"og:type\" content=\"article\" \/>\n<meta property=\"og:title\" content=\"Alckmin afirma que redu\u00e7\u00e3o de impostos pode gerar compra de m\u00e1quinas pela ind\u00fastria - Brasil not\u00edcias\" \/>\n<meta property=\"og:description\" content=\"O projeto foi apresentado ao Congresso atrav\u00e9s do Minist\u00e9rio de Desenvolvimento, Ind\u00fastria e Com\u00e9rcio Geraldo Alckmin, vice-presidente da Rep\u00fablica, defendeu\" \/>\n<meta property=\"og:url\" content=\"https:\/\/brasilnoticias.org\/site\/alckmin-afirma-que-reducao-de-impostos-pode-gerar-compra-de-maquinas-pela-industria\/\" \/>\n<meta property=\"og:site_name\" content=\"Brasil not\u00edcias\" \/>\n<meta property=\"article:published_time\" content=\"2024-02-28T21:36:37+00:00\" \/>\n<meta property=\"og:image\" content=\"https:\/\/brasilnoticias.org\/site\/wp-content\/uploads\/2024\/02\/146742alckmin-afirma-que-reducao-de-impostos-pode-gerar-compra-de-maquinas-pela-industria-3.jpg\" \/>\n\t<meta property=\"og:image:width\" content=\"1600\" \/>\n\t<meta property=\"og:image:height\" content=\"752\" \/>\n\t<meta property=\"og:image:type\" content=\"image\/jpeg\" \/>\n<meta name=\"author\" content=\"Reda\u00e7\u00e3o\" \/>\n<meta name=\"twitter:card\" content=\"summary_large_image\" \/>\n<meta name=\"twitter:label1\" content=\"Escrito por\" \/>\n\t<meta name=\"twitter:data1\" content=\"Reda\u00e7\u00e3o\" \/>\n\t<meta name=\"twitter:label2\" content=\"Tempo estimado de leitura\" \/>\n\t<meta name=\"twitter:data2\" content=\"1 minuto\" \/>\n<script type=\"application\/ld+json\" class=\"yoast-schema-graph\">{\"@context\":\"https:\/\/schema.org\",\"@graph\":[{\"@type\":\"Article\",\"@id\":\"https:\/\/brasilnoticias.org\/site\/alckmin-afirma-que-reducao-de-impostos-pode-gerar-compra-de-maquinas-pela-industria\/#article\",\"isPartOf\":{\"@id\":\"https:\/\/brasilnoticias.org\/site\/alckmin-afirma-que-reducao-de-impostos-pode-gerar-compra-de-maquinas-pela-industria\/\"},\"author\":{\"name\":\"Reda\u00e7\u00e3o\",\"@id\":\"https:\/\/brasilnoticias.org\/site\/#\/schema\/person\/03bbbfe6c7634ad18c26444ea39049fa\"},\"headline\":\"Alckmin afirma que redu\u00e7\u00e3o de impostos pode gerar compra de m\u00e1quinas pela ind\u00fastria\",\"datePublished\":\"2024-02-28T21:36:37+00:00\",\"mainEntityOfPage\":{\"@id\":\"https:\/\/brasilnoticias.org\/site\/alckmin-afirma-que-reducao-de-impostos-pode-gerar-compra-de-maquinas-pela-industria\/\"},\"wordCount\":286,\"commentCount\":0,\"publisher\":{\"@id\":\"https:\/\/brasilnoticias.org\/site\/#organization\"},\"image\":{\"@id\":\"https:\/\/brasilnoticias.org\/site\/alckmin-afirma-que-reducao-de-impostos-pode-gerar-compra-de-maquinas-pela-industria\/#primaryimage\"},\"thumbnailUrl\":\"https:\/\/brasilnoticias.org\/site\/wp-content\/uploads\/2024\/02\/146742alckmin-afirma-que-reducao-de-impostos-pode-gerar-compra-de-maquinas-pela-industria-3.jpg\",\"articleSection\":[\"Pol\u00edtica\",\"\u00daltimas\"],\"inLanguage\":\"pt-PT\",\"potentialAction\":[{\"@type\":\"CommentAction\",\"name\":\"Comment\",\"target\":[\"https:\/\/brasilnoticias.org\/site\/alckmin-afirma-que-reducao-de-impostos-pode-gerar-compra-de-maquinas-pela-industria\/#respond\"]}]},{\"@type\":\"WebPage\",\"@id\":\"https:\/\/brasilnoticias.org\/site\/alckmin-afirma-que-reducao-de-impostos-pode-gerar-compra-de-maquinas-pela-industria\/\",\"url\":\"https:\/\/brasilnoticias.org\/site\/alckmin-afirma-que-reducao-de-impostos-pode-gerar-compra-de-maquinas-pela-industria\/\",\"name\":\"Alckmin afirma que redu\u00e7\u00e3o de impostos pode gerar compra de m\u00e1quinas pela ind\u00fastria - Brasil not\u00edcias\",\"isPartOf\":{\"@id\":\"https:\/\/brasilnoticias.org\/site\/#website\"},\"primaryImageOfPage\":{\"@id\":\"https:\/\/brasilnoticias.org\/site\/alckmin-afirma-que-reducao-de-impostos-pode-gerar-compra-de-maquinas-pela-industria\/#primaryimage\"},\"image\":{\"@id\":\"https:\/\/brasilnoticias.org\/site\/alckmin-afirma-que-reducao-de-impostos-pode-gerar-compra-de-maquinas-pela-industria\/#primaryimage\"},\"thumbnailUrl\":\"https:\/\/brasilnoticias.org\/site\/wp-content\/uploads\/2024\/02\/146742alckmin-afirma-que-reducao-de-impostos-pode-gerar-compra-de-maquinas-pela-industria-3.jpg\",\"datePublished\":\"2024-02-28T21:36:37+00:00\",\"breadcrumb\":{\"@id\":\"https:\/\/brasilnoticias.org\/site\/alckmin-afirma-que-reducao-de-impostos-pode-gerar-compra-de-maquinas-pela-industria\/#breadcrumb\"},\"inLanguage\":\"pt-PT\",\"potentialAction\":[{\"@type\":\"ReadAction\",\"target\":[\"https:\/\/brasilnoticias.org\/site\/alckmin-afirma-que-reducao-de-impostos-pode-gerar-compra-de-maquinas-pela-industria\/\"]}]},{\"@type\":\"ImageObject\",\"inLanguage\":\"pt-PT\",\"@id\":\"https:\/\/brasilnoticias.org\/site\/alckmin-afirma-que-reducao-de-impostos-pode-gerar-compra-de-maquinas-pela-industria\/#primaryimage\",\"url\":\"https:\/\/brasilnoticias.org\/site\/wp-content\/uploads\/2024\/02\/146742alckmin-afirma-que-reducao-de-impostos-pode-gerar-compra-de-maquinas-pela-industria-3.jpg\",\"contentUrl\":\"https:\/\/brasilnoticias.org\/site\/wp-content\/uploads\/2024\/02\/146742alckmin-afirma-que-reducao-de-impostos-pode-gerar-compra-de-maquinas-pela-industria-3.jpg\",\"width\":1600,\"height\":752},{\"@type\":\"BreadcrumbList\",\"@id\":\"https:\/\/brasilnoticias.org\/site\/alckmin-afirma-que-reducao-de-impostos-pode-gerar-compra-de-maquinas-pela-industria\/#breadcrumb\",\"itemListElement\":[{\"@type\":\"ListItem\",\"position\":1,\"name\":\"In\u00edcio\",\"item\":\"https:\/\/brasilnoticias.org\/site\/\"},{\"@type\":\"ListItem\",\"position\":2,\"name\":\"Alckmin afirma que redu\u00e7\u00e3o de impostos pode gerar compra de m\u00e1quinas pela ind\u00fastria\"}]},{\"@type\":\"WebSite\",\"@id\":\"https:\/\/brasilnoticias.org\/site\/#website\",\"url\":\"https:\/\/brasilnoticias.org\/site\/\",\"name\":\"Brasil not\u00edcias\",\"description\":\"Brasil not\u00edcias\",\"publisher\":{\"@id\":\"https:\/\/brasilnoticias.org\/site\/#organization\"},\"potentialAction\":[{\"@type\":\"SearchAction\",\"target\":{\"@type\":\"EntryPoint\",\"urlTemplate\":\"https:\/\/brasilnoticias.org\/site\/?s={search_term_string}\"},\"query-input\":{\"@type\":\"PropertyValueSpecification\",\"valueRequired\":true,\"valueName\":\"search_term_string\"}}],\"inLanguage\":\"pt-PT\"},{\"@type\":\"Organization\",\"@id\":\"https:\/\/brasilnoticias.org\/site\/#organization\",\"name\":\"Brasil not\u00edcias\",\"url\":\"https:\/\/brasilnoticias.org\/site\/\",\"logo\":{\"@type\":\"ImageObject\",\"inLanguage\":\"pt-PT\",\"@id\":\"https:\/\/brasilnoticias.org\/site\/#\/schema\/logo\/image\/\",\"url\":\"https:\/\/brasilnoticias.org\/site\/wp-content\/uploads\/2022\/05\/cropped-brasilnoticias-mini.jpg\",\"contentUrl\":\"https:\/\/brasilnoticias.org\/site\/wp-content\/uploads\/2022\/05\/cropped-brasilnoticias-mini.jpg\",\"width\":314,\"height\":86,\"caption\":\"Brasil not\u00edcias\"},\"image\":{\"@id\":\"https:\/\/brasilnoticias.org\/site\/#\/schema\/logo\/image\/\"}},{\"@type\":\"Person\",\"@id\":\"https:\/\/brasilnoticias.org\/site\/#\/schema\/person\/03bbbfe6c7634ad18c26444ea39049fa\",\"name\":\"Reda\u00e7\u00e3o\",\"image\":{\"@type\":\"ImageObject\",\"inLanguage\":\"pt-PT\",\"@id\":\"https:\/\/brasilnoticias.org\/site\/#\/schema\/person\/image\/\",\"url\":\"https:\/\/secure.gravatar.com\/avatar\/9ecaf7327a696cb23ad926fedded5f1f04d7049de9e445375d55b48c001a6e42?s=96&d=mm&r=g\",\"contentUrl\":\"https:\/\/secure.gravatar.com\/avatar\/9ecaf7327a696cb23ad926fedded5f1f04d7049de9e445375d55b48c001a6e42?s=96&d=mm&r=g\",\"caption\":\"Reda\u00e7\u00e3o\"},\"url\":\"https:\/\/brasilnoticias.org\/site\/author\/henrique\/\"}]}<\/script>\n<!-- \/ Yoast SEO plugin. -->","yoast_head_json":{"title":"Alckmin afirma que redu\u00e7\u00e3o de impostos pode gerar compra de m\u00e1quinas pela ind\u00fastria - Brasil not\u00edcias","robots":{"index":"index","follow":"follow","max-snippet":"max-snippet:-1","max-image-preview":"max-image-preview:large","max-video-preview":"max-video-preview:-1"},"canonical":"https:\/\/brasilnoticias.org\/site\/alckmin-afirma-que-reducao-de-impostos-pode-gerar-compra-de-maquinas-pela-industria\/","og_locale":"pt_PT","og_type":"article","og_title":"Alckmin afirma que redu\u00e7\u00e3o de impostos pode gerar compra de m\u00e1quinas pela ind\u00fastria - Brasil not\u00edcias","og_description":"O projeto foi apresentado ao Congresso atrav\u00e9s do Minist\u00e9rio de Desenvolvimento, Ind\u00fastria e Com\u00e9rcio Geraldo Alckmin, vice-presidente da Rep\u00fablica, defendeu","og_url":"https:\/\/brasilnoticias.org\/site\/alckmin-afirma-que-reducao-de-impostos-pode-gerar-compra-de-maquinas-pela-industria\/","og_site_name":"Brasil not\u00edcias","article_published_time":"2024-02-28T21:36:37+00:00","og_image":[{"width":1600,"height":752,"url":"https:\/\/brasilnoticias.org\/site\/wp-content\/uploads\/2024\/02\/146742alckmin-afirma-que-reducao-de-impostos-pode-gerar-compra-de-maquinas-pela-industria-3.jpg","type":"image\/jpeg"}],"author":"Reda\u00e7\u00e3o","twitter_card":"summary_large_image","twitter_misc":{"Escrito por":"Reda\u00e7\u00e3o","Tempo estimado de leitura":"1 minuto"},"schema":{"@context":"https:\/\/schema.org","@graph":[{"@type":"Article","@id":"https:\/\/brasilnoticias.org\/site\/alckmin-afirma-que-reducao-de-impostos-pode-gerar-compra-de-maquinas-pela-industria\/#article","isPartOf":{"@id":"https:\/\/brasilnoticias.org\/site\/alckmin-afirma-que-reducao-de-impostos-pode-gerar-compra-de-maquinas-pela-industria\/"},"author":{"name":"Reda\u00e7\u00e3o","@id":"https:\/\/brasilnoticias.org\/site\/#\/schema\/person\/03bbbfe6c7634ad18c26444ea39049fa"},"headline":"Alckmin afirma que redu\u00e7\u00e3o de impostos pode gerar compra de m\u00e1quinas pela ind\u00fastria","datePublished":"2024-02-28T21:36:37+00:00","mainEntityOfPage":{"@id":"https:\/\/brasilnoticias.org\/site\/alckmin-afirma-que-reducao-de-impostos-pode-gerar-compra-de-maquinas-pela-industria\/"},"wordCount":286,"commentCount":0,"publisher":{"@id":"https:\/\/brasilnoticias.org\/site\/#organization"},"image":{"@id":"https:\/\/brasilnoticias.org\/site\/alckmin-afirma-que-reducao-de-impostos-pode-gerar-compra-de-maquinas-pela-industria\/#primaryimage"},"thumbnailUrl":"https:\/\/brasilnoticias.org\/site\/wp-content\/uploads\/2024\/02\/146742alckmin-afirma-que-reducao-de-impostos-pode-gerar-compra-de-maquinas-pela-industria-3.jpg","articleSection":["Pol\u00edtica","\u00daltimas"],"inLanguage":"pt-PT","potentialAction":[{"@type":"CommentAction","name":"Comment","target":["https:\/\/brasilnoticias.org\/site\/alckmin-afirma-que-reducao-de-impostos-pode-gerar-compra-de-maquinas-pela-industria\/#respond"]}]},{"@type":"WebPage","@id":"https:\/\/brasilnoticias.org\/site\/alckmin-afirma-que-reducao-de-impostos-pode-gerar-compra-de-maquinas-pela-industria\/","url":"https:\/\/brasilnoticias.org\/site\/alckmin-afirma-que-reducao-de-impostos-pode-gerar-compra-de-maquinas-pela-industria\/","name":"Alckmin afirma que redu\u00e7\u00e3o de impostos pode gerar compra de m\u00e1quinas pela ind\u00fastria - Brasil not\u00edcias","isPartOf":{"@id":"https:\/\/brasilnoticias.org\/site\/#website"},"primaryImageOfPage":{"@id":"https:\/\/brasilnoticias.org\/site\/alckmin-afirma-que-reducao-de-impostos-pode-gerar-compra-de-maquinas-pela-industria\/#primaryimage"},"image":{"@id":"https:\/\/brasilnoticias.org\/site\/alckmin-afirma-que-reducao-de-impostos-pode-gerar-compra-de-maquinas-pela-industria\/#primaryimage"},"thumbnailUrl":"https:\/\/brasilnoticias.org\/site\/wp-content\/uploads\/2024\/02\/146742alckmin-afirma-que-reducao-de-impostos-pode-gerar-compra-de-maquinas-pela-industria-3.jpg","datePublished":"2024-02-28T21:36:37+00:00","breadcrumb":{"@id":"https:\/\/brasilnoticias.org\/site\/alckmin-afirma-que-reducao-de-impostos-pode-gerar-compra-de-maquinas-pela-industria\/#breadcrumb"},"inLanguage":"pt-PT","potentialAction":[{"@type":"ReadAction","target":["https:\/\/brasilnoticias.org\/site\/alckmin-afirma-que-reducao-de-impostos-pode-gerar-compra-de-maquinas-pela-industria\/"]}]},{"@type":"ImageObject","inLanguage":"pt-PT","@id":"https:\/\/brasilnoticias.org\/site\/alckmin-afirma-que-reducao-de-impostos-pode-gerar-compra-de-maquinas-pela-industria\/#primaryimage","url":"https:\/\/brasilnoticias.org\/site\/wp-content\/uploads\/2024\/02\/146742alckmin-afirma-que-reducao-de-impostos-pode-gerar-compra-de-maquinas-pela-industria-3.jpg","contentUrl":"https:\/\/brasilnoticias.org\/site\/wp-content\/uploads\/2024\/02\/146742alckmin-afirma-que-reducao-de-impostos-pode-gerar-compra-de-maquinas-pela-industria-3.jpg","width":1600,"height":752},{"@type":"BreadcrumbList","@id":"https:\/\/brasilnoticias.org\/site\/alckmin-afirma-que-reducao-de-impostos-pode-gerar-compra-de-maquinas-pela-industria\/#breadcrumb","itemListElement":[{"@type":"ListItem","position":1,"name":"In\u00edcio","item":"https:\/\/brasilnoticias.org\/site\/"},{"@type":"ListItem","position":2,"name":"Alckmin afirma que redu\u00e7\u00e3o de impostos pode gerar compra de m\u00e1quinas pela ind\u00fastria"}]},{"@type":"WebSite","@id":"https:\/\/brasilnoticias.org\/site\/#website","url":"https:\/\/brasilnoticias.org\/site\/","name":"Brasil not\u00edcias","description":"Brasil not\u00edcias","publisher":{"@id":"https:\/\/brasilnoticias.org\/site\/#organization"},"potentialAction":[{"@type":"SearchAction","target":{"@type":"EntryPoint","urlTemplate":"https:\/\/brasilnoticias.org\/site\/?s={search_term_string}"},"query-input":{"@type":"PropertyValueSpecification","valueRequired":true,"valueName":"search_term_string"}}],"inLanguage":"pt-PT"},{"@type":"Organization","@id":"https:\/\/brasilnoticias.org\/site\/#organization","name":"Brasil not\u00edcias","url":"https:\/\/brasilnoticias.org\/site\/","logo":{"@type":"ImageObject","inLanguage":"pt-PT","@id":"https:\/\/brasilnoticias.org\/site\/#\/schema\/logo\/image\/","url":"https:\/\/brasilnoticias.org\/site\/wp-content\/uploads\/2022\/05\/cropped-brasilnoticias-mini.jpg","contentUrl":"https:\/\/brasilnoticias.org\/site\/wp-content\/uploads\/2022\/05\/cropped-brasilnoticias-mini.jpg","width":314,"height":86,"caption":"Brasil not\u00edcias"},"image":{"@id":"https:\/\/brasilnoticias.org\/site\/#\/schema\/logo\/image\/"}},{"@type":"Person","@id":"https:\/\/brasilnoticias.org\/site\/#\/schema\/person\/03bbbfe6c7634ad18c26444ea39049fa","name":"Reda\u00e7\u00e3o","image":{"@type":"ImageObject","inLanguage":"pt-PT","@id":"https:\/\/brasilnoticias.org\/site\/#\/schema\/person\/image\/","url":"https:\/\/secure.gravatar.com\/avatar\/9ecaf7327a696cb23ad926fedded5f1f04d7049de9e445375d55b48c001a6e42?s=96&d=mm&r=g","contentUrl":"https:\/\/secure.gravatar.com\/avatar\/9ecaf7327a696cb23ad926fedded5f1f04d7049de9e445375d55b48c001a6e42?s=96&d=mm&r=g","caption":"Reda\u00e7\u00e3o"},"url":"https:\/\/brasilnoticias.org\/site\/author\/henrique\/"}]}},"_links":{"self":[{"href":"https:\/\/brasilnoticias.org\/site\/wp-json\/wp\/v2\/posts\/12897","targetHints":{"allow":["GET"]}}],"collection":[{"href":"https:\/\/brasilnoticias.org\/site\/wp-json\/wp\/v2\/posts"}],"about":[{"href":"https:\/\/brasilnoticias.org\/site\/wp-json\/wp\/v2\/types\/post"}],"author":[{"embeddable":true,"href":"https:\/\/brasilnoticias.org\/site\/wp-json\/wp\/v2\/users\/4"}],"replies":[{"embeddable":true,"href":"https:\/\/brasilnoticias.org\/site\/wp-json\/wp\/v2\/comments?post=12897"}],"version-history":[{"count":1,"href":"https:\/\/brasilnoticias.org\/site\/wp-json\/wp\/v2\/posts\/12897\/revisions"}],"predecessor-version":[{"id":12899,"href":"https:\/\/brasilnoticias.org\/site\/wp-json\/wp\/v2\/posts\/12897\/revisions\/12899"}],"wp:featuredmedia":[{"embeddable":true,"href":"https:\/\/brasilnoticias.org\/site\/wp-json\/wp\/v2\/media\/12898"}],"wp:attachment":[{"href":"https:\/\/brasilnoticias.org\/site\/wp-json\/wp\/v2\/media?parent=12897"}],"wp:term":[{"taxonomy":"category","embeddable":true,"href":"https:\/\/brasilnoticias.org\/site\/wp-json\/wp\/v2\/categories?post=12897"},{"taxonomy":"post_tag","embeddable":true,"href":"https:\/\/brasilnoticias.org\/site\/wp-json\/wp\/v2\/tags?post=12897"}],"curies":[{"name":"wp","href":"https:\/\/api.w.org\/{rel}","templated":true}]}}